{"id":47925,"date":"2011-06-20T09:28:23","date_gmt":"2011-06-20T08:28:23","guid":{"rendered":"http:\/\/www.visit-ulcinj.com\/blog\/?p=47925"},"modified":"2011-06-20T15:28:12","modified_gmt":"2011-06-20T14:28:12","slug":"mbytet-29-vjecari-nga-kosova","status":"publish","type":"post","link":"https:\/\/www.visit-ulcinj.com\/blog\/2011\/06\/20\/mbytet-29-vjecari-nga-kosova\/","title":{"rendered":"Mbytet 29 vje\u00e7ari nga Kosova"},"content":{"rendered":"<p><a href=\"http:\/\/www.visit-ulcinj.com\/blog\/wp-content\/uploads\/2011\/06\/Plazhi-i-Vogel_ulqin.jpg\"><img loading=\"lazy\" class=\"alignleft size-full wp-image-47926\" title=\"Plazhi i Vogel_ulqin\" src=\"http:\/\/www.visit-ulcinj.com\/blog\/wp-content\/uploads\/2011\/06\/Plazhi-i-Vogel_ulqin.jpg\" alt=\"\" width=\"508\" height=\"375\" \/><\/a><strong> Nga Hatixhe Nelaj<\/strong><\/p>\n<p>T\u00eb diel\u00ebn rreth ores 13-t\u00eb mbytet n\u00eb Plazhin e Vog\u00ebl n\u00eb Ran\u00eb Arton Kulaku (29) nga Kosova n\u00eb Ulqin.Val\u00ebt e m\u00ebdha dhe rryma e fort\u00eb kan\u00eb qen\u00eb fatale p\u00ebr t\u00eb riun 29 vje\u00e7ar i cili n\u00eb Ulqin erdhi p\u00ebr t\u00eb fituar kafshat\u00ebn e goj\u00ebs,duke punuar pun\u00eb fizike.<\/p>\n<p>Edhe pse ishin t\u00eb vendosur flamujt e kuq q\u00eb tregojn\u00eb rrezikshm\u00ebrin\u00eb,dhe n\u00eb 50 met\u00ebr i vendosur kufiri me vozga,q\u00eb pak e shum\u00eb ka nj\u00eb siguri p\u00ebr plazhist\u00ebt,i riu si\u00e7 duket nuk \u00ebsht\u00eb p\u00ebrmbajtur k\u00ebtyre rregullave dhe ka humbur jet\u00ebn n\u00eb plazhin e Ulqinit,shprehet Anton Dociq.<\/p>\n<p>\u201c Val\u00ebt kan\u00eb qen\u00eb t\u00eb larta deri n\u00eb tri metra ,k\u00ebshtu q\u00eb ka qen\u00eb e pamundur t\u00eb vezhgohet terreni.N\u00eb nj\u00eb moment kam v\u00ebrejtur nj\u00eb njeri diku 50 metra larg vozg\u00ebs,menj\u00ebher\u00eb kam notuar drejt\u00eb tij,\u00ebsht\u00eb zhdukur menj\u00ebher\u00eb n\u00eb ujin e turbullt,k\u00ebshtu q\u00eb k\u00ebrkimi ka zgjatur rreth 20 minuta.Nuk ka zgjatur shum\u00eb deti trupin e pajet\u00eb e ka hedhur gjith\u00ebsejt 10 met\u00ebr n\u00eb thell\u00ebsi .P\u00ebr fat t\u00eb keq nuk I ka ndihmuar as ndihma e jon\u00eb,as e ekipit mjek\u00ebsor q\u00eb shum\u00eb shpejt jan\u00eb gjetur n\u00eb vendngjarje\u201dshrehet Daciq.<\/p>\n<p>Nuk ka qen\u00eb ky intervenimi i vet\u00ebm q\u00eb kan\u00eb b\u00ebr\u00eb shp\u00ebtimtar\u00ebt n\u00eb Plazhin e Vog\u00ebl,ata t\u00eb diel\u00ebn kan\u00eb shp\u00ebtuar disa njer\u00ebz,por p\u00ebr fat t\u00eb keq tek Artoni kan\u00eb mb\u00ebrrijtur shum\u00eb von\u00eb.Si\u00e7 m\u00ebsohet Artoni nuk ka qen\u00eb notues i mire.<\/p>\n<p>P\u00ebr dy muaj tri viktima Kulaku \u00ebsht\u00eb viktima e tret\u00eb brenda dy muajve q\u00eb mbytet n\u00eb detin e Ulqinit.N\u00eb fund t\u00eb majit  n\u00eb Plazhin e Madh \u00ebsht\u00eb mbytur nj\u00eb djalosh nga Novi Pazari q\u00eb ishte n\u00eb ekskursion, nd\u00ebrsa nj\u00ebzet dit\u00eb m\u00eb von\u00eb gati n\u00eb t\u00eb nj\u00ebjtin vend mbytet pun\u00ebtori I termoelektran\u00ebs nga Plevla.<\/p>\n","protected":false},"excerpt":{"rendered":"<p>Nga Hatixhe Nelaj T\u00eb diel\u00ebn rreth ores 13-t\u00eb mbytet n\u00eb Plazhin e Vog\u00ebl n\u00eb Ran\u00eb Arton Kulaku (29) nga Kosova n\u00eb Ulqin.Val\u00ebt e m\u00ebdha dhe rryma e fort\u00eb kan\u00eb qen\u00eb fatale p\u00ebr t\u00eb riun 29 vje\u00e7ar i cili n\u00eb Ulqin erdhi p\u00ebr t\u00eb fituar kafshat\u00ebn e goj\u00ebs,duke punuar pun\u00eb fizike. Edhe pse ishin t\u00eb vendosur [&hellip;]<\/p>\n","protected":false},"author":1,"featured_media":0,"comment_status":"open","ping_status":"closed","sticky":false,"template":"","format":"standard","meta":{"spay_email":"","jetpack_publicize_message":"","jetpack_is_tweetstorm":false,"jetpack_publicize_feature_enabled":true},"categories":[12],"tags":[18476,200,18],"jetpack_publicize_connections":[],"yoast_head":"<!-- This site is optimized with the Yoast SEO plugin v19.1 - https:\/\/yoast.com\/wordpress\/plugins\/seo\/ -->\n<title>Mbytet 29 vje\u00e7ari nga Kosova - Lajme nga Ulqini<\/title>\n<meta name=\"description\" content=\"Nga Hatixhe Nelaj T\u00eb diel\u00ebn rreth ores 13-t\u00eb mbytet n\u00eb Plazhin e Vog\u00ebl n\u00eb Ran\u00eb Arton Kulaku (29) nga Kosova n\u00eb Ulqin.Val\u00ebt e m\u00ebdha dhe rryma e fort\u00eb kan\u00eb\" \/>\n<meta name=\"robots\" content=\"index, follow, max-snippet:-1, max-image-preview:large, max-video-preview:-1\" \/>\n<link rel=\"canonical\" href=\"https:\/\/www.visit-ulcinj.com\/blog\/2011\/06\/20\/mbytet-29-vjecari-nga-kosova\/\" \/>\n<meta property=\"og:locale\" content=\"en_US\" \/>\n<meta property=\"og:type\" content=\"article\" \/>\n<meta property=\"og:title\" content=\"Mbytet 29 vje\u00e7ari nga Kosova - Lajme nga Ulqini\" \/>\n<meta property=\"og:description\" content=\"Nga Hatixhe Nelaj T\u00eb diel\u00ebn rreth ores 13-t\u00eb mbytet n\u00eb Plazhin e Vog\u00ebl n\u00eb Ran\u00eb Arton Kulaku (29) nga Kosova n\u00eb Ulqin.Val\u00ebt e m\u00ebdha dhe rryma e fort\u00eb kan\u00eb\" \/>\n<meta property=\"og:url\" content=\"https:\/\/www.visit-ulcinj.com\/blog\/2011\/06\/20\/mbytet-29-vjecari-nga-kosova\/\" \/>\n<meta property=\"og:site_name\" content=\"Lajme nga Ulqini\" \/>\n<meta property=\"article:published_time\" content=\"2011-06-20T08:28:23+00:00\" \/>\n<meta property=\"article:modified_time\" content=\"2011-06-20T14:28:12+00:00\" \/>\n<meta property=\"og:image\" content=\"http:\/\/www.visit-ulcinj.com\/blog\/wp-content\/uploads\/2011\/06\/Plazhi-i-Vogel_ulqin.jpg\" \/>\n<meta name=\"twitter:label1\" content=\"Written by\" \/>\n\t<meta name=\"twitter:data1\" content=\"ulqini\" \/>\n\t<meta name=\"twitter:label2\" content=\"Est. reading time\" \/>\n\t<meta name=\"twitter:data2\" content=\"2 minutes\" \/>\n<script type=\"application\/ld+json\" class=\"yoast-schema-graph\">{\"@context\":\"https:\/\/schema.org\",\"@graph\":[{\"@type\":\"WebSite\",\"@id\":\"https:\/\/www.visit-ulcinj.com\/blog\/#website\",\"url\":\"https:\/\/www.visit-ulcinj.com\/blog\/\",\"name\":\"Lajme nga Ulqini\",\"description\":\"Lajme,Vijesti,Ulqini,Ulqin,Crna Gora,Mali i Zi\",\"potentialAction\":[{\"@type\":\"SearchAction\",\"target\":{\"@type\":\"EntryPoint\",\"urlTemplate\":\"https:\/\/www.visit-ulcinj.com\/blog\/?s={search_term_string}\"},\"query-input\":\"required name=search_term_string\"}],\"inLanguage\":\"en-US\"},{\"@type\":\"ImageObject\",\"inLanguage\":\"en-US\",\"@id\":\"https:\/\/www.visit-ulcinj.com\/blog\/2011\/06\/20\/mbytet-29-vjecari-nga-kosova\/#primaryimage\",\"url\":\"https:\/\/www.visit-ulcinj.com\/blog\/wp-content\/uploads\/2011\/06\/Plazhi-i-Vogel_ulqin.jpg\",\"contentUrl\":\"https:\/\/www.visit-ulcinj.com\/blog\/wp-content\/uploads\/2011\/06\/Plazhi-i-Vogel_ulqin.jpg\",\"width\":\"500\",\"height\":\"375\"},{\"@type\":\"WebPage\",\"@id\":\"https:\/\/www.visit-ulcinj.com\/blog\/2011\/06\/20\/mbytet-29-vjecari-nga-kosova\/#webpage\",\"url\":\"https:\/\/www.visit-ulcinj.com\/blog\/2011\/06\/20\/mbytet-29-vjecari-nga-kosova\/\",\"name\":\"Mbytet 29 vje\u00e7ari nga Kosova - Lajme nga Ulqini\",\"isPartOf\":{\"@id\":\"https:\/\/www.visit-ulcinj.com\/blog\/#website\"},\"primaryImageOfPage\":{\"@id\":\"https:\/\/www.visit-ulcinj.com\/blog\/2011\/06\/20\/mbytet-29-vjecari-nga-kosova\/#primaryimage\"},\"datePublished\":\"2011-06-20T08:28:23+00:00\",\"dateModified\":\"2011-06-20T14:28:12+00:00\",\"author\":{\"@id\":\"https:\/\/www.visit-ulcinj.com\/blog\/#\/schema\/person\/dcab619c614d3038751c63bc2aadc06d\"},\"description\":\"Nga Hatixhe Nelaj T\u00eb diel\u00ebn rreth ores 13-t\u00eb mbytet n\u00eb Plazhin e Vog\u00ebl n\u00eb Ran\u00eb Arton Kulaku (29) nga Kosova n\u00eb Ulqin.Val\u00ebt e m\u00ebdha dhe rryma e fort\u00eb kan\u00eb\",\"breadcrumb\":{\"@id\":\"https:\/\/www.visit-ulcinj.com\/blog\/2011\/06\/20\/mbytet-29-vjecari-nga-kosova\/#breadcrumb\"},\"inLanguage\":\"en-US\",\"potentialAction\":[{\"@type\":\"ReadAction\",\"target\":[\"https:\/\/www.visit-ulcinj.com\/blog\/2011\/06\/20\/mbytet-29-vjecari-nga-kosova\/\"]}]},{\"@type\":\"BreadcrumbList\",\"@id\":\"https:\/\/www.visit-ulcinj.com\/blog\/2011\/06\/20\/mbytet-29-vjecari-nga-kosova\/#breadcrumb\",\"itemListElement\":[{\"@type\":\"ListItem\",\"position\":1,\"name\":\"Mbytet 29 vje\u00e7ari nga Kosova\"}]},{\"@type\":\"Person\",\"@id\":\"https:\/\/www.visit-ulcinj.com\/blog\/#\/schema\/person\/dcab619c614d3038751c63bc2aadc06d\",\"name\":\"ulqini\",\"sameAs\":[\"http:\/\/www.visit-ulcinj.com\"],\"url\":\"https:\/\/www.visit-ulcinj.com\/blog\/author\/admin\/\"}]}<\/script>\n<!-- \/ Yoast SEO plugin. -->","yoast_head_json":{"title":"Mbytet 29 vje\u00e7ari nga Kosova - Lajme nga Ulqini","description":"Nga Hatixhe Nelaj T\u00eb diel\u00ebn rreth ores 13-t\u00eb mbytet n\u00eb Plazhin e Vog\u00ebl n\u00eb Ran\u00eb Arton Kulaku (29) nga Kosova n\u00eb Ulqin.Val\u00ebt e m\u00ebdha dhe rryma e fort\u00eb kan\u00eb","robots":{"index":"index","follow":"follow","max-snippet":"max-snippet:-1","max-image-preview":"max-image-preview:large","max-video-preview":"max-video-preview:-1"},"canonical":"https:\/\/www.visit-ulcinj.com\/blog\/2011\/06\/20\/mbytet-29-vjecari-nga-kosova\/","og_locale":"en_US","og_type":"article","og_title":"Mbytet 29 vje\u00e7ari nga Kosova - Lajme nga Ulqini","og_description":"Nga Hatixhe Nelaj T\u00eb diel\u00ebn rreth ores 13-t\u00eb mbytet n\u00eb Plazhin e Vog\u00ebl n\u00eb Ran\u00eb Arton Kulaku (29) nga Kosova n\u00eb Ulqin.Val\u00ebt e m\u00ebdha dhe rryma e fort\u00eb kan\u00eb","og_url":"https:\/\/www.visit-ulcinj.com\/blog\/2011\/06\/20\/mbytet-29-vjecari-nga-kosova\/","og_site_name":"Lajme nga Ulqini","article_published_time":"2011-06-20T08:28:23+00:00","article_modified_time":"2011-06-20T14:28:12+00:00","og_image":[{"url":"http:\/\/www.visit-ulcinj.com\/blog\/wp-content\/uploads\/2011\/06\/Plazhi-i-Vogel_ulqin.jpg"}],"twitter_misc":{"Written by":"ulqini","Est. reading time":"2 minutes"},"schema":{"@context":"https:\/\/schema.org","@graph":[{"@type":"WebSite","@id":"https:\/\/www.visit-ulcinj.com\/blog\/#website","url":"https:\/\/www.visit-ulcinj.com\/blog\/","name":"Lajme nga Ulqini","description":"Lajme,Vijesti,Ulqini,Ulqin,Crna Gora,Mali i Zi","potentialAction":[{"@type":"SearchAction","target":{"@type":"EntryPoint","urlTemplate":"https:\/\/www.visit-ulcinj.com\/blog\/?s={search_term_string}"},"query-input":"required name=search_term_string"}],"inLanguage":"en-US"},{"@type":"ImageObject","inLanguage":"en-US","@id":"https:\/\/www.visit-ulcinj.com\/blog\/2011\/06\/20\/mbytet-29-vjecari-nga-kosova\/#primaryimage","url":"https:\/\/www.visit-ulcinj.com\/blog\/wp-content\/uploads\/2011\/06\/Plazhi-i-Vogel_ulqin.jpg","contentUrl":"https:\/\/www.visit-ulcinj.com\/blog\/wp-content\/uploads\/2011\/06\/Plazhi-i-Vogel_ulqin.jpg","width":"500","height":"375"},{"@type":"WebPage","@id":"https:\/\/www.visit-ulcinj.com\/blog\/2011\/06\/20\/mbytet-29-vjecari-nga-kosova\/#webpage","url":"https:\/\/www.visit-ulcinj.com\/blog\/2011\/06\/20\/mbytet-29-vjecari-nga-kosova\/","name":"Mbytet 29 vje\u00e7ari nga Kosova - Lajme nga Ulqini","isPartOf":{"@id":"https:\/\/www.visit-ulcinj.com\/blog\/#website"},"primaryImageOfPage":{"@id":"https:\/\/www.visit-ulcinj.com\/blog\/2011\/06\/20\/mbytet-29-vjecari-nga-kosova\/#primaryimage"},"datePublished":"2011-06-20T08:28:23+00:00","dateModified":"2011-06-20T14:28:12+00:00","author":{"@id":"https:\/\/www.visit-ulcinj.com\/blog\/#\/schema\/person\/dcab619c614d3038751c63bc2aadc06d"},"description":"Nga Hatixhe Nelaj T\u00eb diel\u00ebn rreth ores 13-t\u00eb mbytet n\u00eb Plazhin e Vog\u00ebl n\u00eb Ran\u00eb Arton Kulaku (29) nga Kosova n\u00eb Ulqin.Val\u00ebt e m\u00ebdha dhe rryma e fort\u00eb kan\u00eb","breadcrumb":{"@id":"https:\/\/www.visit-ulcinj.com\/blog\/2011\/06\/20\/mbytet-29-vjecari-nga-kosova\/#breadcrumb"},"inLanguage":"en-US","potentialAction":[{"@type":"ReadAction","target":["https:\/\/www.visit-ulcinj.com\/blog\/2011\/06\/20\/mbytet-29-vjecari-nga-kosova\/"]}]},{"@type":"BreadcrumbList","@id":"https:\/\/www.visit-ulcinj.com\/blog\/2011\/06\/20\/mbytet-29-vjecari-nga-kosova\/#breadcrumb","itemListElement":[{"@type":"ListItem","position":1,"name":"Mbytet 29 vje\u00e7ari nga Kosova"}]},{"@type":"Person","@id":"https:\/\/www.visit-ulcinj.com\/blog\/#\/schema\/person\/dcab619c614d3038751c63bc2aadc06d","name":"ulqini","sameAs":["http:\/\/www.visit-ulcinj.com"],"url":"https:\/\/www.visit-ulcinj.com\/blog\/author\/admin\/"}]}},"jetpack_featured_media_url":"","jetpack_sharing_enabled":true,"jetpack_shortlink":"https:\/\/wp.me\/pe6lTn-csZ","_links":{"self":[{"href":"https:\/\/www.visit-ulcinj.com\/blog\/wp-json\/wp\/v2\/posts\/47925"}],"collection":[{"href":"https:\/\/www.visit-ulcinj.com\/blog\/wp-json\/wp\/v2\/posts"}],"about":[{"href":"https:\/\/www.visit-ulcinj.com\/blog\/wp-json\/wp\/v2\/types\/post"}],"author":[{"embeddable":true,"href":"https:\/\/www.visit-ulcinj.com\/blog\/wp-json\/wp\/v2\/users\/1"}],"replies":[{"embeddable":true,"href":"https:\/\/www.visit-ulcinj.com\/blog\/wp-json\/wp\/v2\/comments?post=47925"}],"version-history":[{"count":4,"href":"https:\/\/www.visit-ulcinj.com\/blog\/wp-json\/wp\/v2\/posts\/47925\/revisions"}],"predecessor-version":[{"id":48002,"href":"https:\/\/www.visit-ulcinj.com\/blog\/wp-json\/wp\/v2\/posts\/47925\/revisions\/48002"}],"wp:attachment":[{"href":"https:\/\/www.visit-ulcinj.com\/blog\/wp-json\/wp\/v2\/media?parent=47925"}],"wp:term":[{"taxonomy":"category","embeddable":true,"href":"https:\/\/www.visit-ulcinj.com\/blog\/wp-json\/wp\/v2\/categories?post=47925"},{"taxonomy":"post_tag","embeddable":true,"href":"https:\/\/www.visit-ulcinj.com\/blog\/wp-json\/wp\/v2\/tags?post=47925"}],"curies":[{"name":"wp","href":"https:\/\/api.w.org\/{rel}","templated":true}]}}