{"id":4794,"date":"2008-10-20T04:08:02","date_gmt":"2008-10-20T09:08:02","guid":{"rendered":"http:\/\/www.visit-ulcinj.com\/blog\/?p=4794"},"modified":"2008-10-20T04:08:02","modified_gmt":"2008-10-20T09:08:02","slug":"buzukovic-revolucije-su-sada-proslost","status":"publish","type":"post","link":"https:\/\/www.visit-ulcinj.com\/blog\/2008\/10\/20\/buzukovic-revolucije-su-sada-proslost\/","title":{"rendered":"Buzukovi?: Revolucije su sada pro\u0161lost"},"content":{"rendered":"<p><a href=\"http:\/\/www.visit-ulcinj.com\/blog\/wp-content\/uploads\/2008\/10\/sabro-buzuku-2.jpg\"><img loading=\"lazy\" class=\"alignleft size-medium wp-image-4276\" title=\"sabro-buzuku-2\" src=\"http:\/\/www.visit-ulcinj.com\/blog\/wp-content\/uploads\/2008\/10\/sabro-buzuku-2-300x263.jpg\" alt=\"\" width=\"300\" height=\"263\" srcset=\"https:\/\/www.visit-ulcinj.com\/blog\/wp-content\/uploads\/2008\/10\/sabro-buzuku-2-300x263.jpg 300w, https:\/\/www.visit-ulcinj.com\/blog\/wp-content\/uploads\/2008\/10\/sabro-buzuku-2.jpg 601w\" sizes=\"(max-width: 300px) 100vw, 300px\" \/><\/a><strong>Biv\u0161i na?elnik ulcinjske policije tvrdi da reagovanje mre\u017ee za afirmaciju nevladinog sektora povodom stanja na adi bojani nije saglasno sa pravom<\/strong><br \/>\nUlcinj- Savjetnik direktora Uprave policije i biv\u0161i na?elnik ulcinjskog OB Sabri Buzukovi? ocijenio je da je informacija o krivi?noj prijavi, koju je protiv njega podnio MANS zbog sumnje da je zloupotrijebio slu\u017ebeni polo\u017eaj i nesavjesnog rada u slu\u017ebi, \u201cdata nagla\u0161eno, negativno dimenzionirana i konotirana javnosti\u201d.<br \/>\n&#8211; Sve to u realnom ambijentu u kome razni akteri vide, procjenjuju i kvalifikuju doga?aje, shodno interesima miljea posmatra?a javnog \u017eivota i javnih li?nosti. Postavlja se pitanje koji je cilj prezentacije te informacije i koji je efekat pompeznog podno\u0161enja krivi?ne prijave? Da li je metod MANS-a u konkretnom slu?aju saglasan na?elima osnivanja, funkcionisanja i razlozima postojanja te organizacije- navodi se u reagovanju Buzukovi?a.<br \/>\nMANS je pro\u0161le sedmice protiv Buzukovi}a i tako?e biv\u0161eg na?elnika ulcinjske ispostave policije Vladana Lakovi?a, kao odgovornih lica, podnio krivi?nu prijavu zbog uzurpacije dr\u017eavne imovine i nelegalne gradnje na Adi Bojani.<a href=\"http:\/\/www.visit-ulcinj.com\/blog\/wp-content\/uploads\/2008\/10\/toleranca-2.jpg\"><img loading=\"lazy\" class=\"alignright size-medium wp-image-4795\" title=\"toleranca-2\" src=\"http:\/\/www.visit-ulcinj.com\/blog\/wp-content\/uploads\/2008\/10\/toleranca-2-300x168.jpg\" alt=\"\" width=\"300\" height=\"168\" \/><\/a><br \/>\nBuzukovi? isti?e da je proklamovani cilj te\u017enja ka modernoj demokratiji koja promovi\u0161e kulturni duh tolerancije i uva\u017eava uspostavljene zakone.<br \/>\n-Svakako, davno je to re?eno, i najgori zakon bolji je od onog kojeg nema. To je vjerujem izvori\u0161te MANS- a i mnogih drugih javnih organizacija kao ?inilaca kulturnog razvoja dru\u0161tva. I individulani i kolektivni prostor kori\u0161?enja sloboda i prava u kulturnim dru\u0161tvima sa ma kako uzvi\u0161enim ciljem, ograni?en je Zakonom. \u201cRevolucionarni ?in\u201d ostvarenja ideala metodama nekih ranijih dru\u0161tava, vi\u0161e nije izvori\u0161te kulturnog duha i perspektive. Zakon, a i duh kulturnog dostignu?a, ka\u017ee da niko nije kriv prije nego \u0161to to bude utvr?eno u zakonito sprovedenom i pravosna\u017eno okon?anom postupku- zaklju?uje Buzukovi?.<br \/>\nOn je istakao da blagonaklono gleda i cijeni \u201cmetod mladih u konkretnom slu?aju da uti?u na nosioce javnih funkcija da zna?ajan i prioritetan problem rije\u0161e efikasno i u interesu svih\u201d.<br \/>\n-Pozivanje onog koji je u javnosti ve? ozna\u017een kao vinovnik da se izjasni o pravnoj stvari koja je najavljena kao predmet krivi\u017enog postupka, nije metod saglasan kako pravu, tako i na?elima na kojima po?iva kulturni duh dru\u0161tva. Takav metod ne bi bio po\u017eeljan ni ?iniocima javnog dru\u0161tvenog \u017eivota, kojima dru\u0161tvo obezbje?uje ambijent djelovanja, zbog povratnog i afirmativnog uticaja na sve sfere. Selektivnost prema prostoru i ljudima u vezi sa nastalim problemom koji je javno manifestovan, bez namjere da on bude razvodnjen, tako?e nije metod saglasan na?elima profesionalizma i objektivizma. Sve to, smatram, ne?e imati uticaja na ostavrenje cilja u konkretnoj stvari i utvr?ivanje prioriteta, zakonitosti pri sprovo?enju zakona i zakonitosti prilikom kontrole sprovo?enja zakona- navodi se u reagovanju Buzukovi?a i dodaje da su \u201cpredupre?enje, obim i te\u017eina problema, te na?in, dinamika i nosioci njegovog rje\u0161avanja zakonski definisani\u201d.<br \/>\n-?ini se, me?utim, da u cijeloj stvari, ovo sve prethodno nije iscrpljeno a javnost je informisana u proceduri koja ne pretpostavlja racionalno rje\u0161enje problema. No, mo\u017eda ovo sve, djeluje kao vapaj, ukazuje na novi problem koji tek treba definisati- ocjenjuje Buzukovi?.<br \/>\n<a href=\"http:\/\/tbn0.google.com\/images?q=tbn:aPSoN3Nd1DFmrM:http:\/\/membres.lycos.fr\/ulqini\/hpbimg\/buzuku.jpg\"><img loading=\"lazy\" class=\"alignleft\" src=\"http:\/\/tbn0.google.com\/images?q=tbn:aPSoN3Nd1DFmrM:http:\/\/membres.lycos.fr\/ulqini\/hpbimg\/buzuku.jpg\" alt=\"\" width=\"111\" height=\"91\" \/><\/a>On je ponovio da se svojim poslom bavio u potpunosti vode?i brigu o zakonu, \u201csvjestan ovla\u0161?enja policije sa jedne i raspodjele ovla\u0161?enja u postoje?em ambijentu nosilaca javnih funkcija i neposrednih izvr\u0161ilaca koji participiraju u oblasti bezbjednosti i za\u0161tite li?ne i imovinske sigurnosti gra?ana i dr\u017eavne imovine, sa druge strane\u201d.<br \/>\n-Na kraju, blagonaklono posmatraju?i , ma kako na?in ostvarenja ideala bio postavljen, ako neposredni problem mo\u017ee biti rije\u0161en kao efekat onoga \u0161to je u?inio MANS, onda valja vjerovati da nema \u201c\u017ertava\u201d. U suprotnom, kao dugogodi\u0161njem dr\u017eavnom slu\u017ebeniku koji je sebe ugradio u sistem po\u0161tovanja zakona, sloboda i prava, pitam se koja je cijena sticanja popularnosti izno\u0161enjem i prono\u0161enjem stvari koje prethodno nijesu utvr?ene kao takve. Cilj ne bi trebalo da budu ljudi, nego pojave koje dru\u0161tvo te\u017ei da afirmativno kanali\u0161e u op\u0161tem interesu &#8211; zaklju?uje se u reagovanju.<br \/>\n<strong>S.A.<br \/>\nIzvor \/ Vijesti<\/strong><\/p>\n","protected":false},"excerpt":{"rendered":"<p>Biv\u0161i na?elnik ulcinjske policije tvrdi da reagovanje mre\u017ee za afirmaciju nevladinog sektora povodom stanja na adi bojani nije saglasno sa pravom Ulcinj- Savjetnik direktora Uprave policije i biv\u0161i na?elnik ulcinjskog OB Sabri Buzukovi? ocijenio je da je informacija o krivi?noj prijavi, koju je protiv njega podnio MANS zbog sumnje da je zloupotrijebio slu\u017ebeni polo\u017eaj i [&hellip;]<\/p>\n","protected":false},"author":1,"featured_media":0,"comment_status":"open","ping_status":"closed","sticky":false,"template":"","format":"standard","meta":{"spay_email":"","jetpack_publicize_message":"","jetpack_is_tweetstorm":false,"jetpack_publicize_feature_enabled":true},"categories":[11,12],"tags":[4675,4676,4677],"jetpack_publicize_connections":[],"yoast_head":"<!-- This site is optimized with the Yoast SEO plugin v19.1 - https:\/\/yoast.com\/wordpress\/plugins\/seo\/ -->\n<title>Buzukovi?: Revolucije su sada pro\u0161lost - Lajme nga Ulqini<\/title>\n<meta name=\"description\" content=\"Biv\u0161i na?elnik ulcinjske policije tvrdi da reagovanje mre\u017ee za afirmaciju nevladinog sektora povodom stanja na adi bojani nije saglasno sa pravom Ulcinj-\" \/>\n<meta name=\"robots\" content=\"index, follow, max-snippet:-1, max-image-preview:large, max-video-preview:-1\" \/>\n<link rel=\"canonical\" href=\"https:\/\/www.visit-ulcinj.com\/blog\/2008\/10\/20\/buzukovic-revolucije-su-sada-proslost\/\" \/>\n<meta property=\"og:locale\" content=\"en_US\" \/>\n<meta property=\"og:type\" content=\"article\" \/>\n<meta property=\"og:title\" content=\"Buzukovi?: Revolucije su sada pro\u0161lost - Lajme nga Ulqini\" \/>\n<meta property=\"og:description\" content=\"Biv\u0161i na?elnik ulcinjske policije tvrdi da reagovanje mre\u017ee za afirmaciju nevladinog sektora povodom stanja na adi bojani nije saglasno sa pravom Ulcinj-\" \/>\n<meta property=\"og:url\" content=\"https:\/\/www.visit-ulcinj.com\/blog\/2008\/10\/20\/buzukovic-revolucije-su-sada-proslost\/\" \/>\n<meta property=\"og:site_name\" content=\"Lajme nga Ulqini\" \/>\n<meta property=\"article:published_time\" content=\"2008-10-20T09:08:02+00:00\" \/>\n<meta property=\"og:image\" content=\"http:\/\/www.visit-ulcinj.com\/blog\/wp-content\/uploads\/2008\/10\/sabro-buzuku-2-300x263.jpg\" \/>\n<meta name=\"twitter:label1\" content=\"Written by\" \/>\n\t<meta name=\"twitter:data1\" content=\"ulqini\" \/>\n\t<meta name=\"twitter:label2\" content=\"Est. reading time\" \/>\n\t<meta name=\"twitter:data2\" content=\"4 minutes\" \/>\n<script type=\"application\/ld+json\" class=\"yoast-schema-graph\">{\"@context\":\"https:\/\/schema.org\",\"@graph\":[{\"@type\":\"WebSite\",\"@id\":\"https:\/\/www.visit-ulcinj.com\/blog\/#website\",\"url\":\"https:\/\/www.visit-ulcinj.com\/blog\/\",\"name\":\"Lajme nga Ulqini\",\"description\":\"Lajme,Vijesti,Ulqini,Ulqin,Crna Gora,Mali i Zi\",\"potentialAction\":[{\"@type\":\"SearchAction\",\"target\":{\"@type\":\"EntryPoint\",\"urlTemplate\":\"https:\/\/www.visit-ulcinj.com\/blog\/?s={search_term_string}\"},\"query-input\":\"required name=search_term_string\"}],\"inLanguage\":\"en-US\"},{\"@type\":\"ImageObject\",\"inLanguage\":\"en-US\",\"@id\":\"https:\/\/www.visit-ulcinj.com\/blog\/2008\/10\/20\/buzukovic-revolucije-su-sada-proslost\/#primaryimage\",\"url\":\"http:\/\/www.visit-ulcinj.com\/blog\/wp-content\/uploads\/2008\/10\/sabro-buzuku-2-300x263.jpg\",\"contentUrl\":\"http:\/\/www.visit-ulcinj.com\/blog\/wp-content\/uploads\/2008\/10\/sabro-buzuku-2-300x263.jpg\"},{\"@type\":\"WebPage\",\"@id\":\"https:\/\/www.visit-ulcinj.com\/blog\/2008\/10\/20\/buzukovic-revolucije-su-sada-proslost\/#webpage\",\"url\":\"https:\/\/www.visit-ulcinj.com\/blog\/2008\/10\/20\/buzukovic-revolucije-su-sada-proslost\/\",\"name\":\"Buzukovi?: Revolucije su sada pro\u0161lost - Lajme nga Ulqini\",\"isPartOf\":{\"@id\":\"https:\/\/www.visit-ulcinj.com\/blog\/#website\"},\"primaryImageOfPage\":{\"@id\":\"https:\/\/www.visit-ulcinj.com\/blog\/2008\/10\/20\/buzukovic-revolucije-su-sada-proslost\/#primaryimage\"},\"datePublished\":\"2008-10-20T09:08:02+00:00\",\"dateModified\":\"2008-10-20T09:08:02+00:00\",\"author\":{\"@id\":\"https:\/\/www.visit-ulcinj.com\/blog\/#\/schema\/person\/dcab619c614d3038751c63bc2aadc06d\"},\"description\":\"Biv\u0161i na?elnik ulcinjske policije tvrdi da reagovanje mre\u017ee za afirmaciju nevladinog sektora povodom stanja na adi bojani nije saglasno sa pravom Ulcinj-\",\"breadcrumb\":{\"@id\":\"https:\/\/www.visit-ulcinj.com\/blog\/2008\/10\/20\/buzukovic-revolucije-su-sada-proslost\/#breadcrumb\"},\"inLanguage\":\"en-US\",\"potentialAction\":[{\"@type\":\"ReadAction\",\"target\":[\"https:\/\/www.visit-ulcinj.com\/blog\/2008\/10\/20\/buzukovic-revolucije-su-sada-proslost\/\"]}]},{\"@type\":\"BreadcrumbList\",\"@id\":\"https:\/\/www.visit-ulcinj.com\/blog\/2008\/10\/20\/buzukovic-revolucije-su-sada-proslost\/#breadcrumb\",\"itemListElement\":[{\"@type\":\"ListItem\",\"position\":1,\"name\":\"Buzukovi?: Revolucije su sada pro\u0161lost\"}]},{\"@type\":\"Person\",\"@id\":\"https:\/\/www.visit-ulcinj.com\/blog\/#\/schema\/person\/dcab619c614d3038751c63bc2aadc06d\",\"name\":\"ulqini\",\"sameAs\":[\"http:\/\/www.visit-ulcinj.com\"],\"url\":\"https:\/\/www.visit-ulcinj.com\/blog\/author\/admin\/\"}]}<\/script>\n<!-- \/ Yoast SEO plugin. -->","yoast_head_json":{"title":"Buzukovi?: Revolucije su sada pro\u0161lost - Lajme nga Ulqini","description":"Biv\u0161i na?elnik ulcinjske policije tvrdi da reagovanje mre\u017ee za afirmaciju nevladinog sektora povodom stanja na adi bojani nije saglasno sa pravom Ulcinj-","robots":{"index":"index","follow":"follow","max-snippet":"max-snippet:-1","max-image-preview":"max-image-preview:large","max-video-preview":"max-video-preview:-1"},"canonical":"https:\/\/www.visit-ulcinj.com\/blog\/2008\/10\/20\/buzukovic-revolucije-su-sada-proslost\/","og_locale":"en_US","og_type":"article","og_title":"Buzukovi?: Revolucije su sada pro\u0161lost - Lajme nga Ulqini","og_description":"Biv\u0161i na?elnik ulcinjske policije tvrdi da reagovanje mre\u017ee za afirmaciju nevladinog sektora povodom stanja na adi bojani nije saglasno sa pravom Ulcinj-","og_url":"https:\/\/www.visit-ulcinj.com\/blog\/2008\/10\/20\/buzukovic-revolucije-su-sada-proslost\/","og_site_name":"Lajme nga Ulqini","article_published_time":"2008-10-20T09:08:02+00:00","og_image":[{"url":"http:\/\/www.visit-ulcinj.com\/blog\/wp-content\/uploads\/2008\/10\/sabro-buzuku-2-300x263.jpg"}],"twitter_misc":{"Written by":"ulqini","Est. reading time":"4 minutes"},"schema":{"@context":"https:\/\/schema.org","@graph":[{"@type":"WebSite","@id":"https:\/\/www.visit-ulcinj.com\/blog\/#website","url":"https:\/\/www.visit-ulcinj.com\/blog\/","name":"Lajme nga Ulqini","description":"Lajme,Vijesti,Ulqini,Ulqin,Crna Gora,Mali i Zi","potentialAction":[{"@type":"SearchAction","target":{"@type":"EntryPoint","urlTemplate":"https:\/\/www.visit-ulcinj.com\/blog\/?s={search_term_string}"},"query-input":"required name=search_term_string"}],"inLanguage":"en-US"},{"@type":"ImageObject","inLanguage":"en-US","@id":"https:\/\/www.visit-ulcinj.com\/blog\/2008\/10\/20\/buzukovic-revolucije-su-sada-proslost\/#primaryimage","url":"http:\/\/www.visit-ulcinj.com\/blog\/wp-content\/uploads\/2008\/10\/sabro-buzuku-2-300x263.jpg","contentUrl":"http:\/\/www.visit-ulcinj.com\/blog\/wp-content\/uploads\/2008\/10\/sabro-buzuku-2-300x263.jpg"},{"@type":"WebPage","@id":"https:\/\/www.visit-ulcinj.com\/blog\/2008\/10\/20\/buzukovic-revolucije-su-sada-proslost\/#webpage","url":"https:\/\/www.visit-ulcinj.com\/blog\/2008\/10\/20\/buzukovic-revolucije-su-sada-proslost\/","name":"Buzukovi?: Revolucije su sada pro\u0161lost - Lajme nga Ulqini","isPartOf":{"@id":"https:\/\/www.visit-ulcinj.com\/blog\/#website"},"primaryImageOfPage":{"@id":"https:\/\/www.visit-ulcinj.com\/blog\/2008\/10\/20\/buzukovic-revolucije-su-sada-proslost\/#primaryimage"},"datePublished":"2008-10-20T09:08:02+00:00","dateModified":"2008-10-20T09:08:02+00:00","author":{"@id":"https:\/\/www.visit-ulcinj.com\/blog\/#\/schema\/person\/dcab619c614d3038751c63bc2aadc06d"},"description":"Biv\u0161i na?elnik ulcinjske policije tvrdi da reagovanje mre\u017ee za afirmaciju nevladinog sektora povodom stanja na adi bojani nije saglasno sa pravom Ulcinj-","breadcrumb":{"@id":"https:\/\/www.visit-ulcinj.com\/blog\/2008\/10\/20\/buzukovic-revolucije-su-sada-proslost\/#breadcrumb"},"inLanguage":"en-US","potentialAction":[{"@type":"ReadAction","target":["https:\/\/www.visit-ulcinj.com\/blog\/2008\/10\/20\/buzukovic-revolucije-su-sada-proslost\/"]}]},{"@type":"BreadcrumbList","@id":"https:\/\/www.visit-ulcinj.com\/blog\/2008\/10\/20\/buzukovic-revolucije-su-sada-proslost\/#breadcrumb","itemListElement":[{"@type":"ListItem","position":1,"name":"Buzukovi?: Revolucije su sada pro\u0161lost"}]},{"@type":"Person","@id":"https:\/\/www.visit-ulcinj.com\/blog\/#\/schema\/person\/dcab619c614d3038751c63bc2aadc06d","name":"ulqini","sameAs":["http:\/\/www.visit-ulcinj.com"],"url":"https:\/\/www.visit-ulcinj.com\/blog\/author\/admin\/"}]}},"jetpack_featured_media_url":"","jetpack_sharing_enabled":true,"jetpack_shortlink":"https:\/\/wp.me\/pe6lTn-1fk","_links":{"self":[{"href":"https:\/\/www.visit-ulcinj.com\/blog\/wp-json\/wp\/v2\/posts\/4794"}],"collection":[{"href":"https:\/\/www.visit-ulcinj.com\/blog\/wp-json\/wp\/v2\/posts"}],"about":[{"href":"https:\/\/www.visit-ulcinj.com\/blog\/wp-json\/wp\/v2\/types\/post"}],"author":[{"embeddable":true,"href":"https:\/\/www.visit-ulcinj.com\/blog\/wp-json\/wp\/v2\/users\/1"}],"replies":[{"embeddable":true,"href":"https:\/\/www.visit-ulcinj.com\/blog\/wp-json\/wp\/v2\/comments?post=4794"}],"version-history":[{"count":0,"href":"https:\/\/www.visit-ulcinj.com\/blog\/wp-json\/wp\/v2\/posts\/4794\/revisions"}],"wp:attachment":[{"href":"https:\/\/www.visit-ulcinj.com\/blog\/wp-json\/wp\/v2\/media?parent=4794"}],"wp:term":[{"taxonomy":"category","embeddable":true,"href":"https:\/\/www.visit-ulcinj.com\/blog\/wp-json\/wp\/v2\/categories?post=4794"},{"taxonomy":"post_tag","embeddable":true,"href":"https:\/\/www.visit-ulcinj.com\/blog\/wp-json\/wp\/v2\/tags?post=4794"}],"curies":[{"name":"wp","href":"https:\/\/api.w.org\/{rel}","templated":true}]}}