{"id":4797,"date":"2008-10-20T04:18:47","date_gmt":"2008-10-20T09:18:47","guid":{"rendered":"http:\/\/www.visit-ulcinj.com\/blog\/?p=4797"},"modified":"2008-10-20T04:18:47","modified_gmt":"2008-10-20T09:18:47","slug":"kuvendi-i-komunes-urbane-te-tuzit-pritet-te-mbaje-mbledhjen-e-radhes","status":"publish","type":"post","link":"https:\/\/www.visit-ulcinj.com\/blog\/2008\/10\/20\/kuvendi-i-komunes-urbane-te-tuzit-pritet-te-mbaje-mbledhjen-e-radhes\/","title":{"rendered":"Kuvendi i komun\u00ebs urbane t\u00eb Tuzit pritet t\u00eb mbaj\u00eb mbledhjen e radh\u00ebs"},"content":{"rendered":"<p><a href=\"http:\/\/www.visit-ulcinj.com\/blog\/wp-content\/uploads\/2008\/10\/camaj.jpg\"><img loading=\"lazy\" class=\"alignleft size-medium wp-image-4798\" title=\"Nikoll\u00eb Camaj\" src=\"http:\/\/www.visit-ulcinj.com\/blog\/wp-content\/uploads\/2008\/10\/camaj.jpg\" alt=\"\" width=\"290\" height=\"190\" \/><\/a><strong>Pes\u00eb pika n\u00eb rend t\u00eb dit\u00ebs<\/strong><br \/>\nTuz- Seanca e 16-t\u00eb e Kuvendit t\u00eb KU t\u00eb Tuzit pritet t\u00eb mbahet t\u00eb h\u00ebn\u00ebn m\u00eb 20 tetor n\u00eb ora 13. K\u00ebt\u00eb e ka b\u00ebr\u00eb t\u00eb ditur p\u00ebr media, kryetari i Kuvendit t\u00eb k\u00ebsaj komune, Nikoll\u00eb Camaj.<br \/>\nN\u00eb k\u00ebt\u00eb mbledhje, k\u00ebshilltar\u00ebt e Kuvendit t\u00eb KU t\u00eb Tuzit do t\u00eb shqyrtojn\u00eb Iniciativ\u00ebn p\u00ebr besimin e pun\u00ebve nga kompetenca e Kryeqytetit, q\u00eb Kuvendi i KU t\u00eb Tuzit t\u00eb emroj\u00eb dhe shkarkoj\u00eb nj\u00eb an\u00ebtar n\u00eb organet drejtuese t\u00eb sh\u00ebrbimeve publike, themelues i t\u00eb cilave \u00ebsht\u00eb Kryeqyteti, pastaj do t\u00eb flitet edhe p\u00ebr besimin e pun\u00ebve nga kompetenca e Kryeqytetit q\u00eb KU e Tuzit t\u00eb mbaj\u00eb evidenc\u00ebn e banor\u00ebve, regjistrat e zgjedh\u00ebsve dhe evidenca t\u00eb tjera n\u00eb p\u00ebrputhje me ligjin.<br \/>\nGjithashtu k\u00ebshilltar\u00ebt pritet t\u00eb diskutojn\u00eb edhe p\u00ebr besimin e pun\u00ebve nga kompetenca e Kryeqytetit q\u00eb KU e Tuzit t\u00eb kryej\u00eb pun\u00ebt lidhur me p\u00ebrcaktimin, ark\u00ebtimin dhe kontrollin e t\u00eb ardhurave publike lokale.<br \/>\nPo ashtu do t\u00eb diskutohet edhe p\u00ebr besimin e pun\u00ebve nga kompetenca e Kryeqytetit q\u00eb KU e Tuzit t\u00eb caktoj\u00eb k\u00ebshilltarin e Kuvendit t\u00eb KU t\u00eb Tuzit p\u00ebr t\u00eb marr\u00eb pjes\u00eb gjat\u00eb lidhjes s\u00eb martesave.<br \/>\nN\u00eb fund do t\u00eb shqyrtohet edhe raporti i Komisionit p\u00ebr p\u00ebrcjelljen e aktiviteteve p\u00ebr grumbullimin dhe plasmanin e organizuar t\u00eb produkteve bujq\u00ebsore nga territori i KU t\u00eb Tuzit p\u00ebr vitin 2008.<br \/>\n<strong>Burimi \/ Kohapress<\/strong><\/p>\n<!--YouTube Error: bad URL entered-->\n","protected":false},"excerpt":{"rendered":"<p>Pes\u00eb pika n\u00eb rend t\u00eb dit\u00ebs Tuz- Seanca e 16-t\u00eb e Kuvendit t\u00eb KU t\u00eb Tuzit pritet t\u00eb mbahet t\u00eb h\u00ebn\u00ebn m\u00eb 20 tetor n\u00eb ora 13. K\u00ebt\u00eb e ka b\u00ebr\u00eb t\u00eb ditur p\u00ebr media, kryetari i Kuvendit t\u00eb k\u00ebsaj komune, Nikoll\u00eb Camaj. N\u00eb k\u00ebt\u00eb mbledhje, k\u00ebshilltar\u00ebt e Kuvendit t\u00eb KU t\u00eb Tuzit do t\u00eb [&hellip;]<\/p>\n","protected":false},"author":1,"featured_media":0,"comment_status":"open","ping_status":"closed","sticky":false,"template":"","format":"standard","meta":{"spay_email":"","jetpack_publicize_message":"","jetpack_is_tweetstorm":false,"jetpack_publicize_feature_enabled":true},"categories":[14],"tags":[4678,189],"jetpack_publicize_connections":[],"yoast_head":"<!-- This site is optimized with the Yoast SEO plugin v19.1 - https:\/\/yoast.com\/wordpress\/plugins\/seo\/ -->\n<title>Kuvendi i komun\u00ebs urbane t\u00eb Tuzit pritet t\u00eb mbaj\u00eb mbledhjen e radh\u00ebs - Lajme nga Ulqini<\/title>\n<meta name=\"description\" content=\"Pes\u00eb pika n\u00eb rend t\u00eb dit\u00ebs Tuz- Seanca e 16-t\u00eb e Kuvendit t\u00eb KU t\u00eb Tuzit pritet t\u00eb mbahet t\u00eb h\u00ebn\u00ebn m\u00eb 20 tetor n\u00eb ora 13. K\u00ebt\u00eb e ka b\u00ebr\u00eb t\u00eb ditur p\u00ebr\" \/>\n<meta name=\"robots\" content=\"index, follow, max-snippet:-1, max-image-preview:large, max-video-preview:-1\" \/>\n<link rel=\"canonical\" href=\"https:\/\/www.visit-ulcinj.com\/blog\/2008\/10\/20\/kuvendi-i-komunes-urbane-te-tuzit-pritet-te-mbaje-mbledhjen-e-radhes\/\" \/>\n<meta property=\"og:locale\" content=\"en_US\" \/>\n<meta property=\"og:type\" content=\"article\" \/>\n<meta property=\"og:title\" content=\"Kuvendi i komun\u00ebs urbane t\u00eb Tuzit pritet t\u00eb mbaj\u00eb mbledhjen e radh\u00ebs - Lajme nga Ulqini\" \/>\n<meta property=\"og:description\" content=\"Pes\u00eb pika n\u00eb rend t\u00eb dit\u00ebs Tuz- Seanca e 16-t\u00eb e Kuvendit t\u00eb KU t\u00eb Tuzit pritet t\u00eb mbahet t\u00eb h\u00ebn\u00ebn m\u00eb 20 tetor n\u00eb ora 13. K\u00ebt\u00eb e ka b\u00ebr\u00eb t\u00eb ditur p\u00ebr\" \/>\n<meta property=\"og:url\" content=\"https:\/\/www.visit-ulcinj.com\/blog\/2008\/10\/20\/kuvendi-i-komunes-urbane-te-tuzit-pritet-te-mbaje-mbledhjen-e-radhes\/\" \/>\n<meta property=\"og:site_name\" content=\"Lajme nga Ulqini\" \/>\n<meta property=\"article:published_time\" content=\"2008-10-20T09:18:47+00:00\" \/>\n<meta property=\"og:image\" content=\"http:\/\/www.visit-ulcinj.com\/blog\/wp-content\/uploads\/2008\/10\/camaj.jpg\" \/>\n<meta name=\"twitter:label1\" content=\"Written by\" \/>\n\t<meta name=\"twitter:data1\" content=\"ulqini\" \/>\n\t<meta name=\"twitter:label2\" content=\"Est. reading time\" \/>\n\t<meta name=\"twitter:data2\" content=\"1 minute\" \/>\n<script type=\"application\/ld+json\" class=\"yoast-schema-graph\">{\"@context\":\"https:\/\/schema.org\",\"@graph\":[{\"@type\":\"WebSite\",\"@id\":\"https:\/\/www.visit-ulcinj.com\/blog\/#website\",\"url\":\"https:\/\/www.visit-ulcinj.com\/blog\/\",\"name\":\"Lajme nga Ulqini\",\"description\":\"Lajme,Vijesti,Ulqini,Ulqin,Crna Gora,Mali i Zi\",\"potentialAction\":[{\"@type\":\"SearchAction\",\"target\":{\"@type\":\"EntryPoint\",\"urlTemplate\":\"https:\/\/www.visit-ulcinj.com\/blog\/?s={search_term_string}\"},\"query-input\":\"required name=search_term_string\"}],\"inLanguage\":\"en-US\"},{\"@type\":\"ImageObject\",\"inLanguage\":\"en-US\",\"@id\":\"https:\/\/www.visit-ulcinj.com\/blog\/2008\/10\/20\/kuvendi-i-komunes-urbane-te-tuzit-pritet-te-mbaje-mbledhjen-e-radhes\/#primaryimage\",\"url\":\"http:\/\/www.visit-ulcinj.com\/blog\/wp-content\/uploads\/2008\/10\/camaj.jpg\",\"contentUrl\":\"http:\/\/www.visit-ulcinj.com\/blog\/wp-content\/uploads\/2008\/10\/camaj.jpg\"},{\"@type\":\"WebPage\",\"@id\":\"https:\/\/www.visit-ulcinj.com\/blog\/2008\/10\/20\/kuvendi-i-komunes-urbane-te-tuzit-pritet-te-mbaje-mbledhjen-e-radhes\/#webpage\",\"url\":\"https:\/\/www.visit-ulcinj.com\/blog\/2008\/10\/20\/kuvendi-i-komunes-urbane-te-tuzit-pritet-te-mbaje-mbledhjen-e-radhes\/\",\"name\":\"Kuvendi i komun\u00ebs urbane t\u00eb Tuzit pritet t\u00eb mbaj\u00eb mbledhjen e radh\u00ebs - Lajme nga Ulqini\",\"isPartOf\":{\"@id\":\"https:\/\/www.visit-ulcinj.com\/blog\/#website\"},\"primaryImageOfPage\":{\"@id\":\"https:\/\/www.visit-ulcinj.com\/blog\/2008\/10\/20\/kuvendi-i-komunes-urbane-te-tuzit-pritet-te-mbaje-mbledhjen-e-radhes\/#primaryimage\"},\"datePublished\":\"2008-10-20T09:18:47+00:00\",\"dateModified\":\"2008-10-20T09:18:47+00:00\",\"author\":{\"@id\":\"https:\/\/www.visit-ulcinj.com\/blog\/#\/schema\/person\/dcab619c614d3038751c63bc2aadc06d\"},\"description\":\"Pes\u00eb pika n\u00eb rend t\u00eb dit\u00ebs Tuz- Seanca e 16-t\u00eb e Kuvendit t\u00eb KU t\u00eb Tuzit pritet t\u00eb mbahet t\u00eb h\u00ebn\u00ebn m\u00eb 20 tetor n\u00eb ora 13. K\u00ebt\u00eb e ka b\u00ebr\u00eb t\u00eb ditur p\u00ebr\",\"breadcrumb\":{\"@id\":\"https:\/\/www.visit-ulcinj.com\/blog\/2008\/10\/20\/kuvendi-i-komunes-urbane-te-tuzit-pritet-te-mbaje-mbledhjen-e-radhes\/#breadcrumb\"},\"inLanguage\":\"en-US\",\"potentialAction\":[{\"@type\":\"ReadAction\",\"target\":[\"https:\/\/www.visit-ulcinj.com\/blog\/2008\/10\/20\/kuvendi-i-komunes-urbane-te-tuzit-pritet-te-mbaje-mbledhjen-e-radhes\/\"]}]},{\"@type\":\"BreadcrumbList\",\"@id\":\"https:\/\/www.visit-ulcinj.com\/blog\/2008\/10\/20\/kuvendi-i-komunes-urbane-te-tuzit-pritet-te-mbaje-mbledhjen-e-radhes\/#breadcrumb\",\"itemListElement\":[{\"@type\":\"ListItem\",\"position\":1,\"name\":\"Kuvendi i komun\u00ebs urbane t\u00eb Tuzit pritet t\u00eb mbaj\u00eb mbledhjen e radh\u00ebs\"}]},{\"@type\":\"Person\",\"@id\":\"https:\/\/www.visit-ulcinj.com\/blog\/#\/schema\/person\/dcab619c614d3038751c63bc2aadc06d\",\"name\":\"ulqini\",\"sameAs\":[\"http:\/\/www.visit-ulcinj.com\"],\"url\":\"https:\/\/www.visit-ulcinj.com\/blog\/author\/admin\/\"}]}<\/script>\n<!-- \/ Yoast SEO plugin. -->","yoast_head_json":{"title":"Kuvendi i komun\u00ebs urbane t\u00eb Tuzit pritet t\u00eb mbaj\u00eb mbledhjen e radh\u00ebs - Lajme nga Ulqini","description":"Pes\u00eb pika n\u00eb rend t\u00eb dit\u00ebs Tuz- Seanca e 16-t\u00eb e Kuvendit t\u00eb KU t\u00eb Tuzit pritet t\u00eb mbahet t\u00eb h\u00ebn\u00ebn m\u00eb 20 tetor n\u00eb ora 13. K\u00ebt\u00eb e ka b\u00ebr\u00eb t\u00eb ditur p\u00ebr","robots":{"index":"index","follow":"follow","max-snippet":"max-snippet:-1","max-image-preview":"max-image-preview:large","max-video-preview":"max-video-preview:-1"},"canonical":"https:\/\/www.visit-ulcinj.com\/blog\/2008\/10\/20\/kuvendi-i-komunes-urbane-te-tuzit-pritet-te-mbaje-mbledhjen-e-radhes\/","og_locale":"en_US","og_type":"article","og_title":"Kuvendi i komun\u00ebs urbane t\u00eb Tuzit pritet t\u00eb mbaj\u00eb mbledhjen e radh\u00ebs - Lajme nga Ulqini","og_description":"Pes\u00eb pika n\u00eb rend t\u00eb dit\u00ebs Tuz- Seanca e 16-t\u00eb e Kuvendit t\u00eb KU t\u00eb Tuzit pritet t\u00eb mbahet t\u00eb h\u00ebn\u00ebn m\u00eb 20 tetor n\u00eb ora 13. K\u00ebt\u00eb e ka b\u00ebr\u00eb t\u00eb ditur p\u00ebr","og_url":"https:\/\/www.visit-ulcinj.com\/blog\/2008\/10\/20\/kuvendi-i-komunes-urbane-te-tuzit-pritet-te-mbaje-mbledhjen-e-radhes\/","og_site_name":"Lajme nga Ulqini","article_published_time":"2008-10-20T09:18:47+00:00","og_image":[{"url":"http:\/\/www.visit-ulcinj.com\/blog\/wp-content\/uploads\/2008\/10\/camaj.jpg"}],"twitter_misc":{"Written by":"ulqini","Est. reading time":"1 minute"},"schema":{"@context":"https:\/\/schema.org","@graph":[{"@type":"WebSite","@id":"https:\/\/www.visit-ulcinj.com\/blog\/#website","url":"https:\/\/www.visit-ulcinj.com\/blog\/","name":"Lajme nga Ulqini","description":"Lajme,Vijesti,Ulqini,Ulqin,Crna Gora,Mali i Zi","potentialAction":[{"@type":"SearchAction","target":{"@type":"EntryPoint","urlTemplate":"https:\/\/www.visit-ulcinj.com\/blog\/?s={search_term_string}"},"query-input":"required name=search_term_string"}],"inLanguage":"en-US"},{"@type":"ImageObject","inLanguage":"en-US","@id":"https:\/\/www.visit-ulcinj.com\/blog\/2008\/10\/20\/kuvendi-i-komunes-urbane-te-tuzit-pritet-te-mbaje-mbledhjen-e-radhes\/#primaryimage","url":"http:\/\/www.visit-ulcinj.com\/blog\/wp-content\/uploads\/2008\/10\/camaj.jpg","contentUrl":"http:\/\/www.visit-ulcinj.com\/blog\/wp-content\/uploads\/2008\/10\/camaj.jpg"},{"@type":"WebPage","@id":"https:\/\/www.visit-ulcinj.com\/blog\/2008\/10\/20\/kuvendi-i-komunes-urbane-te-tuzit-pritet-te-mbaje-mbledhjen-e-radhes\/#webpage","url":"https:\/\/www.visit-ulcinj.com\/blog\/2008\/10\/20\/kuvendi-i-komunes-urbane-te-tuzit-pritet-te-mbaje-mbledhjen-e-radhes\/","name":"Kuvendi i komun\u00ebs urbane t\u00eb Tuzit pritet t\u00eb mbaj\u00eb mbledhjen e radh\u00ebs - Lajme nga Ulqini","isPartOf":{"@id":"https:\/\/www.visit-ulcinj.com\/blog\/#website"},"primaryImageOfPage":{"@id":"https:\/\/www.visit-ulcinj.com\/blog\/2008\/10\/20\/kuvendi-i-komunes-urbane-te-tuzit-pritet-te-mbaje-mbledhjen-e-radhes\/#primaryimage"},"datePublished":"2008-10-20T09:18:47+00:00","dateModified":"2008-10-20T09:18:47+00:00","author":{"@id":"https:\/\/www.visit-ulcinj.com\/blog\/#\/schema\/person\/dcab619c614d3038751c63bc2aadc06d"},"description":"Pes\u00eb pika n\u00eb rend t\u00eb dit\u00ebs Tuz- Seanca e 16-t\u00eb e Kuvendit t\u00eb KU t\u00eb Tuzit pritet t\u00eb mbahet t\u00eb h\u00ebn\u00ebn m\u00eb 20 tetor n\u00eb ora 13. K\u00ebt\u00eb e ka b\u00ebr\u00eb t\u00eb ditur p\u00ebr","breadcrumb":{"@id":"https:\/\/www.visit-ulcinj.com\/blog\/2008\/10\/20\/kuvendi-i-komunes-urbane-te-tuzit-pritet-te-mbaje-mbledhjen-e-radhes\/#breadcrumb"},"inLanguage":"en-US","potentialAction":[{"@type":"ReadAction","target":["https:\/\/www.visit-ulcinj.com\/blog\/2008\/10\/20\/kuvendi-i-komunes-urbane-te-tuzit-pritet-te-mbaje-mbledhjen-e-radhes\/"]}]},{"@type":"BreadcrumbList","@id":"https:\/\/www.visit-ulcinj.com\/blog\/2008\/10\/20\/kuvendi-i-komunes-urbane-te-tuzit-pritet-te-mbaje-mbledhjen-e-radhes\/#breadcrumb","itemListElement":[{"@type":"ListItem","position":1,"name":"Kuvendi i komun\u00ebs urbane t\u00eb Tuzit pritet t\u00eb mbaj\u00eb mbledhjen e radh\u00ebs"}]},{"@type":"Person","@id":"https:\/\/www.visit-ulcinj.com\/blog\/#\/schema\/person\/dcab619c614d3038751c63bc2aadc06d","name":"ulqini","sameAs":["http:\/\/www.visit-ulcinj.com"],"url":"https:\/\/www.visit-ulcinj.com\/blog\/author\/admin\/"}]}},"jetpack_featured_media_url":"","jetpack_sharing_enabled":true,"jetpack_shortlink":"https:\/\/wp.me\/pe6lTn-1fn","_links":{"self":[{"href":"https:\/\/www.visit-ulcinj.com\/blog\/wp-json\/wp\/v2\/posts\/4797"}],"collection":[{"href":"https:\/\/www.visit-ulcinj.com\/blog\/wp-json\/wp\/v2\/posts"}],"about":[{"href":"https:\/\/www.visit-ulcinj.com\/blog\/wp-json\/wp\/v2\/types\/post"}],"author":[{"embeddable":true,"href":"https:\/\/www.visit-ulcinj.com\/blog\/wp-json\/wp\/v2\/users\/1"}],"replies":[{"embeddable":true,"href":"https:\/\/www.visit-ulcinj.com\/blog\/wp-json\/wp\/v2\/comments?post=4797"}],"version-history":[{"count":0,"href":"https:\/\/www.visit-ulcinj.com\/blog\/wp-json\/wp\/v2\/posts\/4797\/revisions"}],"wp:attachment":[{"href":"https:\/\/www.visit-ulcinj.com\/blog\/wp-json\/wp\/v2\/media?parent=4797"}],"wp:term":[{"taxonomy":"category","embeddable":true,"href":"https:\/\/www.visit-ulcinj.com\/blog\/wp-json\/wp\/v2\/categories?post=4797"},{"taxonomy":"post_tag","embeddable":true,"href":"https:\/\/www.visit-ulcinj.com\/blog\/wp-json\/wp\/v2\/tags?post=4797"}],"curies":[{"name":"wp","href":"https:\/\/api.w.org\/{rel}","templated":true}]}}