{"id":48003,"date":"2011-06-20T15:48:48","date_gmt":"2011-06-20T14:48:48","guid":{"rendered":"http:\/\/www.visit-ulcinj.com\/blog\/?p=48003"},"modified":"2011-06-20T16:17:38","modified_gmt":"2011-06-20T15:17:38","slug":"genta-ismajli-shfaqet-me-trup-ideal","status":"publish","type":"post","link":"https:\/\/www.visit-ulcinj.com\/blog\/2011\/06\/20\/genta-ismajli-shfaqet-me-trup-ideal\/","title":{"rendered":"Genta Ismajli shfaqet me trup ideal"},"content":{"rendered":"<p><a href=\"http:\/\/www.visit-ulcinj.com\/blog\/wp-content\/uploads\/2011\/06\/Genta-Ismajli.jpg\"><img loading=\"lazy\" class=\"alignleft size-full wp-image-48004\" title=\"Genta Ismajli\" src=\"http:\/\/www.visit-ulcinj.com\/blog\/wp-content\/uploads\/2011\/06\/Genta-Ismajli.jpg\" alt=\"\" width=\"508\" height=\"620\" \/><\/a>Tiran\u00eb, 19 qershor &#8211; K\u00ebng\u00ebtarja Genta Ismajli, p\u00ebrve\u00e7se n\u00eb klipin e saj t\u00eb fundit, n\u00eb k\u00ebt\u00eb foto t\u00eb re tregon se ka krijuar nj\u00eb trup perfekt, t\u00eb tonifikuar dhe ideal p\u00ebr ver\u00ebn e gjat\u00eb q\u00eb e pret.<\/p>\n<p>Pas pjes\u00ebmarrjes n\u00eb \u201cDancing with the stars\u201d, Genta arriti linja shum\u00eb t\u00eb mira trupore, megjithat\u00eb i humbi ato brenda nj\u00eb kohe t\u00eb shkurt\u00ebr. Por kjo foto e fundit e saj t\u00eb l\u00eb v\u00ebrtet\u00eb pa fjal\u00eb.<\/p>\n<p>Pas publikimit t\u00eb albumit t\u00eb saj \u201cGuximi\u201d, k\u00ebng\u00ebtarja kosovare ka nisur turneun e koncerteve n\u00eb shtete e qytete t\u00eb ndryshme, dhe shum\u00eb shpejt do t\u00eb jet\u00eb edhe n\u00eb Tiran\u00eb, raporton Bluetooth.<\/p>\n<!--YouTube Error: bad URL entered-->\n","protected":false},"excerpt":{"rendered":"<p>Tiran\u00eb, 19 qershor &#8211; K\u00ebng\u00ebtarja Genta Ismajli, p\u00ebrve\u00e7se n\u00eb klipin e saj t\u00eb fundit, n\u00eb k\u00ebt\u00eb foto t\u00eb re tregon se ka krijuar nj\u00eb trup perfekt, t\u00eb tonifikuar dhe ideal p\u00ebr ver\u00ebn e gjat\u00eb q\u00eb e pret. Pas pjes\u00ebmarrjes n\u00eb \u201cDancing with the stars\u201d, Genta arriti linja shum\u00eb t\u00eb mira trupore, megjithat\u00eb i humbi ato [&hellip;]<\/p>\n","protected":false},"author":1,"featured_media":0,"comment_status":"open","ping_status":"closed","sticky":false,"template":"","format":"standard","meta":{"spay_email":"","jetpack_publicize_message":"","jetpack_is_tweetstorm":false,"jetpack_publicize_feature_enabled":true},"categories":[1],"tags":[323],"jetpack_publicize_connections":[],"yoast_head":"<!-- This site is optimized with the Yoast SEO plugin v19.1 - https:\/\/yoast.com\/wordpress\/plugins\/seo\/ -->\n<title>Genta Ismajli shfaqet me trup ideal - Lajme nga Ulqini<\/title>\n<meta name=\"description\" content=\"Tiran\u00eb, 19 qershor - K\u00ebng\u00ebtarja Genta Ismajli, p\u00ebrve\u00e7se n\u00eb klipin e saj t\u00eb fundit, n\u00eb k\u00ebt\u00eb foto t\u00eb re tregon se ka krijuar nj\u00eb trup perfekt, t\u00eb tonifikuar\" \/>\n<meta name=\"robots\" content=\"index, follow, max-snippet:-1, max-image-preview:large, max-video-preview:-1\" \/>\n<link rel=\"canonical\" href=\"https:\/\/www.visit-ulcinj.com\/blog\/2011\/06\/20\/genta-ismajli-shfaqet-me-trup-ideal\/\" \/>\n<meta property=\"og:locale\" content=\"en_US\" \/>\n<meta property=\"og:type\" content=\"article\" \/>\n<meta property=\"og:title\" content=\"Genta Ismajli shfaqet me trup ideal - Lajme nga Ulqini\" \/>\n<meta property=\"og:description\" content=\"Tiran\u00eb, 19 qershor - K\u00ebng\u00ebtarja Genta Ismajli, p\u00ebrve\u00e7se n\u00eb klipin e saj t\u00eb fundit, n\u00eb k\u00ebt\u00eb foto t\u00eb re tregon se ka krijuar nj\u00eb trup perfekt, t\u00eb tonifikuar\" \/>\n<meta property=\"og:url\" content=\"https:\/\/www.visit-ulcinj.com\/blog\/2011\/06\/20\/genta-ismajli-shfaqet-me-trup-ideal\/\" \/>\n<meta property=\"og:site_name\" content=\"Lajme nga Ulqini\" \/>\n<meta property=\"article:published_time\" content=\"2011-06-20T14:48:48+00:00\" \/>\n<meta property=\"article:modified_time\" content=\"2011-06-20T15:17:38+00:00\" \/>\n<meta property=\"og:image\" content=\"http:\/\/www.visit-ulcinj.com\/blog\/wp-content\/uploads\/2011\/06\/Genta-Ismajli.jpg\" \/>\n<meta name=\"twitter:label1\" content=\"Written by\" \/>\n\t<meta name=\"twitter:data1\" content=\"ulqini\" \/>\n\t<meta name=\"twitter:label2\" content=\"Est. reading time\" \/>\n\t<meta name=\"twitter:data2\" content=\"1 minute\" \/>\n<script type=\"application\/ld+json\" class=\"yoast-schema-graph\">{\"@context\":\"https:\/\/schema.org\",\"@graph\":[{\"@type\":\"WebSite\",\"@id\":\"https:\/\/www.visit-ulcinj.com\/blog\/#website\",\"url\":\"https:\/\/www.visit-ulcinj.com\/blog\/\",\"name\":\"Lajme nga Ulqini\",\"description\":\"Lajme,Vijesti,Ulqini,Ulqin,Crna Gora,Mali i Zi\",\"potentialAction\":[{\"@type\":\"SearchAction\",\"target\":{\"@type\":\"EntryPoint\",\"urlTemplate\":\"https:\/\/www.visit-ulcinj.com\/blog\/?s={search_term_string}\"},\"query-input\":\"required name=search_term_string\"}],\"inLanguage\":\"en-US\"},{\"@type\":\"ImageObject\",\"inLanguage\":\"en-US\",\"@id\":\"https:\/\/www.visit-ulcinj.com\/blog\/2011\/06\/20\/genta-ismajli-shfaqet-me-trup-ideal\/#primaryimage\",\"url\":\"http:\/\/www.visit-ulcinj.com\/blog\/wp-content\/uploads\/2011\/06\/Genta-Ismajli.jpg\",\"contentUrl\":\"http:\/\/www.visit-ulcinj.com\/blog\/wp-content\/uploads\/2011\/06\/Genta-Ismajli.jpg\"},{\"@type\":\"WebPage\",\"@id\":\"https:\/\/www.visit-ulcinj.com\/blog\/2011\/06\/20\/genta-ismajli-shfaqet-me-trup-ideal\/#webpage\",\"url\":\"https:\/\/www.visit-ulcinj.com\/blog\/2011\/06\/20\/genta-ismajli-shfaqet-me-trup-ideal\/\",\"name\":\"Genta Ismajli shfaqet me trup ideal - Lajme nga Ulqini\",\"isPartOf\":{\"@id\":\"https:\/\/www.visit-ulcinj.com\/blog\/#website\"},\"primaryImageOfPage\":{\"@id\":\"https:\/\/www.visit-ulcinj.com\/blog\/2011\/06\/20\/genta-ismajli-shfaqet-me-trup-ideal\/#primaryimage\"},\"datePublished\":\"2011-06-20T14:48:48+00:00\",\"dateModified\":\"2011-06-20T15:17:38+00:00\",\"author\":{\"@id\":\"https:\/\/www.visit-ulcinj.com\/blog\/#\/schema\/person\/dcab619c614d3038751c63bc2aadc06d\"},\"description\":\"Tiran\u00eb, 19 qershor - K\u00ebng\u00ebtarja Genta Ismajli, p\u00ebrve\u00e7se n\u00eb klipin e saj t\u00eb fundit, n\u00eb k\u00ebt\u00eb foto t\u00eb re tregon se ka krijuar nj\u00eb trup perfekt, t\u00eb tonifikuar\",\"breadcrumb\":{\"@id\":\"https:\/\/www.visit-ulcinj.com\/blog\/2011\/06\/20\/genta-ismajli-shfaqet-me-trup-ideal\/#breadcrumb\"},\"inLanguage\":\"en-US\",\"potentialAction\":[{\"@type\":\"ReadAction\",\"target\":[\"https:\/\/www.visit-ulcinj.com\/blog\/2011\/06\/20\/genta-ismajli-shfaqet-me-trup-ideal\/\"]}]},{\"@type\":\"BreadcrumbList\",\"@id\":\"https:\/\/www.visit-ulcinj.com\/blog\/2011\/06\/20\/genta-ismajli-shfaqet-me-trup-ideal\/#breadcrumb\",\"itemListElement\":[{\"@type\":\"ListItem\",\"position\":1,\"name\":\"Genta Ismajli shfaqet me trup ideal\"}]},{\"@type\":\"Person\",\"@id\":\"https:\/\/www.visit-ulcinj.com\/blog\/#\/schema\/person\/dcab619c614d3038751c63bc2aadc06d\",\"name\":\"ulqini\",\"sameAs\":[\"http:\/\/www.visit-ulcinj.com\"],\"url\":\"https:\/\/www.visit-ulcinj.com\/blog\/author\/admin\/\"}]}<\/script>\n<!-- \/ Yoast SEO plugin. -->","yoast_head_json":{"title":"Genta Ismajli shfaqet me trup ideal - Lajme nga Ulqini","description":"Tiran\u00eb, 19 qershor - K\u00ebng\u00ebtarja Genta Ismajli, p\u00ebrve\u00e7se n\u00eb klipin e saj t\u00eb fundit, n\u00eb k\u00ebt\u00eb foto t\u00eb re tregon se ka krijuar nj\u00eb trup perfekt, t\u00eb tonifikuar","robots":{"index":"index","follow":"follow","max-snippet":"max-snippet:-1","max-image-preview":"max-image-preview:large","max-video-preview":"max-video-preview:-1"},"canonical":"https:\/\/www.visit-ulcinj.com\/blog\/2011\/06\/20\/genta-ismajli-shfaqet-me-trup-ideal\/","og_locale":"en_US","og_type":"article","og_title":"Genta Ismajli shfaqet me trup ideal - Lajme nga Ulqini","og_description":"Tiran\u00eb, 19 qershor - K\u00ebng\u00ebtarja Genta Ismajli, p\u00ebrve\u00e7se n\u00eb klipin e saj t\u00eb fundit, n\u00eb k\u00ebt\u00eb foto t\u00eb re tregon se ka krijuar nj\u00eb trup perfekt, t\u00eb tonifikuar","og_url":"https:\/\/www.visit-ulcinj.com\/blog\/2011\/06\/20\/genta-ismajli-shfaqet-me-trup-ideal\/","og_site_name":"Lajme nga Ulqini","article_published_time":"2011-06-20T14:48:48+00:00","article_modified_time":"2011-06-20T15:17:38+00:00","og_image":[{"url":"http:\/\/www.visit-ulcinj.com\/blog\/wp-content\/uploads\/2011\/06\/Genta-Ismajli.jpg"}],"twitter_misc":{"Written by":"ulqini","Est. reading time":"1 minute"},"schema":{"@context":"https:\/\/schema.org","@graph":[{"@type":"WebSite","@id":"https:\/\/www.visit-ulcinj.com\/blog\/#website","url":"https:\/\/www.visit-ulcinj.com\/blog\/","name":"Lajme nga Ulqini","description":"Lajme,Vijesti,Ulqini,Ulqin,Crna Gora,Mali i Zi","potentialAction":[{"@type":"SearchAction","target":{"@type":"EntryPoint","urlTemplate":"https:\/\/www.visit-ulcinj.com\/blog\/?s={search_term_string}"},"query-input":"required name=search_term_string"}],"inLanguage":"en-US"},{"@type":"ImageObject","inLanguage":"en-US","@id":"https:\/\/www.visit-ulcinj.com\/blog\/2011\/06\/20\/genta-ismajli-shfaqet-me-trup-ideal\/#primaryimage","url":"http:\/\/www.visit-ulcinj.com\/blog\/wp-content\/uploads\/2011\/06\/Genta-Ismajli.jpg","contentUrl":"http:\/\/www.visit-ulcinj.com\/blog\/wp-content\/uploads\/2011\/06\/Genta-Ismajli.jpg"},{"@type":"WebPage","@id":"https:\/\/www.visit-ulcinj.com\/blog\/2011\/06\/20\/genta-ismajli-shfaqet-me-trup-ideal\/#webpage","url":"https:\/\/www.visit-ulcinj.com\/blog\/2011\/06\/20\/genta-ismajli-shfaqet-me-trup-ideal\/","name":"Genta Ismajli shfaqet me trup ideal - Lajme nga Ulqini","isPartOf":{"@id":"https:\/\/www.visit-ulcinj.com\/blog\/#website"},"primaryImageOfPage":{"@id":"https:\/\/www.visit-ulcinj.com\/blog\/2011\/06\/20\/genta-ismajli-shfaqet-me-trup-ideal\/#primaryimage"},"datePublished":"2011-06-20T14:48:48+00:00","dateModified":"2011-06-20T15:17:38+00:00","author":{"@id":"https:\/\/www.visit-ulcinj.com\/blog\/#\/schema\/person\/dcab619c614d3038751c63bc2aadc06d"},"description":"Tiran\u00eb, 19 qershor - K\u00ebng\u00ebtarja Genta Ismajli, p\u00ebrve\u00e7se n\u00eb klipin e saj t\u00eb fundit, n\u00eb k\u00ebt\u00eb foto t\u00eb re tregon se ka krijuar nj\u00eb trup perfekt, t\u00eb tonifikuar","breadcrumb":{"@id":"https:\/\/www.visit-ulcinj.com\/blog\/2011\/06\/20\/genta-ismajli-shfaqet-me-trup-ideal\/#breadcrumb"},"inLanguage":"en-US","potentialAction":[{"@type":"ReadAction","target":["https:\/\/www.visit-ulcinj.com\/blog\/2011\/06\/20\/genta-ismajli-shfaqet-me-trup-ideal\/"]}]},{"@type":"BreadcrumbList","@id":"https:\/\/www.visit-ulcinj.com\/blog\/2011\/06\/20\/genta-ismajli-shfaqet-me-trup-ideal\/#breadcrumb","itemListElement":[{"@type":"ListItem","position":1,"name":"Genta Ismajli shfaqet me trup ideal"}]},{"@type":"Person","@id":"https:\/\/www.visit-ulcinj.com\/blog\/#\/schema\/person\/dcab619c614d3038751c63bc2aadc06d","name":"ulqini","sameAs":["http:\/\/www.visit-ulcinj.com"],"url":"https:\/\/www.visit-ulcinj.com\/blog\/author\/admin\/"}]}},"jetpack_featured_media_url":"","jetpack_sharing_enabled":true,"jetpack_shortlink":"https:\/\/wp.me\/pe6lTn-cuf","_links":{"self":[{"href":"https:\/\/www.visit-ulcinj.com\/blog\/wp-json\/wp\/v2\/posts\/48003"}],"collection":[{"href":"https:\/\/www.visit-ulcinj.com\/blog\/wp-json\/wp\/v2\/posts"}],"about":[{"href":"https:\/\/www.visit-ulcinj.com\/blog\/wp-json\/wp\/v2\/types\/post"}],"author":[{"embeddable":true,"href":"https:\/\/www.visit-ulcinj.com\/blog\/wp-json\/wp\/v2\/users\/1"}],"replies":[{"embeddable":true,"href":"https:\/\/www.visit-ulcinj.com\/blog\/wp-json\/wp\/v2\/comments?post=48003"}],"version-history":[{"count":4,"href":"https:\/\/www.visit-ulcinj.com\/blog\/wp-json\/wp\/v2\/posts\/48003\/revisions"}],"predecessor-version":[{"id":48006,"href":"https:\/\/www.visit-ulcinj.com\/blog\/wp-json\/wp\/v2\/posts\/48003\/revisions\/48006"}],"wp:attachment":[{"href":"https:\/\/www.visit-ulcinj.com\/blog\/wp-json\/wp\/v2\/media?parent=48003"}],"wp:term":[{"taxonomy":"category","embeddable":true,"href":"https:\/\/www.visit-ulcinj.com\/blog\/wp-json\/wp\/v2\/categories?post=48003"},{"taxonomy":"post_tag","embeddable":true,"href":"https:\/\/www.visit-ulcinj.com\/blog\/wp-json\/wp\/v2\/tags?post=48003"}],"curies":[{"name":"wp","href":"https:\/\/api.w.org\/{rel}","templated":true}]}}