{"id":48039,"date":"2011-06-20T18:39:12","date_gmt":"2011-06-20T17:39:12","guid":{"rendered":"http:\/\/www.visit-ulcinj.com\/blog\/?p=48039"},"modified":"2011-06-20T18:39:12","modified_gmt":"2011-06-20T17:39:12","slug":"port-milena-ce-izgledati-i-mirisati-drugacije","status":"publish","type":"post","link":"https:\/\/www.visit-ulcinj.com\/blog\/2011\/06\/20\/port-milena-ce-izgledati-i-mirisati-drugacije\/","title":{"rendered":"Port Milena \u0107e izgledati i mirisati druga\u010dije"},"content":{"rendered":"<p><strong><a href=\"http:\/\/www.visit-ulcinj.com\/blog\/wp-content\/uploads\/2011\/06\/Port-Milena_Ulcinj_Crna-Gora.jpg\"><img loading=\"lazy\" class=\"alignleft size-large wp-image-48040\" title=\"Port Milena_Ulcinj_Crna Gora\" src=\"http:\/\/www.visit-ulcinj.com\/blog\/wp-content\/uploads\/2011\/06\/Port-Milena_Ulcinj_Crna-Gora-1024x682.jpg\" alt=\"\" width=\"508\" height=\"380\" \/><\/a>Pi\u0161e: Samir Adrovi\u0107<\/strong><\/p>\n<p>\u201cPojavljuje se i problem kada su u pitanju investitori i vlasnici hotela koji imaju objekte u blizini Port Milene&#8221;, rekao je ministar Turizma.<\/p>\n<p>Ministar turizma i odr\u017eivog razvoja Predrag Sekuli\u0107 kazao je da je Vlada posve\u0107ena rje\u0161avanju problema u Port Mileni, te da je to prioritetna investicija za koju \u0107e se u najkra\u0107em mogu\u0107em roku definistati rje\u0161enje kako postoje\u0107i i budu\u0107i investitori ne bi imali barijera koje bi mogle lo\u0161e da uti\u010du na njihovo poslovanje.<\/p>\n<p>\u201cU toku je izrada studije pregleda dosada\u0161njih dugoro\u010dnih rje\u0161enja, koja \u0107e se koristiti za izradu prostornog plana Ulcinja, a uporedo se radi studija izvodljivosti gradnje kanalizacione mre\u017ee\u201d, kazao je Sekuli\u0107 \u201cVijestima\u201d u pisanom odgovoru na pitanje da li \u0107e se i kada Vlada pozabaviti pitanjem Port Milene sa koje se ve\u0107 sada \u0161ire nepodno\u0161ljivi mirisi.<\/p>\n<p>On je naglasio da se veliki dio problema vezuje za nelegalno podignute objekte, dok se za naselja koja gravitiraju tom podru\u010duju tra\u017ee rje\u0161enja za uspostavljanje kanalizacionog sistema, kako bi se odlaganje otpada i izlivanje fekalija izmjestilo iz kanala.<\/p>\n<p>\u201cPojavljuje se i problem kada su u pitanju investitori i vlasnici hotela koji imaju objekte u blizini Port Milene. Njihova o\u010dekivanja su da \u0107e taj problem biti prevazi\u0111en, jer bi se u protivnom sve negativno reflektovalo na ostvarivanje pozitivnih poslovnih rezultata\u201d, ocijenio je Sekuli\u0107.<br \/>\n<a href=\"http:\/\/www.visit-ulcinj.com\/blog\/wp-content\/uploads\/2011\/06\/Hotel-Galeb_Ulcinj_Crna-Gora_Projekat.jpg\"><img loading=\"lazy\" class=\"alignleft size-full wp-image-48041\" title=\"Hotel Galeb_Ulcinj_Crna Gora_Projekat\" src=\"http:\/\/www.visit-ulcinj.com\/blog\/wp-content\/uploads\/2011\/06\/Hotel-Galeb_Ulcinj_Crna-Gora_Projekat.jpg\" alt=\"\" width=\"508\" height=\"330\" \/><\/a><\/p>\n<p><strong>Za Galeb nije spremna prostorno-planska dokumentacija<\/strong><\/p>\n<p>Odgovaraju\u0107i na pitanje za\u0161to Vlada toleri\u0161e inertan odnos vlasnika \u201cGaleba\u201d i \u201cLida\u201d prema obavezuju\u0107im odredbama davno zaklju\u010denih kupoprodajnih ugovora, na osnovu kojih su ti hoteli ve\u0107 trebalo da budu izgra\u0111eni i stavljeni u funkciju, Sekuli\u0107 je kazao da \u201cRok\u0161ped\u201d i \u201cKapital estate\u201d nijesu u istoj poziciji.<\/p>\n<p>\u201cZa razliku od \u2019Lida\u2019, za \u2019Galeb\u2019 jo\u0161 nije spemna prostorno-planska dokumentacija, kako bi po\u010dela gradnja\u201d, istakao je Sekuli\u0107.<br \/>\n<a href=\"http:\/\/www.visit-ulcinj.com\/blog\/wp-content\/uploads\/2011\/06\/Hotel-Lido_Ulcinj_Crna-Gora_picnik.jpg\"><img loading=\"lazy\" class=\"alignleft size-full wp-image-48042\" title=\"Hotel Lido_Ulcinj_Crna Gora_picnik\" src=\"http:\/\/www.visit-ulcinj.com\/blog\/wp-content\/uploads\/2011\/06\/Hotel-Lido_Ulcinj_Crna-Gora_picnik.jpg\" alt=\"\" width=\"508\" height=\"330\" \/><\/a><\/p>\n<p>On je naglasio da vlasnik \u201cLida\u201d nema ote\u017eavaju\u0107ih okolnosti da po\u010dne gradnju hotela i ocijenio da bi rje\u0161avanje problema u Port Mileni ubrzalo realizaciju projekta.<\/p>\n<p>\u201cVlada vr\u0161i kontinuirani pritisak na investitora da izgradi novi hotel \u2019Lido\u2019 i dovede ga do nivoa od pet zvjezdica\u201d, tvrdi Sekuli\u0107.<\/p>\n<p>Sekuli\u0107 je podsjetio da je \u201cGaleb\u201d prodat kroz ste\u010dajni postupak, te da je kroz izradu fizibiliti studije konstatovano da je neisplativo renoviranje hotela u objekat sa \u010detiri zvjezdice.<\/p>\n<p>\u201cDonijeta je odluka o izgradnji novog hotela sa pet zvjezdica, pa je u tom pravcu potpisan i aneks ugovora kojim je utvr\u0111en investicioni plan za izgradnju, dok su op\u0161tinske strukture izdale rje\u0161enje za ru\u0161enje postoje\u0107eg objekta\u201d, podsjetio je Sekuli\u0107, istakav\u0161i da bi uskoro trebalo da budu zavr\u0161eni radovi na dono\u0161enju planske dokumentacije na dr\u017eavnom i lokalnom nivou \u201ckako bi se stekli uslovi za izgradnju hotela\u201d.<\/p>\n<p>\u201cTrenutno stanje ne odgovara ni investitoru, koji bez planova ne mo\u017ee da po\u010dne gradnju objekta, a u me\u0111uvremenu izmiruje obaveze prema zaposlenim\u201d, kazao je Sekuli\u0107.<br \/>\n<a href=\"http:\/\/www.visit-ulcinj.com\/blog\/wp-content\/uploads\/2011\/06\/Hotel-Otrant_Ulcinj_Crna-Gora.jpg\"><img loading=\"lazy\" class=\"alignleft size-full wp-image-48043\" title=\"OLYMPUS DIGITAL CAMERA\" src=\"http:\/\/www.visit-ulcinj.com\/blog\/wp-content\/uploads\/2011\/06\/Hotel-Otrant_Ulcinj_Crna-Gora.jpg\" alt=\"\" width=\"508\" height=\"340\" \/><\/a><\/p>\n<p><strong>Barkli nije morao da otvori Otrant<\/strong><\/p>\n<p>On nije komentarisao obrazlo\u017eenje novinarskog pitanja da se sti\u010de utisak da su mje\u0161tani i crnogorska javnost obmanuti jer se i pri zaklju\u010denju ugovora moralo znati da planova nema i da postoji problem Port Milene, \u0161to je za investiture u kasnijem periodu predstavljalo neoborive alibije zbog \u010dega kasne sa realizacijom projekata.<\/p>\n<p>Na pitanje za\u0161to je na ulazu u Valdanos i dalje katanac, Sekuli\u0107 je izrazio uvjernje da \u0107e Ministarstvo odbrane, koje upravlja tim podru\u010djem, i ove godine iza\u0107i u susret kupa\u010dima i omogu\u0107iti im slobodan i nesmetan pristup pla\u017ei.<\/p>\n<p>Ministar turizma je potvrdio da je uprava \u201cOtranta\u201d pro\u0161le godine odbila zahtjev Vlade da otvori hotel, ali da je novi menad\u017ement \u201cBarklija\u201d to odmah uradio.<\/p>\n<p>\u201cNe postoji ugovorna obaveza koja podrazumijeva obavezu otvaranja i rada hotela\u201d, istakao je Sekuli\u0107. On je kazao da je \u201cBarkli\u201d ispunio sve obaveze koje se odnose na realizaciju investicionog programa.<\/p>\n<p><a href=\"http:\/\/www.vijesti.me\/vijesti\/port-milena-ce-izgledati-mirisati-drugacije-clanak-24946\" target=\"_blank\"><strong>Samir Adrovi\u0107<\/strong><br \/>\n<\/a><strong><a href=\"http:\/\/www.vijesti.me\/vijesti\/port-milena-ce-izgledati-mirisati-drugacije-clanak-24946\" target=\"_blank\"> Vijesti<\/a><br \/>\n<!--YouTube Error: bad URL entered--><\/strong><\/p>\n","protected":false},"excerpt":{"rendered":"<p>Pi\u0161e: Samir Adrovi\u0107 \u201cPojavljuje se i problem kada su u pitanju investitori i vlasnici hotela koji imaju objekte u blizini Port Milene&#8221;, rekao je ministar Turizma. Ministar turizma i odr\u017eivog razvoja Predrag Sekuli\u0107 kazao je da je Vlada posve\u0107ena rje\u0161avanju problema u Port Mileni, te da je to prioritetna investicija za koju \u0107e se u [&hellip;]<\/p>\n","protected":false},"author":1,"featured_media":0,"comment_status":"open","ping_status":"closed","sticky":false,"template":"","format":"standard","meta":{"spay_email":"","jetpack_publicize_message":"","jetpack_is_tweetstorm":false,"jetpack_publicize_feature_enabled":true},"categories":[8337],"tags":[20,272,3900,855,295,19],"jetpack_publicize_connections":[],"yoast_head":"<!-- This site is optimized with the Yoast SEO plugin v19.1 - https:\/\/yoast.com\/wordpress\/plugins\/seo\/ -->\n<title>Port Milena \u0107e izgledati i mirisati druga\u010dije - Lajme nga Ulqini<\/title>\n<meta name=\"description\" content=\"Pi\u0161e: Samir Adrovi\u0107 \u201cPojavljuje se i problem kada su u pitanju investitori i vlasnici hotela koji imaju objekte u blizini Port Milene&quot;, rekao je ministar\" \/>\n<meta name=\"robots\" content=\"index, follow, max-snippet:-1, max-image-preview:large, max-video-preview:-1\" \/>\n<link rel=\"canonical\" href=\"https:\/\/www.visit-ulcinj.com\/blog\/2011\/06\/20\/port-milena-ce-izgledati-i-mirisati-drugacije\/\" \/>\n<meta property=\"og:locale\" content=\"en_US\" \/>\n<meta property=\"og:type\" content=\"article\" \/>\n<meta property=\"og:title\" content=\"Port Milena \u0107e izgledati i mirisati druga\u010dije - Lajme nga Ulqini\" \/>\n<meta property=\"og:description\" content=\"Pi\u0161e: Samir Adrovi\u0107 \u201cPojavljuje se i problem kada su u pitanju investitori i vlasnici hotela koji imaju objekte u blizini Port Milene&quot;, rekao je ministar\" \/>\n<meta property=\"og:url\" content=\"https:\/\/www.visit-ulcinj.com\/blog\/2011\/06\/20\/port-milena-ce-izgledati-i-mirisati-drugacije\/\" \/>\n<meta property=\"og:site_name\" content=\"Lajme nga Ulqini\" \/>\n<meta property=\"article:published_time\" content=\"2011-06-20T17:39:12+00:00\" \/>\n<meta property=\"og:image\" content=\"http:\/\/www.visit-ulcinj.com\/blog\/wp-content\/uploads\/2011\/06\/Port-Milena_Ulcinj_Crna-Gora-1024x682.jpg\" \/>\n<meta name=\"twitter:label1\" content=\"Written by\" \/>\n\t<meta name=\"twitter:data1\" content=\"ulqini\" \/>\n\t<meta name=\"twitter:label2\" content=\"Est. reading time\" \/>\n\t<meta name=\"twitter:data2\" content=\"3 minutes\" \/>\n<script type=\"application\/ld+json\" class=\"yoast-schema-graph\">{\"@context\":\"https:\/\/schema.org\",\"@graph\":[{\"@type\":\"WebSite\",\"@id\":\"https:\/\/www.visit-ulcinj.com\/blog\/#website\",\"url\":\"https:\/\/www.visit-ulcinj.com\/blog\/\",\"name\":\"Lajme nga Ulqini\",\"description\":\"Lajme,Vijesti,Ulqini,Ulqin,Crna Gora,Mali i Zi\",\"potentialAction\":[{\"@type\":\"SearchAction\",\"target\":{\"@type\":\"EntryPoint\",\"urlTemplate\":\"https:\/\/www.visit-ulcinj.com\/blog\/?s={search_term_string}\"},\"query-input\":\"required name=search_term_string\"}],\"inLanguage\":\"en-US\"},{\"@type\":\"ImageObject\",\"inLanguage\":\"en-US\",\"@id\":\"https:\/\/www.visit-ulcinj.com\/blog\/2011\/06\/20\/port-milena-ce-izgledati-i-mirisati-drugacije\/#primaryimage\",\"url\":\"https:\/\/www.visit-ulcinj.com\/blog\/wp-content\/uploads\/2011\/06\/Port-Milena_Ulcinj_Crna-Gora.jpg\",\"contentUrl\":\"https:\/\/www.visit-ulcinj.com\/blog\/wp-content\/uploads\/2011\/06\/Port-Milena_Ulcinj_Crna-Gora.jpg\",\"width\":\"1824\",\"height\":\"1216\"},{\"@type\":\"WebPage\",\"@id\":\"https:\/\/www.visit-ulcinj.com\/blog\/2011\/06\/20\/port-milena-ce-izgledati-i-mirisati-drugacije\/#webpage\",\"url\":\"https:\/\/www.visit-ulcinj.com\/blog\/2011\/06\/20\/port-milena-ce-izgledati-i-mirisati-drugacije\/\",\"name\":\"Port Milena \u0107e izgledati i mirisati druga\u010dije - Lajme nga Ulqini\",\"isPartOf\":{\"@id\":\"https:\/\/www.visit-ulcinj.com\/blog\/#website\"},\"primaryImageOfPage\":{\"@id\":\"https:\/\/www.visit-ulcinj.com\/blog\/2011\/06\/20\/port-milena-ce-izgledati-i-mirisati-drugacije\/#primaryimage\"},\"datePublished\":\"2011-06-20T17:39:12+00:00\",\"dateModified\":\"2011-06-20T17:39:12+00:00\",\"author\":{\"@id\":\"https:\/\/www.visit-ulcinj.com\/blog\/#\/schema\/person\/dcab619c614d3038751c63bc2aadc06d\"},\"description\":\"Pi\u0161e: Samir Adrovi\u0107 \u201cPojavljuje se i problem kada su u pitanju investitori i vlasnici hotela koji imaju objekte u blizini Port Milene\\\", rekao je ministar\",\"breadcrumb\":{\"@id\":\"https:\/\/www.visit-ulcinj.com\/blog\/2011\/06\/20\/port-milena-ce-izgledati-i-mirisati-drugacije\/#breadcrumb\"},\"inLanguage\":\"en-US\",\"potentialAction\":[{\"@type\":\"ReadAction\",\"target\":[\"https:\/\/www.visit-ulcinj.com\/blog\/2011\/06\/20\/port-milena-ce-izgledati-i-mirisati-drugacije\/\"]}]},{\"@type\":\"BreadcrumbList\",\"@id\":\"https:\/\/www.visit-ulcinj.com\/blog\/2011\/06\/20\/port-milena-ce-izgledati-i-mirisati-drugacije\/#breadcrumb\",\"itemListElement\":[{\"@type\":\"ListItem\",\"position\":1,\"name\":\"Port Milena \u0107e izgledati i mirisati druga\u010dije\"}]},{\"@type\":\"Person\",\"@id\":\"https:\/\/www.visit-ulcinj.com\/blog\/#\/schema\/person\/dcab619c614d3038751c63bc2aadc06d\",\"name\":\"ulqini\",\"sameAs\":[\"http:\/\/www.visit-ulcinj.com\"],\"url\":\"https:\/\/www.visit-ulcinj.com\/blog\/author\/admin\/\"}]}<\/script>\n<!-- \/ Yoast SEO plugin. -->","yoast_head_json":{"title":"Port Milena \u0107e izgledati i mirisati druga\u010dije - Lajme nga Ulqini","description":"Pi\u0161e: Samir Adrovi\u0107 \u201cPojavljuje se i problem kada su u pitanju investitori i vlasnici hotela koji imaju objekte u blizini Port Milene\", rekao je ministar","robots":{"index":"index","follow":"follow","max-snippet":"max-snippet:-1","max-image-preview":"max-image-preview:large","max-video-preview":"max-video-preview:-1"},"canonical":"https:\/\/www.visit-ulcinj.com\/blog\/2011\/06\/20\/port-milena-ce-izgledati-i-mirisati-drugacije\/","og_locale":"en_US","og_type":"article","og_title":"Port Milena \u0107e izgledati i mirisati druga\u010dije - Lajme nga Ulqini","og_description":"Pi\u0161e: Samir Adrovi\u0107 \u201cPojavljuje se i problem kada su u pitanju investitori i vlasnici hotela koji imaju objekte u blizini Port Milene\", rekao je ministar","og_url":"https:\/\/www.visit-ulcinj.com\/blog\/2011\/06\/20\/port-milena-ce-izgledati-i-mirisati-drugacije\/","og_site_name":"Lajme nga Ulqini","article_published_time":"2011-06-20T17:39:12+00:00","og_image":[{"url":"http:\/\/www.visit-ulcinj.com\/blog\/wp-content\/uploads\/2011\/06\/Port-Milena_Ulcinj_Crna-Gora-1024x682.jpg"}],"twitter_misc":{"Written by":"ulqini","Est. reading time":"3 minutes"},"schema":{"@context":"https:\/\/schema.org","@graph":[{"@type":"WebSite","@id":"https:\/\/www.visit-ulcinj.com\/blog\/#website","url":"https:\/\/www.visit-ulcinj.com\/blog\/","name":"Lajme nga Ulqini","description":"Lajme,Vijesti,Ulqini,Ulqin,Crna Gora,Mali i Zi","potentialAction":[{"@type":"SearchAction","target":{"@type":"EntryPoint","urlTemplate":"https:\/\/www.visit-ulcinj.com\/blog\/?s={search_term_string}"},"query-input":"required name=search_term_string"}],"inLanguage":"en-US"},{"@type":"ImageObject","inLanguage":"en-US","@id":"https:\/\/www.visit-ulcinj.com\/blog\/2011\/06\/20\/port-milena-ce-izgledati-i-mirisati-drugacije\/#primaryimage","url":"https:\/\/www.visit-ulcinj.com\/blog\/wp-content\/uploads\/2011\/06\/Port-Milena_Ulcinj_Crna-Gora.jpg","contentUrl":"https:\/\/www.visit-ulcinj.com\/blog\/wp-content\/uploads\/2011\/06\/Port-Milena_Ulcinj_Crna-Gora.jpg","width":"1824","height":"1216"},{"@type":"WebPage","@id":"https:\/\/www.visit-ulcinj.com\/blog\/2011\/06\/20\/port-milena-ce-izgledati-i-mirisati-drugacije\/#webpage","url":"https:\/\/www.visit-ulcinj.com\/blog\/2011\/06\/20\/port-milena-ce-izgledati-i-mirisati-drugacije\/","name":"Port Milena \u0107e izgledati i mirisati druga\u010dije - Lajme nga Ulqini","isPartOf":{"@id":"https:\/\/www.visit-ulcinj.com\/blog\/#website"},"primaryImageOfPage":{"@id":"https:\/\/www.visit-ulcinj.com\/blog\/2011\/06\/20\/port-milena-ce-izgledati-i-mirisati-drugacije\/#primaryimage"},"datePublished":"2011-06-20T17:39:12+00:00","dateModified":"2011-06-20T17:39:12+00:00","author":{"@id":"https:\/\/www.visit-ulcinj.com\/blog\/#\/schema\/person\/dcab619c614d3038751c63bc2aadc06d"},"description":"Pi\u0161e: Samir Adrovi\u0107 \u201cPojavljuje se i problem kada su u pitanju investitori i vlasnici hotela koji imaju objekte u blizini Port Milene\", rekao je ministar","breadcrumb":{"@id":"https:\/\/www.visit-ulcinj.com\/blog\/2011\/06\/20\/port-milena-ce-izgledati-i-mirisati-drugacije\/#breadcrumb"},"inLanguage":"en-US","potentialAction":[{"@type":"ReadAction","target":["https:\/\/www.visit-ulcinj.com\/blog\/2011\/06\/20\/port-milena-ce-izgledati-i-mirisati-drugacije\/"]}]},{"@type":"BreadcrumbList","@id":"https:\/\/www.visit-ulcinj.com\/blog\/2011\/06\/20\/port-milena-ce-izgledati-i-mirisati-drugacije\/#breadcrumb","itemListElement":[{"@type":"ListItem","position":1,"name":"Port Milena \u0107e izgledati i mirisati druga\u010dije"}]},{"@type":"Person","@id":"https:\/\/www.visit-ulcinj.com\/blog\/#\/schema\/person\/dcab619c614d3038751c63bc2aadc06d","name":"ulqini","sameAs":["http:\/\/www.visit-ulcinj.com"],"url":"https:\/\/www.visit-ulcinj.com\/blog\/author\/admin\/"}]}},"jetpack_featured_media_url":"","jetpack_sharing_enabled":true,"jetpack_shortlink":"https:\/\/wp.me\/pe6lTn-cuP","_links":{"self":[{"href":"https:\/\/www.visit-ulcinj.com\/blog\/wp-json\/wp\/v2\/posts\/48039"}],"collection":[{"href":"https:\/\/www.visit-ulcinj.com\/blog\/wp-json\/wp\/v2\/posts"}],"about":[{"href":"https:\/\/www.visit-ulcinj.com\/blog\/wp-json\/wp\/v2\/types\/post"}],"author":[{"embeddable":true,"href":"https:\/\/www.visit-ulcinj.com\/blog\/wp-json\/wp\/v2\/users\/1"}],"replies":[{"embeddable":true,"href":"https:\/\/www.visit-ulcinj.com\/blog\/wp-json\/wp\/v2\/comments?post=48039"}],"version-history":[{"count":1,"href":"https:\/\/www.visit-ulcinj.com\/blog\/wp-json\/wp\/v2\/posts\/48039\/revisions"}],"predecessor-version":[{"id":48044,"href":"https:\/\/www.visit-ulcinj.com\/blog\/wp-json\/wp\/v2\/posts\/48039\/revisions\/48044"}],"wp:attachment":[{"href":"https:\/\/www.visit-ulcinj.com\/blog\/wp-json\/wp\/v2\/media?parent=48039"}],"wp:term":[{"taxonomy":"category","embeddable":true,"href":"https:\/\/www.visit-ulcinj.com\/blog\/wp-json\/wp\/v2\/categories?post=48039"},{"taxonomy":"post_tag","embeddable":true,"href":"https:\/\/www.visit-ulcinj.com\/blog\/wp-json\/wp\/v2\/tags?post=48039"}],"curies":[{"name":"wp","href":"https:\/\/api.w.org\/{rel}","templated":true}]}}