{"id":48048,"date":"2011-06-21T08:33:58","date_gmt":"2011-06-21T07:33:58","guid":{"rendered":"http:\/\/www.visit-ulcinj.com\/blog\/?p=48048"},"modified":"2016-03-21T21:40:13","modified_gmt":"2016-03-21T20:40:13","slug":"interviste-me-selatin-gjeloshindrejtor-i-hotel-mediteran-ulqin","status":"publish","type":"post","link":"https:\/\/www.visit-ulcinj.com\/blog\/2011\/06\/21\/interviste-me-selatin-gjeloshindrejtor-i-hotel-mediteran-ulqin\/","title":{"rendered":"Intervist\u00eb me Selatin Gjeloshin,Drejtor i Hotel Mediteran Ulqin"},"content":{"rendered":"<p><a href=\"http:\/\/www.visit-ulcinj.com\/blog\/wp-content\/uploads\/2011\/06\/Selatin-GjeloshiDrejtor-i-Hotel-Mediteran-Ulqin.jpg\"><img loading=\"lazy\" class=\"alignleft size-full wp-image-48049\" title=\"Selatin Gjeloshi,Drejtor i Hotel Mediteran Ulqin\" src=\"http:\/\/www.visit-ulcinj.com\/blog\/wp-content\/uploads\/2011\/06\/Selatin-GjeloshiDrejtor-i-Hotel-Mediteran-Ulqin.jpg\" alt=\"\" width=\"508\" height=\"366\" srcset=\"https:\/\/www.visit-ulcinj.com\/blog\/wp-content\/uploads\/2011\/06\/Selatin-GjeloshiDrejtor-i-Hotel-Mediteran-Ulqin.jpg 508w, https:\/\/www.visit-ulcinj.com\/blog\/wp-content\/uploads\/2011\/06\/Selatin-GjeloshiDrejtor-i-Hotel-Mediteran-Ulqin-300x216.jpg 300w\" sizes=\"(max-width: 508px) 100vw, 508px\" \/><\/a>Nj\u00ebri nd\u00ebr hotelet m\u00eb t\u00eb njohura n\u00eb Ulqin Hoteli \u201cMediteran\u201d, i cili gjendet pak metra lart plazhit Rana, k\u00ebto dit\u00eb kishte nj\u00eb num\u00ebr t\u00eb mjaftuesh\u00ebm t\u00eb turist\u00ebve kryesisht t\u00eb huaj.Koha me temperatura t\u00eb larta ka b\u00ebr\u00eb q\u00eb sot n\u00eb k\u00ebt\u00eb pik\u00eb turistike t\u00eb ket\u00eb num\u00ebr t\u00eb madh t\u00eb turist\u00ebve. Sipas drejtorit t\u00eb Hotel Mediteranit z.Selatin Gjeloshi k\u00ebto dit\u00eb ka shum\u00eb turist\u00eb q\u00eb na vijn\u00eb nga Gjermani, \u00c7ekia, Polonia, Hungaria,Kosova dhe vendet tjera dhe kjo v\u00ebrteton faktin se n\u00eb Ulqin po rikthehen turist\u00ebt e vjet\u00ebr q\u00eb dikur mbushnin Ulqinin tha ai p\u00ebr TV Teut\u00ebn.<br \/>\nSelatin Gjeloshi, drejtor i Hotelit Mediteran, tregoi se kan\u00eb num\u00ebr t\u00eb shumt\u00eb t\u00eb vizitor\u00ebve. Hoteli jon\u00eb ofron kushte komode p\u00ebr turist\u00ebt. N\u00eb gjasht\u00eb vilat e hotelit jan\u00eb 134 dhoma ku mund t\u00eb akomodohen rreth 350 turist\u00eb.<br \/>\n\u201cSivjet kemi futur n\u00eb funksion villen e re dhe jan\u00eb b\u00ebr\u00eb shum\u00eb investime n\u00eb p\u00ebrmir\u00ebsimin e kushteve dhe do t\u00eb ket\u00eb riparime t\u00eb m\u00ebdha\u201d, tha menaxheri Selatin Gjeloshi.<br \/>\nKlient\u00ebt e k\u00ebtij hoteli kan\u00eb shikim t\u00eb thell\u00eb kah Deti Adriatik dhe pjes\u00ebn m\u00eb arg\u00ebtuese t\u00eb Ulqinit. Hoteli ka apartamente t\u00eb bukura me t\u00eb gjith\u00eb infrastruktur\u00ebn p\u00ebrcjell\u00ebse q\u00eb i duhet turist\u00ebve. T\u2019i informojm\u00eb qytetar\u00ebt se ky hotel \u00ebsht\u00eb privatizuar nga biznesmeni shqiptaro-amerikan Isa Beqoviq i cili ka premtuar se do t\u00eb nd\u00ebrtoj hotele me pes\u00eb yje, por ka ngecje n\u00eb dh\u00ebnien e lejes nd\u00ebrtimore<br \/>\nSot Hotel Mediterani disponon nj\u00eb ofert komplete per turista, posedon gjellat cil\u00ebsore n\u00eb restorantin e vet\u00eb me renome botrore, organizon rekreim n\u00ebp\u00ebr qendra sportive rekreative, organizon turin komplet me guida turistik n\u00eb Mal t\u00eb Zi, si dhe ben\u00eb sh\u00ebrbime tjera q\u00eb jan\u00eb t\u00eb gatshme n\u00eb \u00e7do koh\u00eb p\u00ebr \u00e7do turist\u00eb.<br \/>\nDrejtori i Hotelit \u201cMediteran\u201d Selatin Gjeloshi, tha se gjat\u00eb k\u00ebtij sezoni turistik presim nje num\u00ebr rekord t\u00eb vizitor\u00ebve. \u201cSezona turistike 2011 p\u00ebr ne si hotel do jet nje svide duke shpresuar se vera 2011 t\u00eb korrim suksese t\u00eb reja. Hoteli jon\u00eb ofron kushte komode p\u00ebr turist\u00ebt. N\u00eb pes\u00eb vilat e hotelit jan\u00eb 100 dhoma ku mund t\u00eb akomodohen rreth 350 turist\u00eb\u201d<br \/>\nHoteli ka apartamente t\u00eb bukura me t\u00eb gjith\u00eb infrastruktur\u00ebn p\u00ebrcjell\u00ebse q\u00eb i duhet turist\u00ebve. \u201cGjat\u00eb vitit u b\u00ebn investime n\u00eb p\u00ebrmir\u00ebsimin e kushteve dhe futjen n\u00eb funksion t\u00eb vill\u00ebs Dubrovnik ku u b\u00ebne riparime t\u00eb m\u00ebdha\u201d, tha ai.<\/p>\n<p>&#8211; Esh\u00eb Rinovuar Halla e Banketit me nj\u00eb kapacitet prej 500 personave<br \/>\n&#8211; Eshte Rinovuar Dhoma e Confernences me nj\u00eb kapacitet prej 200 personave<br \/>\n&#8211; Eshte Rinovuar zona e pritjes dhe eshte shtuar nj\u00eb dhom\u00eb \u2013 lokal p\u00ebr masazh<br \/>\nGjithashtu duhet shtuar se jan rinovuar kuzhinat e \u00e7do dhome me banjo dhe bar.Esht\u00eb ndruar koncepti i ndri\u00e7imit ne mynyr moderne,dhe gjithashtu jan p\u00ebrgaditur rekvizitet pran pishin\u00ebs t\u00eb k\u00ebtij hoteli.<br \/>\n<a href=\"http:\/\/www.visit-ulcinj.com\/blog\/wp-content\/uploads\/2011\/06\/Hotel-Mediteran-Resort-Ulqin_Mali-i-Zi.jpg\"><img loading=\"lazy\" class=\"alignleft size-full wp-image-48050\" title=\"Hotel-Mediteran-Resort-Ulqin_Mali i Zi\" src=\"http:\/\/www.visit-ulcinj.com\/blog\/wp-content\/uploads\/2011\/06\/Hotel-Mediteran-Resort-Ulqin_Mali-i-Zi.jpg\" alt=\"\" width=\"508\" height=\"340\" \/><\/a><\/p>\n<p>Hotel Mediteran ndodhet ne zemer te Ulqinit i rrethuar me pisha, vetem disa minuta ecje kembe nga plazhi i vogel. Hoteli ofron mikpritjen tradicionale balkanase me atmosferen e tij te ve\u00e7ante.<br \/>\nHotel Mediterani eshte ne nje pozicion dominues me pamje nga deti. Hoteli eshte mikprites, restoranti ofron nje menu te shume llojshme dhe te mire per njerezit qe duan te shijojne specialitetet lokale dhe internacionale. Dhomat jane te mjaftueshme per te gjitha kerkesat e klienteve dhe stafi eshte miqesor dhe i dobishem.Ju mund te kontaktojni stafin e Hotel Mediteranit dheqe personalisht t\u00eb ju orientojm per te zbuluar lokalet e k\u00ebtij hoteli.<\/p>\n<p><strong>Hotel Mediterani offron edhe servis martese<\/strong><br \/>\nHotel Mediterani ben\u00eb Organizimin e dasmave,Banketeve,dhe si shprehet drejtori i hotelit Selatin Gjeloshi se \u201cMartesa \u00ebsht\u00eb shkenc\u00eb, ka evoluar, k\u00ebrkon nj\u00eb baz\u00eb njohjeje\u201d,dhe diferenc\u00ebn n\u00eb k\u00ebto evente e b\u00ebjn\u00eb detajet festive .Prandaj mos ezitoni na kontaktoni p\u00ebr \u00e7do festivitet t\u00eb juajin.<br \/>\n<a href=\"http:\/\/www.visit-ulcinj.com\/blog\/wp-content\/uploads\/2011\/06\/Salla-e-konferencave-Hotel-Mediteran-Resort-Ulqin.jpg\"><img loading=\"lazy\" class=\"alignleft size-full wp-image-48052\" title=\"Salla e konferencave Hotel Mediteran Resort- Ulqin\" src=\"http:\/\/www.visit-ulcinj.com\/blog\/wp-content\/uploads\/2011\/06\/Salla-e-konferencave-Hotel-Mediteran-Resort-Ulqin.jpg\" alt=\"\" width=\"508\" height=\"340\" \/><\/a><\/p>\n<p><strong>Salla e konferencave Hotel Mediteran Resort- Ulqin<\/strong><\/p>\n<p>Ndodhet mu ne zemer te qytetit te Ulqinit- Mali iZi,hoteli Mediteran Resort eshte nje vend ideal per takime biznesi ,panaire, seminare, dasma dhe ngjarje te tjera te vecanta per grupe prej 20 deri 200 veta.<\/p>\n<p>Sapo e renovuar dhe reorganizuar ne perpuththje me deshirat tuaja salla per konference si dhe salla per bankete permban ne vijim:<br \/>\n&#8211; barin aperitiv dhe sallen per pushim<br \/>\n&#8211; -pajisjet profesionale audio<br \/>\n&#8211; ekran projektimit dhe pelhure per projektim<br \/>\n&#8211; dhome per te posamartuar dhe tavoline dasmash<br \/>\n&#8211; nje salle hyrje me hapsire per bufet,caje apo kafe<br \/>\n&#8211; flip chart dhe nje podium<br \/>\n&#8211; laptop<br \/>\n&#8211; internet wireless- pa pagese<\/p>\n<p>Komoditetet qe hoteli Mediteran gjithashtu perfshine jane:<br \/>\n&#8211; dhomat e rinovuara me pamje ne dete<br \/>\n&#8211; pishin e hapur me pamje ne dete<br \/>\n&#8211; parking per 60 automobile<br \/>\n&#8211; diskoteke, bar kuverte, dyqane dhe shume te tjera.<br \/>\n<a href=\"http:\/\/www.visit-ulcinj.com\/blog\/wp-content\/uploads\/2011\/06\/Hotel-Mediteran-Resort-Ulqin_Mali-i-Zi_Pishina.jpg\"><img loading=\"lazy\" class=\"alignleft size-full wp-image-48054\" title=\"Hotel-Mediteran-Resort-Ulqin_Mali i Zi_Pishina\" src=\"http:\/\/www.visit-ulcinj.com\/blog\/wp-content\/uploads\/2011\/06\/Hotel-Mediteran-Resort-Ulqin_Mali-i-Zi_Pishina.jpg\" alt=\"\" width=\"508\" height=\"340\" \/><\/a><br \/>\n<strong>Hotel Mediteran Resort<\/strong><\/p>\n<p><strong><br \/>\nSh\u00ebrbimet<\/strong><\/p>\n<p>\u2022 Restorant<br \/>\n\u2022 Bar &#8211; Kafe<br \/>\n\u2022 Wine &#8211; Bar<br \/>\n\u2022 Pishine<br \/>\n\u2022 Recepsion 24 ore<br \/>\n\u2022 Salle konferencash<br \/>\n\u2022 Parking<\/p>\n<p><strong>Dhomat posedojne<\/strong><\/p>\n<p>\u2022 TV Satelitor<br \/>\n\u2022 Ajer i kondicionuar<br \/>\n\u2022 Ngrohje per dimer<br \/>\n\u2022 Minibar<br \/>\n\u2022 Banje me dush<br \/>\n\u2022 Balkone<\/p>\n","protected":false},"excerpt":{"rendered":"<p>Nj\u00ebri nd\u00ebr hotelet m\u00eb t\u00eb njohura n\u00eb Ulqin Hoteli \u201cMediteran\u201d, i cili gjendet pak metra lart plazhit Rana, k\u00ebto dit\u00eb kishte nj\u00eb num\u00ebr t\u00eb mjaftuesh\u00ebm t\u00eb turist\u00ebve kryesisht t\u00eb huaj.Koha me temperatura t\u00eb larta ka b\u00ebr\u00eb q\u00eb sot n\u00eb k\u00ebt\u00eb pik\u00eb turistike t\u00eb ket\u00eb num\u00ebr t\u00eb madh t\u00eb turist\u00ebve. Sipas drejtorit t\u00eb Hotel Mediteranit z.Selatin [&hellip;]<\/p>\n","protected":false},"author":1,"featured_media":0,"comment_status":"open","ping_status":"closed","sticky":false,"template":"","format":"standard","meta":{"spay_email":"","jetpack_publicize_message":"","jetpack_is_tweetstorm":false,"jetpack_publicize_feature_enabled":true},"categories":[5],"tags":[18462,212,17828,17834,18469,17811,17831,14353,17808,14354,12340,17840,17839,17835,17814,17810,17816,17071,9755,17807,18468,18467,3516,14652,17837,17827,18471,1766,14358,18460,222,17802,17812,17803,6837,17820,17825,17817,16649,15892,18463,17805,3713,17823,17832,3506,17818,214,17680,14362,14363,11523,18464,3507,17800,498,3500,2668,18290,14364,17799,3327,17841,17826,15213,3512,17806,18289,17838,95,17813,7815,17804,15141,18307,17836,14366,18292,79,18470,17073,18475,18294,1653,1909,17973,14367,18474,18473,17801,8870,11125,14887,18461,7665,18322,14663,17822,14368,14369,18466,18465,17824,14370,18291,16228,2083,14371,41,3617,14372,17844,17821,13413,16889,17830,17077,18295,14375,17833,17829,18293,200,18,17819,18472,17809,14376],"jetpack_publicize_connections":[],"yoast_head":"<!-- This site is optimized with the Yoast SEO plugin v19.1 - https:\/\/yoast.com\/wordpress\/plugins\/seo\/ -->\n<title>Intervist\u00eb me Selatin Gjeloshin,Drejtor i Hotel Mediteran Ulqin - Lajme nga Ulqini<\/title>\n<meta name=\"description\" content=\"Nj\u00ebri nd\u00ebr hotelet m\u00eb t\u00eb njohura n\u00eb Ulqin Hoteli \u201cMediteran\u201d, i cili gjendet pak metra lart plazhit Rana, k\u00ebto dit\u00eb kishte nj\u00eb num\u00ebr t\u00eb mjaftuesh\u00ebm t\u00eb\" \/>\n<meta name=\"robots\" content=\"index, follow, max-snippet:-1, max-image-preview:large, max-video-preview:-1\" \/>\n<link rel=\"canonical\" href=\"https:\/\/www.visit-ulcinj.com\/blog\/2011\/06\/21\/interviste-me-selatin-gjeloshindrejtor-i-hotel-mediteran-ulqin\/\" \/>\n<meta property=\"og:locale\" content=\"en_US\" \/>\n<meta property=\"og:type\" content=\"article\" \/>\n<meta property=\"og:title\" content=\"Intervist\u00eb me Selatin Gjeloshin,Drejtor i Hotel Mediteran Ulqin - Lajme nga Ulqini\" \/>\n<meta property=\"og:description\" content=\"Nj\u00ebri nd\u00ebr hotelet m\u00eb t\u00eb njohura n\u00eb Ulqin Hoteli \u201cMediteran\u201d, i cili gjendet pak metra lart plazhit Rana, k\u00ebto dit\u00eb kishte nj\u00eb num\u00ebr t\u00eb mjaftuesh\u00ebm t\u00eb\" \/>\n<meta property=\"og:url\" content=\"https:\/\/www.visit-ulcinj.com\/blog\/2011\/06\/21\/interviste-me-selatin-gjeloshindrejtor-i-hotel-mediteran-ulqin\/\" \/>\n<meta property=\"og:site_name\" content=\"Lajme nga Ulqini\" \/>\n<meta property=\"article:published_time\" content=\"2011-06-21T07:33:58+00:00\" \/>\n<meta property=\"article:modified_time\" content=\"2016-03-21T20:40:13+00:00\" \/>\n<meta property=\"og:image\" content=\"http:\/\/www.visit-ulcinj.com\/blog\/wp-content\/uploads\/2011\/06\/Selatin-GjeloshiDrejtor-i-Hotel-Mediteran-Ulqin.jpg\" \/>\n<meta name=\"twitter:label1\" content=\"Written by\" \/>\n\t<meta name=\"twitter:data1\" content=\"ulqini\" \/>\n\t<meta name=\"twitter:label2\" content=\"Est. reading time\" \/>\n\t<meta name=\"twitter:data2\" content=\"4 minutes\" \/>\n<script type=\"application\/ld+json\" class=\"yoast-schema-graph\">{\"@context\":\"https:\/\/schema.org\",\"@graph\":[{\"@type\":\"WebSite\",\"@id\":\"https:\/\/www.visit-ulcinj.com\/blog\/#website\",\"url\":\"https:\/\/www.visit-ulcinj.com\/blog\/\",\"name\":\"Lajme nga Ulqini\",\"description\":\"Lajme,Vijesti,Ulqini,Ulqin,Crna Gora,Mali i Zi\",\"potentialAction\":[{\"@type\":\"SearchAction\",\"target\":{\"@type\":\"EntryPoint\",\"urlTemplate\":\"https:\/\/www.visit-ulcinj.com\/blog\/?s={search_term_string}\"},\"query-input\":\"required name=search_term_string\"}],\"inLanguage\":\"en-US\"},{\"@type\":\"ImageObject\",\"inLanguage\":\"en-US\",\"@id\":\"https:\/\/www.visit-ulcinj.com\/blog\/2011\/06\/21\/interviste-me-selatin-gjeloshindrejtor-i-hotel-mediteran-ulqin\/#primaryimage\",\"url\":\"https:\/\/www.visit-ulcinj.com\/blog\/wp-content\/uploads\/2011\/06\/Selatin-GjeloshiDrejtor-i-Hotel-Mediteran-Ulqin.jpg\",\"contentUrl\":\"https:\/\/www.visit-ulcinj.com\/blog\/wp-content\/uploads\/2011\/06\/Selatin-GjeloshiDrejtor-i-Hotel-Mediteran-Ulqin.jpg\",\"width\":\"508\",\"height\":\"366\"},{\"@type\":\"WebPage\",\"@id\":\"https:\/\/www.visit-ulcinj.com\/blog\/2011\/06\/21\/interviste-me-selatin-gjeloshindrejtor-i-hotel-mediteran-ulqin\/#webpage\",\"url\":\"https:\/\/www.visit-ulcinj.com\/blog\/2011\/06\/21\/interviste-me-selatin-gjeloshindrejtor-i-hotel-mediteran-ulqin\/\",\"name\":\"Intervist\u00eb me Selatin Gjeloshin,Drejtor i Hotel Mediteran Ulqin - Lajme nga Ulqini\",\"isPartOf\":{\"@id\":\"https:\/\/www.visit-ulcinj.com\/blog\/#website\"},\"primaryImageOfPage\":{\"@id\":\"https:\/\/www.visit-ulcinj.com\/blog\/2011\/06\/21\/interviste-me-selatin-gjeloshindrejtor-i-hotel-mediteran-ulqin\/#primaryimage\"},\"datePublished\":\"2011-06-21T07:33:58+00:00\",\"dateModified\":\"2016-03-21T20:40:13+00:00\",\"author\":{\"@id\":\"https:\/\/www.visit-ulcinj.com\/blog\/#\/schema\/person\/dcab619c614d3038751c63bc2aadc06d\"},\"description\":\"Nj\u00ebri nd\u00ebr hotelet m\u00eb t\u00eb njohura n\u00eb Ulqin Hoteli \u201cMediteran\u201d, i cili gjendet pak metra lart plazhit Rana, k\u00ebto dit\u00eb kishte nj\u00eb num\u00ebr t\u00eb mjaftuesh\u00ebm t\u00eb\",\"breadcrumb\":{\"@id\":\"https:\/\/www.visit-ulcinj.com\/blog\/2011\/06\/21\/interviste-me-selatin-gjeloshindrejtor-i-hotel-mediteran-ulqin\/#breadcrumb\"},\"inLanguage\":\"en-US\",\"potentialAction\":[{\"@type\":\"ReadAction\",\"target\":[\"https:\/\/www.visit-ulcinj.com\/blog\/2011\/06\/21\/interviste-me-selatin-gjeloshindrejtor-i-hotel-mediteran-ulqin\/\"]}]},{\"@type\":\"BreadcrumbList\",\"@id\":\"https:\/\/www.visit-ulcinj.com\/blog\/2011\/06\/21\/interviste-me-selatin-gjeloshindrejtor-i-hotel-mediteran-ulqin\/#breadcrumb\",\"itemListElement\":[{\"@type\":\"ListItem\",\"position\":1,\"name\":\"Intervist\u00eb me Selatin Gjeloshin,Drejtor i Hotel Mediteran Ulqin\"}]},{\"@type\":\"Person\",\"@id\":\"https:\/\/www.visit-ulcinj.com\/blog\/#\/schema\/person\/dcab619c614d3038751c63bc2aadc06d\",\"name\":\"ulqini\",\"sameAs\":[\"http:\/\/www.visit-ulcinj.com\"],\"url\":\"https:\/\/www.visit-ulcinj.com\/blog\/author\/admin\/\"}]}<\/script>\n<!-- \/ Yoast SEO plugin. -->","yoast_head_json":{"title":"Intervist\u00eb me Selatin Gjeloshin,Drejtor i Hotel Mediteran Ulqin - Lajme nga Ulqini","description":"Nj\u00ebri nd\u00ebr hotelet m\u00eb t\u00eb njohura n\u00eb Ulqin Hoteli \u201cMediteran\u201d, i cili gjendet pak metra lart plazhit Rana, k\u00ebto dit\u00eb kishte nj\u00eb num\u00ebr t\u00eb mjaftuesh\u00ebm t\u00eb","robots":{"index":"index","follow":"follow","max-snippet":"max-snippet:-1","max-image-preview":"max-image-preview:large","max-video-preview":"max-video-preview:-1"},"canonical":"https:\/\/www.visit-ulcinj.com\/blog\/2011\/06\/21\/interviste-me-selatin-gjeloshindrejtor-i-hotel-mediteran-ulqin\/","og_locale":"en_US","og_type":"article","og_title":"Intervist\u00eb me Selatin Gjeloshin,Drejtor i Hotel Mediteran Ulqin - Lajme nga Ulqini","og_description":"Nj\u00ebri nd\u00ebr hotelet m\u00eb t\u00eb njohura n\u00eb Ulqin Hoteli \u201cMediteran\u201d, i cili gjendet pak metra lart plazhit Rana, k\u00ebto dit\u00eb kishte nj\u00eb num\u00ebr t\u00eb mjaftuesh\u00ebm t\u00eb","og_url":"https:\/\/www.visit-ulcinj.com\/blog\/2011\/06\/21\/interviste-me-selatin-gjeloshindrejtor-i-hotel-mediteran-ulqin\/","og_site_name":"Lajme nga Ulqini","article_published_time":"2011-06-21T07:33:58+00:00","article_modified_time":"2016-03-21T20:40:13+00:00","og_image":[{"url":"http:\/\/www.visit-ulcinj.com\/blog\/wp-content\/uploads\/2011\/06\/Selatin-GjeloshiDrejtor-i-Hotel-Mediteran-Ulqin.jpg"}],"twitter_misc":{"Written by":"ulqini","Est. reading time":"4 minutes"},"schema":{"@context":"https:\/\/schema.org","@graph":[{"@type":"WebSite","@id":"https:\/\/www.visit-ulcinj.com\/blog\/#website","url":"https:\/\/www.visit-ulcinj.com\/blog\/","name":"Lajme nga Ulqini","description":"Lajme,Vijesti,Ulqini,Ulqin,Crna Gora,Mali i Zi","potentialAction":[{"@type":"SearchAction","target":{"@type":"EntryPoint","urlTemplate":"https:\/\/www.visit-ulcinj.com\/blog\/?s={search_term_string}"},"query-input":"required name=search_term_string"}],"inLanguage":"en-US"},{"@type":"ImageObject","inLanguage":"en-US","@id":"https:\/\/www.visit-ulcinj.com\/blog\/2011\/06\/21\/interviste-me-selatin-gjeloshindrejtor-i-hotel-mediteran-ulqin\/#primaryimage","url":"https:\/\/www.visit-ulcinj.com\/blog\/wp-content\/uploads\/2011\/06\/Selatin-GjeloshiDrejtor-i-Hotel-Mediteran-Ulqin.jpg","contentUrl":"https:\/\/www.visit-ulcinj.com\/blog\/wp-content\/uploads\/2011\/06\/Selatin-GjeloshiDrejtor-i-Hotel-Mediteran-Ulqin.jpg","width":"508","height":"366"},{"@type":"WebPage","@id":"https:\/\/www.visit-ulcinj.com\/blog\/2011\/06\/21\/interviste-me-selatin-gjeloshindrejtor-i-hotel-mediteran-ulqin\/#webpage","url":"https:\/\/www.visit-ulcinj.com\/blog\/2011\/06\/21\/interviste-me-selatin-gjeloshindrejtor-i-hotel-mediteran-ulqin\/","name":"Intervist\u00eb me Selatin Gjeloshin,Drejtor i Hotel Mediteran Ulqin - Lajme nga Ulqini","isPartOf":{"@id":"https:\/\/www.visit-ulcinj.com\/blog\/#website"},"primaryImageOfPage":{"@id":"https:\/\/www.visit-ulcinj.com\/blog\/2011\/06\/21\/interviste-me-selatin-gjeloshindrejtor-i-hotel-mediteran-ulqin\/#primaryimage"},"datePublished":"2011-06-21T07:33:58+00:00","dateModified":"2016-03-21T20:40:13+00:00","author":{"@id":"https:\/\/www.visit-ulcinj.com\/blog\/#\/schema\/person\/dcab619c614d3038751c63bc2aadc06d"},"description":"Nj\u00ebri nd\u00ebr hotelet m\u00eb t\u00eb njohura n\u00eb Ulqin Hoteli \u201cMediteran\u201d, i cili gjendet pak metra lart plazhit Rana, k\u00ebto dit\u00eb kishte nj\u00eb num\u00ebr t\u00eb mjaftuesh\u00ebm t\u00eb","breadcrumb":{"@id":"https:\/\/www.visit-ulcinj.com\/blog\/2011\/06\/21\/interviste-me-selatin-gjeloshindrejtor-i-hotel-mediteran-ulqin\/#breadcrumb"},"inLanguage":"en-US","potentialAction":[{"@type":"ReadAction","target":["https:\/\/www.visit-ulcinj.com\/blog\/2011\/06\/21\/interviste-me-selatin-gjeloshindrejtor-i-hotel-mediteran-ulqin\/"]}]},{"@type":"BreadcrumbList","@id":"https:\/\/www.visit-ulcinj.com\/blog\/2011\/06\/21\/interviste-me-selatin-gjeloshindrejtor-i-hotel-mediteran-ulqin\/#breadcrumb","itemListElement":[{"@type":"ListItem","position":1,"name":"Intervist\u00eb me Selatin Gjeloshin,Drejtor i Hotel Mediteran Ulqin"}]},{"@type":"Person","@id":"https:\/\/www.visit-ulcinj.com\/blog\/#\/schema\/person\/dcab619c614d3038751c63bc2aadc06d","name":"ulqini","sameAs":["http:\/\/www.visit-ulcinj.com"],"url":"https:\/\/www.visit-ulcinj.com\/blog\/author\/admin\/"}]}},"jetpack_featured_media_url":"","jetpack_sharing_enabled":true,"jetpack_shortlink":"https:\/\/wp.me\/pe6lTn-cuY","_links":{"self":[{"href":"https:\/\/www.visit-ulcinj.com\/blog\/wp-json\/wp\/v2\/posts\/48048"}],"collection":[{"href":"https:\/\/www.visit-ulcinj.com\/blog\/wp-json\/wp\/v2\/posts"}],"about":[{"href":"https:\/\/www.visit-ulcinj.com\/blog\/wp-json\/wp\/v2\/types\/post"}],"author":[{"embeddable":true,"href":"https:\/\/www.visit-ulcinj.com\/blog\/wp-json\/wp\/v2\/users\/1"}],"replies":[{"embeddable":true,"href":"https:\/\/www.visit-ulcinj.com\/blog\/wp-json\/wp\/v2\/comments?post=48048"}],"version-history":[{"count":11,"href":"https:\/\/www.visit-ulcinj.com\/blog\/wp-json\/wp\/v2\/posts\/48048\/revisions"}],"predecessor-version":[{"id":95388,"href":"https:\/\/www.visit-ulcinj.com\/blog\/wp-json\/wp\/v2\/posts\/48048\/revisions\/95388"}],"wp:attachment":[{"href":"https:\/\/www.visit-ulcinj.com\/blog\/wp-json\/wp\/v2\/media?parent=48048"}],"wp:term":[{"taxonomy":"category","embeddable":true,"href":"https:\/\/www.visit-ulcinj.com\/blog\/wp-json\/wp\/v2\/categories?post=48048"},{"taxonomy":"post_tag","embeddable":true,"href":"https:\/\/www.visit-ulcinj.com\/blog\/wp-json\/wp\/v2\/tags?post=48048"}],"curies":[{"name":"wp","href":"https:\/\/api.w.org\/{rel}","templated":true}]}}