{"id":4806,"date":"2008-10-20T06:12:10","date_gmt":"2008-10-20T11:12:10","guid":{"rendered":"http:\/\/www.visit-ulcinj.com\/blog\/?p=4806"},"modified":"2008-10-26T05:55:42","modified_gmt":"2008-10-26T10:55:42","slug":"pozita-e-shqiptareve-ne-mal-te-zi","status":"publish","type":"post","link":"https:\/\/www.visit-ulcinj.com\/blog\/2008\/10\/20\/pozita-e-shqiptareve-ne-mal-te-zi\/","title":{"rendered":"Pozita e Shqiptar\u00ebve n\u00eb Mal t\u00eb Zi &#8211; Shiko Video"},"content":{"rendered":"<p><a href=\"http:\/\/www.visit-ulcinj.com\/blog\/wp-content\/uploads\/2008\/10\/logo_partit-shqiptare-ne-mal-te-zi.jpg\"><img loading=\"lazy\" class=\"alignleft\" src=\"http:\/\/www.visit-ulcinj.com\/blog\/wp-content\/uploads\/2008\/10\/logo_partit-shqiptare-ne-mal-te-zi.jpg\" alt=\"\" width=\"409\" height=\"107\" \/><\/a>Sa i p\u00ebrket strategjis\u00eb p\u00ebr tu m\u00ebnjanuar pengesat brendashqiptare n\u00eb Mal t\u00eb Zi, at\u00ebher\u00eb duhet th\u00ebn\u00eb se, p\u00ebrve\u00e7 unifikimit t\u00eb faktorit politik shqiptar n\u00eb Mal t\u00eb Zi, r\u00ebnd\u00ebsi e posa\u00e7me i duhet kushtuar edhe krijimit t\u00eb opinionit publik shqiptar rreth p\u00ebrqafimit t\u00eb k\u00ebtij ideali.<br \/>\nArgumentet deklarative t\u00eb veshura vet\u00ebm me patetizem patriotik nuk jan\u00eb t\u00eb mjaftueshme, sepse jan\u00eb t\u00eb \u00e7veshur nga fuqia e argumentit, e cila fuqi p\u00ebrve\u00e7 konstatimit ofron edhe alternativen reale.E gjith\u00eb kjo pa p\u00ebrkrahje nd\u00ebrkomb\u00ebtare Kosov\u00ebs dhe Malit t\u00eb Zi nuk ma morri mendja se b\u00ebhet.U b\u00eb pra. E p\u00ebrkrahja nd\u00ebrkomb\u00ebtare mund te fitohet gjithsesi. \u00cbsht\u00eb nj\u00eb metod\u00eb e p\u00ebrfitimit t\u00eb t\u00eb dob\u00ebtit karshi t\u00eb fortit duke ia adaptuar\u00a0 mjetet dhe format politike t\u00eb t\u00eb fortit. Duke e p\u00ebrvet\u00ebsuar demokracin\u00eb dhe mjetet q\u00eb ajo ofron,e mbi t\u00eb gjitha fjal\u00ebn e lire alias q\u00ebndrimin e lir\u00eb politik, ne duhet dhe mund ta b\u00ebjm\u00eb k\u00ebt\u00eb.<br \/>\nDuhet th\u00ebn\u00eb se shqiptar\u00ebt e Malit t\u00eb Zi k\u00ebshtu si\u00e7 jan\u00eb t\u00eb organizuar politikisht n\u00eb planin komb\u00ebtar dhe nd\u00ebrkomb\u00ebtar nuk mund ta realizojn\u00eb t\u00eb vetmuar nj\u00eb platform\u00eb t\u00eb till\u00eb,q\u00eb ne si pakic kombtare ti kemi t\u00eb gjith\u00eb drejtat e barabarta n\u00eb t\u00eb gjitha institucionet e shtetit Malazias.<br \/>\n<strong>H.B.<\/strong><br \/>\n<strong>Lajme nga Ulqini<\/strong><\/p>\n<!-- vimeo error: not a vimeo video -->\n","protected":false},"excerpt":{"rendered":"<p>Sa i p\u00ebrket strategjis\u00eb p\u00ebr tu m\u00ebnjanuar pengesat brendashqiptare n\u00eb Mal t\u00eb Zi, at\u00ebher\u00eb duhet th\u00ebn\u00eb se, p\u00ebrve\u00e7 unifikimit t\u00eb faktorit politik shqiptar n\u00eb Mal t\u00eb Zi, r\u00ebnd\u00ebsi e posa\u00e7me i duhet kushtuar edhe krijimit t\u00eb opinionit publik shqiptar rreth p\u00ebrqafimit t\u00eb k\u00ebtij ideali. Argumentet deklarative t\u00eb veshura vet\u00ebm me patetizem patriotik nuk jan\u00eb t\u00eb [&hellip;]<\/p>\n","protected":false},"author":1,"featured_media":0,"comment_status":"open","ping_status":"closed","sticky":false,"template":"","format":"standard","meta":{"spay_email":"","jetpack_publicize_message":"","jetpack_is_tweetstorm":false,"jetpack_publicize_feature_enabled":true},"categories":[14],"tags":[97,106,194,347,4682,200,18,348],"jetpack_publicize_connections":[],"yoast_head":"<!-- This site is optimized with the Yoast SEO plugin v19.1 - https:\/\/yoast.com\/wordpress\/plugins\/seo\/ -->\n<title>Pozita e Shqiptar\u00ebve n\u00eb Mal t\u00eb Zi - Shiko Video - Lajme nga Ulqini<\/title>\n<meta name=\"description\" content=\"Sa i p\u00ebrket strategjis\u00eb p\u00ebr tu m\u00ebnjanuar pengesat brendashqiptare n\u00eb Mal t\u00eb Zi, at\u00ebher\u00eb duhet th\u00ebn\u00eb se, p\u00ebrve\u00e7 unifikimit t\u00eb faktorit politik shqiptar n\u00eb\" \/>\n<meta name=\"robots\" content=\"index, follow, max-snippet:-1, max-image-preview:large, max-video-preview:-1\" \/>\n<link rel=\"canonical\" href=\"https:\/\/www.visit-ulcinj.com\/blog\/2008\/10\/20\/pozita-e-shqiptareve-ne-mal-te-zi\/\" \/>\n<meta property=\"og:locale\" content=\"en_US\" \/>\n<meta property=\"og:type\" content=\"article\" \/>\n<meta property=\"og:title\" content=\"Pozita e Shqiptar\u00ebve n\u00eb Mal t\u00eb Zi - Shiko Video - Lajme nga Ulqini\" \/>\n<meta property=\"og:description\" content=\"Sa i p\u00ebrket strategjis\u00eb p\u00ebr tu m\u00ebnjanuar pengesat brendashqiptare n\u00eb Mal t\u00eb Zi, at\u00ebher\u00eb duhet th\u00ebn\u00eb se, p\u00ebrve\u00e7 unifikimit t\u00eb faktorit politik shqiptar n\u00eb\" \/>\n<meta property=\"og:url\" content=\"https:\/\/www.visit-ulcinj.com\/blog\/2008\/10\/20\/pozita-e-shqiptareve-ne-mal-te-zi\/\" \/>\n<meta property=\"og:site_name\" content=\"Lajme nga Ulqini\" \/>\n<meta property=\"article:published_time\" content=\"2008-10-20T11:12:10+00:00\" \/>\n<meta property=\"article:modified_time\" content=\"2008-10-26T10:55:42+00:00\" \/>\n<meta property=\"og:image\" content=\"http:\/\/www.visit-ulcinj.com\/blog\/wp-content\/uploads\/2008\/10\/logo_partit-shqiptare-ne-mal-te-zi.jpg\" \/>\n<meta name=\"twitter:label1\" content=\"Written by\" \/>\n\t<meta name=\"twitter:data1\" content=\"ulqini\" \/>\n\t<meta name=\"twitter:label2\" content=\"Est. reading time\" \/>\n\t<meta name=\"twitter:data2\" content=\"1 minute\" \/>\n<script type=\"application\/ld+json\" class=\"yoast-schema-graph\">{\"@context\":\"https:\/\/schema.org\",\"@graph\":[{\"@type\":\"WebSite\",\"@id\":\"https:\/\/www.visit-ulcinj.com\/blog\/#website\",\"url\":\"https:\/\/www.visit-ulcinj.com\/blog\/\",\"name\":\"Lajme nga Ulqini\",\"description\":\"Lajme,Vijesti,Ulqini,Ulqin,Crna Gora,Mali i Zi\",\"potentialAction\":[{\"@type\":\"SearchAction\",\"target\":{\"@type\":\"EntryPoint\",\"urlTemplate\":\"https:\/\/www.visit-ulcinj.com\/blog\/?s={search_term_string}\"},\"query-input\":\"required name=search_term_string\"}],\"inLanguage\":\"en-US\"},{\"@type\":\"ImageObject\",\"inLanguage\":\"en-US\",\"@id\":\"https:\/\/www.visit-ulcinj.com\/blog\/2008\/10\/20\/pozita-e-shqiptareve-ne-mal-te-zi\/#primaryimage\",\"url\":\"http:\/\/www.visit-ulcinj.com\/blog\/wp-content\/uploads\/2008\/10\/logo_partit-shqiptare-ne-mal-te-zi.jpg\",\"contentUrl\":\"http:\/\/www.visit-ulcinj.com\/blog\/wp-content\/uploads\/2008\/10\/logo_partit-shqiptare-ne-mal-te-zi.jpg\"},{\"@type\":\"WebPage\",\"@id\":\"https:\/\/www.visit-ulcinj.com\/blog\/2008\/10\/20\/pozita-e-shqiptareve-ne-mal-te-zi\/#webpage\",\"url\":\"https:\/\/www.visit-ulcinj.com\/blog\/2008\/10\/20\/pozita-e-shqiptareve-ne-mal-te-zi\/\",\"name\":\"Pozita e Shqiptar\u00ebve n\u00eb Mal t\u00eb Zi - Shiko Video - Lajme nga Ulqini\",\"isPartOf\":{\"@id\":\"https:\/\/www.visit-ulcinj.com\/blog\/#website\"},\"primaryImageOfPage\":{\"@id\":\"https:\/\/www.visit-ulcinj.com\/blog\/2008\/10\/20\/pozita-e-shqiptareve-ne-mal-te-zi\/#primaryimage\"},\"datePublished\":\"2008-10-20T11:12:10+00:00\",\"dateModified\":\"2008-10-26T10:55:42+00:00\",\"author\":{\"@id\":\"https:\/\/www.visit-ulcinj.com\/blog\/#\/schema\/person\/dcab619c614d3038751c63bc2aadc06d\"},\"description\":\"Sa i p\u00ebrket strategjis\u00eb p\u00ebr tu m\u00ebnjanuar pengesat brendashqiptare n\u00eb Mal t\u00eb Zi, at\u00ebher\u00eb duhet th\u00ebn\u00eb se, p\u00ebrve\u00e7 unifikimit t\u00eb faktorit politik shqiptar n\u00eb\",\"breadcrumb\":{\"@id\":\"https:\/\/www.visit-ulcinj.com\/blog\/2008\/10\/20\/pozita-e-shqiptareve-ne-mal-te-zi\/#breadcrumb\"},\"inLanguage\":\"en-US\",\"potentialAction\":[{\"@type\":\"ReadAction\",\"target\":[\"https:\/\/www.visit-ulcinj.com\/blog\/2008\/10\/20\/pozita-e-shqiptareve-ne-mal-te-zi\/\"]}]},{\"@type\":\"BreadcrumbList\",\"@id\":\"https:\/\/www.visit-ulcinj.com\/blog\/2008\/10\/20\/pozita-e-shqiptareve-ne-mal-te-zi\/#breadcrumb\",\"itemListElement\":[{\"@type\":\"ListItem\",\"position\":1,\"name\":\"Pozita e Shqiptar\u00ebve n\u00eb Mal t\u00eb Zi &#8211; Shiko Video\"}]},{\"@type\":\"Person\",\"@id\":\"https:\/\/www.visit-ulcinj.com\/blog\/#\/schema\/person\/dcab619c614d3038751c63bc2aadc06d\",\"name\":\"ulqini\",\"sameAs\":[\"http:\/\/www.visit-ulcinj.com\"],\"url\":\"https:\/\/www.visit-ulcinj.com\/blog\/author\/admin\/\"}]}<\/script>\n<!-- \/ Yoast SEO plugin. -->","yoast_head_json":{"title":"Pozita e Shqiptar\u00ebve n\u00eb Mal t\u00eb Zi - Shiko Video - Lajme nga Ulqini","description":"Sa i p\u00ebrket strategjis\u00eb p\u00ebr tu m\u00ebnjanuar pengesat brendashqiptare n\u00eb Mal t\u00eb Zi, at\u00ebher\u00eb duhet th\u00ebn\u00eb se, p\u00ebrve\u00e7 unifikimit t\u00eb faktorit politik shqiptar n\u00eb","robots":{"index":"index","follow":"follow","max-snippet":"max-snippet:-1","max-image-preview":"max-image-preview:large","max-video-preview":"max-video-preview:-1"},"canonical":"https:\/\/www.visit-ulcinj.com\/blog\/2008\/10\/20\/pozita-e-shqiptareve-ne-mal-te-zi\/","og_locale":"en_US","og_type":"article","og_title":"Pozita e Shqiptar\u00ebve n\u00eb Mal t\u00eb Zi - Shiko Video - Lajme nga Ulqini","og_description":"Sa i p\u00ebrket strategjis\u00eb p\u00ebr tu m\u00ebnjanuar pengesat brendashqiptare n\u00eb Mal t\u00eb Zi, at\u00ebher\u00eb duhet th\u00ebn\u00eb se, p\u00ebrve\u00e7 unifikimit t\u00eb faktorit politik shqiptar n\u00eb","og_url":"https:\/\/www.visit-ulcinj.com\/blog\/2008\/10\/20\/pozita-e-shqiptareve-ne-mal-te-zi\/","og_site_name":"Lajme nga Ulqini","article_published_time":"2008-10-20T11:12:10+00:00","article_modified_time":"2008-10-26T10:55:42+00:00","og_image":[{"url":"http:\/\/www.visit-ulcinj.com\/blog\/wp-content\/uploads\/2008\/10\/logo_partit-shqiptare-ne-mal-te-zi.jpg"}],"twitter_misc":{"Written by":"ulqini","Est. reading time":"1 minute"},"schema":{"@context":"https:\/\/schema.org","@graph":[{"@type":"WebSite","@id":"https:\/\/www.visit-ulcinj.com\/blog\/#website","url":"https:\/\/www.visit-ulcinj.com\/blog\/","name":"Lajme nga Ulqini","description":"Lajme,Vijesti,Ulqini,Ulqin,Crna Gora,Mali i Zi","potentialAction":[{"@type":"SearchAction","target":{"@type":"EntryPoint","urlTemplate":"https:\/\/www.visit-ulcinj.com\/blog\/?s={search_term_string}"},"query-input":"required name=search_term_string"}],"inLanguage":"en-US"},{"@type":"ImageObject","inLanguage":"en-US","@id":"https:\/\/www.visit-ulcinj.com\/blog\/2008\/10\/20\/pozita-e-shqiptareve-ne-mal-te-zi\/#primaryimage","url":"http:\/\/www.visit-ulcinj.com\/blog\/wp-content\/uploads\/2008\/10\/logo_partit-shqiptare-ne-mal-te-zi.jpg","contentUrl":"http:\/\/www.visit-ulcinj.com\/blog\/wp-content\/uploads\/2008\/10\/logo_partit-shqiptare-ne-mal-te-zi.jpg"},{"@type":"WebPage","@id":"https:\/\/www.visit-ulcinj.com\/blog\/2008\/10\/20\/pozita-e-shqiptareve-ne-mal-te-zi\/#webpage","url":"https:\/\/www.visit-ulcinj.com\/blog\/2008\/10\/20\/pozita-e-shqiptareve-ne-mal-te-zi\/","name":"Pozita e Shqiptar\u00ebve n\u00eb Mal t\u00eb Zi - Shiko Video - Lajme nga Ulqini","isPartOf":{"@id":"https:\/\/www.visit-ulcinj.com\/blog\/#website"},"primaryImageOfPage":{"@id":"https:\/\/www.visit-ulcinj.com\/blog\/2008\/10\/20\/pozita-e-shqiptareve-ne-mal-te-zi\/#primaryimage"},"datePublished":"2008-10-20T11:12:10+00:00","dateModified":"2008-10-26T10:55:42+00:00","author":{"@id":"https:\/\/www.visit-ulcinj.com\/blog\/#\/schema\/person\/dcab619c614d3038751c63bc2aadc06d"},"description":"Sa i p\u00ebrket strategjis\u00eb p\u00ebr tu m\u00ebnjanuar pengesat brendashqiptare n\u00eb Mal t\u00eb Zi, at\u00ebher\u00eb duhet th\u00ebn\u00eb se, p\u00ebrve\u00e7 unifikimit t\u00eb faktorit politik shqiptar n\u00eb","breadcrumb":{"@id":"https:\/\/www.visit-ulcinj.com\/blog\/2008\/10\/20\/pozita-e-shqiptareve-ne-mal-te-zi\/#breadcrumb"},"inLanguage":"en-US","potentialAction":[{"@type":"ReadAction","target":["https:\/\/www.visit-ulcinj.com\/blog\/2008\/10\/20\/pozita-e-shqiptareve-ne-mal-te-zi\/"]}]},{"@type":"BreadcrumbList","@id":"https:\/\/www.visit-ulcinj.com\/blog\/2008\/10\/20\/pozita-e-shqiptareve-ne-mal-te-zi\/#breadcrumb","itemListElement":[{"@type":"ListItem","position":1,"name":"Pozita e Shqiptar\u00ebve n\u00eb Mal t\u00eb Zi &#8211; Shiko Video"}]},{"@type":"Person","@id":"https:\/\/www.visit-ulcinj.com\/blog\/#\/schema\/person\/dcab619c614d3038751c63bc2aadc06d","name":"ulqini","sameAs":["http:\/\/www.visit-ulcinj.com"],"url":"https:\/\/www.visit-ulcinj.com\/blog\/author\/admin\/"}]}},"jetpack_featured_media_url":"","jetpack_sharing_enabled":true,"jetpack_shortlink":"https:\/\/wp.me\/pe6lTn-1fw","_links":{"self":[{"href":"https:\/\/www.visit-ulcinj.com\/blog\/wp-json\/wp\/v2\/posts\/4806"}],"collection":[{"href":"https:\/\/www.visit-ulcinj.com\/blog\/wp-json\/wp\/v2\/posts"}],"about":[{"href":"https:\/\/www.visit-ulcinj.com\/blog\/wp-json\/wp\/v2\/types\/post"}],"author":[{"embeddable":true,"href":"https:\/\/www.visit-ulcinj.com\/blog\/wp-json\/wp\/v2\/users\/1"}],"replies":[{"embeddable":true,"href":"https:\/\/www.visit-ulcinj.com\/blog\/wp-json\/wp\/v2\/comments?post=4806"}],"version-history":[{"count":0,"href":"https:\/\/www.visit-ulcinj.com\/blog\/wp-json\/wp\/v2\/posts\/4806\/revisions"}],"wp:attachment":[{"href":"https:\/\/www.visit-ulcinj.com\/blog\/wp-json\/wp\/v2\/media?parent=4806"}],"wp:term":[{"taxonomy":"category","embeddable":true,"href":"https:\/\/www.visit-ulcinj.com\/blog\/wp-json\/wp\/v2\/categories?post=4806"},{"taxonomy":"post_tag","embeddable":true,"href":"https:\/\/www.visit-ulcinj.com\/blog\/wp-json\/wp\/v2\/tags?post=4806"}],"curies":[{"name":"wp","href":"https:\/\/api.w.org\/{rel}","templated":true}]}}