{"id":48072,"date":"2011-06-21T11:14:42","date_gmt":"2011-06-21T10:14:42","guid":{"rendered":"http:\/\/www.visit-ulcinj.com\/blog\/?p=48072"},"modified":"2011-06-21T11:14:42","modified_gmt":"2011-06-21T10:14:42","slug":"keshilli-nacional-te-shqiptareve-ne-malin-e-zingushellon-familjen-kelmendi","status":"publish","type":"post","link":"https:\/\/www.visit-ulcinj.com\/blog\/2011\/06\/21\/keshilli-nacional-te-shqiptareve-ne-malin-e-zingushellon-familjen-kelmendi\/","title":{"rendered":"K\u00ebshilli Nacional t\u00eb Shqiptar\u00ebve n\u00eb Malin e Zi,ngush\u00ebllon familjen Kelmendi"},"content":{"rendered":"<p style=\"text-align: left;\"><a href=\"http:\/\/www.visit-ulcinj.com\/blog\/wp-content\/uploads\/2011\/03\/KNSH_MZ_logo.jpg\"><img loading=\"lazy\" class=\"alignleft size-full wp-image-45189\" title=\"KNSH_MZ_logo\" src=\"http:\/\/www.visit-ulcinj.com\/blog\/wp-content\/uploads\/2011\/03\/KNSH_MZ_logo.jpg\" alt=\"\" width=\"318\" height=\"142\" srcset=\"https:\/\/www.visit-ulcinj.com\/blog\/wp-content\/uploads\/2011\/03\/KNSH_MZ_logo.jpg 318w, https:\/\/www.visit-ulcinj.com\/blog\/wp-content\/uploads\/2011\/03\/KNSH_MZ_logo-300x133.jpg 300w\" sizes=\"(max-width: 318px) 100vw, 318px\" \/><\/a>K\u00cbSHILLI NACIONAL I SHQIPTAR\u00cbVE N\u00cb MALIN E ZI<\/p>\n<p style=\"text-align: left;\">NACIONALNI SAVJET ALBANACA U CRNOJ GORI<\/p>\n<p style=\"text-align: left;\">ALBANIAN  NATIONAL COUNCIL IN MONTENEGRO<\/p>\n<p>Nr. 77 \/ 11<\/p>\n<p>Ulqin, m\u00eb  21. 06. 2011<\/p>\n<p>&nbsp;<\/p>\n<h3 style=\"text-align: center;\"><strong><span style=\"text-decoration: underline;\">Telegram ngushllimi<\/span><\/strong><\/h3>\n<p>&nbsp;<\/p>\n<p>KRYETARIT T\u00cb LDK-s\u00eb,  Z.  ISA MUSTAFA<\/p>\n<p>PRISHTIN\u00cb<\/p>\n<p>&nbsp;<\/p>\n<p>I nderuar z. Mustafa,<\/p>\n<p>&nbsp;<\/p>\n<p>Lajmin  e  ndarjes  nga jeta t\u00eb znj.  Nekibe Kelmendi, e prit\u00ebm me pik\u00ebllim t\u00eb thell\u00eb.<\/p>\n<p>Prandaj me k\u00ebt\u00eb rast n\u00eb em\u00ebr t\u00eb K\u00ebshillit Nacional t\u00eb Shqiptar\u00ebve n\u00eb Malin e Zi , Ju shprehim  ngushllimet  tona  t\u00eb sinqerta , p\u00ebr humbjen  e  p\u00ebrsonalitetit  dhe  aktivistes s\u00eb denj\u00eb  t\u00eb LDK-s\u00eb,  deputetes s\u00eb Kuvendit t\u00eb Kosov\u00ebs, dhe ish Ministres s\u00eb drejtesis\u00eb s\u00eb Qeveris\u00eb s\u00eb Kosov\u00ebs.<\/p>\n<p>Ndarja nga jeta e znj. Kelmendi, \u00ebsht\u00eb nj\u00eb humbje e madhe p\u00ebr familjen e  saj  n\u00eb radh\u00eb t\u00eb par\u00eb , p\u00ebr  LDK-n\u00eb,  dhe  mbar\u00eb Kosov\u00ebn , p\u00ebr lirin\u00eb e  t\u00eb cil\u00ebs  luftoi e punoi  me devotshm\u00ebri deri n\u00eb   \u00e7astet  e fundit t\u00eb jet\u00ebs ,   duke  i falur  madje dhe m\u00eb t\u00eb dashurit  e  zemr\u00ebs  s\u00eb  vet.<\/p>\n<p>Duke ndar\u00eb dhembjen me Ju p\u00ebr humbjen e  k\u00ebsaj zonje dhe n\u00ebne t\u00eb madhe t\u00eb Kosov\u00ebs, urojm\u00eb q\u00eb idealet e t\u00eb ndjer\u00ebs Nekibe Kelmendi t\u00eb b\u00ebhen realitet.<\/p>\n<p>&nbsp;<\/p>\n<p>Me nderime,<\/p>\n<p><a href=\"http:\/\/www.visit-ulcinj.com\/blog\/wp-content\/uploads\/2011\/03\/Keshilli-Nacional-Shqiptar-ne-Mal-te-Zi_KUMTES-MEDIA.jpg\"><img loading=\"lazy\" class=\"alignleft size-full wp-image-45190\" title=\"Keshilli Nacional Shqiptar ne Mal te Zi_KUMTES MEDIA\" src=\"http:\/\/www.visit-ulcinj.com\/blog\/wp-content\/uploads\/2011\/03\/Keshilli-Nacional-Shqiptar-ne-Mal-te-Zi_KUMTES-MEDIA.jpg\" alt=\"\" width=\"508\" height=\"158\" \/><\/a><span style=\"color: #000000;\"><br \/>\n<span style=\"color: #ffffff;\"> <\/span><\/span><br \/>\n<span style=\"color: #ffffff;\">Amull, ana malit, Aru\u00e7ij, Bardhij, Berjashij, Blaca, Bojk\u00eb, Bolejt, Brajshe, bratic\u00eb, Brisku nelt, Brisku pasht, \u00c7obaj, Cukaj, Curajt nelt, Curij pasht, Darz\u00eb, Demirijt, Dodaj, Dragaj, Dragoviq, Durakij, Fraskanjell, Gjecbritij, Gjenashej, Gjenciq, Gjyrjani, Hajdarijt, Hardajt, Hutij, Kacaj, Kaleci, Kalimani, Kanaqi, katerkoll\u00eb, Klezna, Kod\u00ebr, Kolonza, Kosiq, Kova\u00e7ej, Kraj\u00eb, Kravari, Kryth\u00eb, Lekperij, Leskovac, Liarja, Lihari, Likaj, Lisna Bore, Lubanijt, Madgueshi, Mali i Zi, Markashij, Maxhurej, Megjure\u00e7, Millajt, Mill\u00eb, Montenegro, Mozhur\u00eb, ostros, peraj, Perashij, Pistull, Priftij, Qurkaj, Ramushje, Rastish, Re\u00e7, Runji, Sal\u00e7, Shas, Sh\u00ebngjergj, Shtodh\u00ebr, Shtoji, Sjerci, Subashij, Sukobin\u00eb, Sutjell, Syrliq, Tafajt, ulqin, ulqini, Veliqi, Vu\u00e7kij, Zogaj<\/span><\/p>\n","protected":false},"excerpt":{"rendered":"<p>K\u00cbSHILLI NACIONAL I SHQIPTAR\u00cbVE N\u00cb MALIN E ZI NACIONALNI SAVJET ALBANACA U CRNOJ GORI ALBANIAN NATIONAL COUNCIL IN MONTENEGRO Nr. 77 \/ 11 Ulqin, m\u00eb 21. 06. 2011 &nbsp; Telegram ngushllimi &nbsp; KRYETARIT T\u00cb LDK-s\u00eb, Z. ISA MUSTAFA PRISHTIN\u00cb &nbsp; I nderuar z. Mustafa, &nbsp; Lajmin e ndarjes nga jeta t\u00eb znj. Nekibe Kelmendi, e [&hellip;]<\/p>\n","protected":false},"author":1,"featured_media":0,"comment_status":"open","ping_status":"closed","sticky":false,"template":"","format":"standard","meta":{"spay_email":"","jetpack_publicize_message":"","jetpack_is_tweetstorm":false,"jetpack_publicize_feature_enabled":true},"categories":[6],"tags":[18495,70],"jetpack_publicize_connections":[],"yoast_head":"<!-- This site is optimized with the Yoast SEO plugin v19.1 - https:\/\/yoast.com\/wordpress\/plugins\/seo\/ -->\n<title>K\u00ebshilli Nacional t\u00eb Shqiptar\u00ebve n\u00eb Malin e Zi,ngush\u00ebllon familjen Kelmendi - Lajme nga Ulqini<\/title>\n<meta name=\"description\" content=\"K\u00cbSHILLI NACIONAL I SHQIPTAR\u00cbVE N\u00cb MALIN E ZI NACIONALNI SAVJET ALBANACA U CRNOJ GORI ALBANIAN NATIONAL COUNCIL IN MONTENEGRO Nr. 77 \/ 11 Ulqin, m\u00eb 21.\" \/>\n<meta name=\"robots\" content=\"index, follow, max-snippet:-1, max-image-preview:large, max-video-preview:-1\" \/>\n<link rel=\"canonical\" href=\"https:\/\/www.visit-ulcinj.com\/blog\/2011\/06\/21\/keshilli-nacional-te-shqiptareve-ne-malin-e-zingushellon-familjen-kelmendi\/\" \/>\n<meta property=\"og:locale\" content=\"en_US\" \/>\n<meta property=\"og:type\" content=\"article\" \/>\n<meta property=\"og:title\" content=\"K\u00ebshilli Nacional t\u00eb Shqiptar\u00ebve n\u00eb Malin e Zi,ngush\u00ebllon familjen Kelmendi - Lajme nga Ulqini\" \/>\n<meta property=\"og:description\" content=\"K\u00cbSHILLI NACIONAL I SHQIPTAR\u00cbVE N\u00cb MALIN E ZI NACIONALNI SAVJET ALBANACA U CRNOJ GORI ALBANIAN NATIONAL COUNCIL IN MONTENEGRO Nr. 77 \/ 11 Ulqin, m\u00eb 21.\" \/>\n<meta property=\"og:url\" content=\"https:\/\/www.visit-ulcinj.com\/blog\/2011\/06\/21\/keshilli-nacional-te-shqiptareve-ne-malin-e-zingushellon-familjen-kelmendi\/\" \/>\n<meta property=\"og:site_name\" content=\"Lajme nga Ulqini\" \/>\n<meta property=\"article:published_time\" content=\"2011-06-21T10:14:42+00:00\" \/>\n<meta property=\"og:image\" content=\"http:\/\/www.visit-ulcinj.com\/blog\/wp-content\/uploads\/2011\/03\/KNSH_MZ_logo.jpg\" \/>\n<meta name=\"twitter:label1\" content=\"Written by\" \/>\n\t<meta name=\"twitter:data1\" content=\"ulqini\" \/>\n\t<meta name=\"twitter:label2\" content=\"Est. reading time\" \/>\n\t<meta name=\"twitter:data2\" content=\"2 minutes\" \/>\n<script type=\"application\/ld+json\" class=\"yoast-schema-graph\">{\"@context\":\"https:\/\/schema.org\",\"@graph\":[{\"@type\":\"WebSite\",\"@id\":\"https:\/\/www.visit-ulcinj.com\/blog\/#website\",\"url\":\"https:\/\/www.visit-ulcinj.com\/blog\/\",\"name\":\"Lajme nga Ulqini\",\"description\":\"Lajme,Vijesti,Ulqini,Ulqin,Crna Gora,Mali i Zi\",\"potentialAction\":[{\"@type\":\"SearchAction\",\"target\":{\"@type\":\"EntryPoint\",\"urlTemplate\":\"https:\/\/www.visit-ulcinj.com\/blog\/?s={search_term_string}\"},\"query-input\":\"required name=search_term_string\"}],\"inLanguage\":\"en-US\"},{\"@type\":\"ImageObject\",\"inLanguage\":\"en-US\",\"@id\":\"https:\/\/www.visit-ulcinj.com\/blog\/2011\/06\/21\/keshilli-nacional-te-shqiptareve-ne-malin-e-zingushellon-familjen-kelmendi\/#primaryimage\",\"url\":\"https:\/\/www.visit-ulcinj.com\/blog\/wp-content\/uploads\/2011\/03\/KNSH_MZ_logo.jpg\",\"contentUrl\":\"https:\/\/www.visit-ulcinj.com\/blog\/wp-content\/uploads\/2011\/03\/KNSH_MZ_logo.jpg\",\"width\":\"318\",\"height\":\"142\"},{\"@type\":\"WebPage\",\"@id\":\"https:\/\/www.visit-ulcinj.com\/blog\/2011\/06\/21\/keshilli-nacional-te-shqiptareve-ne-malin-e-zingushellon-familjen-kelmendi\/#webpage\",\"url\":\"https:\/\/www.visit-ulcinj.com\/blog\/2011\/06\/21\/keshilli-nacional-te-shqiptareve-ne-malin-e-zingushellon-familjen-kelmendi\/\",\"name\":\"K\u00ebshilli Nacional t\u00eb Shqiptar\u00ebve n\u00eb Malin e Zi,ngush\u00ebllon familjen Kelmendi - Lajme nga Ulqini\",\"isPartOf\":{\"@id\":\"https:\/\/www.visit-ulcinj.com\/blog\/#website\"},\"primaryImageOfPage\":{\"@id\":\"https:\/\/www.visit-ulcinj.com\/blog\/2011\/06\/21\/keshilli-nacional-te-shqiptareve-ne-malin-e-zingushellon-familjen-kelmendi\/#primaryimage\"},\"datePublished\":\"2011-06-21T10:14:42+00:00\",\"dateModified\":\"2011-06-21T10:14:42+00:00\",\"author\":{\"@id\":\"https:\/\/www.visit-ulcinj.com\/blog\/#\/schema\/person\/dcab619c614d3038751c63bc2aadc06d\"},\"description\":\"K\u00cbSHILLI NACIONAL I SHQIPTAR\u00cbVE N\u00cb MALIN E ZI NACIONALNI SAVJET ALBANACA U CRNOJ GORI ALBANIAN NATIONAL COUNCIL IN MONTENEGRO Nr. 77 \/ 11 Ulqin, m\u00eb 21.\",\"breadcrumb\":{\"@id\":\"https:\/\/www.visit-ulcinj.com\/blog\/2011\/06\/21\/keshilli-nacional-te-shqiptareve-ne-malin-e-zingushellon-familjen-kelmendi\/#breadcrumb\"},\"inLanguage\":\"en-US\",\"potentialAction\":[{\"@type\":\"ReadAction\",\"target\":[\"https:\/\/www.visit-ulcinj.com\/blog\/2011\/06\/21\/keshilli-nacional-te-shqiptareve-ne-malin-e-zingushellon-familjen-kelmendi\/\"]}]},{\"@type\":\"BreadcrumbList\",\"@id\":\"https:\/\/www.visit-ulcinj.com\/blog\/2011\/06\/21\/keshilli-nacional-te-shqiptareve-ne-malin-e-zingushellon-familjen-kelmendi\/#breadcrumb\",\"itemListElement\":[{\"@type\":\"ListItem\",\"position\":1,\"name\":\"K\u00ebshilli Nacional t\u00eb Shqiptar\u00ebve n\u00eb Malin e Zi,ngush\u00ebllon familjen Kelmendi\"}]},{\"@type\":\"Person\",\"@id\":\"https:\/\/www.visit-ulcinj.com\/blog\/#\/schema\/person\/dcab619c614d3038751c63bc2aadc06d\",\"name\":\"ulqini\",\"sameAs\":[\"http:\/\/www.visit-ulcinj.com\"],\"url\":\"https:\/\/www.visit-ulcinj.com\/blog\/author\/admin\/\"}]}<\/script>\n<!-- \/ Yoast SEO plugin. -->","yoast_head_json":{"title":"K\u00ebshilli Nacional t\u00eb Shqiptar\u00ebve n\u00eb Malin e Zi,ngush\u00ebllon familjen Kelmendi - Lajme nga Ulqini","description":"K\u00cbSHILLI NACIONAL I SHQIPTAR\u00cbVE N\u00cb MALIN E ZI NACIONALNI SAVJET ALBANACA U CRNOJ GORI ALBANIAN NATIONAL COUNCIL IN MONTENEGRO Nr. 77 \/ 11 Ulqin, m\u00eb 21.","robots":{"index":"index","follow":"follow","max-snippet":"max-snippet:-1","max-image-preview":"max-image-preview:large","max-video-preview":"max-video-preview:-1"},"canonical":"https:\/\/www.visit-ulcinj.com\/blog\/2011\/06\/21\/keshilli-nacional-te-shqiptareve-ne-malin-e-zingushellon-familjen-kelmendi\/","og_locale":"en_US","og_type":"article","og_title":"K\u00ebshilli Nacional t\u00eb Shqiptar\u00ebve n\u00eb Malin e Zi,ngush\u00ebllon familjen Kelmendi - Lajme nga Ulqini","og_description":"K\u00cbSHILLI NACIONAL I SHQIPTAR\u00cbVE N\u00cb MALIN E ZI NACIONALNI SAVJET ALBANACA U CRNOJ GORI ALBANIAN NATIONAL COUNCIL IN MONTENEGRO Nr. 77 \/ 11 Ulqin, m\u00eb 21.","og_url":"https:\/\/www.visit-ulcinj.com\/blog\/2011\/06\/21\/keshilli-nacional-te-shqiptareve-ne-malin-e-zingushellon-familjen-kelmendi\/","og_site_name":"Lajme nga Ulqini","article_published_time":"2011-06-21T10:14:42+00:00","og_image":[{"url":"http:\/\/www.visit-ulcinj.com\/blog\/wp-content\/uploads\/2011\/03\/KNSH_MZ_logo.jpg"}],"twitter_misc":{"Written by":"ulqini","Est. reading time":"2 minutes"},"schema":{"@context":"https:\/\/schema.org","@graph":[{"@type":"WebSite","@id":"https:\/\/www.visit-ulcinj.com\/blog\/#website","url":"https:\/\/www.visit-ulcinj.com\/blog\/","name":"Lajme nga Ulqini","description":"Lajme,Vijesti,Ulqini,Ulqin,Crna Gora,Mali i Zi","potentialAction":[{"@type":"SearchAction","target":{"@type":"EntryPoint","urlTemplate":"https:\/\/www.visit-ulcinj.com\/blog\/?s={search_term_string}"},"query-input":"required name=search_term_string"}],"inLanguage":"en-US"},{"@type":"ImageObject","inLanguage":"en-US","@id":"https:\/\/www.visit-ulcinj.com\/blog\/2011\/06\/21\/keshilli-nacional-te-shqiptareve-ne-malin-e-zingushellon-familjen-kelmendi\/#primaryimage","url":"https:\/\/www.visit-ulcinj.com\/blog\/wp-content\/uploads\/2011\/03\/KNSH_MZ_logo.jpg","contentUrl":"https:\/\/www.visit-ulcinj.com\/blog\/wp-content\/uploads\/2011\/03\/KNSH_MZ_logo.jpg","width":"318","height":"142"},{"@type":"WebPage","@id":"https:\/\/www.visit-ulcinj.com\/blog\/2011\/06\/21\/keshilli-nacional-te-shqiptareve-ne-malin-e-zingushellon-familjen-kelmendi\/#webpage","url":"https:\/\/www.visit-ulcinj.com\/blog\/2011\/06\/21\/keshilli-nacional-te-shqiptareve-ne-malin-e-zingushellon-familjen-kelmendi\/","name":"K\u00ebshilli Nacional t\u00eb Shqiptar\u00ebve n\u00eb Malin e Zi,ngush\u00ebllon familjen Kelmendi - Lajme nga Ulqini","isPartOf":{"@id":"https:\/\/www.visit-ulcinj.com\/blog\/#website"},"primaryImageOfPage":{"@id":"https:\/\/www.visit-ulcinj.com\/blog\/2011\/06\/21\/keshilli-nacional-te-shqiptareve-ne-malin-e-zingushellon-familjen-kelmendi\/#primaryimage"},"datePublished":"2011-06-21T10:14:42+00:00","dateModified":"2011-06-21T10:14:42+00:00","author":{"@id":"https:\/\/www.visit-ulcinj.com\/blog\/#\/schema\/person\/dcab619c614d3038751c63bc2aadc06d"},"description":"K\u00cbSHILLI NACIONAL I SHQIPTAR\u00cbVE N\u00cb MALIN E ZI NACIONALNI SAVJET ALBANACA U CRNOJ GORI ALBANIAN NATIONAL COUNCIL IN MONTENEGRO Nr. 77 \/ 11 Ulqin, m\u00eb 21.","breadcrumb":{"@id":"https:\/\/www.visit-ulcinj.com\/blog\/2011\/06\/21\/keshilli-nacional-te-shqiptareve-ne-malin-e-zingushellon-familjen-kelmendi\/#breadcrumb"},"inLanguage":"en-US","potentialAction":[{"@type":"ReadAction","target":["https:\/\/www.visit-ulcinj.com\/blog\/2011\/06\/21\/keshilli-nacional-te-shqiptareve-ne-malin-e-zingushellon-familjen-kelmendi\/"]}]},{"@type":"BreadcrumbList","@id":"https:\/\/www.visit-ulcinj.com\/blog\/2011\/06\/21\/keshilli-nacional-te-shqiptareve-ne-malin-e-zingushellon-familjen-kelmendi\/#breadcrumb","itemListElement":[{"@type":"ListItem","position":1,"name":"K\u00ebshilli Nacional t\u00eb Shqiptar\u00ebve n\u00eb Malin e Zi,ngush\u00ebllon familjen Kelmendi"}]},{"@type":"Person","@id":"https:\/\/www.visit-ulcinj.com\/blog\/#\/schema\/person\/dcab619c614d3038751c63bc2aadc06d","name":"ulqini","sameAs":["http:\/\/www.visit-ulcinj.com"],"url":"https:\/\/www.visit-ulcinj.com\/blog\/author\/admin\/"}]}},"jetpack_featured_media_url":"","jetpack_sharing_enabled":true,"jetpack_shortlink":"https:\/\/wp.me\/pe6lTn-cvm","_links":{"self":[{"href":"https:\/\/www.visit-ulcinj.com\/blog\/wp-json\/wp\/v2\/posts\/48072"}],"collection":[{"href":"https:\/\/www.visit-ulcinj.com\/blog\/wp-json\/wp\/v2\/posts"}],"about":[{"href":"https:\/\/www.visit-ulcinj.com\/blog\/wp-json\/wp\/v2\/types\/post"}],"author":[{"embeddable":true,"href":"https:\/\/www.visit-ulcinj.com\/blog\/wp-json\/wp\/v2\/users\/1"}],"replies":[{"embeddable":true,"href":"https:\/\/www.visit-ulcinj.com\/blog\/wp-json\/wp\/v2\/comments?post=48072"}],"version-history":[{"count":2,"href":"https:\/\/www.visit-ulcinj.com\/blog\/wp-json\/wp\/v2\/posts\/48072\/revisions"}],"predecessor-version":[{"id":48812,"href":"https:\/\/www.visit-ulcinj.com\/blog\/wp-json\/wp\/v2\/posts\/48072\/revisions\/48812"}],"wp:attachment":[{"href":"https:\/\/www.visit-ulcinj.com\/blog\/wp-json\/wp\/v2\/media?parent=48072"}],"wp:term":[{"taxonomy":"category","embeddable":true,"href":"https:\/\/www.visit-ulcinj.com\/blog\/wp-json\/wp\/v2\/categories?post=48072"},{"taxonomy":"post_tag","embeddable":true,"href":"https:\/\/www.visit-ulcinj.com\/blog\/wp-json\/wp\/v2\/tags?post=48072"}],"curies":[{"name":"wp","href":"https:\/\/api.w.org\/{rel}","templated":true}]}}