{"id":48081,"date":"2011-06-21T19:14:11","date_gmt":"2011-06-21T18:14:11","guid":{"rendered":"http:\/\/www.visit-ulcinj.com\/blog\/?p=48081"},"modified":"2011-06-21T19:19:17","modified_gmt":"2011-06-21T18:19:17","slug":"ada-bojana-kaska-za-velikom-plazom","status":"publish","type":"post","link":"https:\/\/www.visit-ulcinj.com\/blog\/2011\/06\/21\/ada-bojana-kaska-za-velikom-plazom\/","title":{"rendered":"Ada Bojana kaska za Velikom pla\u017eom"},"content":{"rendered":"<p><a href=\"http:\/\/www.visit-ulcinj.com\/blog\/wp-content\/uploads\/2011\/06\/Ada-Bojana_Ulcinj_Montenegro.1.jpg\"><img loading=\"lazy\" class=\"alignleft size-full wp-image-48082\" title=\"Ada Bojana_Ulcinj_Montenegro.1\" src=\"http:\/\/www.visit-ulcinj.com\/blog\/wp-content\/uploads\/2011\/06\/Ada-Bojana_Ulcinj_Montenegro.1.jpg\" alt=\"\" width=\"508\" height=\"380\" \/><\/a>Vi\u0161e turista trenutno boravi na Velikoj pla\u017ei u Ulcinju nego na \u201egoli\u0161avoj\u201c Adi Bojani. Najvi\u0161e gostiju stiglo je iz \u010ce\u0161ke, Poljske, Rusije i Nema\u010dke.<br \/>\nVI\u0160E turista trenutno boravi na Velikoj pla\u017ei u Ulcinju nego na \u201egoli\u0161avoj\u201c Adi Bojani. Jer, hotelijeri ka\u017eu da je poseta za \u010dak 30 odsto ve\u0107a nego lane, a najvi\u0161e gostiju stiglo je iz \u010ce\u0161ke, Poljske, Rusije i Nema\u010dke.<\/p>\n<div id=\"attachment_48083\" style=\"width: 518px\" class=\"wp-caption alignleft\"><a href=\"http:\/\/www.visit-ulcinj.com\/blog\/wp-content\/uploads\/2011\/06\/Ada-Bojana_Ulcinj_Montenegro.jpg\"><img aria-describedby=\"caption-attachment-48083\" loading=\"lazy\" class=\"size-full wp-image-48083\" title=\"Ada Bojana_Ulcinj_Montenegro\" src=\"http:\/\/www.visit-ulcinj.com\/blog\/wp-content\/uploads\/2011\/06\/Ada-Bojana_Ulcinj_Montenegro.jpg\" alt=\"\" width=\"508\" height=\"340\" \/><\/a><p id=\"caption-attachment-48083\" class=\"wp-caption-text\">FOTO: Ve\u010dernje Novosti<\/p><\/div>\n<p>&#8211; U hotelima \u201eBelvi\u201c, \u201eOlimpik\u201c i nudisti\u010dkom naselju \u201eBojana\u201c na Adi, trenutno borave 402 gosta &#8211; ka\u017ee za Ana \u017divanovi\u0107, portparol HTP \u201eUlcinjska rivijera\u201c.<\/p>\n<p>Ovaj, dosta veliki rast zabele\u017eili su hoteli na Velikoj pla\u017ei, dok je broj \u201egola\u0107a\u201c sli\u010dan kao i lane.<\/p>\n<p>&#8211; Prili\u010dna ulaganja u renoviranje \u201eBelvija\u201c su se isplatila &#8211; dodaje \u017divanovi\u0107eva. &#8211; Napravili smo na osnovu toga dobre ugovore sa strancima i celo leto \u0107emo imati popunjen kapacitet. Ve\u0107 krajem ovog meseca, kada je u pitanju ovaj objekat, ne\u0107e biti recepcijske prodaje &#8211; svi kreveti \u0107e biti zauzeti. Sli\u010dno je i sa \u201eOlimpikom\u201c.<\/p>\n<p>Dolazak ve\u0107eg broja nudista se tek o\u010dekuje. Na Adi je trenutno najvi\u0161e Nemaca, ali u glavnoj sezoni \u0107e biti veliki broj gostiju bez kupa\u0107ih kostima iz regiona, a najvi\u0161e iz Srbije. Gu\u017eve na Adi po\u010dinju oko 10. jula i traja\u0107e do kraja glavne sezone. U septembru \u0107e opet biti \u201epromaje\u201c i u bistrom moru i vodama grani\u010dne reke Bojane, koja se ovde uliva u Jadran, u\u017eiva\u0107e oni koji vole miran odmor.<br \/>\n<a href=\"http:\/\/www.novosti.rs\/vesti\/turizam.90.html:335067-Ada-Bojana-kaska-za-Velikom-plazom\" target=\"_blank\"><strong>S. G.<\/strong><\/a><\/p>\n<p><a href=\"http:\/\/www.novosti.rs\/vesti\/turizam.90.html:335067-Ada-Bojana-kaska-za-Velikom-plazom\" target=\"_blank\"><strong>Izvor: Ve\u010dernje Novosti<\/strong><\/a><\/p>\n<!--YouTube Error: bad URL entered-->\n","protected":false},"excerpt":{"rendered":"<p>Vi\u0161e turista trenutno boravi na Velikoj pla\u017ei u Ulcinju nego na \u201egoli\u0161avoj\u201c Adi Bojani. Najvi\u0161e gostiju stiglo je iz \u010ce\u0161ke, Poljske, Rusije i Nema\u010dke. VI\u0160E turista trenutno boravi na Velikoj pla\u017ei u Ulcinju nego na \u201egoli\u0161avoj\u201c Adi Bojani. Jer, hotelijeri ka\u017eu da je poseta za \u010dak 30 odsto ve\u0107a nego lane, a najvi\u0161e gostiju stiglo [&hellip;]<\/p>\n","protected":false},"author":1,"featured_media":0,"comment_status":"open","ping_status":"closed","sticky":false,"template":"","format":"standard","meta":{"spay_email":"","jetpack_publicize_message":"","jetpack_is_tweetstorm":false,"jetpack_publicize_feature_enabled":true},"categories":[8337],"tags":[138,19,4832],"jetpack_publicize_connections":[],"yoast_head":"<!-- This site is optimized with the Yoast SEO plugin v19.1 - https:\/\/yoast.com\/wordpress\/plugins\/seo\/ -->\n<title>Ada Bojana kaska za Velikom pla\u017eom - Lajme nga Ulqini<\/title>\n<meta name=\"description\" content=\"Vi\u0161e turista trenutno boravi na Velikoj pla\u017ei u Ulcinju nego na \u201egoli\u0161avoj\u201c Adi Bojani. Najvi\u0161e gostiju stiglo je iz \u010ce\u0161ke, Poljske, Rusije i Nema\u010dke.\" \/>\n<meta name=\"robots\" content=\"index, follow, max-snippet:-1, max-image-preview:large, max-video-preview:-1\" \/>\n<link rel=\"canonical\" href=\"https:\/\/www.visit-ulcinj.com\/blog\/2011\/06\/21\/ada-bojana-kaska-za-velikom-plazom\/\" \/>\n<meta property=\"og:locale\" content=\"en_US\" \/>\n<meta property=\"og:type\" content=\"article\" \/>\n<meta property=\"og:title\" content=\"Ada Bojana kaska za Velikom pla\u017eom - Lajme nga Ulqini\" \/>\n<meta property=\"og:description\" content=\"Vi\u0161e turista trenutno boravi na Velikoj pla\u017ei u Ulcinju nego na \u201egoli\u0161avoj\u201c Adi Bojani. Najvi\u0161e gostiju stiglo je iz \u010ce\u0161ke, Poljske, Rusije i Nema\u010dke.\" \/>\n<meta property=\"og:url\" content=\"https:\/\/www.visit-ulcinj.com\/blog\/2011\/06\/21\/ada-bojana-kaska-za-velikom-plazom\/\" \/>\n<meta property=\"og:site_name\" content=\"Lajme nga Ulqini\" \/>\n<meta property=\"article:published_time\" content=\"2011-06-21T18:14:11+00:00\" \/>\n<meta property=\"article:modified_time\" content=\"2011-06-21T18:19:17+00:00\" \/>\n<meta property=\"og:image\" content=\"http:\/\/www.visit-ulcinj.com\/blog\/wp-content\/uploads\/2011\/06\/Ada-Bojana_Ulcinj_Montenegro.1.jpg\" \/>\n<meta name=\"twitter:label1\" content=\"Written by\" \/>\n\t<meta name=\"twitter:data1\" content=\"ulqini\" \/>\n\t<meta name=\"twitter:label2\" content=\"Est. reading time\" \/>\n\t<meta name=\"twitter:data2\" content=\"1 minute\" \/>\n<script type=\"application\/ld+json\" class=\"yoast-schema-graph\">{\"@context\":\"https:\/\/schema.org\",\"@graph\":[{\"@type\":\"WebSite\",\"@id\":\"https:\/\/www.visit-ulcinj.com\/blog\/#website\",\"url\":\"https:\/\/www.visit-ulcinj.com\/blog\/\",\"name\":\"Lajme nga Ulqini\",\"description\":\"Lajme,Vijesti,Ulqini,Ulqin,Crna Gora,Mali i Zi\",\"potentialAction\":[{\"@type\":\"SearchAction\",\"target\":{\"@type\":\"EntryPoint\",\"urlTemplate\":\"https:\/\/www.visit-ulcinj.com\/blog\/?s={search_term_string}\"},\"query-input\":\"required name=search_term_string\"}],\"inLanguage\":\"en-US\"},{\"@type\":\"ImageObject\",\"inLanguage\":\"en-US\",\"@id\":\"https:\/\/www.visit-ulcinj.com\/blog\/2011\/06\/21\/ada-bojana-kaska-za-velikom-plazom\/#primaryimage\",\"url\":\"https:\/\/www.visit-ulcinj.com\/blog\/wp-content\/uploads\/2011\/06\/Ada-Bojana_Ulcinj_Montenegro.1.jpg\",\"contentUrl\":\"https:\/\/www.visit-ulcinj.com\/blog\/wp-content\/uploads\/2011\/06\/Ada-Bojana_Ulcinj_Montenegro.1.jpg\",\"width\":\"720\",\"height\":\"480\"},{\"@type\":\"WebPage\",\"@id\":\"https:\/\/www.visit-ulcinj.com\/blog\/2011\/06\/21\/ada-bojana-kaska-za-velikom-plazom\/#webpage\",\"url\":\"https:\/\/www.visit-ulcinj.com\/blog\/2011\/06\/21\/ada-bojana-kaska-za-velikom-plazom\/\",\"name\":\"Ada Bojana kaska za Velikom pla\u017eom - Lajme nga Ulqini\",\"isPartOf\":{\"@id\":\"https:\/\/www.visit-ulcinj.com\/blog\/#website\"},\"primaryImageOfPage\":{\"@id\":\"https:\/\/www.visit-ulcinj.com\/blog\/2011\/06\/21\/ada-bojana-kaska-za-velikom-plazom\/#primaryimage\"},\"datePublished\":\"2011-06-21T18:14:11+00:00\",\"dateModified\":\"2011-06-21T18:19:17+00:00\",\"author\":{\"@id\":\"https:\/\/www.visit-ulcinj.com\/blog\/#\/schema\/person\/dcab619c614d3038751c63bc2aadc06d\"},\"description\":\"Vi\u0161e turista trenutno boravi na Velikoj pla\u017ei u Ulcinju nego na \u201egoli\u0161avoj\u201c Adi Bojani. Najvi\u0161e gostiju stiglo je iz \u010ce\u0161ke, Poljske, Rusije i Nema\u010dke.\",\"breadcrumb\":{\"@id\":\"https:\/\/www.visit-ulcinj.com\/blog\/2011\/06\/21\/ada-bojana-kaska-za-velikom-plazom\/#breadcrumb\"},\"inLanguage\":\"en-US\",\"potentialAction\":[{\"@type\":\"ReadAction\",\"target\":[\"https:\/\/www.visit-ulcinj.com\/blog\/2011\/06\/21\/ada-bojana-kaska-za-velikom-plazom\/\"]}]},{\"@type\":\"BreadcrumbList\",\"@id\":\"https:\/\/www.visit-ulcinj.com\/blog\/2011\/06\/21\/ada-bojana-kaska-za-velikom-plazom\/#breadcrumb\",\"itemListElement\":[{\"@type\":\"ListItem\",\"position\":1,\"name\":\"Ada Bojana kaska za Velikom pla\u017eom\"}]},{\"@type\":\"Person\",\"@id\":\"https:\/\/www.visit-ulcinj.com\/blog\/#\/schema\/person\/dcab619c614d3038751c63bc2aadc06d\",\"name\":\"ulqini\",\"sameAs\":[\"http:\/\/www.visit-ulcinj.com\"],\"url\":\"https:\/\/www.visit-ulcinj.com\/blog\/author\/admin\/\"}]}<\/script>\n<!-- \/ Yoast SEO plugin. -->","yoast_head_json":{"title":"Ada Bojana kaska za Velikom pla\u017eom - Lajme nga Ulqini","description":"Vi\u0161e turista trenutno boravi na Velikoj pla\u017ei u Ulcinju nego na \u201egoli\u0161avoj\u201c Adi Bojani. Najvi\u0161e gostiju stiglo je iz \u010ce\u0161ke, Poljske, Rusije i Nema\u010dke.","robots":{"index":"index","follow":"follow","max-snippet":"max-snippet:-1","max-image-preview":"max-image-preview:large","max-video-preview":"max-video-preview:-1"},"canonical":"https:\/\/www.visit-ulcinj.com\/blog\/2011\/06\/21\/ada-bojana-kaska-za-velikom-plazom\/","og_locale":"en_US","og_type":"article","og_title":"Ada Bojana kaska za Velikom pla\u017eom - Lajme nga Ulqini","og_description":"Vi\u0161e turista trenutno boravi na Velikoj pla\u017ei u Ulcinju nego na \u201egoli\u0161avoj\u201c Adi Bojani. Najvi\u0161e gostiju stiglo je iz \u010ce\u0161ke, Poljske, Rusije i Nema\u010dke.","og_url":"https:\/\/www.visit-ulcinj.com\/blog\/2011\/06\/21\/ada-bojana-kaska-za-velikom-plazom\/","og_site_name":"Lajme nga Ulqini","article_published_time":"2011-06-21T18:14:11+00:00","article_modified_time":"2011-06-21T18:19:17+00:00","og_image":[{"url":"http:\/\/www.visit-ulcinj.com\/blog\/wp-content\/uploads\/2011\/06\/Ada-Bojana_Ulcinj_Montenegro.1.jpg"}],"twitter_misc":{"Written by":"ulqini","Est. reading time":"1 minute"},"schema":{"@context":"https:\/\/schema.org","@graph":[{"@type":"WebSite","@id":"https:\/\/www.visit-ulcinj.com\/blog\/#website","url":"https:\/\/www.visit-ulcinj.com\/blog\/","name":"Lajme nga Ulqini","description":"Lajme,Vijesti,Ulqini,Ulqin,Crna Gora,Mali i Zi","potentialAction":[{"@type":"SearchAction","target":{"@type":"EntryPoint","urlTemplate":"https:\/\/www.visit-ulcinj.com\/blog\/?s={search_term_string}"},"query-input":"required name=search_term_string"}],"inLanguage":"en-US"},{"@type":"ImageObject","inLanguage":"en-US","@id":"https:\/\/www.visit-ulcinj.com\/blog\/2011\/06\/21\/ada-bojana-kaska-za-velikom-plazom\/#primaryimage","url":"https:\/\/www.visit-ulcinj.com\/blog\/wp-content\/uploads\/2011\/06\/Ada-Bojana_Ulcinj_Montenegro.1.jpg","contentUrl":"https:\/\/www.visit-ulcinj.com\/blog\/wp-content\/uploads\/2011\/06\/Ada-Bojana_Ulcinj_Montenegro.1.jpg","width":"720","height":"480"},{"@type":"WebPage","@id":"https:\/\/www.visit-ulcinj.com\/blog\/2011\/06\/21\/ada-bojana-kaska-za-velikom-plazom\/#webpage","url":"https:\/\/www.visit-ulcinj.com\/blog\/2011\/06\/21\/ada-bojana-kaska-za-velikom-plazom\/","name":"Ada Bojana kaska za Velikom pla\u017eom - Lajme nga Ulqini","isPartOf":{"@id":"https:\/\/www.visit-ulcinj.com\/blog\/#website"},"primaryImageOfPage":{"@id":"https:\/\/www.visit-ulcinj.com\/blog\/2011\/06\/21\/ada-bojana-kaska-za-velikom-plazom\/#primaryimage"},"datePublished":"2011-06-21T18:14:11+00:00","dateModified":"2011-06-21T18:19:17+00:00","author":{"@id":"https:\/\/www.visit-ulcinj.com\/blog\/#\/schema\/person\/dcab619c614d3038751c63bc2aadc06d"},"description":"Vi\u0161e turista trenutno boravi na Velikoj pla\u017ei u Ulcinju nego na \u201egoli\u0161avoj\u201c Adi Bojani. Najvi\u0161e gostiju stiglo je iz \u010ce\u0161ke, Poljske, Rusije i Nema\u010dke.","breadcrumb":{"@id":"https:\/\/www.visit-ulcinj.com\/blog\/2011\/06\/21\/ada-bojana-kaska-za-velikom-plazom\/#breadcrumb"},"inLanguage":"en-US","potentialAction":[{"@type":"ReadAction","target":["https:\/\/www.visit-ulcinj.com\/blog\/2011\/06\/21\/ada-bojana-kaska-za-velikom-plazom\/"]}]},{"@type":"BreadcrumbList","@id":"https:\/\/www.visit-ulcinj.com\/blog\/2011\/06\/21\/ada-bojana-kaska-za-velikom-plazom\/#breadcrumb","itemListElement":[{"@type":"ListItem","position":1,"name":"Ada Bojana kaska za Velikom pla\u017eom"}]},{"@type":"Person","@id":"https:\/\/www.visit-ulcinj.com\/blog\/#\/schema\/person\/dcab619c614d3038751c63bc2aadc06d","name":"ulqini","sameAs":["http:\/\/www.visit-ulcinj.com"],"url":"https:\/\/www.visit-ulcinj.com\/blog\/author\/admin\/"}]}},"jetpack_featured_media_url":"","jetpack_sharing_enabled":true,"jetpack_shortlink":"https:\/\/wp.me\/pe6lTn-cvv","_links":{"self":[{"href":"https:\/\/www.visit-ulcinj.com\/blog\/wp-json\/wp\/v2\/posts\/48081"}],"collection":[{"href":"https:\/\/www.visit-ulcinj.com\/blog\/wp-json\/wp\/v2\/posts"}],"about":[{"href":"https:\/\/www.visit-ulcinj.com\/blog\/wp-json\/wp\/v2\/types\/post"}],"author":[{"embeddable":true,"href":"https:\/\/www.visit-ulcinj.com\/blog\/wp-json\/wp\/v2\/users\/1"}],"replies":[{"embeddable":true,"href":"https:\/\/www.visit-ulcinj.com\/blog\/wp-json\/wp\/v2\/comments?post=48081"}],"version-history":[{"count":4,"href":"https:\/\/www.visit-ulcinj.com\/blog\/wp-json\/wp\/v2\/posts\/48081\/revisions"}],"predecessor-version":[{"id":48087,"href":"https:\/\/www.visit-ulcinj.com\/blog\/wp-json\/wp\/v2\/posts\/48081\/revisions\/48087"}],"wp:attachment":[{"href":"https:\/\/www.visit-ulcinj.com\/blog\/wp-json\/wp\/v2\/media?parent=48081"}],"wp:term":[{"taxonomy":"category","embeddable":true,"href":"https:\/\/www.visit-ulcinj.com\/blog\/wp-json\/wp\/v2\/categories?post=48081"},{"taxonomy":"post_tag","embeddable":true,"href":"https:\/\/www.visit-ulcinj.com\/blog\/wp-json\/wp\/v2\/tags?post=48081"}],"curies":[{"name":"wp","href":"https:\/\/api.w.org\/{rel}","templated":true}]}}