{"id":48132,"date":"2011-06-23T18:17:12","date_gmt":"2011-06-23T17:17:12","guid":{"rendered":"http:\/\/www.visit-ulcinj.com\/blog\/?p=48132"},"modified":"2011-06-24T14:48:22","modified_gmt":"2011-06-24T13:48:22","slug":"shtepia-e-shendetit-ne-ulqin-e-gateshme-per-fluksin-e-madh-te-pacineteve","status":"publish","type":"post","link":"https:\/\/www.visit-ulcinj.com\/blog\/2011\/06\/23\/shtepia-e-shendetit-ne-ulqin-e-gateshme-per-fluksin-e-madh-te-pacineteve\/","title":{"rendered":"Sht\u00ebpia e sh\u00ebndetit ne Ulqin e gat\u00ebshme p\u00ebr fluksin e madh t\u00eb pacinet\u00ebve"},"content":{"rendered":"<p><a href=\"http:\/\/www.visit-ulcinj.com\/blog\/wp-content\/uploads\/2011\/06\/shtepija-e-shendetit-ulqin.jpg\"><img loading=\"lazy\" class=\"alignleft size-full wp-image-48133\" title=\"shtepija e shendetit ulqin\" src=\"http:\/\/www.visit-ulcinj.com\/blog\/wp-content\/uploads\/2011\/06\/shtepija-e-shendetit-ulqin.jpg\" alt=\"\" width=\"508\" height=\"381\" srcset=\"https:\/\/www.visit-ulcinj.com\/blog\/wp-content\/uploads\/2011\/06\/shtepija-e-shendetit-ulqin.jpg 508w, https:\/\/www.visit-ulcinj.com\/blog\/wp-content\/uploads\/2011\/06\/shtepija-e-shendetit-ulqin-300x224.jpg 300w\" sizes=\"(max-width: 508px) 100vw, 508px\" \/><\/a>P\u00ebrgatitja p\u00ebr sezonin turistik n\u00ebnkupton mobilizimin e t\u00eb gjitha sh\u00ebrbimeve shoq\u00ebrore, deri te sh\u00ebrbimi mjek\u00ebsor q\u00eb duhet t\u00eb jet n\u00eb nivelin e duhur sidomos n\u00eb ato mjedise ku pritet fluksi m\u00eb i madh i turist\u00ebve.<\/p>\n<p>Sht\u00ebpia e sh\u00ebndetit n\u00eb ulqin \u00ebsh\u00eb e p\u00ebrgatitur q\u00eb k\u00ebsj ver\u00eb t\u00eb p\u00ebrballoj fluksin e madh t\u00eb pacient\u00ebve , qoft\u00eb p\u00ebrmes personelit qoft\u00eb edhe me mjete t\u00eb nevojsshme, ka pohuar drejtori i k\u00ebti institucioni publik sh\u00ebndet\u00ebsor dr Gani Karamanga.<\/p>\n<p>Ai rekomandon shmangien e daljes n\u00eb or\u00ebt e drek\u00ebs p\u00ebr t\u00eb moshuarit dhe perosnat me probleme sh\u00ebndet\u00ebsore si dhe t\u00eb qendrojn\u00eb n\u00eb vende t\u00eb fresk\u00ebta.<\/p>\n<p><strong>TVCG<\/strong><\/p>\n","protected":false},"excerpt":{"rendered":"<p>P\u00ebrgatitja p\u00ebr sezonin turistik n\u00ebnkupton mobilizimin e t\u00eb gjitha sh\u00ebrbimeve shoq\u00ebrore, deri te sh\u00ebrbimi mjek\u00ebsor q\u00eb duhet t\u00eb jet n\u00eb nivelin e duhur sidomos n\u00eb ato mjedise ku pritet fluksi m\u00eb i madh i turist\u00ebve. Sht\u00ebpia e sh\u00ebndetit n\u00eb ulqin \u00ebsh\u00eb e p\u00ebrgatitur q\u00eb k\u00ebsj ver\u00eb t\u00eb p\u00ebrballoj fluksin e madh t\u00eb pacient\u00ebve , qoft\u00eb [&hellip;]<\/p>\n","protected":false},"author":1,"featured_media":0,"comment_status":"open","ping_status":"closed","sticky":false,"template":"","format":"standard","meta":{"spay_email":"","jetpack_publicize_message":"","jetpack_is_tweetstorm":false,"jetpack_publicize_feature_enabled":true},"categories":[1,12],"tags":[18502,18501],"jetpack_publicize_connections":[],"yoast_head":"<!-- This site is optimized with the Yoast SEO plugin v19.1 - https:\/\/yoast.com\/wordpress\/plugins\/seo\/ -->\n<title>Sht\u00ebpia e sh\u00ebndetit ne Ulqin e gat\u00ebshme p\u00ebr fluksin e madh t\u00eb pacinet\u00ebve - Lajme nga Ulqini<\/title>\n<meta name=\"description\" content=\"P\u00ebrgatitja p\u00ebr sezonin turistik n\u00ebnkupton mobilizimin e t\u00eb gjitha sh\u00ebrbimeve shoq\u00ebrore, deri te sh\u00ebrbimi mjek\u00ebsor q\u00eb duhet t\u00eb jet n\u00eb nivelin e duhur\" \/>\n<meta name=\"robots\" content=\"index, follow, max-snippet:-1, max-image-preview:large, max-video-preview:-1\" \/>\n<link rel=\"canonical\" href=\"https:\/\/www.visit-ulcinj.com\/blog\/2011\/06\/23\/shtepia-e-shendetit-ne-ulqin-e-gateshme-per-fluksin-e-madh-te-pacineteve\/\" \/>\n<meta property=\"og:locale\" content=\"en_US\" \/>\n<meta property=\"og:type\" content=\"article\" \/>\n<meta property=\"og:title\" content=\"Sht\u00ebpia e sh\u00ebndetit ne Ulqin e gat\u00ebshme p\u00ebr fluksin e madh t\u00eb pacinet\u00ebve - Lajme nga Ulqini\" \/>\n<meta property=\"og:description\" content=\"P\u00ebrgatitja p\u00ebr sezonin turistik n\u00ebnkupton mobilizimin e t\u00eb gjitha sh\u00ebrbimeve shoq\u00ebrore, deri te sh\u00ebrbimi mjek\u00ebsor q\u00eb duhet t\u00eb jet n\u00eb nivelin e duhur\" \/>\n<meta property=\"og:url\" content=\"https:\/\/www.visit-ulcinj.com\/blog\/2011\/06\/23\/shtepia-e-shendetit-ne-ulqin-e-gateshme-per-fluksin-e-madh-te-pacineteve\/\" \/>\n<meta property=\"og:site_name\" content=\"Lajme nga Ulqini\" \/>\n<meta property=\"article:published_time\" content=\"2011-06-23T17:17:12+00:00\" \/>\n<meta property=\"article:modified_time\" content=\"2011-06-24T13:48:22+00:00\" \/>\n<meta property=\"og:image\" content=\"http:\/\/www.visit-ulcinj.com\/blog\/wp-content\/uploads\/2011\/06\/shtepija-e-shendetit-ulqin.jpg\" \/>\n<meta name=\"twitter:label1\" content=\"Written by\" \/>\n\t<meta name=\"twitter:data1\" content=\"ulqini\" \/>\n\t<meta name=\"twitter:label2\" content=\"Est. reading time\" \/>\n\t<meta name=\"twitter:data2\" content=\"1 minute\" \/>\n<script type=\"application\/ld+json\" class=\"yoast-schema-graph\">{\"@context\":\"https:\/\/schema.org\",\"@graph\":[{\"@type\":\"WebSite\",\"@id\":\"https:\/\/www.visit-ulcinj.com\/blog\/#website\",\"url\":\"https:\/\/www.visit-ulcinj.com\/blog\/\",\"name\":\"Lajme nga Ulqini\",\"description\":\"Lajme,Vijesti,Ulqini,Ulqin,Crna Gora,Mali i Zi\",\"potentialAction\":[{\"@type\":\"SearchAction\",\"target\":{\"@type\":\"EntryPoint\",\"urlTemplate\":\"https:\/\/www.visit-ulcinj.com\/blog\/?s={search_term_string}\"},\"query-input\":\"required name=search_term_string\"}],\"inLanguage\":\"en-US\"},{\"@type\":\"ImageObject\",\"inLanguage\":\"en-US\",\"@id\":\"https:\/\/www.visit-ulcinj.com\/blog\/2011\/06\/23\/shtepia-e-shendetit-ne-ulqin-e-gateshme-per-fluksin-e-madh-te-pacineteve\/#primaryimage\",\"url\":\"https:\/\/www.visit-ulcinj.com\/blog\/wp-content\/uploads\/2011\/06\/shtepija-e-shendetit-ulqin.jpg\",\"contentUrl\":\"https:\/\/www.visit-ulcinj.com\/blog\/wp-content\/uploads\/2011\/06\/shtepija-e-shendetit-ulqin.jpg\",\"width\":\"508\",\"height\":\"381\"},{\"@type\":\"WebPage\",\"@id\":\"https:\/\/www.visit-ulcinj.com\/blog\/2011\/06\/23\/shtepia-e-shendetit-ne-ulqin-e-gateshme-per-fluksin-e-madh-te-pacineteve\/#webpage\",\"url\":\"https:\/\/www.visit-ulcinj.com\/blog\/2011\/06\/23\/shtepia-e-shendetit-ne-ulqin-e-gateshme-per-fluksin-e-madh-te-pacineteve\/\",\"name\":\"Sht\u00ebpia e sh\u00ebndetit ne Ulqin e gat\u00ebshme p\u00ebr fluksin e madh t\u00eb pacinet\u00ebve - Lajme nga Ulqini\",\"isPartOf\":{\"@id\":\"https:\/\/www.visit-ulcinj.com\/blog\/#website\"},\"primaryImageOfPage\":{\"@id\":\"https:\/\/www.visit-ulcinj.com\/blog\/2011\/06\/23\/shtepia-e-shendetit-ne-ulqin-e-gateshme-per-fluksin-e-madh-te-pacineteve\/#primaryimage\"},\"datePublished\":\"2011-06-23T17:17:12+00:00\",\"dateModified\":\"2011-06-24T13:48:22+00:00\",\"author\":{\"@id\":\"https:\/\/www.visit-ulcinj.com\/blog\/#\/schema\/person\/dcab619c614d3038751c63bc2aadc06d\"},\"description\":\"P\u00ebrgatitja p\u00ebr sezonin turistik n\u00ebnkupton mobilizimin e t\u00eb gjitha sh\u00ebrbimeve shoq\u00ebrore, deri te sh\u00ebrbimi mjek\u00ebsor q\u00eb duhet t\u00eb jet n\u00eb nivelin e duhur\",\"breadcrumb\":{\"@id\":\"https:\/\/www.visit-ulcinj.com\/blog\/2011\/06\/23\/shtepia-e-shendetit-ne-ulqin-e-gateshme-per-fluksin-e-madh-te-pacineteve\/#breadcrumb\"},\"inLanguage\":\"en-US\",\"potentialAction\":[{\"@type\":\"ReadAction\",\"target\":[\"https:\/\/www.visit-ulcinj.com\/blog\/2011\/06\/23\/shtepia-e-shendetit-ne-ulqin-e-gateshme-per-fluksin-e-madh-te-pacineteve\/\"]}]},{\"@type\":\"BreadcrumbList\",\"@id\":\"https:\/\/www.visit-ulcinj.com\/blog\/2011\/06\/23\/shtepia-e-shendetit-ne-ulqin-e-gateshme-per-fluksin-e-madh-te-pacineteve\/#breadcrumb\",\"itemListElement\":[{\"@type\":\"ListItem\",\"position\":1,\"name\":\"Sht\u00ebpia e sh\u00ebndetit ne Ulqin e gat\u00ebshme p\u00ebr fluksin e madh t\u00eb pacinet\u00ebve\"}]},{\"@type\":\"Person\",\"@id\":\"https:\/\/www.visit-ulcinj.com\/blog\/#\/schema\/person\/dcab619c614d3038751c63bc2aadc06d\",\"name\":\"ulqini\",\"sameAs\":[\"http:\/\/www.visit-ulcinj.com\"],\"url\":\"https:\/\/www.visit-ulcinj.com\/blog\/author\/admin\/\"}]}<\/script>\n<!-- \/ Yoast SEO plugin. -->","yoast_head_json":{"title":"Sht\u00ebpia e sh\u00ebndetit ne Ulqin e gat\u00ebshme p\u00ebr fluksin e madh t\u00eb pacinet\u00ebve - Lajme nga Ulqini","description":"P\u00ebrgatitja p\u00ebr sezonin turistik n\u00ebnkupton mobilizimin e t\u00eb gjitha sh\u00ebrbimeve shoq\u00ebrore, deri te sh\u00ebrbimi mjek\u00ebsor q\u00eb duhet t\u00eb jet n\u00eb nivelin e duhur","robots":{"index":"index","follow":"follow","max-snippet":"max-snippet:-1","max-image-preview":"max-image-preview:large","max-video-preview":"max-video-preview:-1"},"canonical":"https:\/\/www.visit-ulcinj.com\/blog\/2011\/06\/23\/shtepia-e-shendetit-ne-ulqin-e-gateshme-per-fluksin-e-madh-te-pacineteve\/","og_locale":"en_US","og_type":"article","og_title":"Sht\u00ebpia e sh\u00ebndetit ne Ulqin e gat\u00ebshme p\u00ebr fluksin e madh t\u00eb pacinet\u00ebve - Lajme nga Ulqini","og_description":"P\u00ebrgatitja p\u00ebr sezonin turistik n\u00ebnkupton mobilizimin e t\u00eb gjitha sh\u00ebrbimeve shoq\u00ebrore, deri te sh\u00ebrbimi mjek\u00ebsor q\u00eb duhet t\u00eb jet n\u00eb nivelin e duhur","og_url":"https:\/\/www.visit-ulcinj.com\/blog\/2011\/06\/23\/shtepia-e-shendetit-ne-ulqin-e-gateshme-per-fluksin-e-madh-te-pacineteve\/","og_site_name":"Lajme nga Ulqini","article_published_time":"2011-06-23T17:17:12+00:00","article_modified_time":"2011-06-24T13:48:22+00:00","og_image":[{"url":"http:\/\/www.visit-ulcinj.com\/blog\/wp-content\/uploads\/2011\/06\/shtepija-e-shendetit-ulqin.jpg"}],"twitter_misc":{"Written by":"ulqini","Est. reading time":"1 minute"},"schema":{"@context":"https:\/\/schema.org","@graph":[{"@type":"WebSite","@id":"https:\/\/www.visit-ulcinj.com\/blog\/#website","url":"https:\/\/www.visit-ulcinj.com\/blog\/","name":"Lajme nga Ulqini","description":"Lajme,Vijesti,Ulqini,Ulqin,Crna Gora,Mali i Zi","potentialAction":[{"@type":"SearchAction","target":{"@type":"EntryPoint","urlTemplate":"https:\/\/www.visit-ulcinj.com\/blog\/?s={search_term_string}"},"query-input":"required name=search_term_string"}],"inLanguage":"en-US"},{"@type":"ImageObject","inLanguage":"en-US","@id":"https:\/\/www.visit-ulcinj.com\/blog\/2011\/06\/23\/shtepia-e-shendetit-ne-ulqin-e-gateshme-per-fluksin-e-madh-te-pacineteve\/#primaryimage","url":"https:\/\/www.visit-ulcinj.com\/blog\/wp-content\/uploads\/2011\/06\/shtepija-e-shendetit-ulqin.jpg","contentUrl":"https:\/\/www.visit-ulcinj.com\/blog\/wp-content\/uploads\/2011\/06\/shtepija-e-shendetit-ulqin.jpg","width":"508","height":"381"},{"@type":"WebPage","@id":"https:\/\/www.visit-ulcinj.com\/blog\/2011\/06\/23\/shtepia-e-shendetit-ne-ulqin-e-gateshme-per-fluksin-e-madh-te-pacineteve\/#webpage","url":"https:\/\/www.visit-ulcinj.com\/blog\/2011\/06\/23\/shtepia-e-shendetit-ne-ulqin-e-gateshme-per-fluksin-e-madh-te-pacineteve\/","name":"Sht\u00ebpia e sh\u00ebndetit ne Ulqin e gat\u00ebshme p\u00ebr fluksin e madh t\u00eb pacinet\u00ebve - Lajme nga Ulqini","isPartOf":{"@id":"https:\/\/www.visit-ulcinj.com\/blog\/#website"},"primaryImageOfPage":{"@id":"https:\/\/www.visit-ulcinj.com\/blog\/2011\/06\/23\/shtepia-e-shendetit-ne-ulqin-e-gateshme-per-fluksin-e-madh-te-pacineteve\/#primaryimage"},"datePublished":"2011-06-23T17:17:12+00:00","dateModified":"2011-06-24T13:48:22+00:00","author":{"@id":"https:\/\/www.visit-ulcinj.com\/blog\/#\/schema\/person\/dcab619c614d3038751c63bc2aadc06d"},"description":"P\u00ebrgatitja p\u00ebr sezonin turistik n\u00ebnkupton mobilizimin e t\u00eb gjitha sh\u00ebrbimeve shoq\u00ebrore, deri te sh\u00ebrbimi mjek\u00ebsor q\u00eb duhet t\u00eb jet n\u00eb nivelin e duhur","breadcrumb":{"@id":"https:\/\/www.visit-ulcinj.com\/blog\/2011\/06\/23\/shtepia-e-shendetit-ne-ulqin-e-gateshme-per-fluksin-e-madh-te-pacineteve\/#breadcrumb"},"inLanguage":"en-US","potentialAction":[{"@type":"ReadAction","target":["https:\/\/www.visit-ulcinj.com\/blog\/2011\/06\/23\/shtepia-e-shendetit-ne-ulqin-e-gateshme-per-fluksin-e-madh-te-pacineteve\/"]}]},{"@type":"BreadcrumbList","@id":"https:\/\/www.visit-ulcinj.com\/blog\/2011\/06\/23\/shtepia-e-shendetit-ne-ulqin-e-gateshme-per-fluksin-e-madh-te-pacineteve\/#breadcrumb","itemListElement":[{"@type":"ListItem","position":1,"name":"Sht\u00ebpia e sh\u00ebndetit ne Ulqin e gat\u00ebshme p\u00ebr fluksin e madh t\u00eb pacinet\u00ebve"}]},{"@type":"Person","@id":"https:\/\/www.visit-ulcinj.com\/blog\/#\/schema\/person\/dcab619c614d3038751c63bc2aadc06d","name":"ulqini","sameAs":["http:\/\/www.visit-ulcinj.com"],"url":"https:\/\/www.visit-ulcinj.com\/blog\/author\/admin\/"}]}},"jetpack_featured_media_url":"","jetpack_sharing_enabled":true,"jetpack_shortlink":"https:\/\/wp.me\/pe6lTn-cwk","_links":{"self":[{"href":"https:\/\/www.visit-ulcinj.com\/blog\/wp-json\/wp\/v2\/posts\/48132"}],"collection":[{"href":"https:\/\/www.visit-ulcinj.com\/blog\/wp-json\/wp\/v2\/posts"}],"about":[{"href":"https:\/\/www.visit-ulcinj.com\/blog\/wp-json\/wp\/v2\/types\/post"}],"author":[{"embeddable":true,"href":"https:\/\/www.visit-ulcinj.com\/blog\/wp-json\/wp\/v2\/users\/1"}],"replies":[{"embeddable":true,"href":"https:\/\/www.visit-ulcinj.com\/blog\/wp-json\/wp\/v2\/comments?post=48132"}],"version-history":[{"count":2,"href":"https:\/\/www.visit-ulcinj.com\/blog\/wp-json\/wp\/v2\/posts\/48132\/revisions"}],"predecessor-version":[{"id":48145,"href":"https:\/\/www.visit-ulcinj.com\/blog\/wp-json\/wp\/v2\/posts\/48132\/revisions\/48145"}],"wp:attachment":[{"href":"https:\/\/www.visit-ulcinj.com\/blog\/wp-json\/wp\/v2\/media?parent=48132"}],"wp:term":[{"taxonomy":"category","embeddable":true,"href":"https:\/\/www.visit-ulcinj.com\/blog\/wp-json\/wp\/v2\/categories?post=48132"},{"taxonomy":"post_tag","embeddable":true,"href":"https:\/\/www.visit-ulcinj.com\/blog\/wp-json\/wp\/v2\/tags?post=48132"}],"curies":[{"name":"wp","href":"https:\/\/api.w.org\/{rel}","templated":true}]}}