{"id":48140,"date":"2011-06-24T14:45:03","date_gmt":"2011-06-24T13:45:03","guid":{"rendered":"http:\/\/www.visit-ulcinj.com\/blog\/?p=48140"},"modified":"2011-06-25T18:45:49","modified_gmt":"2011-06-25T17:45:49","slug":"ne-ulqin-dyfishohet-numri-i-turisteve","status":"publish","type":"post","link":"https:\/\/www.visit-ulcinj.com\/blog\/2011\/06\/24\/ne-ulqin-dyfishohet-numri-i-turisteve\/","title":{"rendered":"N\u00eb Ulqin dyfishohet numri i turist\u00ebve"},"content":{"rendered":"<p><strong><a href=\"http:\/\/www.visit-ulcinj.com\/blog\/wp-content\/uploads\/2011\/06\/Ulqin_-dyfishohet-numri-i-turisteve.jpg\"><img loading=\"lazy\" class=\"alignleft size-large wp-image-48141\" title=\"Ulqin_ dyfishohet numri i turisteve\" src=\"http:\/\/www.visit-ulcinj.com\/blog\/wp-content\/uploads\/2011\/06\/Ulqin_-dyfishohet-numri-i-turisteve-1024x768.jpg\" alt=\"\" width=\"508\" height=\"380\" srcset=\"https:\/\/www.visit-ulcinj.com\/blog\/wp-content\/uploads\/2011\/06\/Ulqin_-dyfishohet-numri-i-turisteve-1024x768.jpg 1024w, https:\/\/www.visit-ulcinj.com\/blog\/wp-content\/uploads\/2011\/06\/Ulqin_-dyfishohet-numri-i-turisteve-300x225.jpg 300w, https:\/\/www.visit-ulcinj.com\/blog\/wp-content\/uploads\/2011\/06\/Ulqin_-dyfishohet-numri-i-turisteve.jpg 1080w\" sizes=\"(max-width: 508px) 100vw, 508px\" \/><\/a>Nga Hatixhe Nelaj<\/strong><br \/>\nTemperaturat e larta q\u00eb mbizotrojn\u00eb k\u00ebto dit\u00eb ,mbyllja e shkollave ,kan\u00eb sjell\u00eb edhe fluks m\u00eb t\u00eb madh turist\u00ebsh q\u00eb indikator m\u00eb i mire \u00ebsht\u00eb numri i turist\u00ebve q\u00eb kan\u00eb hyr\u00eb n\u00eb pik\u00ebn kufitare Sukubin\u00eb gjat\u00eb 24 or\u00ebve t\u00eb fundit.<\/p>\n<p>Nga udh\u00ebheq\u00ebsi \u00a0policis\u00eb kufitare Svetisllav Filipoviq \u00a0njohftohemi se mbrenda 24 or\u00ebve n\u00eb k\u00ebt\u00eb pike kufitare kan\u00eb hyr\u00eb 5.172 udh\u00ebtar,q\u00eb \u00ebsht\u00eb 30.39% m\u00eb shum\u00eb se vitin e kaluar n\u00eb t\u00eb nj\u00ebjt\u00ebn periudh\u00eb.Nd\u00ebrkaq n\u00eb k\u00ebt\u00eb pik\u00eb kufitare brenda nj\u00eb dite kan\u00eb hyr\u00eb 25.81% m\u00eb shum\u00eb autovetura.<\/p>\n<p>N\u00eb dit\u00ebn e sotme n\u00eb komun\u00ebn tone jan\u00eb duke q\u00ebndruar 3.084 mysafir t\u00eb regjistruar,q\u00eb \u00ebsht\u00eb 56% m\u00eb shum\u00eb se vitin e kaluar n\u00eb t\u00eb nj\u00ebjt\u00ebn periudh\u00eb.<\/p>\n<p>1,960 turist\u00eb kan\u00eb zgjedhur sht\u00ebpiat private p\u00ebr t\u00eb pushuar,nd\u00ebrkaq n\u00eb objektet hoteliere jan\u00eb t\u00eb vendosur 925 turist.Nj\u00eb num\u00ebr m\u00eb i vog\u00ebl i turist\u00ebve \u00ebsht\u00eb strehuar n\u00eb kampe dhe pushimore gjithsejt 200 veta.<br \/>\n<a href=\"http:\/\/www.visit-ulcinj.com\/blog\/wp-content\/uploads\/2011\/06\/plazha-madhe-.jpg\"><img loading=\"lazy\" class=\"alignleft size-full wp-image-48142\" title=\"plazha madhe-\" src=\"http:\/\/www.visit-ulcinj.com\/blog\/wp-content\/uploads\/2011\/06\/plazha-madhe-.jpg\" alt=\"\" width=\"508\" height=\"340\" \/><\/a><\/p>\n<p>Mbase premtimet e zyrtar\u00ebve t\u00eb lart\u00eb t\u00eb komun\u00ebs,dhe njoh\u00ebs\u00ebve t\u00eb mir\u00eb t\u00eb fush\u00ebs s\u00eb turizmit ,se \u00a0k\u00ebt\u00eb vit do ta thejm\u00eb rekordin me numrin e turist\u00ebve, ka gjasa t\u00eb realizohet,n\u00ebse bazohemi n\u00eb fjal\u00ebn e urt\u00eb popullore\u201dDita e mire shihet n\u00eb m\u00ebngjes\u201d<\/p>\n<p>Si\u00e7 duket Ulqini vazhdon t\u00eb jet\u00eb destinacion i preferuar i turist\u00ebve nga Kosova dhe ata i mbet\u00ebn besnik Ulqinit,ndon\u00ebse sipas targave t\u00eb makinave, k\u00ebt\u00eb vit kemi nj\u00eb strukture t\u00eb p\u00ebrzier t\u00eb mysafir\u00ebve.P\u00ebr t\u00eb kaluar pushimet verore k\u00ebt\u00eb vit ka paralajm\u00ebrime se do t\u00eb kemi num\u00ebr m\u00eb t\u00eb madh t\u00eb mysafir\u00ebve nga Bosnja e Hercegovina,Maqedonia,Polonia \u00c7ekia,Gjermania e vende t\u00eb tjera t\u00eb rajonit.<\/p>\n<p>P\u00ebr nj\u00eb sezon\u00eb t\u00eb sukseshme jan\u00eb t\u00eb angazhaur t\u00eb gjith\u00eb institucionet q\u00eb jan\u00eb ngusht t\u00eb lidhur me k\u00ebt\u00eb vepritari,si Komuna e Ulqinit,policia,Sh\u00ebrbimi i mbrojtjes dhe siguris\u00eb,Nd\u00ebrmarrja Komunale Publike,Sht\u00ebpia e Sh\u00ebndetit,por jan\u00eb mobilizuar edhe t\u00eb gjith\u00eb sh\u00ebrbimet shoq\u00ebrore.<\/p>\n<p>Nga Sh\u00ebrbimi i Mbrojtjes dhe Siguris\u00eb njohftohemi se ka qen\u00eb nj\u00eb jav\u00eb e qet\u00eb,\u00ebsht\u00eb intervenuar n\u00eb shuarjen e 4 zjarreve q\u00eb kan\u00eb pasur karakter lokal,por nj\u00ebherit nga ky Sh\u00ebrbim apelojn\u00eb tek t\u00eb gjith\u00eb qytetar\u00ebt e komuns,dhe pushuesit, t\u00eb ken\u00eb kujdes n\u00eb p\u00ebrdorimin e l\u00ebndeve djeg\u00ebse.Rikujtojm\u00eb q\u00eb me 1 korrik hyn n\u00eb fuqi urdh\u00ebri i kryetarit t\u00eb komun\u00ebs p\u00ebr ndalimin e zjarrit n\u00eb sip\u00ebrfaqe t\u00eb hapur.<a href=\"http:\/\/www.visit-ulcinj.com\/blog\/wp-content\/uploads\/2011\/06\/prim-dr-gani-karamanaga.jpg\"><img loading=\"lazy\" class=\"alignleft size-medium wp-image-48143\" title=\"prim-dr-gani-karamanaga\" src=\"http:\/\/www.visit-ulcinj.com\/blog\/wp-content\/uploads\/2011\/06\/prim-dr-gani-karamanaga-300x295.jpg\" alt=\"\" width=\"303\" height=\"250\" \/><\/a><\/p>\n<p>Edhe n\u00eb Sht\u00ebpin\u00eb e Sh\u00ebndetit n\u00eb Ulqinin njohftohemi nga Drejtori i k\u00ebtij institucioni sh\u00ebndet\u00ebsor \u00a0gani Karamanaga se i kan\u00eb b\u00ebr\u00eb t\u00eb gjitha p\u00ebrgatitjet e duhura p\u00ebr sezonin veror q\u00eb t\u00eb p\u00ebrballojn\u00eb fluks m\u00eb t\u00eb madh t\u00eb pacient\u00ebve qoft\u00eb perms personelit,por edhe perms mjeteve t\u00eb nevojshme.<\/p>\n<p>Nd\u00ebrkaq nga Stacioni i Autobus\u00ebve n\u00eb Ulqin njohftohemi se k\u00ebtu sot n\u00eb m\u00ebngjes kan\u00eb arritur 9 autobus, n\u00eb p\u00ebrgjith\u00ebsi nga Kosova.N\u00eb krahasim me vitin e kaluar k\u00ebtu kemi nj\u00eb r\u00ebnje t\u00eb numrit t\u00eb udh\u00ebtar\u00ebve.<\/p>\n<p>Inspekcionet turistike jan\u00eb n\u00eb terren dhe nga organet kopetente paralajm\u00ebrojn\u00eb masa m\u00eb rigoroze p\u00ebr qiradh\u00ebn\u00ebsit e dhomave t\u00eb cil\u00ebt nuk i paraqesin mysafir\u00ebt e vet.<\/p>\n<!--YouTube Error: bad URL entered-->\n","protected":false},"excerpt":{"rendered":"<p>Nga Hatixhe Nelaj Temperaturat e larta q\u00eb mbizotrojn\u00eb k\u00ebto dit\u00eb ,mbyllja e shkollave ,kan\u00eb sjell\u00eb edhe fluks m\u00eb t\u00eb madh turist\u00ebsh q\u00eb indikator m\u00eb i mire \u00ebsht\u00eb numri i turist\u00ebve q\u00eb kan\u00eb hyr\u00eb n\u00eb pik\u00ebn kufitare Sukubin\u00eb gjat\u00eb 24 or\u00ebve t\u00eb fundit. Nga udh\u00ebheq\u00ebsi \u00a0policis\u00eb kufitare Svetisllav Filipoviq \u00a0njohftohemi se mbrenda 24 or\u00ebve n\u00eb k\u00ebt\u00eb [&hellip;]<\/p>\n","protected":false},"author":1,"featured_media":0,"comment_status":"open","ping_status":"closed","sticky":false,"template":"","format":"standard","meta":{"spay_email":"","jetpack_publicize_message":"","jetpack_is_tweetstorm":false,"jetpack_publicize_feature_enabled":true},"categories":[10,1],"tags":[3901,8722,18505,4150,8870,18506,7666,14887,18507,18504,7671,18503,18508],"jetpack_publicize_connections":[],"yoast_head":"<!-- This site is optimized with the Yoast SEO plugin v19.1 - https:\/\/yoast.com\/wordpress\/plugins\/seo\/ -->\n<title>N\u00eb Ulqin dyfishohet numri i turist\u00ebve - Lajme nga Ulqini<\/title>\n<meta name=\"description\" content=\"Nga Hatixhe Nelaj Temperaturat e larta q\u00eb mbizotrojn\u00eb k\u00ebto dit\u00eb ,mbyllja e shkollave ,kan\u00eb sjell\u00eb edhe fluks m\u00eb t\u00eb madh turist\u00ebsh q\u00eb indikator m\u00eb i mire\" \/>\n<meta name=\"robots\" content=\"index, follow, max-snippet:-1, max-image-preview:large, max-video-preview:-1\" \/>\n<link rel=\"canonical\" href=\"https:\/\/www.visit-ulcinj.com\/blog\/2011\/06\/24\/ne-ulqin-dyfishohet-numri-i-turisteve\/\" \/>\n<meta property=\"og:locale\" content=\"en_US\" \/>\n<meta property=\"og:type\" content=\"article\" \/>\n<meta property=\"og:title\" content=\"N\u00eb Ulqin dyfishohet numri i turist\u00ebve - Lajme nga Ulqini\" \/>\n<meta property=\"og:description\" content=\"Nga Hatixhe Nelaj Temperaturat e larta q\u00eb mbizotrojn\u00eb k\u00ebto dit\u00eb ,mbyllja e shkollave ,kan\u00eb sjell\u00eb edhe fluks m\u00eb t\u00eb madh turist\u00ebsh q\u00eb indikator m\u00eb i mire\" \/>\n<meta property=\"og:url\" content=\"https:\/\/www.visit-ulcinj.com\/blog\/2011\/06\/24\/ne-ulqin-dyfishohet-numri-i-turisteve\/\" \/>\n<meta property=\"og:site_name\" content=\"Lajme nga Ulqini\" \/>\n<meta property=\"article:published_time\" content=\"2011-06-24T13:45:03+00:00\" \/>\n<meta property=\"article:modified_time\" content=\"2011-06-25T17:45:49+00:00\" \/>\n<meta property=\"og:image\" content=\"http:\/\/www.visit-ulcinj.com\/blog\/wp-content\/uploads\/2011\/06\/Ulqin_-dyfishohet-numri-i-turisteve-1024x768.jpg\" \/>\n<meta name=\"twitter:label1\" content=\"Written by\" \/>\n\t<meta name=\"twitter:data1\" content=\"ulqini\" \/>\n\t<meta name=\"twitter:label2\" content=\"Est. reading time\" \/>\n\t<meta name=\"twitter:data2\" content=\"3 minutes\" \/>\n<script type=\"application\/ld+json\" class=\"yoast-schema-graph\">{\"@context\":\"https:\/\/schema.org\",\"@graph\":[{\"@type\":\"WebSite\",\"@id\":\"https:\/\/www.visit-ulcinj.com\/blog\/#website\",\"url\":\"https:\/\/www.visit-ulcinj.com\/blog\/\",\"name\":\"Lajme nga Ulqini\",\"description\":\"Lajme,Vijesti,Ulqini,Ulqin,Crna Gora,Mali i Zi\",\"potentialAction\":[{\"@type\":\"SearchAction\",\"target\":{\"@type\":\"EntryPoint\",\"urlTemplate\":\"https:\/\/www.visit-ulcinj.com\/blog\/?s={search_term_string}\"},\"query-input\":\"required name=search_term_string\"}],\"inLanguage\":\"en-US\"},{\"@type\":\"ImageObject\",\"inLanguage\":\"en-US\",\"@id\":\"https:\/\/www.visit-ulcinj.com\/blog\/2011\/06\/24\/ne-ulqin-dyfishohet-numri-i-turisteve\/#primaryimage\",\"url\":\"https:\/\/www.visit-ulcinj.com\/blog\/wp-content\/uploads\/2011\/06\/Ulqin_-dyfishohet-numri-i-turisteve.jpg\",\"contentUrl\":\"https:\/\/www.visit-ulcinj.com\/blog\/wp-content\/uploads\/2011\/06\/Ulqin_-dyfishohet-numri-i-turisteve.jpg\",\"width\":\"1080\",\"height\":\"810\"},{\"@type\":\"WebPage\",\"@id\":\"https:\/\/www.visit-ulcinj.com\/blog\/2011\/06\/24\/ne-ulqin-dyfishohet-numri-i-turisteve\/#webpage\",\"url\":\"https:\/\/www.visit-ulcinj.com\/blog\/2011\/06\/24\/ne-ulqin-dyfishohet-numri-i-turisteve\/\",\"name\":\"N\u00eb Ulqin dyfishohet numri i turist\u00ebve - Lajme nga Ulqini\",\"isPartOf\":{\"@id\":\"https:\/\/www.visit-ulcinj.com\/blog\/#website\"},\"primaryImageOfPage\":{\"@id\":\"https:\/\/www.visit-ulcinj.com\/blog\/2011\/06\/24\/ne-ulqin-dyfishohet-numri-i-turisteve\/#primaryimage\"},\"datePublished\":\"2011-06-24T13:45:03+00:00\",\"dateModified\":\"2011-06-25T17:45:49+00:00\",\"author\":{\"@id\":\"https:\/\/www.visit-ulcinj.com\/blog\/#\/schema\/person\/dcab619c614d3038751c63bc2aadc06d\"},\"description\":\"Nga Hatixhe Nelaj Temperaturat e larta q\u00eb mbizotrojn\u00eb k\u00ebto dit\u00eb ,mbyllja e shkollave ,kan\u00eb sjell\u00eb edhe fluks m\u00eb t\u00eb madh turist\u00ebsh q\u00eb indikator m\u00eb i mire\",\"breadcrumb\":{\"@id\":\"https:\/\/www.visit-ulcinj.com\/blog\/2011\/06\/24\/ne-ulqin-dyfishohet-numri-i-turisteve\/#breadcrumb\"},\"inLanguage\":\"en-US\",\"potentialAction\":[{\"@type\":\"ReadAction\",\"target\":[\"https:\/\/www.visit-ulcinj.com\/blog\/2011\/06\/24\/ne-ulqin-dyfishohet-numri-i-turisteve\/\"]}]},{\"@type\":\"BreadcrumbList\",\"@id\":\"https:\/\/www.visit-ulcinj.com\/blog\/2011\/06\/24\/ne-ulqin-dyfishohet-numri-i-turisteve\/#breadcrumb\",\"itemListElement\":[{\"@type\":\"ListItem\",\"position\":1,\"name\":\"N\u00eb Ulqin dyfishohet numri i turist\u00ebve\"}]},{\"@type\":\"Person\",\"@id\":\"https:\/\/www.visit-ulcinj.com\/blog\/#\/schema\/person\/dcab619c614d3038751c63bc2aadc06d\",\"name\":\"ulqini\",\"sameAs\":[\"http:\/\/www.visit-ulcinj.com\"],\"url\":\"https:\/\/www.visit-ulcinj.com\/blog\/author\/admin\/\"}]}<\/script>\n<!-- \/ Yoast SEO plugin. -->","yoast_head_json":{"title":"N\u00eb Ulqin dyfishohet numri i turist\u00ebve - Lajme nga Ulqini","description":"Nga Hatixhe Nelaj Temperaturat e larta q\u00eb mbizotrojn\u00eb k\u00ebto dit\u00eb ,mbyllja e shkollave ,kan\u00eb sjell\u00eb edhe fluks m\u00eb t\u00eb madh turist\u00ebsh q\u00eb indikator m\u00eb i mire","robots":{"index":"index","follow":"follow","max-snippet":"max-snippet:-1","max-image-preview":"max-image-preview:large","max-video-preview":"max-video-preview:-1"},"canonical":"https:\/\/www.visit-ulcinj.com\/blog\/2011\/06\/24\/ne-ulqin-dyfishohet-numri-i-turisteve\/","og_locale":"en_US","og_type":"article","og_title":"N\u00eb Ulqin dyfishohet numri i turist\u00ebve - Lajme nga Ulqini","og_description":"Nga Hatixhe Nelaj Temperaturat e larta q\u00eb mbizotrojn\u00eb k\u00ebto dit\u00eb ,mbyllja e shkollave ,kan\u00eb sjell\u00eb edhe fluks m\u00eb t\u00eb madh turist\u00ebsh q\u00eb indikator m\u00eb i mire","og_url":"https:\/\/www.visit-ulcinj.com\/blog\/2011\/06\/24\/ne-ulqin-dyfishohet-numri-i-turisteve\/","og_site_name":"Lajme nga Ulqini","article_published_time":"2011-06-24T13:45:03+00:00","article_modified_time":"2011-06-25T17:45:49+00:00","og_image":[{"url":"http:\/\/www.visit-ulcinj.com\/blog\/wp-content\/uploads\/2011\/06\/Ulqin_-dyfishohet-numri-i-turisteve-1024x768.jpg"}],"twitter_misc":{"Written by":"ulqini","Est. reading time":"3 minutes"},"schema":{"@context":"https:\/\/schema.org","@graph":[{"@type":"WebSite","@id":"https:\/\/www.visit-ulcinj.com\/blog\/#website","url":"https:\/\/www.visit-ulcinj.com\/blog\/","name":"Lajme nga Ulqini","description":"Lajme,Vijesti,Ulqini,Ulqin,Crna Gora,Mali i Zi","potentialAction":[{"@type":"SearchAction","target":{"@type":"EntryPoint","urlTemplate":"https:\/\/www.visit-ulcinj.com\/blog\/?s={search_term_string}"},"query-input":"required name=search_term_string"}],"inLanguage":"en-US"},{"@type":"ImageObject","inLanguage":"en-US","@id":"https:\/\/www.visit-ulcinj.com\/blog\/2011\/06\/24\/ne-ulqin-dyfishohet-numri-i-turisteve\/#primaryimage","url":"https:\/\/www.visit-ulcinj.com\/blog\/wp-content\/uploads\/2011\/06\/Ulqin_-dyfishohet-numri-i-turisteve.jpg","contentUrl":"https:\/\/www.visit-ulcinj.com\/blog\/wp-content\/uploads\/2011\/06\/Ulqin_-dyfishohet-numri-i-turisteve.jpg","width":"1080","height":"810"},{"@type":"WebPage","@id":"https:\/\/www.visit-ulcinj.com\/blog\/2011\/06\/24\/ne-ulqin-dyfishohet-numri-i-turisteve\/#webpage","url":"https:\/\/www.visit-ulcinj.com\/blog\/2011\/06\/24\/ne-ulqin-dyfishohet-numri-i-turisteve\/","name":"N\u00eb Ulqin dyfishohet numri i turist\u00ebve - Lajme nga Ulqini","isPartOf":{"@id":"https:\/\/www.visit-ulcinj.com\/blog\/#website"},"primaryImageOfPage":{"@id":"https:\/\/www.visit-ulcinj.com\/blog\/2011\/06\/24\/ne-ulqin-dyfishohet-numri-i-turisteve\/#primaryimage"},"datePublished":"2011-06-24T13:45:03+00:00","dateModified":"2011-06-25T17:45:49+00:00","author":{"@id":"https:\/\/www.visit-ulcinj.com\/blog\/#\/schema\/person\/dcab619c614d3038751c63bc2aadc06d"},"description":"Nga Hatixhe Nelaj Temperaturat e larta q\u00eb mbizotrojn\u00eb k\u00ebto dit\u00eb ,mbyllja e shkollave ,kan\u00eb sjell\u00eb edhe fluks m\u00eb t\u00eb madh turist\u00ebsh q\u00eb indikator m\u00eb i mire","breadcrumb":{"@id":"https:\/\/www.visit-ulcinj.com\/blog\/2011\/06\/24\/ne-ulqin-dyfishohet-numri-i-turisteve\/#breadcrumb"},"inLanguage":"en-US","potentialAction":[{"@type":"ReadAction","target":["https:\/\/www.visit-ulcinj.com\/blog\/2011\/06\/24\/ne-ulqin-dyfishohet-numri-i-turisteve\/"]}]},{"@type":"BreadcrumbList","@id":"https:\/\/www.visit-ulcinj.com\/blog\/2011\/06\/24\/ne-ulqin-dyfishohet-numri-i-turisteve\/#breadcrumb","itemListElement":[{"@type":"ListItem","position":1,"name":"N\u00eb Ulqin dyfishohet numri i turist\u00ebve"}]},{"@type":"Person","@id":"https:\/\/www.visit-ulcinj.com\/blog\/#\/schema\/person\/dcab619c614d3038751c63bc2aadc06d","name":"ulqini","sameAs":["http:\/\/www.visit-ulcinj.com"],"url":"https:\/\/www.visit-ulcinj.com\/blog\/author\/admin\/"}]}},"jetpack_featured_media_url":"","jetpack_sharing_enabled":true,"jetpack_shortlink":"https:\/\/wp.me\/pe6lTn-cws","_links":{"self":[{"href":"https:\/\/www.visit-ulcinj.com\/blog\/wp-json\/wp\/v2\/posts\/48140"}],"collection":[{"href":"https:\/\/www.visit-ulcinj.com\/blog\/wp-json\/wp\/v2\/posts"}],"about":[{"href":"https:\/\/www.visit-ulcinj.com\/blog\/wp-json\/wp\/v2\/types\/post"}],"author":[{"embeddable":true,"href":"https:\/\/www.visit-ulcinj.com\/blog\/wp-json\/wp\/v2\/users\/1"}],"replies":[{"embeddable":true,"href":"https:\/\/www.visit-ulcinj.com\/blog\/wp-json\/wp\/v2\/comments?post=48140"}],"version-history":[{"count":3,"href":"https:\/\/www.visit-ulcinj.com\/blog\/wp-json\/wp\/v2\/posts\/48140\/revisions"}],"predecessor-version":[{"id":48241,"href":"https:\/\/www.visit-ulcinj.com\/blog\/wp-json\/wp\/v2\/posts\/48140\/revisions\/48241"}],"wp:attachment":[{"href":"https:\/\/www.visit-ulcinj.com\/blog\/wp-json\/wp\/v2\/media?parent=48140"}],"wp:term":[{"taxonomy":"category","embeddable":true,"href":"https:\/\/www.visit-ulcinj.com\/blog\/wp-json\/wp\/v2\/categories?post=48140"},{"taxonomy":"post_tag","embeddable":true,"href":"https:\/\/www.visit-ulcinj.com\/blog\/wp-json\/wp\/v2\/tags?post=48140"}],"curies":[{"name":"wp","href":"https:\/\/api.w.org\/{rel}","templated":true}]}}