{"id":48146,"date":"2011-06-24T15:03:11","date_gmt":"2011-06-24T14:03:11","guid":{"rendered":"http:\/\/www.visit-ulcinj.com\/blog\/?p=48146"},"modified":"2011-06-24T15:15:23","modified_gmt":"2011-06-24T14:15:23","slug":"dinosha-ambasador-ne-tirane-hajdinaga-kryetar-i-udsh-se","status":"publish","type":"post","link":"https:\/\/www.visit-ulcinj.com\/blog\/2011\/06\/24\/dinosha-ambasador-ne-tirane-hajdinaga-kryetar-i-udsh-se\/","title":{"rendered":"Dinosha ambasador n\u00eb Tiran\u00eb, Hajdinaga kryetar i UDSH-s\u00eb?"},"content":{"rendered":"<p><a href=\"http:\/\/www.visit-ulcinj.com\/blog\/wp-content\/uploads\/2011\/06\/dinosha-hajdinaga.1.jpg\"><img loading=\"lazy\" class=\"alignleft size-full wp-image-48147\" title=\"dinosha-hajdinaga.1\" src=\"http:\/\/www.visit-ulcinj.com\/blog\/wp-content\/uploads\/2011\/06\/dinosha-hajdinaga.1.jpg\" alt=\"\" width=\"326\" height=\"343\" srcset=\"https:\/\/www.visit-ulcinj.com\/blog\/wp-content\/uploads\/2011\/06\/dinosha-hajdinaga.1.jpg 326w, https:\/\/www.visit-ulcinj.com\/blog\/wp-content\/uploads\/2011\/06\/dinosha-hajdinaga.1-285x300.jpg 285w\" sizes=\"(max-width: 326px) 100vw, 326px\" \/><\/a>Me largimin e mundsh\u00ebm t\u00eb Dinosh\u00ebs nga posti i ministrit i t\u00eb drejtave t\u00eb nj\u00ebriut dhe pakicave priten edhe ndryshime n\u00eb struktur\u00ebn udh\u00ebheq\u00ebse t\u00eb partis\u00eb shqiptare, UDSH-s\u00eb, e cila participon n\u00eb qeverine e Malit t\u00eb Zi.<\/p>\n<p>Sipas infomacioneve nga e p\u00ebrditshmja malazeze \u2018Vijesti\u2019, deri n\u00eb fund t\u00eb vitit pritet q\u00eb Dinosha t\u00eb jet\u00eb ambasador i Malit t\u00eb Zi n\u00eb Tiran\u00eb ose Budapest. Ai nj\u00ebheri do t\u00eb l\u00ebr\u00eb edhe postin e kryetarit t\u00eb partise, mandati i t\u00eb cilit skadon n\u00eb shkurt t\u00eb vitit t\u00eb ardhsh\u00ebm. Kandidat\u00ebt e mundsh\u00ebm p\u00ebr kryetar t\u00eb ri t\u00eb partis\u00eb jan\u00eb Gzim Hajdinaga &#8211; kryetar i komun\u00ebs s\u00eb Ulqinit dhe Mehmet Zenka \u2013 deputet n\u00eb parlamentin e Malit t\u00eb Zi.<\/p>\n<p>Poashtu, sipas t\u00eb t\u00eb nj\u00ebjtit burim m\u00ebsohet se ministrin\u00eb e drejteve t\u00eb nj\u00ebriut dhe pakicave do ta mbaj\u00eb edhe m\u00eb tejUDHS-ja dhe pritet t\u00eb jet\u00eb Hamdi Hasani, zyrtar\u00eb i lart\u00eb n\u00eb konzullat\u00ebn malazeze n\u00eb Nju Jork.<\/p>\n<p><strong>Promul Ulqin<\/strong><\/p>\n<p><!--YouTube Error: bad URL entered--><strong><br \/>\n<\/strong><\/p>\n","protected":false},"excerpt":{"rendered":"<p>Me largimin e mundsh\u00ebm t\u00eb Dinosh\u00ebs nga posti i ministrit i t\u00eb drejtave t\u00eb nj\u00ebriut dhe pakicave priten edhe ndryshime n\u00eb struktur\u00ebn udh\u00ebheq\u00ebse t\u00eb partis\u00eb shqiptare, UDSH-s\u00eb, e cila participon n\u00eb qeverine e Malit t\u00eb Zi. Sipas infomacioneve nga e p\u00ebrditshmja malazeze \u2018Vijesti\u2019, deri n\u00eb fund t\u00eb vitit pritet q\u00eb Dinosha t\u00eb jet\u00eb ambasador i [&hellip;]<\/p>\n","protected":false},"author":1,"featured_media":0,"comment_status":"open","ping_status":"closed","sticky":false,"template":"","format":"standard","meta":{"spay_email":"","jetpack_publicize_message":"","jetpack_is_tweetstorm":false,"jetpack_publicize_feature_enabled":true},"categories":[6],"tags":[97,2394,200],"jetpack_publicize_connections":[],"yoast_head":"<!-- This site is optimized with the Yoast SEO plugin v19.1 - https:\/\/yoast.com\/wordpress\/plugins\/seo\/ -->\n<title>Dinosha ambasador n\u00eb Tiran\u00eb, Hajdinaga kryetar i UDSH-s\u00eb? - Lajme nga Ulqini<\/title>\n<meta name=\"description\" content=\"Me largimin e mundsh\u00ebm t\u00eb Dinosh\u00ebs nga posti i ministrit i t\u00eb drejtave t\u00eb nj\u00ebriut dhe pakicave priten edhe ndryshime n\u00eb struktur\u00ebn udh\u00ebheq\u00ebse t\u00eb partis\u00eb\" \/>\n<meta name=\"robots\" content=\"index, follow, max-snippet:-1, max-image-preview:large, max-video-preview:-1\" \/>\n<link rel=\"canonical\" href=\"https:\/\/www.visit-ulcinj.com\/blog\/2011\/06\/24\/dinosha-ambasador-ne-tirane-hajdinaga-kryetar-i-udsh-se\/\" \/>\n<meta property=\"og:locale\" content=\"en_US\" \/>\n<meta property=\"og:type\" content=\"article\" \/>\n<meta property=\"og:title\" content=\"Dinosha ambasador n\u00eb Tiran\u00eb, Hajdinaga kryetar i UDSH-s\u00eb? - Lajme nga Ulqini\" \/>\n<meta property=\"og:description\" content=\"Me largimin e mundsh\u00ebm t\u00eb Dinosh\u00ebs nga posti i ministrit i t\u00eb drejtave t\u00eb nj\u00ebriut dhe pakicave priten edhe ndryshime n\u00eb struktur\u00ebn udh\u00ebheq\u00ebse t\u00eb partis\u00eb\" \/>\n<meta property=\"og:url\" content=\"https:\/\/www.visit-ulcinj.com\/blog\/2011\/06\/24\/dinosha-ambasador-ne-tirane-hajdinaga-kryetar-i-udsh-se\/\" \/>\n<meta property=\"og:site_name\" content=\"Lajme nga Ulqini\" \/>\n<meta property=\"article:published_time\" content=\"2011-06-24T14:03:11+00:00\" \/>\n<meta property=\"article:modified_time\" content=\"2011-06-24T14:15:23+00:00\" \/>\n<meta property=\"og:image\" content=\"http:\/\/www.visit-ulcinj.com\/blog\/wp-content\/uploads\/2011\/06\/dinosha-hajdinaga.1.jpg\" \/>\n<meta name=\"twitter:label1\" content=\"Written by\" \/>\n\t<meta name=\"twitter:data1\" content=\"ulqini\" \/>\n\t<meta name=\"twitter:label2\" content=\"Est. reading time\" \/>\n\t<meta name=\"twitter:data2\" content=\"1 minute\" \/>\n<script type=\"application\/ld+json\" class=\"yoast-schema-graph\">{\"@context\":\"https:\/\/schema.org\",\"@graph\":[{\"@type\":\"WebSite\",\"@id\":\"https:\/\/www.visit-ulcinj.com\/blog\/#website\",\"url\":\"https:\/\/www.visit-ulcinj.com\/blog\/\",\"name\":\"Lajme nga Ulqini\",\"description\":\"Lajme,Vijesti,Ulqini,Ulqin,Crna Gora,Mali i Zi\",\"potentialAction\":[{\"@type\":\"SearchAction\",\"target\":{\"@type\":\"EntryPoint\",\"urlTemplate\":\"https:\/\/www.visit-ulcinj.com\/blog\/?s={search_term_string}\"},\"query-input\":\"required name=search_term_string\"}],\"inLanguage\":\"en-US\"},{\"@type\":\"ImageObject\",\"inLanguage\":\"en-US\",\"@id\":\"https:\/\/www.visit-ulcinj.com\/blog\/2011\/06\/24\/dinosha-ambasador-ne-tirane-hajdinaga-kryetar-i-udsh-se\/#primaryimage\",\"url\":\"https:\/\/www.visit-ulcinj.com\/blog\/wp-content\/uploads\/2011\/06\/dinosha-hajdinaga.1.jpg\",\"contentUrl\":\"https:\/\/www.visit-ulcinj.com\/blog\/wp-content\/uploads\/2011\/06\/dinosha-hajdinaga.1.jpg\",\"width\":\"326\",\"height\":\"343\"},{\"@type\":\"WebPage\",\"@id\":\"https:\/\/www.visit-ulcinj.com\/blog\/2011\/06\/24\/dinosha-ambasador-ne-tirane-hajdinaga-kryetar-i-udsh-se\/#webpage\",\"url\":\"https:\/\/www.visit-ulcinj.com\/blog\/2011\/06\/24\/dinosha-ambasador-ne-tirane-hajdinaga-kryetar-i-udsh-se\/\",\"name\":\"Dinosha ambasador n\u00eb Tiran\u00eb, Hajdinaga kryetar i UDSH-s\u00eb? - Lajme nga Ulqini\",\"isPartOf\":{\"@id\":\"https:\/\/www.visit-ulcinj.com\/blog\/#website\"},\"primaryImageOfPage\":{\"@id\":\"https:\/\/www.visit-ulcinj.com\/blog\/2011\/06\/24\/dinosha-ambasador-ne-tirane-hajdinaga-kryetar-i-udsh-se\/#primaryimage\"},\"datePublished\":\"2011-06-24T14:03:11+00:00\",\"dateModified\":\"2011-06-24T14:15:23+00:00\",\"author\":{\"@id\":\"https:\/\/www.visit-ulcinj.com\/blog\/#\/schema\/person\/dcab619c614d3038751c63bc2aadc06d\"},\"description\":\"Me largimin e mundsh\u00ebm t\u00eb Dinosh\u00ebs nga posti i ministrit i t\u00eb drejtave t\u00eb nj\u00ebriut dhe pakicave priten edhe ndryshime n\u00eb struktur\u00ebn udh\u00ebheq\u00ebse t\u00eb partis\u00eb\",\"breadcrumb\":{\"@id\":\"https:\/\/www.visit-ulcinj.com\/blog\/2011\/06\/24\/dinosha-ambasador-ne-tirane-hajdinaga-kryetar-i-udsh-se\/#breadcrumb\"},\"inLanguage\":\"en-US\",\"potentialAction\":[{\"@type\":\"ReadAction\",\"target\":[\"https:\/\/www.visit-ulcinj.com\/blog\/2011\/06\/24\/dinosha-ambasador-ne-tirane-hajdinaga-kryetar-i-udsh-se\/\"]}]},{\"@type\":\"BreadcrumbList\",\"@id\":\"https:\/\/www.visit-ulcinj.com\/blog\/2011\/06\/24\/dinosha-ambasador-ne-tirane-hajdinaga-kryetar-i-udsh-se\/#breadcrumb\",\"itemListElement\":[{\"@type\":\"ListItem\",\"position\":1,\"name\":\"Dinosha ambasador n\u00eb Tiran\u00eb, Hajdinaga kryetar i UDSH-s\u00eb?\"}]},{\"@type\":\"Person\",\"@id\":\"https:\/\/www.visit-ulcinj.com\/blog\/#\/schema\/person\/dcab619c614d3038751c63bc2aadc06d\",\"name\":\"ulqini\",\"sameAs\":[\"http:\/\/www.visit-ulcinj.com\"],\"url\":\"https:\/\/www.visit-ulcinj.com\/blog\/author\/admin\/\"}]}<\/script>\n<!-- \/ Yoast SEO plugin. -->","yoast_head_json":{"title":"Dinosha ambasador n\u00eb Tiran\u00eb, Hajdinaga kryetar i UDSH-s\u00eb? - Lajme nga Ulqini","description":"Me largimin e mundsh\u00ebm t\u00eb Dinosh\u00ebs nga posti i ministrit i t\u00eb drejtave t\u00eb nj\u00ebriut dhe pakicave priten edhe ndryshime n\u00eb struktur\u00ebn udh\u00ebheq\u00ebse t\u00eb partis\u00eb","robots":{"index":"index","follow":"follow","max-snippet":"max-snippet:-1","max-image-preview":"max-image-preview:large","max-video-preview":"max-video-preview:-1"},"canonical":"https:\/\/www.visit-ulcinj.com\/blog\/2011\/06\/24\/dinosha-ambasador-ne-tirane-hajdinaga-kryetar-i-udsh-se\/","og_locale":"en_US","og_type":"article","og_title":"Dinosha ambasador n\u00eb Tiran\u00eb, Hajdinaga kryetar i UDSH-s\u00eb? - Lajme nga Ulqini","og_description":"Me largimin e mundsh\u00ebm t\u00eb Dinosh\u00ebs nga posti i ministrit i t\u00eb drejtave t\u00eb nj\u00ebriut dhe pakicave priten edhe ndryshime n\u00eb struktur\u00ebn udh\u00ebheq\u00ebse t\u00eb partis\u00eb","og_url":"https:\/\/www.visit-ulcinj.com\/blog\/2011\/06\/24\/dinosha-ambasador-ne-tirane-hajdinaga-kryetar-i-udsh-se\/","og_site_name":"Lajme nga Ulqini","article_published_time":"2011-06-24T14:03:11+00:00","article_modified_time":"2011-06-24T14:15:23+00:00","og_image":[{"url":"http:\/\/www.visit-ulcinj.com\/blog\/wp-content\/uploads\/2011\/06\/dinosha-hajdinaga.1.jpg"}],"twitter_misc":{"Written by":"ulqini","Est. reading time":"1 minute"},"schema":{"@context":"https:\/\/schema.org","@graph":[{"@type":"WebSite","@id":"https:\/\/www.visit-ulcinj.com\/blog\/#website","url":"https:\/\/www.visit-ulcinj.com\/blog\/","name":"Lajme nga Ulqini","description":"Lajme,Vijesti,Ulqini,Ulqin,Crna Gora,Mali i Zi","potentialAction":[{"@type":"SearchAction","target":{"@type":"EntryPoint","urlTemplate":"https:\/\/www.visit-ulcinj.com\/blog\/?s={search_term_string}"},"query-input":"required name=search_term_string"}],"inLanguage":"en-US"},{"@type":"ImageObject","inLanguage":"en-US","@id":"https:\/\/www.visit-ulcinj.com\/blog\/2011\/06\/24\/dinosha-ambasador-ne-tirane-hajdinaga-kryetar-i-udsh-se\/#primaryimage","url":"https:\/\/www.visit-ulcinj.com\/blog\/wp-content\/uploads\/2011\/06\/dinosha-hajdinaga.1.jpg","contentUrl":"https:\/\/www.visit-ulcinj.com\/blog\/wp-content\/uploads\/2011\/06\/dinosha-hajdinaga.1.jpg","width":"326","height":"343"},{"@type":"WebPage","@id":"https:\/\/www.visit-ulcinj.com\/blog\/2011\/06\/24\/dinosha-ambasador-ne-tirane-hajdinaga-kryetar-i-udsh-se\/#webpage","url":"https:\/\/www.visit-ulcinj.com\/blog\/2011\/06\/24\/dinosha-ambasador-ne-tirane-hajdinaga-kryetar-i-udsh-se\/","name":"Dinosha ambasador n\u00eb Tiran\u00eb, Hajdinaga kryetar i UDSH-s\u00eb? - Lajme nga Ulqini","isPartOf":{"@id":"https:\/\/www.visit-ulcinj.com\/blog\/#website"},"primaryImageOfPage":{"@id":"https:\/\/www.visit-ulcinj.com\/blog\/2011\/06\/24\/dinosha-ambasador-ne-tirane-hajdinaga-kryetar-i-udsh-se\/#primaryimage"},"datePublished":"2011-06-24T14:03:11+00:00","dateModified":"2011-06-24T14:15:23+00:00","author":{"@id":"https:\/\/www.visit-ulcinj.com\/blog\/#\/schema\/person\/dcab619c614d3038751c63bc2aadc06d"},"description":"Me largimin e mundsh\u00ebm t\u00eb Dinosh\u00ebs nga posti i ministrit i t\u00eb drejtave t\u00eb nj\u00ebriut dhe pakicave priten edhe ndryshime n\u00eb struktur\u00ebn udh\u00ebheq\u00ebse t\u00eb partis\u00eb","breadcrumb":{"@id":"https:\/\/www.visit-ulcinj.com\/blog\/2011\/06\/24\/dinosha-ambasador-ne-tirane-hajdinaga-kryetar-i-udsh-se\/#breadcrumb"},"inLanguage":"en-US","potentialAction":[{"@type":"ReadAction","target":["https:\/\/www.visit-ulcinj.com\/blog\/2011\/06\/24\/dinosha-ambasador-ne-tirane-hajdinaga-kryetar-i-udsh-se\/"]}]},{"@type":"BreadcrumbList","@id":"https:\/\/www.visit-ulcinj.com\/blog\/2011\/06\/24\/dinosha-ambasador-ne-tirane-hajdinaga-kryetar-i-udsh-se\/#breadcrumb","itemListElement":[{"@type":"ListItem","position":1,"name":"Dinosha ambasador n\u00eb Tiran\u00eb, Hajdinaga kryetar i UDSH-s\u00eb?"}]},{"@type":"Person","@id":"https:\/\/www.visit-ulcinj.com\/blog\/#\/schema\/person\/dcab619c614d3038751c63bc2aadc06d","name":"ulqini","sameAs":["http:\/\/www.visit-ulcinj.com"],"url":"https:\/\/www.visit-ulcinj.com\/blog\/author\/admin\/"}]}},"jetpack_featured_media_url":"","jetpack_sharing_enabled":true,"jetpack_shortlink":"https:\/\/wp.me\/pe6lTn-cwy","_links":{"self":[{"href":"https:\/\/www.visit-ulcinj.com\/blog\/wp-json\/wp\/v2\/posts\/48146"}],"collection":[{"href":"https:\/\/www.visit-ulcinj.com\/blog\/wp-json\/wp\/v2\/posts"}],"about":[{"href":"https:\/\/www.visit-ulcinj.com\/blog\/wp-json\/wp\/v2\/types\/post"}],"author":[{"embeddable":true,"href":"https:\/\/www.visit-ulcinj.com\/blog\/wp-json\/wp\/v2\/users\/1"}],"replies":[{"embeddable":true,"href":"https:\/\/www.visit-ulcinj.com\/blog\/wp-json\/wp\/v2\/comments?post=48146"}],"version-history":[{"count":6,"href":"https:\/\/www.visit-ulcinj.com\/blog\/wp-json\/wp\/v2\/posts\/48146\/revisions"}],"predecessor-version":[{"id":48157,"href":"https:\/\/www.visit-ulcinj.com\/blog\/wp-json\/wp\/v2\/posts\/48146\/revisions\/48157"}],"wp:attachment":[{"href":"https:\/\/www.visit-ulcinj.com\/blog\/wp-json\/wp\/v2\/media?parent=48146"}],"wp:term":[{"taxonomy":"category","embeddable":true,"href":"https:\/\/www.visit-ulcinj.com\/blog\/wp-json\/wp\/v2\/categories?post=48146"},{"taxonomy":"post_tag","embeddable":true,"href":"https:\/\/www.visit-ulcinj.com\/blog\/wp-json\/wp\/v2\/tags?post=48146"}],"curies":[{"name":"wp","href":"https:\/\/api.w.org\/{rel}","templated":true}]}}