{"id":48161,"date":"2011-06-24T15:32:01","date_gmt":"2011-06-24T14:32:01","guid":{"rendered":"http:\/\/www.visit-ulcinj.com\/blog\/?p=48161"},"modified":"2011-06-24T15:32:01","modified_gmt":"2011-06-24T14:32:01","slug":"mali-i-zi-dhe-shqiperia-lehtesojne-kalimin-ne-kufi-video","status":"publish","type":"post","link":"https:\/\/www.visit-ulcinj.com\/blog\/2011\/06\/24\/mali-i-zi-dhe-shqiperia-lehtesojne-kalimin-ne-kufi-video\/","title":{"rendered":"Mali i Zi dhe Shqip\u00ebria leht\u00ebsojn\u00eb kalimin n\u00eb kufi &#8211; Video"},"content":{"rendered":"<p><a href=\"http:\/\/www.visit-ulcinj.com\/blog\/wp-content\/uploads\/2011\/06\/kufiri-Muriqan-Sukubin_dyfishohen-turistat.jpg\"><img loading=\"lazy\" class=\"alignleft size-full wp-image-48162\" title=\"kufiri-Muriqan-Sukubin_dyfishohen turistat\" src=\"http:\/\/www.visit-ulcinj.com\/blog\/wp-content\/uploads\/2011\/06\/kufiri-Muriqan-Sukubin_dyfishohen-turistat.jpg\" alt=\"\" width=\"508\" height=\"380\" srcset=\"https:\/\/www.visit-ulcinj.com\/blog\/wp-content\/uploads\/2011\/06\/kufiri-Muriqan-Sukubin_dyfishohen-turistat.jpg 640w, https:\/\/www.visit-ulcinj.com\/blog\/wp-content\/uploads\/2011\/06\/kufiri-Muriqan-Sukubin_dyfishohen-turistat-300x225.jpg 300w\" sizes=\"(max-width: 508px) 100vw, 508px\" \/><\/a>Autoritetet kufitare t\u00eb Shqip\u00ebris\u00eb dhe Malit t\u00eb Zi njoftuan sot n\u00eb mesdit\u00eb masa\u00a0 t\u00eb reja p\u00ebr leht\u00ebsimin e procedurave t\u00eb kalimit kufitar gjat\u00eb sezonit turistik veror. N\u00eb takimin\u00a0 e zhvilluar n\u00eb pik\u00ebkalimin e p\u00ebrbashk\u00ebt kufitar t\u00eb Muriqan-Sugobin\u00ebs me p\u00ebrfaq\u00ebsues t\u00eb agjencive turistike t\u00eb t\u00eb dy vendeve fqinj\u00eb, zyrtar\u00eb t\u00eb policive kufitare t\u00eb Malit t\u00eb Zi dhe Shqip\u00ebris\u00eb pohuan se presin nj\u00eb rritje prej rreth 20 p\u00ebrqind t\u00eb fluksit t\u00eb kalimeve kufitare.<\/p>\n<p><strong>VAO &#8211; Z\u00ebri i Amerik\u00ebs<\/strong><\/p>\n<p><strong><!--YouTube Error: bad URL entered--><br \/>\n<\/strong><\/p>\n","protected":false},"excerpt":{"rendered":"<p>Autoritetet kufitare t\u00eb Shqip\u00ebris\u00eb dhe Malit t\u00eb Zi njoftuan sot n\u00eb mesdit\u00eb masa\u00a0 t\u00eb reja p\u00ebr leht\u00ebsimin e procedurave t\u00eb kalimit kufitar gjat\u00eb sezonit turistik veror. N\u00eb takimin\u00a0 e zhvilluar n\u00eb pik\u00ebkalimin e p\u00ebrbashk\u00ebt kufitar t\u00eb Muriqan-Sugobin\u00ebs me p\u00ebrfaq\u00ebsues t\u00eb agjencive turistike t\u00eb t\u00eb dy vendeve fqinj\u00eb, zyrtar\u00eb t\u00eb policive kufitare t\u00eb Malit t\u00eb Zi [&hellip;]<\/p>\n","protected":false},"author":1,"featured_media":0,"comment_status":"open","ping_status":"closed","sticky":false,"template":"","format":"standard","meta":{"spay_email":"","jetpack_publicize_message":"","jetpack_is_tweetstorm":false,"jetpack_publicize_feature_enabled":true},"categories":[15],"tags":[18512,18511,95,3946,18510,18509],"jetpack_publicize_connections":[],"yoast_head":"<!-- This site is optimized with the Yoast SEO plugin v19.1 - https:\/\/yoast.com\/wordpress\/plugins\/seo\/ -->\n<title>Mali i Zi dhe Shqip\u00ebria leht\u00ebsojn\u00eb kalimin n\u00eb kufi - Video - Lajme nga Ulqini<\/title>\n<meta name=\"description\" content=\"Autoritetet kufitare t\u00eb Shqip\u00ebris\u00eb dhe Malit t\u00eb Zi njoftuan sot n\u00eb mesdit\u00eb masa\u00a0 t\u00eb reja p\u00ebr leht\u00ebsimin e procedurave t\u00eb kalimit kufitar gjat\u00eb sezonit\" \/>\n<meta name=\"robots\" content=\"index, follow, max-snippet:-1, max-image-preview:large, max-video-preview:-1\" \/>\n<link rel=\"canonical\" href=\"https:\/\/www.visit-ulcinj.com\/blog\/2011\/06\/24\/mali-i-zi-dhe-shqiperia-lehtesojne-kalimin-ne-kufi-video\/\" \/>\n<meta property=\"og:locale\" content=\"en_US\" \/>\n<meta property=\"og:type\" content=\"article\" \/>\n<meta property=\"og:title\" content=\"Mali i Zi dhe Shqip\u00ebria leht\u00ebsojn\u00eb kalimin n\u00eb kufi - Video - Lajme nga Ulqini\" \/>\n<meta property=\"og:description\" content=\"Autoritetet kufitare t\u00eb Shqip\u00ebris\u00eb dhe Malit t\u00eb Zi njoftuan sot n\u00eb mesdit\u00eb masa\u00a0 t\u00eb reja p\u00ebr leht\u00ebsimin e procedurave t\u00eb kalimit kufitar gjat\u00eb sezonit\" \/>\n<meta property=\"og:url\" content=\"https:\/\/www.visit-ulcinj.com\/blog\/2011\/06\/24\/mali-i-zi-dhe-shqiperia-lehtesojne-kalimin-ne-kufi-video\/\" \/>\n<meta property=\"og:site_name\" content=\"Lajme nga Ulqini\" \/>\n<meta property=\"article:published_time\" content=\"2011-06-24T14:32:01+00:00\" \/>\n<meta property=\"og:image\" content=\"http:\/\/www.visit-ulcinj.com\/blog\/wp-content\/uploads\/2011\/06\/kufiri-Muriqan-Sukubin_dyfishohen-turistat.jpg\" \/>\n<meta name=\"twitter:label1\" content=\"Written by\" \/>\n\t<meta name=\"twitter:data1\" content=\"ulqini\" \/>\n<script type=\"application\/ld+json\" class=\"yoast-schema-graph\">{\"@context\":\"https:\/\/schema.org\",\"@graph\":[{\"@type\":\"WebSite\",\"@id\":\"https:\/\/www.visit-ulcinj.com\/blog\/#website\",\"url\":\"https:\/\/www.visit-ulcinj.com\/blog\/\",\"name\":\"Lajme nga Ulqini\",\"description\":\"Lajme,Vijesti,Ulqini,Ulqin,Crna Gora,Mali i Zi\",\"potentialAction\":[{\"@type\":\"SearchAction\",\"target\":{\"@type\":\"EntryPoint\",\"urlTemplate\":\"https:\/\/www.visit-ulcinj.com\/blog\/?s={search_term_string}\"},\"query-input\":\"required name=search_term_string\"}],\"inLanguage\":\"en-US\"},{\"@type\":\"ImageObject\",\"inLanguage\":\"en-US\",\"@id\":\"https:\/\/www.visit-ulcinj.com\/blog\/2011\/06\/24\/mali-i-zi-dhe-shqiperia-lehtesojne-kalimin-ne-kufi-video\/#primaryimage\",\"url\":\"https:\/\/www.visit-ulcinj.com\/blog\/wp-content\/uploads\/2011\/06\/kufiri-Muriqan-Sukubin_dyfishohen-turistat.jpg\",\"contentUrl\":\"https:\/\/www.visit-ulcinj.com\/blog\/wp-content\/uploads\/2011\/06\/kufiri-Muriqan-Sukubin_dyfishohen-turistat.jpg\",\"width\":\"640\",\"height\":\"480\"},{\"@type\":\"WebPage\",\"@id\":\"https:\/\/www.visit-ulcinj.com\/blog\/2011\/06\/24\/mali-i-zi-dhe-shqiperia-lehtesojne-kalimin-ne-kufi-video\/#webpage\",\"url\":\"https:\/\/www.visit-ulcinj.com\/blog\/2011\/06\/24\/mali-i-zi-dhe-shqiperia-lehtesojne-kalimin-ne-kufi-video\/\",\"name\":\"Mali i Zi dhe Shqip\u00ebria leht\u00ebsojn\u00eb kalimin n\u00eb kufi - Video - Lajme nga Ulqini\",\"isPartOf\":{\"@id\":\"https:\/\/www.visit-ulcinj.com\/blog\/#website\"},\"primaryImageOfPage\":{\"@id\":\"https:\/\/www.visit-ulcinj.com\/blog\/2011\/06\/24\/mali-i-zi-dhe-shqiperia-lehtesojne-kalimin-ne-kufi-video\/#primaryimage\"},\"datePublished\":\"2011-06-24T14:32:01+00:00\",\"dateModified\":\"2011-06-24T14:32:01+00:00\",\"author\":{\"@id\":\"https:\/\/www.visit-ulcinj.com\/blog\/#\/schema\/person\/dcab619c614d3038751c63bc2aadc06d\"},\"description\":\"Autoritetet kufitare t\u00eb Shqip\u00ebris\u00eb dhe Malit t\u00eb Zi njoftuan sot n\u00eb mesdit\u00eb masa\u00a0 t\u00eb reja p\u00ebr leht\u00ebsimin e procedurave t\u00eb kalimit kufitar gjat\u00eb sezonit\",\"breadcrumb\":{\"@id\":\"https:\/\/www.visit-ulcinj.com\/blog\/2011\/06\/24\/mali-i-zi-dhe-shqiperia-lehtesojne-kalimin-ne-kufi-video\/#breadcrumb\"},\"inLanguage\":\"en-US\",\"potentialAction\":[{\"@type\":\"ReadAction\",\"target\":[\"https:\/\/www.visit-ulcinj.com\/blog\/2011\/06\/24\/mali-i-zi-dhe-shqiperia-lehtesojne-kalimin-ne-kufi-video\/\"]}]},{\"@type\":\"BreadcrumbList\",\"@id\":\"https:\/\/www.visit-ulcinj.com\/blog\/2011\/06\/24\/mali-i-zi-dhe-shqiperia-lehtesojne-kalimin-ne-kufi-video\/#breadcrumb\",\"itemListElement\":[{\"@type\":\"ListItem\",\"position\":1,\"name\":\"Mali i Zi dhe Shqip\u00ebria leht\u00ebsojn\u00eb kalimin n\u00eb kufi &#8211; Video\"}]},{\"@type\":\"Person\",\"@id\":\"https:\/\/www.visit-ulcinj.com\/blog\/#\/schema\/person\/dcab619c614d3038751c63bc2aadc06d\",\"name\":\"ulqini\",\"sameAs\":[\"http:\/\/www.visit-ulcinj.com\"],\"url\":\"https:\/\/www.visit-ulcinj.com\/blog\/author\/admin\/\"}]}<\/script>\n<!-- \/ Yoast SEO plugin. -->","yoast_head_json":{"title":"Mali i Zi dhe Shqip\u00ebria leht\u00ebsojn\u00eb kalimin n\u00eb kufi - Video - Lajme nga Ulqini","description":"Autoritetet kufitare t\u00eb Shqip\u00ebris\u00eb dhe Malit t\u00eb Zi njoftuan sot n\u00eb mesdit\u00eb masa\u00a0 t\u00eb reja p\u00ebr leht\u00ebsimin e procedurave t\u00eb kalimit kufitar gjat\u00eb sezonit","robots":{"index":"index","follow":"follow","max-snippet":"max-snippet:-1","max-image-preview":"max-image-preview:large","max-video-preview":"max-video-preview:-1"},"canonical":"https:\/\/www.visit-ulcinj.com\/blog\/2011\/06\/24\/mali-i-zi-dhe-shqiperia-lehtesojne-kalimin-ne-kufi-video\/","og_locale":"en_US","og_type":"article","og_title":"Mali i Zi dhe Shqip\u00ebria leht\u00ebsojn\u00eb kalimin n\u00eb kufi - Video - Lajme nga Ulqini","og_description":"Autoritetet kufitare t\u00eb Shqip\u00ebris\u00eb dhe Malit t\u00eb Zi njoftuan sot n\u00eb mesdit\u00eb masa\u00a0 t\u00eb reja p\u00ebr leht\u00ebsimin e procedurave t\u00eb kalimit kufitar gjat\u00eb sezonit","og_url":"https:\/\/www.visit-ulcinj.com\/blog\/2011\/06\/24\/mali-i-zi-dhe-shqiperia-lehtesojne-kalimin-ne-kufi-video\/","og_site_name":"Lajme nga Ulqini","article_published_time":"2011-06-24T14:32:01+00:00","og_image":[{"url":"http:\/\/www.visit-ulcinj.com\/blog\/wp-content\/uploads\/2011\/06\/kufiri-Muriqan-Sukubin_dyfishohen-turistat.jpg"}],"twitter_misc":{"Written by":"ulqini"},"schema":{"@context":"https:\/\/schema.org","@graph":[{"@type":"WebSite","@id":"https:\/\/www.visit-ulcinj.com\/blog\/#website","url":"https:\/\/www.visit-ulcinj.com\/blog\/","name":"Lajme nga Ulqini","description":"Lajme,Vijesti,Ulqini,Ulqin,Crna Gora,Mali i Zi","potentialAction":[{"@type":"SearchAction","target":{"@type":"EntryPoint","urlTemplate":"https:\/\/www.visit-ulcinj.com\/blog\/?s={search_term_string}"},"query-input":"required name=search_term_string"}],"inLanguage":"en-US"},{"@type":"ImageObject","inLanguage":"en-US","@id":"https:\/\/www.visit-ulcinj.com\/blog\/2011\/06\/24\/mali-i-zi-dhe-shqiperia-lehtesojne-kalimin-ne-kufi-video\/#primaryimage","url":"https:\/\/www.visit-ulcinj.com\/blog\/wp-content\/uploads\/2011\/06\/kufiri-Muriqan-Sukubin_dyfishohen-turistat.jpg","contentUrl":"https:\/\/www.visit-ulcinj.com\/blog\/wp-content\/uploads\/2011\/06\/kufiri-Muriqan-Sukubin_dyfishohen-turistat.jpg","width":"640","height":"480"},{"@type":"WebPage","@id":"https:\/\/www.visit-ulcinj.com\/blog\/2011\/06\/24\/mali-i-zi-dhe-shqiperia-lehtesojne-kalimin-ne-kufi-video\/#webpage","url":"https:\/\/www.visit-ulcinj.com\/blog\/2011\/06\/24\/mali-i-zi-dhe-shqiperia-lehtesojne-kalimin-ne-kufi-video\/","name":"Mali i Zi dhe Shqip\u00ebria leht\u00ebsojn\u00eb kalimin n\u00eb kufi - Video - Lajme nga Ulqini","isPartOf":{"@id":"https:\/\/www.visit-ulcinj.com\/blog\/#website"},"primaryImageOfPage":{"@id":"https:\/\/www.visit-ulcinj.com\/blog\/2011\/06\/24\/mali-i-zi-dhe-shqiperia-lehtesojne-kalimin-ne-kufi-video\/#primaryimage"},"datePublished":"2011-06-24T14:32:01+00:00","dateModified":"2011-06-24T14:32:01+00:00","author":{"@id":"https:\/\/www.visit-ulcinj.com\/blog\/#\/schema\/person\/dcab619c614d3038751c63bc2aadc06d"},"description":"Autoritetet kufitare t\u00eb Shqip\u00ebris\u00eb dhe Malit t\u00eb Zi njoftuan sot n\u00eb mesdit\u00eb masa\u00a0 t\u00eb reja p\u00ebr leht\u00ebsimin e procedurave t\u00eb kalimit kufitar gjat\u00eb sezonit","breadcrumb":{"@id":"https:\/\/www.visit-ulcinj.com\/blog\/2011\/06\/24\/mali-i-zi-dhe-shqiperia-lehtesojne-kalimin-ne-kufi-video\/#breadcrumb"},"inLanguage":"en-US","potentialAction":[{"@type":"ReadAction","target":["https:\/\/www.visit-ulcinj.com\/blog\/2011\/06\/24\/mali-i-zi-dhe-shqiperia-lehtesojne-kalimin-ne-kufi-video\/"]}]},{"@type":"BreadcrumbList","@id":"https:\/\/www.visit-ulcinj.com\/blog\/2011\/06\/24\/mali-i-zi-dhe-shqiperia-lehtesojne-kalimin-ne-kufi-video\/#breadcrumb","itemListElement":[{"@type":"ListItem","position":1,"name":"Mali i Zi dhe Shqip\u00ebria leht\u00ebsojn\u00eb kalimin n\u00eb kufi &#8211; Video"}]},{"@type":"Person","@id":"https:\/\/www.visit-ulcinj.com\/blog\/#\/schema\/person\/dcab619c614d3038751c63bc2aadc06d","name":"ulqini","sameAs":["http:\/\/www.visit-ulcinj.com"],"url":"https:\/\/www.visit-ulcinj.com\/blog\/author\/admin\/"}]}},"jetpack_featured_media_url":"","jetpack_sharing_enabled":true,"jetpack_shortlink":"https:\/\/wp.me\/pe6lTn-cwN","_links":{"self":[{"href":"https:\/\/www.visit-ulcinj.com\/blog\/wp-json\/wp\/v2\/posts\/48161"}],"collection":[{"href":"https:\/\/www.visit-ulcinj.com\/blog\/wp-json\/wp\/v2\/posts"}],"about":[{"href":"https:\/\/www.visit-ulcinj.com\/blog\/wp-json\/wp\/v2\/types\/post"}],"author":[{"embeddable":true,"href":"https:\/\/www.visit-ulcinj.com\/blog\/wp-json\/wp\/v2\/users\/1"}],"replies":[{"embeddable":true,"href":"https:\/\/www.visit-ulcinj.com\/blog\/wp-json\/wp\/v2\/comments?post=48161"}],"version-history":[{"count":1,"href":"https:\/\/www.visit-ulcinj.com\/blog\/wp-json\/wp\/v2\/posts\/48161\/revisions"}],"predecessor-version":[{"id":48163,"href":"https:\/\/www.visit-ulcinj.com\/blog\/wp-json\/wp\/v2\/posts\/48161\/revisions\/48163"}],"wp:attachment":[{"href":"https:\/\/www.visit-ulcinj.com\/blog\/wp-json\/wp\/v2\/media?parent=48161"}],"wp:term":[{"taxonomy":"category","embeddable":true,"href":"https:\/\/www.visit-ulcinj.com\/blog\/wp-json\/wp\/v2\/categories?post=48161"},{"taxonomy":"post_tag","embeddable":true,"href":"https:\/\/www.visit-ulcinj.com\/blog\/wp-json\/wp\/v2\/tags?post=48161"}],"curies":[{"name":"wp","href":"https:\/\/api.w.org\/{rel}","templated":true}]}}