{"id":48164,"date":"2011-06-24T18:24:33","date_gmt":"2011-06-24T17:24:33","guid":{"rendered":"http:\/\/www.visit-ulcinj.com\/blog\/?p=48164"},"modified":"2011-06-24T18:37:54","modified_gmt":"2011-06-24T17:37:54","slug":"ekolozi-pozvali-vladu-da-preispita-odluku-o-valdanosu","status":"publish","type":"post","link":"https:\/\/www.visit-ulcinj.com\/blog\/2011\/06\/24\/ekolozi-pozvali-vladu-da-preispita-odluku-o-valdanosu\/","title":{"rendered":"Ekolozi pozvali Vladu da preispita odluku o Valdanosu"},"content":{"rendered":"<p><a href=\"http:\/\/www.visit-ulcinj.com\/blog\/wp-content\/uploads\/2011\/06\/Ukloniti-kran-na-velikoj-skeli_Pristan_Ulcinj.jpg\"><img loading=\"lazy\" class=\"alignleft size-full wp-image-48165\" title=\"Ukloniti kran  na velikoj skeli_Pristan_Ulcinj\" src=\"http:\/\/www.visit-ulcinj.com\/blog\/wp-content\/uploads\/2011\/06\/Ukloniti-kran-na-velikoj-skeli_Pristan_Ulcinj.jpg\" alt=\"\" width=\"508\" height=\"340\" \/><\/a>&#8220;Tamo\u0161nju pla\u017eu trebalo bi izdati pod zakup, pa neka se i tamo zavijori plava zastavica kao me\u0111unarodni znak kvaliteta\u201d, predla\u017ee NVO Kalimera.<\/p>\n<p>NVO Kalimera je zamolila nadle\u017ene da uklone kran sa pristani\u0161ta na velikoj skeli.<\/p>\n<p>Ekolo\u0161ko dru\u0161tvo \u201cKalimera\u201d pozvalo je Vladu da preispita odluku o raspisivanju tendera za vi\u0161edecenijski zakup Valdanosa u Ulcinju, sugeri\u0161u\u0107i da bi tu uvalu trebalo valorizovati kao jedinstven ekolo\u0161ko-ambijentalni prostor bez upadljive gradnje.<br \/>\n<a href=\"http:\/\/www.visit-ulcinj.com\/blog\/wp-content\/uploads\/2011\/06\/valdanos_ulcinj_CRNA-GORA.jpg\"><img loading=\"lazy\" class=\"alignleft size-full wp-image-48166\" title=\"valdanos_ulcinj_CRNA GORA\" src=\"http:\/\/www.visit-ulcinj.com\/blog\/wp-content\/uploads\/2011\/06\/valdanos_ulcinj_CRNA-GORA.jpg\" alt=\"\" width=\"508\" height=\"340\" \/><\/a><\/p>\n<p>U toj NVO smatraju da bi Vlada time na kvalitetan na\u010din dopunila turisti\u010dku ponudu Ulcinja i omogu\u0107ila brojnim turistima da u\u017eivaju u \u010darima netaknute prirode.<\/p>\n<p>\u201cNa\u017ealost, mnogi pokazuju izuzetnu a\u017eurnost da od ove uvale naprave ono \u0161to je napravljeno sa drugim biserima koji su nekad krasili ovo podru\u010dje\u201d, ocjenjuju u \u201cKalimeri\u201d, uz opasku \u201cda za Ulcinj ka\u017eu da mu je bog dao sve, a ljudi ni\u0161ta-naprotiv, samo mu uzimaju\u201d.<\/p>\n<p>\u201cMo\u017eda je od sve te ljepote ostala jo\u0161 samo uvala Valdanos koju jo\u0161 nijesmo uzeli od majke prirode i budu\u0107ih pokoljenja\u201d, pi\u0161e u dopisu u kome se apeluje na investitore da zbog ve\u0107e turisti\u010dke ponude po\u010dnu gradnju i obnovu poru\u0161enih hotela.<\/p>\n<p>Ta NVO je zamolila nadle\u017ene da uklone kran sa pristani\u0161ta na velikoj skeli \u201ckoji tu ve\u0107 godinama stoji i predstavlja opasnost za sve prolaznike i kupa\u010de\u201d.<\/p>\n<p>&nbsp;<\/p>\n<p><a href=\"http:\/\/www.vijesti.me\/vijesti\/ekolozi-pozvali-vladu-da-preispita-odluku-valdanosu-clanak-25600\" target=\"_blank\"><strong>Samir Adrovi\u0107<\/strong><br \/>\n<strong> Vijesti<\/strong><\/a><\/p>\n<!--YouTube Error: bad URL entered-->\n","protected":false},"excerpt":{"rendered":"<p>&#8220;Tamo\u0161nju pla\u017eu trebalo bi izdati pod zakup, pa neka se i tamo zavijori plava zastavica kao me\u0111unarodni znak kvaliteta\u201d, predla\u017ee NVO Kalimera. NVO Kalimera je zamolila nadle\u017ene da uklone kran sa pristani\u0161ta na velikoj skeli. Ekolo\u0161ko dru\u0161tvo \u201cKalimera\u201d pozvalo je Vladu da preispita odluku o raspisivanju tendera za vi\u0161edecenijski zakup Valdanosa u Ulcinju, sugeri\u0161u\u0107i da [&hellip;]<\/p>\n","protected":false},"author":1,"featured_media":0,"comment_status":"open","ping_status":"closed","sticky":false,"template":"","format":"standard","meta":{"spay_email":"","jetpack_publicize_message":"","jetpack_is_tweetstorm":false,"jetpack_publicize_feature_enabled":true},"categories":[8337],"tags":[19,18513],"jetpack_publicize_connections":[],"yoast_head":"<!-- This site is optimized with the Yoast SEO plugin v19.1 - https:\/\/yoast.com\/wordpress\/plugins\/seo\/ -->\n<title>Ekolozi pozvali Vladu da preispita odluku o Valdanosu - Lajme nga Ulqini<\/title>\n<meta name=\"description\" content=\"&quot;Tamo\u0161nju pla\u017eu trebalo bi izdati pod zakup, pa neka se i tamo zavijori plava zastavica kao me\u0111unarodni znak kvaliteta\u201d, predla\u017ee NVO Kalimera. NVO\" \/>\n<meta name=\"robots\" content=\"index, follow, max-snippet:-1, max-image-preview:large, max-video-preview:-1\" \/>\n<link rel=\"canonical\" href=\"https:\/\/www.visit-ulcinj.com\/blog\/2011\/06\/24\/ekolozi-pozvali-vladu-da-preispita-odluku-o-valdanosu\/\" \/>\n<meta property=\"og:locale\" content=\"en_US\" \/>\n<meta property=\"og:type\" content=\"article\" \/>\n<meta property=\"og:title\" content=\"Ekolozi pozvali Vladu da preispita odluku o Valdanosu - Lajme nga Ulqini\" \/>\n<meta property=\"og:description\" content=\"&quot;Tamo\u0161nju pla\u017eu trebalo bi izdati pod zakup, pa neka se i tamo zavijori plava zastavica kao me\u0111unarodni znak kvaliteta\u201d, predla\u017ee NVO Kalimera. NVO\" \/>\n<meta property=\"og:url\" content=\"https:\/\/www.visit-ulcinj.com\/blog\/2011\/06\/24\/ekolozi-pozvali-vladu-da-preispita-odluku-o-valdanosu\/\" \/>\n<meta property=\"og:site_name\" content=\"Lajme nga Ulqini\" \/>\n<meta property=\"article:published_time\" content=\"2011-06-24T17:24:33+00:00\" \/>\n<meta property=\"article:modified_time\" content=\"2011-06-24T17:37:54+00:00\" \/>\n<meta property=\"og:image\" content=\"http:\/\/www.visit-ulcinj.com\/blog\/wp-content\/uploads\/2011\/06\/Ukloniti-kran-na-velikoj-skeli_Pristan_Ulcinj.jpg\" \/>\n<meta name=\"twitter:label1\" content=\"Written by\" \/>\n\t<meta name=\"twitter:data1\" content=\"ulqini\" \/>\n\t<meta name=\"twitter:label2\" content=\"Est. reading time\" \/>\n\t<meta name=\"twitter:data2\" content=\"1 minute\" \/>\n<script type=\"application\/ld+json\" class=\"yoast-schema-graph\">{\"@context\":\"https:\/\/schema.org\",\"@graph\":[{\"@type\":\"WebSite\",\"@id\":\"https:\/\/www.visit-ulcinj.com\/blog\/#website\",\"url\":\"https:\/\/www.visit-ulcinj.com\/blog\/\",\"name\":\"Lajme nga Ulqini\",\"description\":\"Lajme,Vijesti,Ulqini,Ulqin,Crna Gora,Mali i Zi\",\"potentialAction\":[{\"@type\":\"SearchAction\",\"target\":{\"@type\":\"EntryPoint\",\"urlTemplate\":\"https:\/\/www.visit-ulcinj.com\/blog\/?s={search_term_string}\"},\"query-input\":\"required name=search_term_string\"}],\"inLanguage\":\"en-US\"},{\"@type\":\"ImageObject\",\"inLanguage\":\"en-US\",\"@id\":\"https:\/\/www.visit-ulcinj.com\/blog\/2011\/06\/24\/ekolozi-pozvali-vladu-da-preispita-odluku-o-valdanosu\/#primaryimage\",\"url\":\"https:\/\/www.visit-ulcinj.com\/blog\/wp-content\/uploads\/2011\/06\/Ukloniti-kran-na-velikoj-skeli_Pristan_Ulcinj.jpg\",\"contentUrl\":\"https:\/\/www.visit-ulcinj.com\/blog\/wp-content\/uploads\/2011\/06\/Ukloniti-kran-na-velikoj-skeli_Pristan_Ulcinj.jpg\",\"width\":\"720\",\"height\":\"540\"},{\"@type\":\"WebPage\",\"@id\":\"https:\/\/www.visit-ulcinj.com\/blog\/2011\/06\/24\/ekolozi-pozvali-vladu-da-preispita-odluku-o-valdanosu\/#webpage\",\"url\":\"https:\/\/www.visit-ulcinj.com\/blog\/2011\/06\/24\/ekolozi-pozvali-vladu-da-preispita-odluku-o-valdanosu\/\",\"name\":\"Ekolozi pozvali Vladu da preispita odluku o Valdanosu - Lajme nga Ulqini\",\"isPartOf\":{\"@id\":\"https:\/\/www.visit-ulcinj.com\/blog\/#website\"},\"primaryImageOfPage\":{\"@id\":\"https:\/\/www.visit-ulcinj.com\/blog\/2011\/06\/24\/ekolozi-pozvali-vladu-da-preispita-odluku-o-valdanosu\/#primaryimage\"},\"datePublished\":\"2011-06-24T17:24:33+00:00\",\"dateModified\":\"2011-06-24T17:37:54+00:00\",\"author\":{\"@id\":\"https:\/\/www.visit-ulcinj.com\/blog\/#\/schema\/person\/dcab619c614d3038751c63bc2aadc06d\"},\"description\":\"\\\"Tamo\u0161nju pla\u017eu trebalo bi izdati pod zakup, pa neka se i tamo zavijori plava zastavica kao me\u0111unarodni znak kvaliteta\u201d, predla\u017ee NVO Kalimera. NVO\",\"breadcrumb\":{\"@id\":\"https:\/\/www.visit-ulcinj.com\/blog\/2011\/06\/24\/ekolozi-pozvali-vladu-da-preispita-odluku-o-valdanosu\/#breadcrumb\"},\"inLanguage\":\"en-US\",\"potentialAction\":[{\"@type\":\"ReadAction\",\"target\":[\"https:\/\/www.visit-ulcinj.com\/blog\/2011\/06\/24\/ekolozi-pozvali-vladu-da-preispita-odluku-o-valdanosu\/\"]}]},{\"@type\":\"BreadcrumbList\",\"@id\":\"https:\/\/www.visit-ulcinj.com\/blog\/2011\/06\/24\/ekolozi-pozvali-vladu-da-preispita-odluku-o-valdanosu\/#breadcrumb\",\"itemListElement\":[{\"@type\":\"ListItem\",\"position\":1,\"name\":\"Ekolozi pozvali Vladu da preispita odluku o Valdanosu\"}]},{\"@type\":\"Person\",\"@id\":\"https:\/\/www.visit-ulcinj.com\/blog\/#\/schema\/person\/dcab619c614d3038751c63bc2aadc06d\",\"name\":\"ulqini\",\"sameAs\":[\"http:\/\/www.visit-ulcinj.com\"],\"url\":\"https:\/\/www.visit-ulcinj.com\/blog\/author\/admin\/\"}]}<\/script>\n<!-- \/ Yoast SEO plugin. -->","yoast_head_json":{"title":"Ekolozi pozvali Vladu da preispita odluku o Valdanosu - Lajme nga Ulqini","description":"\"Tamo\u0161nju pla\u017eu trebalo bi izdati pod zakup, pa neka se i tamo zavijori plava zastavica kao me\u0111unarodni znak kvaliteta\u201d, predla\u017ee NVO Kalimera. NVO","robots":{"index":"index","follow":"follow","max-snippet":"max-snippet:-1","max-image-preview":"max-image-preview:large","max-video-preview":"max-video-preview:-1"},"canonical":"https:\/\/www.visit-ulcinj.com\/blog\/2011\/06\/24\/ekolozi-pozvali-vladu-da-preispita-odluku-o-valdanosu\/","og_locale":"en_US","og_type":"article","og_title":"Ekolozi pozvali Vladu da preispita odluku o Valdanosu - Lajme nga Ulqini","og_description":"\"Tamo\u0161nju pla\u017eu trebalo bi izdati pod zakup, pa neka se i tamo zavijori plava zastavica kao me\u0111unarodni znak kvaliteta\u201d, predla\u017ee NVO Kalimera. NVO","og_url":"https:\/\/www.visit-ulcinj.com\/blog\/2011\/06\/24\/ekolozi-pozvali-vladu-da-preispita-odluku-o-valdanosu\/","og_site_name":"Lajme nga Ulqini","article_published_time":"2011-06-24T17:24:33+00:00","article_modified_time":"2011-06-24T17:37:54+00:00","og_image":[{"url":"http:\/\/www.visit-ulcinj.com\/blog\/wp-content\/uploads\/2011\/06\/Ukloniti-kran-na-velikoj-skeli_Pristan_Ulcinj.jpg"}],"twitter_misc":{"Written by":"ulqini","Est. reading time":"1 minute"},"schema":{"@context":"https:\/\/schema.org","@graph":[{"@type":"WebSite","@id":"https:\/\/www.visit-ulcinj.com\/blog\/#website","url":"https:\/\/www.visit-ulcinj.com\/blog\/","name":"Lajme nga Ulqini","description":"Lajme,Vijesti,Ulqini,Ulqin,Crna Gora,Mali i Zi","potentialAction":[{"@type":"SearchAction","target":{"@type":"EntryPoint","urlTemplate":"https:\/\/www.visit-ulcinj.com\/blog\/?s={search_term_string}"},"query-input":"required name=search_term_string"}],"inLanguage":"en-US"},{"@type":"ImageObject","inLanguage":"en-US","@id":"https:\/\/www.visit-ulcinj.com\/blog\/2011\/06\/24\/ekolozi-pozvali-vladu-da-preispita-odluku-o-valdanosu\/#primaryimage","url":"https:\/\/www.visit-ulcinj.com\/blog\/wp-content\/uploads\/2011\/06\/Ukloniti-kran-na-velikoj-skeli_Pristan_Ulcinj.jpg","contentUrl":"https:\/\/www.visit-ulcinj.com\/blog\/wp-content\/uploads\/2011\/06\/Ukloniti-kran-na-velikoj-skeli_Pristan_Ulcinj.jpg","width":"720","height":"540"},{"@type":"WebPage","@id":"https:\/\/www.visit-ulcinj.com\/blog\/2011\/06\/24\/ekolozi-pozvali-vladu-da-preispita-odluku-o-valdanosu\/#webpage","url":"https:\/\/www.visit-ulcinj.com\/blog\/2011\/06\/24\/ekolozi-pozvali-vladu-da-preispita-odluku-o-valdanosu\/","name":"Ekolozi pozvali Vladu da preispita odluku o Valdanosu - Lajme nga Ulqini","isPartOf":{"@id":"https:\/\/www.visit-ulcinj.com\/blog\/#website"},"primaryImageOfPage":{"@id":"https:\/\/www.visit-ulcinj.com\/blog\/2011\/06\/24\/ekolozi-pozvali-vladu-da-preispita-odluku-o-valdanosu\/#primaryimage"},"datePublished":"2011-06-24T17:24:33+00:00","dateModified":"2011-06-24T17:37:54+00:00","author":{"@id":"https:\/\/www.visit-ulcinj.com\/blog\/#\/schema\/person\/dcab619c614d3038751c63bc2aadc06d"},"description":"\"Tamo\u0161nju pla\u017eu trebalo bi izdati pod zakup, pa neka se i tamo zavijori plava zastavica kao me\u0111unarodni znak kvaliteta\u201d, predla\u017ee NVO Kalimera. NVO","breadcrumb":{"@id":"https:\/\/www.visit-ulcinj.com\/blog\/2011\/06\/24\/ekolozi-pozvali-vladu-da-preispita-odluku-o-valdanosu\/#breadcrumb"},"inLanguage":"en-US","potentialAction":[{"@type":"ReadAction","target":["https:\/\/www.visit-ulcinj.com\/blog\/2011\/06\/24\/ekolozi-pozvali-vladu-da-preispita-odluku-o-valdanosu\/"]}]},{"@type":"BreadcrumbList","@id":"https:\/\/www.visit-ulcinj.com\/blog\/2011\/06\/24\/ekolozi-pozvali-vladu-da-preispita-odluku-o-valdanosu\/#breadcrumb","itemListElement":[{"@type":"ListItem","position":1,"name":"Ekolozi pozvali Vladu da preispita odluku o Valdanosu"}]},{"@type":"Person","@id":"https:\/\/www.visit-ulcinj.com\/blog\/#\/schema\/person\/dcab619c614d3038751c63bc2aadc06d","name":"ulqini","sameAs":["http:\/\/www.visit-ulcinj.com"],"url":"https:\/\/www.visit-ulcinj.com\/blog\/author\/admin\/"}]}},"jetpack_featured_media_url":"","jetpack_sharing_enabled":true,"jetpack_shortlink":"https:\/\/wp.me\/pe6lTn-cwQ","_links":{"self":[{"href":"https:\/\/www.visit-ulcinj.com\/blog\/wp-json\/wp\/v2\/posts\/48164"}],"collection":[{"href":"https:\/\/www.visit-ulcinj.com\/blog\/wp-json\/wp\/v2\/posts"}],"about":[{"href":"https:\/\/www.visit-ulcinj.com\/blog\/wp-json\/wp\/v2\/types\/post"}],"author":[{"embeddable":true,"href":"https:\/\/www.visit-ulcinj.com\/blog\/wp-json\/wp\/v2\/users\/1"}],"replies":[{"embeddable":true,"href":"https:\/\/www.visit-ulcinj.com\/blog\/wp-json\/wp\/v2\/comments?post=48164"}],"version-history":[{"count":4,"href":"https:\/\/www.visit-ulcinj.com\/blog\/wp-json\/wp\/v2\/posts\/48164\/revisions"}],"predecessor-version":[{"id":48168,"href":"https:\/\/www.visit-ulcinj.com\/blog\/wp-json\/wp\/v2\/posts\/48164\/revisions\/48168"}],"wp:attachment":[{"href":"https:\/\/www.visit-ulcinj.com\/blog\/wp-json\/wp\/v2\/media?parent=48164"}],"wp:term":[{"taxonomy":"category","embeddable":true,"href":"https:\/\/www.visit-ulcinj.com\/blog\/wp-json\/wp\/v2\/categories?post=48164"},{"taxonomy":"post_tag","embeddable":true,"href":"https:\/\/www.visit-ulcinj.com\/blog\/wp-json\/wp\/v2\/tags?post=48164"}],"curies":[{"name":"wp","href":"https:\/\/api.w.org\/{rel}","templated":true}]}}