{"id":48224,"date":"2011-06-26T17:21:36","date_gmt":"2011-06-26T16:21:36","guid":{"rendered":"http:\/\/www.visit-ulcinj.com\/blog\/?p=48224"},"modified":"2023-04-01T12:46:02","modified_gmt":"2023-04-01T11:46:02","slug":"mcm-plazha-ne-ulqin-pushime-verore-mali-i-zi-video","status":"publish","type":"post","link":"https:\/\/www.visit-ulcinj.com\/blog\/2011\/06\/26\/mcm-plazha-ne-ulqin-pushime-verore-mali-i-zi-video\/","title":{"rendered":"MCM Plazha n\u00eb Ulqin &#8211; Pushime verore Mali i Zi &#8211; Video"},"content":{"rendered":"<p><a href=\"http:\/\/www.visit-ulcinj.com\/blog\/wp-content\/uploads\/2011\/06\/Plazha-MCM-_Plazha-Madhe_Ulqin_Ulqini_2011.3.jpg\"><img loading=\"lazy\" class=\"alignleft size-full wp-image-48228\" title=\"Plazha MCM _Plazha Madhe_Ulqin_Ulqini_2011.3\" src=\"http:\/\/www.visit-ulcinj.com\/blog\/wp-content\/uploads\/2011\/06\/Plazha-MCM-_Plazha-Madhe_Ulqin_Ulqini_2011.3.jpg\" alt=\"\" width=\"508\" height=\"600\" \/><\/a><strong>Mobil: Viber + Whatsapp: +382 69 335 534\u00a0 : +382 69 335 512<\/strong><\/p>\n<p>Plazha MCM &#8211; \u00ebsht\u00eb hapur para 5 vjet\u00ebve me ekip profesional, sh\u00ebrbime n\u00eb nivel shum\u00eb t\u00eb lart\u00eb dhe risi t\u00eb shumta ka arritur t\u00eb b\u00ebhet nj\u00eb nd\u00ebr plazhat m\u00eb t\u00eb njohura jo vet\u00ebm n\u00eb Ulqin,Mal\u00eb t\u00eb Zi dhe rajon,por edhe m\u00eb gj\u00ebr\u00eb.<\/p>\n<p>Plazha MCM -n\u00eb vitin 2009 e ka fituar \u00e7mimin prestigjioz \u201c WILD BEAUTY AWARD \u201c, si plazha m\u00eb e mir\u00eb n\u00eb Mal\u00eb t\u00eb Zi, e cila gjendet n\u00eb Plazh\u00ebn e madhe, n\u00eb kilometrin e 3-t\u00eb t\u00eb rrug\u00ebs q\u00eb shkon\u00eb drejt ishullit ADA.<\/p>\n<p><strong>JU MIR\u00cbPRESIM !<\/strong><\/p>\n<p><strong>SHTRET\u00cbRAT<\/strong><\/p>\n<p>Shtret\u00ebrat me p\u00eblhur\u00eb antibakterike ju ofrojn\u00eb nj\u00eb rehati t\u00eb veqant\u00eb.<br \/>\n<a href=\"http:\/\/www.visit-ulcinj.com\/blog\/wp-content\/uploads\/2011\/06\/Plazha-MCM-_Plazha-Madhe_Ulqin_Ulqini_2011.2.jpg\"><img loading=\"lazy\" class=\"alignleft size-full wp-image-48227\" title=\"Plazha MCM _Plazha Madhe_Ulqin_Ulqini_2011.2\" src=\"http:\/\/www.visit-ulcinj.com\/blog\/wp-content\/uploads\/2011\/06\/Plazha-MCM-_Plazha-Madhe_Ulqin_Ulqini_2011.2.jpg\" alt=\"\" width=\"508\" height=\"340\" \/><\/a><br \/>\n<strong>VIP SHTRET\u00cbRA<\/strong><\/p>\n<p>P\u00ebr pushim m\u00eb t\u00eb k\u00ebnd\u00ebsh\u00ebm n\u00eb plazh p\u00ebr Ju dhe familjen tuaj mund t\u00eb shfryt\u00ebzoni VIP shtret\u00ebrit.<\/p>\n<p><strong>LODRA P\u00cbR F\u00cbMIJ\u00cb N\u00cb UJ\u00cb<\/strong><\/p>\n<p>P\u00ebr zbavitjen e f\u00ebmij\u00ebve MCM Beach ka siguruar<\/p>\n<p>parkun e f\u00ebmij\u00ebve dhe lodra t\u00eb ndryshme n\u00eb uj\u00eb.<\/p>\n<p><strong>RESTORANI<\/strong><\/p>\n<p>Ju ofron specialitete t\u00eb ndryshme nga peshku,pasta,pizza,skara dhe gjell\u00eb t\u00eb ziera.<br \/>\n<a href=\"http:\/\/www.visit-ulcinj.com\/blog\/wp-content\/uploads\/2011\/06\/ulqini_limani_rana.jpg\"><img loading=\"lazy\" class=\"alignleft size-full wp-image-48230\" title=\"ulqini_limani_rana\" src=\"http:\/\/www.visit-ulcinj.com\/blog\/wp-content\/uploads\/2011\/06\/ulqini_limani_rana.jpg\" alt=\"\" width=\"508\" height=\"330\" \/><\/a><strong>Ulqini &#8211; qyteti m\u00eb jugor n\u00eb bregdetin e Malit t\u00eb Zi, me potenci\u00adalet e veta natyrore \u00ebsht\u00eb mrekullia e turizmit.<\/strong><\/p>\n<p>Plazha e madhe &#8211; me r\u00ebr\u00eb, 13 km e gjat\u00eb dhe 60 m e gj\u00ebr\u00eb.<\/p>\n<p>Ada Bojana- nga t\u00eb dy an\u00ebt e rrethuar me lumin Buna , kurse n\u00eb an\u00ebn e tret\u00eb me detin Adriatik dhe me plazh\u00ebn e bukur me r\u00ebr\u00eb Lugina e Valdanosit &#8211; me bukurit\u00eb e saja t\u00eb ve\u00e7anta n\u00eb t\u00eb cil\u00ebn gjenden rreth 18000 drunj\u00eb t\u00eb vjet\u00ebr t\u00eb ullirit.<\/p>\n<p>Kalaja e Ulqinit -qytet i vjet\u00ebr 2500 vje\u00e7ar\u00eb me monumente kul\u00adturoro- historike pret p\u00ebr ta vizituar shum\u00eb turist\u00eb.<\/p>\n<p>N\u00eb koh\u00ebn verore, Ulqini \u00ebsht\u00eb nj\u00eb destinacion i popullarizuar i turist\u00ebve. Megjith\u00ebse akoma i pazbuluar nga shum\u00eb udh\u00ebtar\u00eb prej vendeve m\u00eb t\u00eb m\u00ebdha, turist\u00ebt e p\u00ebrs\u00ebritur dhe nj\u00eb sasi rrit\u00ebse e vizitor\u00ebve p\u00ebr radh\u00eb t\u00eb par\u00eb e b\u00ebjn\u00eb Ulqinin nj\u00eb vend t\u00eb zjarrt\u00eb p\u00ebr pushuesit nd\u00ebrmjet muajve Maj dhe Shtator. \u00cbsht\u00eb i famsh\u00ebm p\u00ebr plazhet e tij, t\u00eb clat konsiderohen si m\u00eb t\u00eb bukurat n\u00eb Mal t\u00eb Zi. Burimi m\u00eb i \u00e7muar n\u00eb Rivier\u00ebn e Ulqinit \u00ebsht\u00eb Velika Plaza (n\u00eb kuptimin e plot\u00eb t\u00eb fjal\u00ebs &#8220;Plazha e Madhe&#8221;), e cila \u00ebsht\u00eb nj\u00eb pjes\u00eb 12 km e gjat\u00eb me plazh\u00eb prej rr\u00ebre- m\u00eb e gjata n\u00eb bregdetin e Malit t\u00eb Zi.<br \/>\n<a href=\"http:\/\/www.visit-ulcinj.com\/blog\/wp-content\/uploads\/2011\/06\/Plazha-MCM-_Plazha-Madhe_Ulqin_Ulqini_2011.4.jpg\"><img loading=\"lazy\" class=\"alignleft size-full wp-image-48225\" title=\"Plazha MCM _Plazha Madhe_Ulqin_Ulqini_2011.4\" src=\"http:\/\/www.visit-ulcinj.com\/blog\/wp-content\/uploads\/2011\/06\/Plazha-MCM-_Plazha-Madhe_Ulqin_Ulqini_2011.4.jpg\" alt=\"\" width=\"508\" height=\"300\" \/><\/a><\/p>\n<p>Ka gjithashtu edhe nj\u00eb plazh\u00eb q\u00eb e quajn\u00eb Mala Plaza (&#8220;Plazha e Vog\u00ebl&#8221;) e cila \u00ebsht\u00eb shum\u00eb m\u00eb e vog\u00ebl n\u00eb madh\u00ebsi, por \u00ebshr\u00eb shum\u00eb e popullarizuar te vizitor\u00ebt. &#8220;Corzo&#8221; si\u00e7 quhet nga vendor\u00ebt, \u00ebsht\u00eb nj\u00eb vijj\u00eb e ngusht\u00eb p\u00ebr t\u00eb ecur njerzit. N\u00eb mbr\u00ebmje gjat\u00eb muajve verore, turist\u00ebt e ri kalojn\u00eb nj\u00ebri pas tjetrin, nd\u00ebrsa drita t\u00eb ndritshme e stolisin rrug\u00ebn dhe muzika e gjall\u00eb u pushton vesh\u00ebt. Thuhet se disa nga vajzat m\u00eb t\u00eb bukura n\u00eb Juglindje t\u00eb Eurpo\u00ebs, duke vizituar Ulqinin si turist\u00eb, sh\u00ebtisin n\u00ebp\u00ebr corzo \u00e7do nat\u00eb. Ka edhe shum\u00eb plazhe t\u00eb njohura q\u00eb sh\u00ebrbejn\u00eb si nj\u00eb pushim p\u00ebr shum\u00eb njer\u00ebz p\u00ebr t\u00eb marr\u00eb pak frym\u00eb.Qyteti i vjet\u00ebr i Ulqinit \u00ebsht\u00eb nj\u00eb komunitet me nj\u00eb k\u00ebshtjell\u00eb mjaft t\u00eb ruajtur mir\u00eb q\u00eb \u00ebsht\u00eb l\u00ebn\u00eb pas nga koh\u00ebrat e mesjet\u00ebs. Qyteti i vjet\u00ebr q\u00ebndron n\u00eb maj\u00ebn e malit, ka pamje nga bregu dhe \u00ebsht\u00eb n\u00eb vete nj\u00eb atraksion turistik. Ada Bojana (Buna Shqiptare) \u00ebsht\u00eb e popullarizuar nd\u00ebr turist\u00ebt e huaj nga Europa per\u00ebndimore p\u00ebr qet\u00ebsin\u00eb e saj dhe atmosfer\u00ebn e vetme. Liqeni dhe pellgu i kripur (porta Millen: Shqip\u00ebri) jan\u00eb t\u00eb popullarizuar p\u00ebr vrrojtuesit e zogjve, sepse Ulqini dhe rrethina e saj jan\u00eb vend pushimet m\u00eb t\u00eb m\u00ebdha p\u00ebr mbi 200 lloj zogjsh n\u00eb shtegtimin e tyre. Ka bare t\u00eb shumta, klube vallzimi dhe bare q\u00eb e pik\u00ebzojn\u00eb qytetin, q\u00eb jan\u00eb zakonisht t\u00eb mbushura me shum\u00eb kapacitet gjat\u00eb gjith\u00eb ver\u00ebs. Klubet e njohura jan\u00eb Galeb, Ec Cafe, Irish Pub dhe Captain Hook.Shumica e turist\u00ebve n\u00eb Ulqin jan\u00eb shqiptar\u00ebt, gjerman\u00ebt, italian\u00ebt dhe tjera qytete Europiane fqinje. Nj\u00eb num\u00ebr i madh i amerikan\u00ebve t\u00eb cil\u00ebt nuk jan\u00eb as shqiptar\u00eb dhe as nuk kan\u00eb lindur af\u00ebr qytetit t\u00eb Ulqinit, shpesh e b\u00ebjn\u00eb qytetin nj\u00eb destinacion kryesor n\u00eb koh\u00ebn verore.<\/p>\n\n\t\t<style type=\"text\/css\">\n\t\t\t#gallery-1 {\n\t\t\t\tmargin: auto;\n\t\t\t}\n\t\t\t#gallery-1 .gallery-item {\n\t\t\t\tfloat: left;\n\t\t\t\tmargin-top: 10px;\n\t\t\t\ttext-align: center;\n\t\t\t\twidth: 33%;\n\t\t\t}\n\t\t\t#gallery-1 img {\n\t\t\t\tborder: 2px solid #cfcfcf;\n\t\t\t}\n\t\t\t#gallery-1 .gallery-caption {\n\t\t\t\tmargin-left: 0;\n\t\t\t}\n\t\t\t\/* see gallery_shortcode() in wp-includes\/media.php *\/\n\t\t<\/style>\n\t\t<div id='gallery-1' class='gallery galleryid-48224 gallery-columns-3 gallery-size-thumbnail'><dl class='gallery-item'>\n\t\t\t<dt class='gallery-icon landscape'>\n\t\t\t\t<a href='https:\/\/www.visit-ulcinj.com\/blog\/wp-content\/uploads\/2011\/06\/Plazha-MCM-_Plazha-Madhe_Ulqin_Ulqini_2011.4.jpg'><img width=\"150\" height=\"150\" src=\"https:\/\/www.visit-ulcinj.com\/blog\/wp-content\/uploads\/2011\/06\/Plazha-MCM-_Plazha-Madhe_Ulqin_Ulqini_2011.4-150x150.jpg\" class=\"attachment-thumbnail size-thumbnail\" alt=\"\" loading=\"lazy\" \/><\/a>\n\t\t\t<\/dt><\/dl><dl class='gallery-item'>\n\t\t\t<dt class='gallery-icon landscape'>\n\t\t\t\t<a href='https:\/\/www.visit-ulcinj.com\/blog\/wp-content\/uploads\/2011\/06\/Plazha-MCM-_Plazha-Madhe_Ulqin_Ulqini_2011.1.jpg'><img width=\"150\" height=\"150\" src=\"https:\/\/www.visit-ulcinj.com\/blog\/wp-content\/uploads\/2011\/06\/Plazha-MCM-_Plazha-Madhe_Ulqin_Ulqini_2011.1-150x150.jpg\" class=\"attachment-thumbnail size-thumbnail\" alt=\"\" loading=\"lazy\" \/><\/a>\n\t\t\t<\/dt><\/dl><dl class='gallery-item'>\n\t\t\t<dt class='gallery-icon landscape'>\n\t\t\t\t<a href='https:\/\/www.visit-ulcinj.com\/blog\/wp-content\/uploads\/2011\/06\/Plazha-MCM-_Plazha-Madhe_Ulqin_Ulqini_2011.2.jpg'><img width=\"150\" height=\"150\" src=\"https:\/\/www.visit-ulcinj.com\/blog\/wp-content\/uploads\/2011\/06\/Plazha-MCM-_Plazha-Madhe_Ulqin_Ulqini_2011.2-150x150.jpg\" class=\"attachment-thumbnail size-thumbnail\" alt=\"\" loading=\"lazy\" \/><\/a>\n\t\t\t<\/dt><\/dl><br style=\"clear: both\" \/><dl class='gallery-item'>\n\t\t\t<dt class='gallery-icon portrait'>\n\t\t\t\t<a href='https:\/\/www.visit-ulcinj.com\/blog\/wp-content\/uploads\/2011\/06\/Plazha-MCM-_Plazha-Madhe_Ulqin_Ulqini_2011.3.jpg'><img width=\"150\" height=\"150\" src=\"https:\/\/www.visit-ulcinj.com\/blog\/wp-content\/uploads\/2011\/06\/Plazha-MCM-_Plazha-Madhe_Ulqin_Ulqini_2011.3-150x150.jpg\" class=\"attachment-thumbnail size-thumbnail\" alt=\"\" loading=\"lazy\" \/><\/a>\n\t\t\t<\/dt><\/dl><dl class='gallery-item'>\n\t\t\t<dt class='gallery-icon portrait'>\n\t\t\t\t<a href='https:\/\/www.visit-ulcinj.com\/blog\/wp-content\/uploads\/2011\/06\/Plazha-MCM-_Plazha-Madhe_Ulqin_Ulqini_2011.jpg'><img width=\"150\" height=\"150\" src=\"https:\/\/www.visit-ulcinj.com\/blog\/wp-content\/uploads\/2011\/06\/Plazha-MCM-_Plazha-Madhe_Ulqin_Ulqini_2011-150x150.jpg\" class=\"attachment-thumbnail size-thumbnail\" alt=\"\" loading=\"lazy\" \/><\/a>\n\t\t\t<\/dt><\/dl><dl class='gallery-item'>\n\t\t\t<dt class='gallery-icon landscape'>\n\t\t\t\t<a href='https:\/\/www.visit-ulcinj.com\/blog\/wp-content\/uploads\/2011\/06\/ulqini_limani_rana.jpg'><img width=\"150\" height=\"150\" src=\"https:\/\/www.visit-ulcinj.com\/blog\/wp-content\/uploads\/2011\/06\/ulqini_limani_rana-150x150.jpg\" class=\"attachment-thumbnail size-thumbnail\" alt=\"\" loading=\"lazy\" \/><\/a>\n\t\t\t<\/dt><\/dl><br style=\"clear: both\" \/>\n\t\t<\/div>\n\n<!--YouTube Error: bad URL entered-->\n","protected":false},"excerpt":{"rendered":"<p>Mobil: Viber + Whatsapp: +382 69 335 534\u00a0 : +382 69 335 512 Plazha MCM &#8211; \u00ebsht\u00eb hapur para 5 vjet\u00ebve me ekip profesional, sh\u00ebrbime n\u00eb nivel shum\u00eb t\u00eb lart\u00eb dhe risi t\u00eb shumta ka arritur t\u00eb b\u00ebhet nj\u00eb nd\u00ebr plazhat m\u00eb t\u00eb njohura jo vet\u00ebm n\u00eb Ulqin,Mal\u00eb t\u00eb Zi dhe rajon,por edhe m\u00eb gj\u00ebr\u00eb. [&hellip;]<\/p>\n","protected":false},"author":1,"featured_media":0,"comment_status":"open","ping_status":"closed","sticky":false,"template":"","format":"standard","meta":{"spay_email":"","jetpack_publicize_message":"","jetpack_is_tweetstorm":false,"jetpack_publicize_feature_enabled":true},"categories":[1,14],"tags":[18522,4857,14887,18503,18514,200,18],"jetpack_publicize_connections":[],"yoast_head":"<!-- This site is optimized with the Yoast SEO plugin v19.1 - https:\/\/yoast.com\/wordpress\/plugins\/seo\/ -->\n<title>MCM Plazha n\u00eb Ulqin - Pushime verore Mali i Zi - Video - Lajme nga Ulqini<\/title>\n<meta name=\"description\" content=\"Mobil: Viber + Whatsapp: +382 69 335 534\u00a0 : +382 69 335 512 Plazha MCM - \u00ebsht\u00eb hapur para 5 vjet\u00ebve me ekip profesional, sh\u00ebrbime n\u00eb nivel shum\u00eb t\u00eb lart\u00eb\" \/>\n<meta name=\"robots\" content=\"index, follow, max-snippet:-1, max-image-preview:large, max-video-preview:-1\" \/>\n<link rel=\"canonical\" href=\"https:\/\/www.visit-ulcinj.com\/blog\/2011\/06\/26\/mcm-plazha-ne-ulqin-pushime-verore-mali-i-zi-video\/\" \/>\n<meta property=\"og:locale\" content=\"en_US\" \/>\n<meta property=\"og:type\" content=\"article\" \/>\n<meta property=\"og:title\" content=\"MCM Plazha n\u00eb Ulqin - Pushime verore Mali i Zi - Video - Lajme nga Ulqini\" \/>\n<meta property=\"og:description\" content=\"Mobil: Viber + Whatsapp: +382 69 335 534\u00a0 : +382 69 335 512 Plazha MCM - \u00ebsht\u00eb hapur para 5 vjet\u00ebve me ekip profesional, sh\u00ebrbime n\u00eb nivel shum\u00eb t\u00eb lart\u00eb\" \/>\n<meta property=\"og:url\" content=\"https:\/\/www.visit-ulcinj.com\/blog\/2011\/06\/26\/mcm-plazha-ne-ulqin-pushime-verore-mali-i-zi-video\/\" \/>\n<meta property=\"og:site_name\" content=\"Lajme nga Ulqini\" \/>\n<meta property=\"article:published_time\" content=\"2011-06-26T16:21:36+00:00\" \/>\n<meta property=\"article:modified_time\" content=\"2023-04-01T11:46:02+00:00\" \/>\n<meta property=\"og:image\" content=\"http:\/\/www.visit-ulcinj.com\/blog\/wp-content\/uploads\/2011\/06\/Plazha-MCM-_Plazha-Madhe_Ulqin_Ulqini_2011.4-150x150.jpg\" \/>\n<meta name=\"twitter:label1\" content=\"Written by\" \/>\n\t<meta name=\"twitter:data1\" content=\"ulqini\" \/>\n\t<meta name=\"twitter:label2\" content=\"Est. reading time\" \/>\n\t<meta name=\"twitter:data2\" content=\"4 minutes\" \/>\n<script type=\"application\/ld+json\" class=\"yoast-schema-graph\">{\"@context\":\"https:\/\/schema.org\",\"@graph\":[{\"@type\":\"WebSite\",\"@id\":\"https:\/\/www.visit-ulcinj.com\/blog\/#website\",\"url\":\"https:\/\/www.visit-ulcinj.com\/blog\/\",\"name\":\"Lajme nga Ulqini\",\"description\":\"Lajme,Vijesti,Ulqini,Ulqin,Crna Gora,Mali i Zi\",\"potentialAction\":[{\"@type\":\"SearchAction\",\"target\":{\"@type\":\"EntryPoint\",\"urlTemplate\":\"https:\/\/www.visit-ulcinj.com\/blog\/?s={search_term_string}\"},\"query-input\":\"required name=search_term_string\"}],\"inLanguage\":\"en-US\"},{\"@type\":\"ImageObject\",\"inLanguage\":\"en-US\",\"@id\":\"https:\/\/www.visit-ulcinj.com\/blog\/2011\/06\/26\/mcm-plazha-ne-ulqin-pushime-verore-mali-i-zi-video\/#primaryimage\",\"url\":\"https:\/\/www.visit-ulcinj.com\/blog\/wp-content\/uploads\/2011\/06\/Plazha-MCM-_Plazha-Madhe_Ulqin_Ulqini_2011.3.jpg\",\"contentUrl\":\"https:\/\/www.visit-ulcinj.com\/blog\/wp-content\/uploads\/2011\/06\/Plazha-MCM-_Plazha-Madhe_Ulqin_Ulqini_2011.3.jpg\",\"width\":\"508\",\"height\":\"718\"},{\"@type\":\"WebPage\",\"@id\":\"https:\/\/www.visit-ulcinj.com\/blog\/2011\/06\/26\/mcm-plazha-ne-ulqin-pushime-verore-mali-i-zi-video\/#webpage\",\"url\":\"https:\/\/www.visit-ulcinj.com\/blog\/2011\/06\/26\/mcm-plazha-ne-ulqin-pushime-verore-mali-i-zi-video\/\",\"name\":\"MCM Plazha n\u00eb Ulqin - Pushime verore Mali i Zi - Video - Lajme nga Ulqini\",\"isPartOf\":{\"@id\":\"https:\/\/www.visit-ulcinj.com\/blog\/#website\"},\"primaryImageOfPage\":{\"@id\":\"https:\/\/www.visit-ulcinj.com\/blog\/2011\/06\/26\/mcm-plazha-ne-ulqin-pushime-verore-mali-i-zi-video\/#primaryimage\"},\"datePublished\":\"2011-06-26T16:21:36+00:00\",\"dateModified\":\"2023-04-01T11:46:02+00:00\",\"author\":{\"@id\":\"https:\/\/www.visit-ulcinj.com\/blog\/#\/schema\/person\/dcab619c614d3038751c63bc2aadc06d\"},\"description\":\"Mobil: Viber + Whatsapp: +382 69 335 534\u00a0 : +382 69 335 512 Plazha MCM - \u00ebsht\u00eb hapur para 5 vjet\u00ebve me ekip profesional, sh\u00ebrbime n\u00eb nivel shum\u00eb t\u00eb lart\u00eb\",\"breadcrumb\":{\"@id\":\"https:\/\/www.visit-ulcinj.com\/blog\/2011\/06\/26\/mcm-plazha-ne-ulqin-pushime-verore-mali-i-zi-video\/#breadcrumb\"},\"inLanguage\":\"en-US\",\"potentialAction\":[{\"@type\":\"ReadAction\",\"target\":[\"https:\/\/www.visit-ulcinj.com\/blog\/2011\/06\/26\/mcm-plazha-ne-ulqin-pushime-verore-mali-i-zi-video\/\"]}]},{\"@type\":\"BreadcrumbList\",\"@id\":\"https:\/\/www.visit-ulcinj.com\/blog\/2011\/06\/26\/mcm-plazha-ne-ulqin-pushime-verore-mali-i-zi-video\/#breadcrumb\",\"itemListElement\":[{\"@type\":\"ListItem\",\"position\":1,\"name\":\"MCM Plazha n\u00eb Ulqin &#8211; Pushime verore Mali i Zi &#8211; Video\"}]},{\"@type\":\"Person\",\"@id\":\"https:\/\/www.visit-ulcinj.com\/blog\/#\/schema\/person\/dcab619c614d3038751c63bc2aadc06d\",\"name\":\"ulqini\",\"sameAs\":[\"http:\/\/www.visit-ulcinj.com\"],\"url\":\"https:\/\/www.visit-ulcinj.com\/blog\/author\/admin\/\"}]}<\/script>\n<!-- \/ Yoast SEO plugin. -->","yoast_head_json":{"title":"MCM Plazha n\u00eb Ulqin - Pushime verore Mali i Zi - Video - Lajme nga Ulqini","description":"Mobil: Viber + Whatsapp: +382 69 335 534\u00a0 : +382 69 335 512 Plazha MCM - \u00ebsht\u00eb hapur para 5 vjet\u00ebve me ekip profesional, sh\u00ebrbime n\u00eb nivel shum\u00eb t\u00eb lart\u00eb","robots":{"index":"index","follow":"follow","max-snippet":"max-snippet:-1","max-image-preview":"max-image-preview:large","max-video-preview":"max-video-preview:-1"},"canonical":"https:\/\/www.visit-ulcinj.com\/blog\/2011\/06\/26\/mcm-plazha-ne-ulqin-pushime-verore-mali-i-zi-video\/","og_locale":"en_US","og_type":"article","og_title":"MCM Plazha n\u00eb Ulqin - Pushime verore Mali i Zi - Video - Lajme nga Ulqini","og_description":"Mobil: Viber + Whatsapp: +382 69 335 534\u00a0 : +382 69 335 512 Plazha MCM - \u00ebsht\u00eb hapur para 5 vjet\u00ebve me ekip profesional, sh\u00ebrbime n\u00eb nivel shum\u00eb t\u00eb lart\u00eb","og_url":"https:\/\/www.visit-ulcinj.com\/blog\/2011\/06\/26\/mcm-plazha-ne-ulqin-pushime-verore-mali-i-zi-video\/","og_site_name":"Lajme nga Ulqini","article_published_time":"2011-06-26T16:21:36+00:00","article_modified_time":"2023-04-01T11:46:02+00:00","og_image":[{"url":"http:\/\/www.visit-ulcinj.com\/blog\/wp-content\/uploads\/2011\/06\/Plazha-MCM-_Plazha-Madhe_Ulqin_Ulqini_2011.4-150x150.jpg"}],"twitter_misc":{"Written by":"ulqini","Est. reading time":"4 minutes"},"schema":{"@context":"https:\/\/schema.org","@graph":[{"@type":"WebSite","@id":"https:\/\/www.visit-ulcinj.com\/blog\/#website","url":"https:\/\/www.visit-ulcinj.com\/blog\/","name":"Lajme nga Ulqini","description":"Lajme,Vijesti,Ulqini,Ulqin,Crna Gora,Mali i Zi","potentialAction":[{"@type":"SearchAction","target":{"@type":"EntryPoint","urlTemplate":"https:\/\/www.visit-ulcinj.com\/blog\/?s={search_term_string}"},"query-input":"required name=search_term_string"}],"inLanguage":"en-US"},{"@type":"ImageObject","inLanguage":"en-US","@id":"https:\/\/www.visit-ulcinj.com\/blog\/2011\/06\/26\/mcm-plazha-ne-ulqin-pushime-verore-mali-i-zi-video\/#primaryimage","url":"https:\/\/www.visit-ulcinj.com\/blog\/wp-content\/uploads\/2011\/06\/Plazha-MCM-_Plazha-Madhe_Ulqin_Ulqini_2011.3.jpg","contentUrl":"https:\/\/www.visit-ulcinj.com\/blog\/wp-content\/uploads\/2011\/06\/Plazha-MCM-_Plazha-Madhe_Ulqin_Ulqini_2011.3.jpg","width":"508","height":"718"},{"@type":"WebPage","@id":"https:\/\/www.visit-ulcinj.com\/blog\/2011\/06\/26\/mcm-plazha-ne-ulqin-pushime-verore-mali-i-zi-video\/#webpage","url":"https:\/\/www.visit-ulcinj.com\/blog\/2011\/06\/26\/mcm-plazha-ne-ulqin-pushime-verore-mali-i-zi-video\/","name":"MCM Plazha n\u00eb Ulqin - Pushime verore Mali i Zi - Video - Lajme nga Ulqini","isPartOf":{"@id":"https:\/\/www.visit-ulcinj.com\/blog\/#website"},"primaryImageOfPage":{"@id":"https:\/\/www.visit-ulcinj.com\/blog\/2011\/06\/26\/mcm-plazha-ne-ulqin-pushime-verore-mali-i-zi-video\/#primaryimage"},"datePublished":"2011-06-26T16:21:36+00:00","dateModified":"2023-04-01T11:46:02+00:00","author":{"@id":"https:\/\/www.visit-ulcinj.com\/blog\/#\/schema\/person\/dcab619c614d3038751c63bc2aadc06d"},"description":"Mobil: Viber + Whatsapp: +382 69 335 534\u00a0 : +382 69 335 512 Plazha MCM - \u00ebsht\u00eb hapur para 5 vjet\u00ebve me ekip profesional, sh\u00ebrbime n\u00eb nivel shum\u00eb t\u00eb lart\u00eb","breadcrumb":{"@id":"https:\/\/www.visit-ulcinj.com\/blog\/2011\/06\/26\/mcm-plazha-ne-ulqin-pushime-verore-mali-i-zi-video\/#breadcrumb"},"inLanguage":"en-US","potentialAction":[{"@type":"ReadAction","target":["https:\/\/www.visit-ulcinj.com\/blog\/2011\/06\/26\/mcm-plazha-ne-ulqin-pushime-verore-mali-i-zi-video\/"]}]},{"@type":"BreadcrumbList","@id":"https:\/\/www.visit-ulcinj.com\/blog\/2011\/06\/26\/mcm-plazha-ne-ulqin-pushime-verore-mali-i-zi-video\/#breadcrumb","itemListElement":[{"@type":"ListItem","position":1,"name":"MCM Plazha n\u00eb Ulqin &#8211; Pushime verore Mali i Zi &#8211; Video"}]},{"@type":"Person","@id":"https:\/\/www.visit-ulcinj.com\/blog\/#\/schema\/person\/dcab619c614d3038751c63bc2aadc06d","name":"ulqini","sameAs":["http:\/\/www.visit-ulcinj.com"],"url":"https:\/\/www.visit-ulcinj.com\/blog\/author\/admin\/"}]}},"jetpack_featured_media_url":"","jetpack_sharing_enabled":true,"jetpack_shortlink":"https:\/\/wp.me\/pe6lTn-cxO","_links":{"self":[{"href":"https:\/\/www.visit-ulcinj.com\/blog\/wp-json\/wp\/v2\/posts\/48224"}],"collection":[{"href":"https:\/\/www.visit-ulcinj.com\/blog\/wp-json\/wp\/v2\/posts"}],"about":[{"href":"https:\/\/www.visit-ulcinj.com\/blog\/wp-json\/wp\/v2\/types\/post"}],"author":[{"embeddable":true,"href":"https:\/\/www.visit-ulcinj.com\/blog\/wp-json\/wp\/v2\/users\/1"}],"replies":[{"embeddable":true,"href":"https:\/\/www.visit-ulcinj.com\/blog\/wp-json\/wp\/v2\/comments?post=48224"}],"version-history":[{"count":7,"href":"https:\/\/www.visit-ulcinj.com\/blog\/wp-json\/wp\/v2\/posts\/48224\/revisions"}],"predecessor-version":[{"id":106870,"href":"https:\/\/www.visit-ulcinj.com\/blog\/wp-json\/wp\/v2\/posts\/48224\/revisions\/106870"}],"wp:attachment":[{"href":"https:\/\/www.visit-ulcinj.com\/blog\/wp-json\/wp\/v2\/media?parent=48224"}],"wp:term":[{"taxonomy":"category","embeddable":true,"href":"https:\/\/www.visit-ulcinj.com\/blog\/wp-json\/wp\/v2\/categories?post=48224"},{"taxonomy":"post_tag","embeddable":true,"href":"https:\/\/www.visit-ulcinj.com\/blog\/wp-json\/wp\/v2\/tags?post=48224"}],"curies":[{"name":"wp","href":"https:\/\/api.w.org\/{rel}","templated":true}]}}