{"id":48237,"date":"2011-06-26T21:30:02","date_gmt":"2011-06-26T20:30:02","guid":{"rendered":"http:\/\/www.visit-ulcinj.com\/blog\/?p=48237"},"modified":"2011-06-28T09:18:25","modified_gmt":"2011-06-28T08:18:25","slug":"ulqinaket-presin-fluks-te-madh-te-pushuesve","status":"publish","type":"post","link":"https:\/\/www.visit-ulcinj.com\/blog\/2011\/06\/26\/ulqinaket-presin-fluks-te-madh-te-pushuesve\/","title":{"rendered":"Ulqinak\u00ebt presin fluks t\u00eb madh t\u00eb pushuesve &#8211; Video"},"content":{"rendered":"<p><a href=\"http:\/\/www.visit-ulcinj.com\/blog\/wp-content\/uploads\/2011\/06\/Plazha-MCM-_Plazha-Madhe_Ulqin_Ulqini_20111.jpg\"><img loading=\"lazy\" class=\"alignleft size-full wp-image-48238\" title=\"Plazha MCM _Plazha Madhe_Ulqin_Ulqini_2011\" src=\"http:\/\/www.visit-ulcinj.com\/blog\/wp-content\/uploads\/2011\/06\/Plazha-MCM-_Plazha-Madhe_Ulqin_Ulqini_20111.jpg\" alt=\"\" width=\"508\" height=\"380\" \/><\/a>Ulqin, 26 qershor &#8211; Ulqini ka hapur sezonin turistik p\u00ebr vitin 2011. K\u00ebt\u00eb sezon turistik, ky qytet bregdetar do t\u00eb jet\u00eb destinacion i pushuesve jo vet\u00ebm kosovar\u00eb, por edhe nga shum\u00eb vende tjera nga rajoni dhe Evropa.<\/p>\n<p>P\u00ebr shembull, gjat\u00eb dit\u00ebve q\u00eb grupi i gazetar\u00ebve nga Kosova q\u00ebndroi n\u00eb Ulqin, n\u00eb hotelin \u201cMediteran\u201d zbarkoi nj\u00eb grup prej rreth 100 turist\u00ebve nga Polonia, raporton KTV-ja.<\/p>\n<p>Krizat politike q\u00eb po kalojn\u00eb disa vende afrikane, si Egjipti e Tunizia, e pastaj edhe destabiliteti politik n\u00eb Greqi, b\u00ebjn\u00eb q\u00eb Ulqini sivjet t\u00eb thyej\u00eb t\u00eb gjitha rekordet e turizmit.<\/p>\n<p>Por, kryetari i k\u00ebtij qyteti bregdetar, G\u00ebzim Hajdinaga p\u00ebrmbahet derisa flet p\u00ebr turizmin n\u00eb qytetin e tij.<\/p>\n<p>N\u00eb an\u00ebn tjet\u00ebr, pronar\u00ebt e plazheve si \u201cMCM\u201d, \u201cCopacabana\u201d, \u201cSafari\u201d e \u201cToni Grill\u201d thon\u00eb se \u00e7mimet do t\u00eb jen\u00eb t\u00eb pranueshme, krahas cil\u00ebsis\u00eb q\u00eb do t\u00eb ofrojn\u00eb p\u00ebr pushuesit.<\/p>\n<p>P\u00ebrpos plazhit, ata q\u00eb kan\u00eb vendosur ta vizitojn\u00eb k\u00ebt\u00eb qytet me histori dhe kultur\u00eb mund t\u00eb shijojn\u00eb edhe vende t\u00eb bukura me tradit\u00eb si Kalaja, e cila vazhdon ta ruaj\u00eb t\u00eb kaluar\u00ebn e saj.<\/p>\n<p><strong>Koha Net<\/strong><\/p>\n<p><strong><!--YouTube Error: bad URL entered--><br \/>\n<\/strong><\/p>\n","protected":false},"excerpt":{"rendered":"<p>Ulqin, 26 qershor &#8211; Ulqini ka hapur sezonin turistik p\u00ebr vitin 2011. K\u00ebt\u00eb sezon turistik, ky qytet bregdetar do t\u00eb jet\u00eb destinacion i pushuesve jo vet\u00ebm kosovar\u00eb, por edhe nga shum\u00eb vende tjera nga rajoni dhe Evropa. P\u00ebr shembull, gjat\u00eb dit\u00ebve q\u00eb grupi i gazetar\u00ebve nga Kosova q\u00ebndroi n\u00eb Ulqin, n\u00eb hotelin \u201cMediteran\u201d zbarkoi nj\u00eb [&hellip;]<\/p>\n","protected":false},"author":1,"featured_media":0,"comment_status":"open","ping_status":"closed","sticky":false,"template":"","format":"standard","meta":{"spay_email":"","jetpack_publicize_message":"","jetpack_is_tweetstorm":false,"jetpack_publicize_feature_enabled":true},"categories":[1,11],"tags":[7672,7666,7667,11124,7665,22016,2798],"jetpack_publicize_connections":[],"yoast_head":"<!-- This site is optimized with the Yoast SEO plugin v19.1 - https:\/\/yoast.com\/wordpress\/plugins\/seo\/ -->\n<title>Ulqinak\u00ebt presin fluks t\u00eb madh t\u00eb pushuesve - Video - Lajme nga Ulqini<\/title>\n<meta name=\"description\" content=\"Ulqin, 26 qershor - Ulqini ka hapur sezonin turistik p\u00ebr vitin 2011. K\u00ebt\u00eb sezon turistik, ky qytet bregdetar do t\u00eb jet\u00eb destinacion i pushuesve jo vet\u00ebm\" \/>\n<meta name=\"robots\" content=\"index, follow, max-snippet:-1, max-image-preview:large, max-video-preview:-1\" \/>\n<link rel=\"canonical\" href=\"https:\/\/www.visit-ulcinj.com\/blog\/2011\/06\/26\/ulqinaket-presin-fluks-te-madh-te-pushuesve\/\" \/>\n<meta property=\"og:locale\" content=\"en_US\" \/>\n<meta property=\"og:type\" content=\"article\" \/>\n<meta property=\"og:title\" content=\"Ulqinak\u00ebt presin fluks t\u00eb madh t\u00eb pushuesve - Video - Lajme nga Ulqini\" \/>\n<meta property=\"og:description\" content=\"Ulqin, 26 qershor - Ulqini ka hapur sezonin turistik p\u00ebr vitin 2011. K\u00ebt\u00eb sezon turistik, ky qytet bregdetar do t\u00eb jet\u00eb destinacion i pushuesve jo vet\u00ebm\" \/>\n<meta property=\"og:url\" content=\"https:\/\/www.visit-ulcinj.com\/blog\/2011\/06\/26\/ulqinaket-presin-fluks-te-madh-te-pushuesve\/\" \/>\n<meta property=\"og:site_name\" content=\"Lajme nga Ulqini\" \/>\n<meta property=\"article:published_time\" content=\"2011-06-26T20:30:02+00:00\" \/>\n<meta property=\"article:modified_time\" content=\"2011-06-28T08:18:25+00:00\" \/>\n<meta property=\"og:image\" content=\"http:\/\/www.visit-ulcinj.com\/blog\/wp-content\/uploads\/2011\/06\/Plazha-MCM-_Plazha-Madhe_Ulqin_Ulqini_20111.jpg\" \/>\n<meta name=\"twitter:label1\" content=\"Written by\" \/>\n\t<meta name=\"twitter:data1\" content=\"ulqini\" \/>\n\t<meta name=\"twitter:label2\" content=\"Est. reading time\" \/>\n\t<meta name=\"twitter:data2\" content=\"1 minute\" \/>\n<script type=\"application\/ld+json\" class=\"yoast-schema-graph\">{\"@context\":\"https:\/\/schema.org\",\"@graph\":[{\"@type\":\"WebSite\",\"@id\":\"https:\/\/www.visit-ulcinj.com\/blog\/#website\",\"url\":\"https:\/\/www.visit-ulcinj.com\/blog\/\",\"name\":\"Lajme nga Ulqini\",\"description\":\"Lajme,Vijesti,Ulqini,Ulqin,Crna Gora,Mali i Zi\",\"potentialAction\":[{\"@type\":\"SearchAction\",\"target\":{\"@type\":\"EntryPoint\",\"urlTemplate\":\"https:\/\/www.visit-ulcinj.com\/blog\/?s={search_term_string}\"},\"query-input\":\"required name=search_term_string\"}],\"inLanguage\":\"en-US\"},{\"@type\":\"ImageObject\",\"inLanguage\":\"en-US\",\"@id\":\"https:\/\/www.visit-ulcinj.com\/blog\/2011\/06\/26\/ulqinaket-presin-fluks-te-madh-te-pushuesve\/#primaryimage\",\"url\":\"https:\/\/www.visit-ulcinj.com\/blog\/wp-content\/uploads\/2011\/06\/Plazha-MCM-_Plazha-Madhe_Ulqin_Ulqini_20111.jpg\",\"contentUrl\":\"https:\/\/www.visit-ulcinj.com\/blog\/wp-content\/uploads\/2011\/06\/Plazha-MCM-_Plazha-Madhe_Ulqin_Ulqini_20111.jpg\",\"width\":\"830\",\"height\":\"880\"},{\"@type\":\"WebPage\",\"@id\":\"https:\/\/www.visit-ulcinj.com\/blog\/2011\/06\/26\/ulqinaket-presin-fluks-te-madh-te-pushuesve\/#webpage\",\"url\":\"https:\/\/www.visit-ulcinj.com\/blog\/2011\/06\/26\/ulqinaket-presin-fluks-te-madh-te-pushuesve\/\",\"name\":\"Ulqinak\u00ebt presin fluks t\u00eb madh t\u00eb pushuesve - Video - Lajme nga Ulqini\",\"isPartOf\":{\"@id\":\"https:\/\/www.visit-ulcinj.com\/blog\/#website\"},\"primaryImageOfPage\":{\"@id\":\"https:\/\/www.visit-ulcinj.com\/blog\/2011\/06\/26\/ulqinaket-presin-fluks-te-madh-te-pushuesve\/#primaryimage\"},\"datePublished\":\"2011-06-26T20:30:02+00:00\",\"dateModified\":\"2011-06-28T08:18:25+00:00\",\"author\":{\"@id\":\"https:\/\/www.visit-ulcinj.com\/blog\/#\/schema\/person\/dcab619c614d3038751c63bc2aadc06d\"},\"description\":\"Ulqin, 26 qershor - Ulqini ka hapur sezonin turistik p\u00ebr vitin 2011. K\u00ebt\u00eb sezon turistik, ky qytet bregdetar do t\u00eb jet\u00eb destinacion i pushuesve jo vet\u00ebm\",\"breadcrumb\":{\"@id\":\"https:\/\/www.visit-ulcinj.com\/blog\/2011\/06\/26\/ulqinaket-presin-fluks-te-madh-te-pushuesve\/#breadcrumb\"},\"inLanguage\":\"en-US\",\"potentialAction\":[{\"@type\":\"ReadAction\",\"target\":[\"https:\/\/www.visit-ulcinj.com\/blog\/2011\/06\/26\/ulqinaket-presin-fluks-te-madh-te-pushuesve\/\"]}]},{\"@type\":\"BreadcrumbList\",\"@id\":\"https:\/\/www.visit-ulcinj.com\/blog\/2011\/06\/26\/ulqinaket-presin-fluks-te-madh-te-pushuesve\/#breadcrumb\",\"itemListElement\":[{\"@type\":\"ListItem\",\"position\":1,\"name\":\"Ulqinak\u00ebt presin fluks t\u00eb madh t\u00eb pushuesve &#8211; Video\"}]},{\"@type\":\"Person\",\"@id\":\"https:\/\/www.visit-ulcinj.com\/blog\/#\/schema\/person\/dcab619c614d3038751c63bc2aadc06d\",\"name\":\"ulqini\",\"sameAs\":[\"http:\/\/www.visit-ulcinj.com\"],\"url\":\"https:\/\/www.visit-ulcinj.com\/blog\/author\/admin\/\"}]}<\/script>\n<!-- \/ Yoast SEO plugin. -->","yoast_head_json":{"title":"Ulqinak\u00ebt presin fluks t\u00eb madh t\u00eb pushuesve - Video - Lajme nga Ulqini","description":"Ulqin, 26 qershor - Ulqini ka hapur sezonin turistik p\u00ebr vitin 2011. K\u00ebt\u00eb sezon turistik, ky qytet bregdetar do t\u00eb jet\u00eb destinacion i pushuesve jo vet\u00ebm","robots":{"index":"index","follow":"follow","max-snippet":"max-snippet:-1","max-image-preview":"max-image-preview:large","max-video-preview":"max-video-preview:-1"},"canonical":"https:\/\/www.visit-ulcinj.com\/blog\/2011\/06\/26\/ulqinaket-presin-fluks-te-madh-te-pushuesve\/","og_locale":"en_US","og_type":"article","og_title":"Ulqinak\u00ebt presin fluks t\u00eb madh t\u00eb pushuesve - Video - Lajme nga Ulqini","og_description":"Ulqin, 26 qershor - Ulqini ka hapur sezonin turistik p\u00ebr vitin 2011. K\u00ebt\u00eb sezon turistik, ky qytet bregdetar do t\u00eb jet\u00eb destinacion i pushuesve jo vet\u00ebm","og_url":"https:\/\/www.visit-ulcinj.com\/blog\/2011\/06\/26\/ulqinaket-presin-fluks-te-madh-te-pushuesve\/","og_site_name":"Lajme nga Ulqini","article_published_time":"2011-06-26T20:30:02+00:00","article_modified_time":"2011-06-28T08:18:25+00:00","og_image":[{"url":"http:\/\/www.visit-ulcinj.com\/blog\/wp-content\/uploads\/2011\/06\/Plazha-MCM-_Plazha-Madhe_Ulqin_Ulqini_20111.jpg"}],"twitter_misc":{"Written by":"ulqini","Est. reading time":"1 minute"},"schema":{"@context":"https:\/\/schema.org","@graph":[{"@type":"WebSite","@id":"https:\/\/www.visit-ulcinj.com\/blog\/#website","url":"https:\/\/www.visit-ulcinj.com\/blog\/","name":"Lajme nga Ulqini","description":"Lajme,Vijesti,Ulqini,Ulqin,Crna Gora,Mali i Zi","potentialAction":[{"@type":"SearchAction","target":{"@type":"EntryPoint","urlTemplate":"https:\/\/www.visit-ulcinj.com\/blog\/?s={search_term_string}"},"query-input":"required name=search_term_string"}],"inLanguage":"en-US"},{"@type":"ImageObject","inLanguage":"en-US","@id":"https:\/\/www.visit-ulcinj.com\/blog\/2011\/06\/26\/ulqinaket-presin-fluks-te-madh-te-pushuesve\/#primaryimage","url":"https:\/\/www.visit-ulcinj.com\/blog\/wp-content\/uploads\/2011\/06\/Plazha-MCM-_Plazha-Madhe_Ulqin_Ulqini_20111.jpg","contentUrl":"https:\/\/www.visit-ulcinj.com\/blog\/wp-content\/uploads\/2011\/06\/Plazha-MCM-_Plazha-Madhe_Ulqin_Ulqini_20111.jpg","width":"830","height":"880"},{"@type":"WebPage","@id":"https:\/\/www.visit-ulcinj.com\/blog\/2011\/06\/26\/ulqinaket-presin-fluks-te-madh-te-pushuesve\/#webpage","url":"https:\/\/www.visit-ulcinj.com\/blog\/2011\/06\/26\/ulqinaket-presin-fluks-te-madh-te-pushuesve\/","name":"Ulqinak\u00ebt presin fluks t\u00eb madh t\u00eb pushuesve - Video - Lajme nga Ulqini","isPartOf":{"@id":"https:\/\/www.visit-ulcinj.com\/blog\/#website"},"primaryImageOfPage":{"@id":"https:\/\/www.visit-ulcinj.com\/blog\/2011\/06\/26\/ulqinaket-presin-fluks-te-madh-te-pushuesve\/#primaryimage"},"datePublished":"2011-06-26T20:30:02+00:00","dateModified":"2011-06-28T08:18:25+00:00","author":{"@id":"https:\/\/www.visit-ulcinj.com\/blog\/#\/schema\/person\/dcab619c614d3038751c63bc2aadc06d"},"description":"Ulqin, 26 qershor - Ulqini ka hapur sezonin turistik p\u00ebr vitin 2011. K\u00ebt\u00eb sezon turistik, ky qytet bregdetar do t\u00eb jet\u00eb destinacion i pushuesve jo vet\u00ebm","breadcrumb":{"@id":"https:\/\/www.visit-ulcinj.com\/blog\/2011\/06\/26\/ulqinaket-presin-fluks-te-madh-te-pushuesve\/#breadcrumb"},"inLanguage":"en-US","potentialAction":[{"@type":"ReadAction","target":["https:\/\/www.visit-ulcinj.com\/blog\/2011\/06\/26\/ulqinaket-presin-fluks-te-madh-te-pushuesve\/"]}]},{"@type":"BreadcrumbList","@id":"https:\/\/www.visit-ulcinj.com\/blog\/2011\/06\/26\/ulqinaket-presin-fluks-te-madh-te-pushuesve\/#breadcrumb","itemListElement":[{"@type":"ListItem","position":1,"name":"Ulqinak\u00ebt presin fluks t\u00eb madh t\u00eb pushuesve &#8211; Video"}]},{"@type":"Person","@id":"https:\/\/www.visit-ulcinj.com\/blog\/#\/schema\/person\/dcab619c614d3038751c63bc2aadc06d","name":"ulqini","sameAs":["http:\/\/www.visit-ulcinj.com"],"url":"https:\/\/www.visit-ulcinj.com\/blog\/author\/admin\/"}]}},"jetpack_featured_media_url":"","jetpack_sharing_enabled":true,"jetpack_shortlink":"https:\/\/wp.me\/pe6lTn-cy1","_links":{"self":[{"href":"https:\/\/www.visit-ulcinj.com\/blog\/wp-json\/wp\/v2\/posts\/48237"}],"collection":[{"href":"https:\/\/www.visit-ulcinj.com\/blog\/wp-json\/wp\/v2\/posts"}],"about":[{"href":"https:\/\/www.visit-ulcinj.com\/blog\/wp-json\/wp\/v2\/types\/post"}],"author":[{"embeddable":true,"href":"https:\/\/www.visit-ulcinj.com\/blog\/wp-json\/wp\/v2\/users\/1"}],"replies":[{"embeddable":true,"href":"https:\/\/www.visit-ulcinj.com\/blog\/wp-json\/wp\/v2\/comments?post=48237"}],"version-history":[{"count":6,"href":"https:\/\/www.visit-ulcinj.com\/blog\/wp-json\/wp\/v2\/posts\/48237\/revisions"}],"predecessor-version":[{"id":48279,"href":"https:\/\/www.visit-ulcinj.com\/blog\/wp-json\/wp\/v2\/posts\/48237\/revisions\/48279"}],"wp:attachment":[{"href":"https:\/\/www.visit-ulcinj.com\/blog\/wp-json\/wp\/v2\/media?parent=48237"}],"wp:term":[{"taxonomy":"category","embeddable":true,"href":"https:\/\/www.visit-ulcinj.com\/blog\/wp-json\/wp\/v2\/categories?post=48237"},{"taxonomy":"post_tag","embeddable":true,"href":"https:\/\/www.visit-ulcinj.com\/blog\/wp-json\/wp\/v2\/tags?post=48237"}],"curies":[{"name":"wp","href":"https:\/\/api.w.org\/{rel}","templated":true}]}}