{"id":48250,"date":"2011-06-27T10:30:13","date_gmt":"2011-06-27T09:30:13","guid":{"rendered":"http:\/\/www.visit-ulcinj.com\/blog\/?p=48250"},"modified":"2011-06-27T10:30:13","modified_gmt":"2011-06-27T09:30:13","slug":"ali-pasina-kuca-ulcinj","status":"publish","type":"post","link":"https:\/\/www.visit-ulcinj.com\/blog\/2011\/06\/27\/ali-pasina-kuca-ulcinj\/","title":{"rendered":"ALI PA\u0160INA ku\u0107a -Ulcinj"},"content":{"rendered":"<p><a href=\"http:\/\/www.visit-ulcinj.com\/blog\/wp-content\/uploads\/2011\/06\/ALI-PASINA-kuca-Ulcinj.jpg\"><img loading=\"lazy\" class=\"alignleft size-full wp-image-48256\" title=\"ALI PASINA kuca -Ulcinj\" src=\"http:\/\/www.visit-ulcinj.com\/blog\/wp-content\/uploads\/2011\/06\/ALI-PASINA-kuca-Ulcinj.jpg\" alt=\"\" width=\"508\" height=\"380\" srcset=\"https:\/\/www.visit-ulcinj.com\/blog\/wp-content\/uploads\/2011\/06\/ALI-PASINA-kuca-Ulcinj.jpg 720w, https:\/\/www.visit-ulcinj.com\/blog\/wp-content\/uploads\/2011\/06\/ALI-PASINA-kuca-Ulcinj-300x225.jpg 300w\" sizes=\"(max-width: 508px) 100vw, 508px\" \/><\/a>&#8220;ALI PA\u0160INA&#8221; ku\u0107a.. Nekad, jedna od najljep\u0161ih gra\u0111evina u na\u0161em gradu&#8230;danas, u ru\u0161evina, obrasla u korov, napu\u0161tena i zapu\u0161tena od kompetentnoh organa &#8220;lokalne uprave..i naravno, i od kom\u0161ija , koji su od nje i u njoj, napravili deponiju. Svaki dalji komentar je suvi\u0161an. Ni njih niti kompetentne organe ne mo\u017ee opravdati niti oprati pred sudom javnosti,a ni pred svojom savje\u0161\u0107u, niko. Dovoljno je da pro\u0161etate , \u010duvenom ulicom 7 i da se sami uvjerite u savjest svih nas, ali prvenstveno kompetentnih organa i kom\u0161ija, naravno. Za informaciju \u010ditaocima, nekada je ona bila spomenik prve kategorije, stavljena pod jurisdikcijim RZ za za\u0161titu spomenika kulture sa Cetinja, a da ne govorimo da je mnogima pru\u017eala i uti\u010di\u0161te&#8230;Mnogima je u njoj povremeno rije\u0161avano i stambeno pitanje&#8230;..Danas su je svi zaboravili. Mislim da bi se, kada bi se nekim slu\u010dajem Ali PA\u0160A Kli\u010d , reinkarnirao stidio i naravno, za\u017ealio kome je i za koga je izgradio, i kona\u010dno i ostavio u nasljedstvo tako prelijepu ku\u0107u, konak i d\u017eamiju.&#8221;<\/p>\n<p><strong><a href=\"http:\/\/www.facebook.com\/photo.php?fbid=2130444184888&amp;set=a.2130442864855.2130144.1359492972&amp;type=1&amp;theater\" target=\"_blank\">Ismet Karamanaga Facebook<\/a><\/strong><\/p>\n<p><strong>\n\t\t<style type=\"text\/css\">\n\t\t\t#gallery-1 {\n\t\t\t\tmargin: auto;\n\t\t\t}\n\t\t\t#gallery-1 .gallery-item {\n\t\t\t\tfloat: left;\n\t\t\t\tmargin-top: 10px;\n\t\t\t\ttext-align: center;\n\t\t\t\twidth: 33%;\n\t\t\t}\n\t\t\t#gallery-1 img {\n\t\t\t\tborder: 2px solid #cfcfcf;\n\t\t\t}\n\t\t\t#gallery-1 .gallery-caption {\n\t\t\t\tmargin-left: 0;\n\t\t\t}\n\t\t\t\/* see gallery_shortcode() in wp-includes\/media.php *\/\n\t\t<\/style>\n\t\t<div id='gallery-1' class='gallery galleryid-48250 gallery-columns-3 gallery-size-thumbnail'><dl class='gallery-item'>\n\t\t\t<dt class='gallery-icon portrait'>\n\t\t\t\t<a href='https:\/\/www.visit-ulcinj.com\/blog\/wp-content\/uploads\/2011\/06\/ALI-PASINA-kuca-Ulcinj.1.jpg'><img width=\"150\" height=\"150\" src=\"https:\/\/www.visit-ulcinj.com\/blog\/wp-content\/uploads\/2011\/06\/ALI-PASINA-kuca-Ulcinj.1-150x150.jpg\" class=\"attachment-thumbnail size-thumbnail\" alt=\"\" loading=\"lazy\" \/><\/a>\n\t\t\t<\/dt><\/dl><dl class='gallery-item'>\n\t\t\t<dt class='gallery-icon landscape'>\n\t\t\t\t<a href='https:\/\/www.visit-ulcinj.com\/blog\/wp-content\/uploads\/2011\/06\/ALI-PASINA-kuca-Ulcinj.2.jpg'><img width=\"150\" height=\"150\" src=\"https:\/\/www.visit-ulcinj.com\/blog\/wp-content\/uploads\/2011\/06\/ALI-PASINA-kuca-Ulcinj.2-150x150.jpg\" class=\"attachment-thumbnail size-thumbnail\" alt=\"\" loading=\"lazy\" \/><\/a>\n\t\t\t<\/dt><\/dl><dl class='gallery-item'>\n\t\t\t<dt class='gallery-icon landscape'>\n\t\t\t\t<a href='https:\/\/www.visit-ulcinj.com\/blog\/wp-content\/uploads\/2011\/06\/ALI-PASINA-kuca-Ulcinj.3.jpg'><img width=\"150\" height=\"150\" src=\"https:\/\/www.visit-ulcinj.com\/blog\/wp-content\/uploads\/2011\/06\/ALI-PASINA-kuca-Ulcinj.3-150x150.jpg\" class=\"attachment-thumbnail size-thumbnail\" alt=\"\" loading=\"lazy\" \/><\/a>\n\t\t\t<\/dt><\/dl><br style=\"clear: both\" \/><dl class='gallery-item'>\n\t\t\t<dt class='gallery-icon landscape'>\n\t\t\t\t<a href='https:\/\/www.visit-ulcinj.com\/blog\/wp-content\/uploads\/2011\/06\/ALI-PASINA-kuca-Ulcinj.4.jpg'><img width=\"150\" height=\"150\" src=\"https:\/\/www.visit-ulcinj.com\/blog\/wp-content\/uploads\/2011\/06\/ALI-PASINA-kuca-Ulcinj.4-150x150.jpg\" class=\"attachment-thumbnail size-thumbnail\" alt=\"\" loading=\"lazy\" \/><\/a>\n\t\t\t<\/dt><\/dl><dl class='gallery-item'>\n\t\t\t<dt class='gallery-icon portrait'>\n\t\t\t\t<a href='https:\/\/www.visit-ulcinj.com\/blog\/wp-content\/uploads\/2011\/06\/ALI-PASINA-kuca-Ulcinj.5.jpg'><img width=\"150\" height=\"150\" src=\"https:\/\/www.visit-ulcinj.com\/blog\/wp-content\/uploads\/2011\/06\/ALI-PASINA-kuca-Ulcinj.5-150x150.jpg\" class=\"attachment-thumbnail size-thumbnail\" alt=\"\" loading=\"lazy\" \/><\/a>\n\t\t\t<\/dt><\/dl><dl class='gallery-item'>\n\t\t\t<dt class='gallery-icon landscape'>\n\t\t\t\t<a href='https:\/\/www.visit-ulcinj.com\/blog\/wp-content\/uploads\/2011\/06\/ALI-PASINA-kuca-Ulcinj.jpg'><img width=\"150\" height=\"150\" src=\"https:\/\/www.visit-ulcinj.com\/blog\/wp-content\/uploads\/2011\/06\/ALI-PASINA-kuca-Ulcinj-150x150.jpg\" class=\"attachment-thumbnail size-thumbnail\" alt=\"\" loading=\"lazy\" \/><\/a>\n\t\t\t<\/dt><\/dl><br style=\"clear: both\" \/>\n\t\t<\/div>\n<br \/>\n<\/strong><br \/>\n<!--YouTube Error: bad URL entered--><\/p>\n","protected":false},"excerpt":{"rendered":"<p>&#8220;ALI PA\u0160INA&#8221; ku\u0107a.. Nekad, jedna od najljep\u0161ih gra\u0111evina u na\u0161em gradu&#8230;danas, u ru\u0161evina, obrasla u korov, napu\u0161tena i zapu\u0161tena od kompetentnoh organa &#8220;lokalne uprave..i naravno, i od kom\u0161ija , koji su od nje i u njoj, napravili deponiju. Svaki dalji komentar je suvi\u0161an. Ni njih niti kompetentne organe ne mo\u017ee opravdati niti oprati pred sudom [&hellip;]<\/p>\n","protected":false},"author":1,"featured_media":0,"comment_status":"open","ping_status":"closed","sticky":false,"template":"","format":"standard","meta":{"spay_email":"","jetpack_publicize_message":"","jetpack_is_tweetstorm":false,"jetpack_publicize_feature_enabled":true},"categories":[8337],"tags":[18524,850,19],"jetpack_publicize_connections":[],"yoast_head":"<!-- This site is optimized with the Yoast SEO plugin v19.1 - https:\/\/yoast.com\/wordpress\/plugins\/seo\/ -->\n<title>ALI PA\u0160INA ku\u0107a -Ulcinj - Lajme nga Ulqini<\/title>\n<meta name=\"description\" content=\"&quot;ALI PA\u0160INA&quot; ku\u0107a.. Nekad, jedna od najljep\u0161ih gra\u0111evina u na\u0161em gradu...danas, u ru\u0161evina, obrasla u korov, napu\u0161tena i zapu\u0161tena od kompetentnoh organa\" \/>\n<meta name=\"robots\" content=\"index, follow, max-snippet:-1, max-image-preview:large, max-video-preview:-1\" \/>\n<link rel=\"canonical\" href=\"https:\/\/www.visit-ulcinj.com\/blog\/2011\/06\/27\/ali-pasina-kuca-ulcinj\/\" \/>\n<meta property=\"og:locale\" content=\"en_US\" \/>\n<meta property=\"og:type\" content=\"article\" \/>\n<meta property=\"og:title\" content=\"ALI PA\u0160INA ku\u0107a -Ulcinj - Lajme nga Ulqini\" \/>\n<meta property=\"og:description\" content=\"&quot;ALI PA\u0160INA&quot; ku\u0107a.. Nekad, jedna od najljep\u0161ih gra\u0111evina u na\u0161em gradu...danas, u ru\u0161evina, obrasla u korov, napu\u0161tena i zapu\u0161tena od kompetentnoh organa\" \/>\n<meta property=\"og:url\" content=\"https:\/\/www.visit-ulcinj.com\/blog\/2011\/06\/27\/ali-pasina-kuca-ulcinj\/\" \/>\n<meta property=\"og:site_name\" content=\"Lajme nga Ulqini\" \/>\n<meta property=\"article:published_time\" content=\"2011-06-27T09:30:13+00:00\" \/>\n<meta property=\"og:image\" content=\"https:\/\/www.visit-ulcinj.com\/blog\/wp-content\/uploads\/2011\/06\/ALI-PASINA-kuca-Ulcinj.1-150x150.jpg\" \/>\n<meta name=\"twitter:label1\" content=\"Written by\" \/>\n\t<meta name=\"twitter:data1\" content=\"ulqini\" \/>\n\t<meta name=\"twitter:label2\" content=\"Est. reading time\" \/>\n\t<meta name=\"twitter:data2\" content=\"1 minute\" \/>\n<script type=\"application\/ld+json\" class=\"yoast-schema-graph\">{\"@context\":\"https:\/\/schema.org\",\"@graph\":[{\"@type\":\"WebSite\",\"@id\":\"https:\/\/www.visit-ulcinj.com\/blog\/#website\",\"url\":\"https:\/\/www.visit-ulcinj.com\/blog\/\",\"name\":\"Lajme nga Ulqini\",\"description\":\"Lajme,Vijesti,Ulqini,Ulqin,Crna Gora,Mali i Zi\",\"potentialAction\":[{\"@type\":\"SearchAction\",\"target\":{\"@type\":\"EntryPoint\",\"urlTemplate\":\"https:\/\/www.visit-ulcinj.com\/blog\/?s={search_term_string}\"},\"query-input\":\"required name=search_term_string\"}],\"inLanguage\":\"en-US\"},{\"@type\":\"ImageObject\",\"inLanguage\":\"en-US\",\"@id\":\"https:\/\/www.visit-ulcinj.com\/blog\/2011\/06\/27\/ali-pasina-kuca-ulcinj\/#primaryimage\",\"url\":\"https:\/\/www.visit-ulcinj.com\/blog\/wp-content\/uploads\/2011\/06\/ALI-PASINA-kuca-Ulcinj.jpg\",\"contentUrl\":\"https:\/\/www.visit-ulcinj.com\/blog\/wp-content\/uploads\/2011\/06\/ALI-PASINA-kuca-Ulcinj.jpg\",\"width\":\"720\",\"height\":\"540\"},{\"@type\":\"WebPage\",\"@id\":\"https:\/\/www.visit-ulcinj.com\/blog\/2011\/06\/27\/ali-pasina-kuca-ulcinj\/#webpage\",\"url\":\"https:\/\/www.visit-ulcinj.com\/blog\/2011\/06\/27\/ali-pasina-kuca-ulcinj\/\",\"name\":\"ALI PA\u0160INA ku\u0107a -Ulcinj - Lajme nga Ulqini\",\"isPartOf\":{\"@id\":\"https:\/\/www.visit-ulcinj.com\/blog\/#website\"},\"primaryImageOfPage\":{\"@id\":\"https:\/\/www.visit-ulcinj.com\/blog\/2011\/06\/27\/ali-pasina-kuca-ulcinj\/#primaryimage\"},\"datePublished\":\"2011-06-27T09:30:13+00:00\",\"dateModified\":\"2011-06-27T09:30:13+00:00\",\"author\":{\"@id\":\"https:\/\/www.visit-ulcinj.com\/blog\/#\/schema\/person\/dcab619c614d3038751c63bc2aadc06d\"},\"description\":\"\\\"ALI PA\u0160INA\\\" ku\u0107a.. Nekad, jedna od najljep\u0161ih gra\u0111evina u na\u0161em gradu...danas, u ru\u0161evina, obrasla u korov, napu\u0161tena i zapu\u0161tena od kompetentnoh organa\",\"breadcrumb\":{\"@id\":\"https:\/\/www.visit-ulcinj.com\/blog\/2011\/06\/27\/ali-pasina-kuca-ulcinj\/#breadcrumb\"},\"inLanguage\":\"en-US\",\"potentialAction\":[{\"@type\":\"ReadAction\",\"target\":[\"https:\/\/www.visit-ulcinj.com\/blog\/2011\/06\/27\/ali-pasina-kuca-ulcinj\/\"]}]},{\"@type\":\"BreadcrumbList\",\"@id\":\"https:\/\/www.visit-ulcinj.com\/blog\/2011\/06\/27\/ali-pasina-kuca-ulcinj\/#breadcrumb\",\"itemListElement\":[{\"@type\":\"ListItem\",\"position\":1,\"name\":\"ALI PA\u0160INA ku\u0107a -Ulcinj\"}]},{\"@type\":\"Person\",\"@id\":\"https:\/\/www.visit-ulcinj.com\/blog\/#\/schema\/person\/dcab619c614d3038751c63bc2aadc06d\",\"name\":\"ulqini\",\"sameAs\":[\"http:\/\/www.visit-ulcinj.com\"],\"url\":\"https:\/\/www.visit-ulcinj.com\/blog\/author\/admin\/\"}]}<\/script>\n<!-- \/ Yoast SEO plugin. -->","yoast_head_json":{"title":"ALI PA\u0160INA ku\u0107a -Ulcinj - Lajme nga Ulqini","description":"\"ALI PA\u0160INA\" ku\u0107a.. Nekad, jedna od najljep\u0161ih gra\u0111evina u na\u0161em gradu...danas, u ru\u0161evina, obrasla u korov, napu\u0161tena i zapu\u0161tena od kompetentnoh organa","robots":{"index":"index","follow":"follow","max-snippet":"max-snippet:-1","max-image-preview":"max-image-preview:large","max-video-preview":"max-video-preview:-1"},"canonical":"https:\/\/www.visit-ulcinj.com\/blog\/2011\/06\/27\/ali-pasina-kuca-ulcinj\/","og_locale":"en_US","og_type":"article","og_title":"ALI PA\u0160INA ku\u0107a -Ulcinj - Lajme nga Ulqini","og_description":"\"ALI PA\u0160INA\" ku\u0107a.. Nekad, jedna od najljep\u0161ih gra\u0111evina u na\u0161em gradu...danas, u ru\u0161evina, obrasla u korov, napu\u0161tena i zapu\u0161tena od kompetentnoh organa","og_url":"https:\/\/www.visit-ulcinj.com\/blog\/2011\/06\/27\/ali-pasina-kuca-ulcinj\/","og_site_name":"Lajme nga Ulqini","article_published_time":"2011-06-27T09:30:13+00:00","og_image":[{"url":"https:\/\/www.visit-ulcinj.com\/blog\/wp-content\/uploads\/2011\/06\/ALI-PASINA-kuca-Ulcinj.1-150x150.jpg"}],"twitter_misc":{"Written by":"ulqini","Est. reading time":"1 minute"},"schema":{"@context":"https:\/\/schema.org","@graph":[{"@type":"WebSite","@id":"https:\/\/www.visit-ulcinj.com\/blog\/#website","url":"https:\/\/www.visit-ulcinj.com\/blog\/","name":"Lajme nga Ulqini","description":"Lajme,Vijesti,Ulqini,Ulqin,Crna Gora,Mali i Zi","potentialAction":[{"@type":"SearchAction","target":{"@type":"EntryPoint","urlTemplate":"https:\/\/www.visit-ulcinj.com\/blog\/?s={search_term_string}"},"query-input":"required name=search_term_string"}],"inLanguage":"en-US"},{"@type":"ImageObject","inLanguage":"en-US","@id":"https:\/\/www.visit-ulcinj.com\/blog\/2011\/06\/27\/ali-pasina-kuca-ulcinj\/#primaryimage","url":"https:\/\/www.visit-ulcinj.com\/blog\/wp-content\/uploads\/2011\/06\/ALI-PASINA-kuca-Ulcinj.jpg","contentUrl":"https:\/\/www.visit-ulcinj.com\/blog\/wp-content\/uploads\/2011\/06\/ALI-PASINA-kuca-Ulcinj.jpg","width":"720","height":"540"},{"@type":"WebPage","@id":"https:\/\/www.visit-ulcinj.com\/blog\/2011\/06\/27\/ali-pasina-kuca-ulcinj\/#webpage","url":"https:\/\/www.visit-ulcinj.com\/blog\/2011\/06\/27\/ali-pasina-kuca-ulcinj\/","name":"ALI PA\u0160INA ku\u0107a -Ulcinj - Lajme nga Ulqini","isPartOf":{"@id":"https:\/\/www.visit-ulcinj.com\/blog\/#website"},"primaryImageOfPage":{"@id":"https:\/\/www.visit-ulcinj.com\/blog\/2011\/06\/27\/ali-pasina-kuca-ulcinj\/#primaryimage"},"datePublished":"2011-06-27T09:30:13+00:00","dateModified":"2011-06-27T09:30:13+00:00","author":{"@id":"https:\/\/www.visit-ulcinj.com\/blog\/#\/schema\/person\/dcab619c614d3038751c63bc2aadc06d"},"description":"\"ALI PA\u0160INA\" ku\u0107a.. Nekad, jedna od najljep\u0161ih gra\u0111evina u na\u0161em gradu...danas, u ru\u0161evina, obrasla u korov, napu\u0161tena i zapu\u0161tena od kompetentnoh organa","breadcrumb":{"@id":"https:\/\/www.visit-ulcinj.com\/blog\/2011\/06\/27\/ali-pasina-kuca-ulcinj\/#breadcrumb"},"inLanguage":"en-US","potentialAction":[{"@type":"ReadAction","target":["https:\/\/www.visit-ulcinj.com\/blog\/2011\/06\/27\/ali-pasina-kuca-ulcinj\/"]}]},{"@type":"BreadcrumbList","@id":"https:\/\/www.visit-ulcinj.com\/blog\/2011\/06\/27\/ali-pasina-kuca-ulcinj\/#breadcrumb","itemListElement":[{"@type":"ListItem","position":1,"name":"ALI PA\u0160INA ku\u0107a -Ulcinj"}]},{"@type":"Person","@id":"https:\/\/www.visit-ulcinj.com\/blog\/#\/schema\/person\/dcab619c614d3038751c63bc2aadc06d","name":"ulqini","sameAs":["http:\/\/www.visit-ulcinj.com"],"url":"https:\/\/www.visit-ulcinj.com\/blog\/author\/admin\/"}]}},"jetpack_featured_media_url":"","jetpack_sharing_enabled":true,"jetpack_shortlink":"https:\/\/wp.me\/pe6lTn-cye","_links":{"self":[{"href":"https:\/\/www.visit-ulcinj.com\/blog\/wp-json\/wp\/v2\/posts\/48250"}],"collection":[{"href":"https:\/\/www.visit-ulcinj.com\/blog\/wp-json\/wp\/v2\/posts"}],"about":[{"href":"https:\/\/www.visit-ulcinj.com\/blog\/wp-json\/wp\/v2\/types\/post"}],"author":[{"embeddable":true,"href":"https:\/\/www.visit-ulcinj.com\/blog\/wp-json\/wp\/v2\/users\/1"}],"replies":[{"embeddable":true,"href":"https:\/\/www.visit-ulcinj.com\/blog\/wp-json\/wp\/v2\/comments?post=48250"}],"version-history":[{"count":1,"href":"https:\/\/www.visit-ulcinj.com\/blog\/wp-json\/wp\/v2\/posts\/48250\/revisions"}],"predecessor-version":[{"id":48257,"href":"https:\/\/www.visit-ulcinj.com\/blog\/wp-json\/wp\/v2\/posts\/48250\/revisions\/48257"}],"wp:attachment":[{"href":"https:\/\/www.visit-ulcinj.com\/blog\/wp-json\/wp\/v2\/media?parent=48250"}],"wp:term":[{"taxonomy":"category","embeddable":true,"href":"https:\/\/www.visit-ulcinj.com\/blog\/wp-json\/wp\/v2\/categories?post=48250"},{"taxonomy":"post_tag","embeddable":true,"href":"https:\/\/www.visit-ulcinj.com\/blog\/wp-json\/wp\/v2\/tags?post=48250"}],"curies":[{"name":"wp","href":"https:\/\/api.w.org\/{rel}","templated":true}]}}