{"id":48259,"date":"2011-06-27T14:27:45","date_gmt":"2011-06-27T13:27:45","guid":{"rendered":"http:\/\/www.visit-ulcinj.com\/blog\/?p=48259"},"modified":"2011-07-17T12:06:01","modified_gmt":"2011-07-17T11:06:01","slug":"liber-i-dashurise-per-ulqinin","status":"publish","type":"post","link":"https:\/\/www.visit-ulcinj.com\/blog\/2011\/06\/27\/liber-i-dashurise-per-ulqinin\/","title":{"rendered":"Lib\u00ebr i dashuris\u00eb p\u00ebr Ulqinin"},"content":{"rendered":"<p><strong><a href=\"http:\/\/www.visit-ulcinj.com\/blog\/wp-content\/uploads\/2011\/06\/U-perurua-libriUlqinti-Kala_Hajro-Ulqinaku.jpg\"><img loading=\"lazy\" class=\"alignleft size-full wp-image-48270\" title=\"U perurua libri,Ulqin,ti Kala_Hajro Ulqinaku\" src=\"http:\/\/www.visit-ulcinj.com\/blog\/wp-content\/uploads\/2011\/06\/U-perurua-libriUlqinti-Kala_Hajro-Ulqinaku.jpg\" alt=\"\" width=\"508\" height=\"343\" \/><\/a>U p\u00ebrurua p\u00ebrzgjedhja me proz\u00eb \u201cUlqin, ti Kala\u201d, e p\u00ebrgatitur nga shkrimtari Hajro Ulqinaku<\/strong><\/p>\n<p>Pas dy p\u00ebrmbledhjeve, \u201cUlqin, ti legjend\u00eb\u201d (folklor p\u00ebr Ulqinin) dhe \u201cUlqin, ti det\u201d (poezi p\u00ebr Ulqinin), shkrimtari Hajro Ulqinaku ka publikuar p\u00ebrzgjedhjen e tret\u00eb me proz\u00eb \u201cUlqin, ti Kala\u201d, p\u00ebrurimi i t\u00eb cilit u b\u00eb t\u00eb h\u00ebn\u00ebn n\u00eb Bibliotek\u00ebn e Qytetit n\u00eb Ulqin. N\u00eb k\u00ebt\u00eb lib\u00ebr t\u00eb botuar nga Asociacioni \u201cUlqini\u201d jan\u00eb p\u00ebrfshir\u00eb 53 autor\u00eb t\u00eb vendit dhe t\u00eb huaj, t\u00eb cil\u00ebt kan\u00eb shkruar p\u00ebr Ulqinin. \u201cMua m\u00eb ka interesuar se si \u00ebsht\u00eb ky fenomen, q\u00eb me qindra shkrimtar\u00eb shkruajn\u00eb poezi, proz\u00eb me motive t\u00eb Ulqinit\u201d, ka th\u00ebn\u00eb shkrimtari Ulqinaku n\u00eb mbr\u00ebmjen p\u00ebruruese. Ai ka treguar se p\u00ebrzgjedhja e autor\u00ebve, p\u00ebrkthimi i materialit ishte nj\u00eb pun\u00eb shum\u00eb e mundimshme. \u201cMir\u00ebpo, nuk hoqa dor\u00eb. Meq\u00eb i b\u00ebra dy librat e par\u00eb, duhej ta b\u00ebja edhe librin me proza si pjes\u00eb e trilogjis\u00eb letrare sepse dashuria p\u00ebr Ulqinin ishte m\u00eb e fuqishme se \u00e7do gj\u00eb\u201d, ka th\u00ebn\u00eb Ulqinaku. N\u00eb ekspozit\u00ebn e \u00c7mimit \u201cKolor 2011\u201d jan\u00eb ekspozuar rreth 350 vizatime e piktura t\u00eb 176 f\u00ebmij\u00ebve m\u00eb t\u00eb talentuar nga Shqip\u00ebria, Ulqini dhe Prishtina. Ky konkurs p\u00ebr f\u00ebmij\u00ebt e mosh\u00ebs 6-14 , i cili k\u00ebt\u00eb vit sh\u00ebnoi edicionin e tij t\u00eb dhjet\u00eb, \u00ebsht\u00eb kthyer n\u00eb nj\u00eb tradit\u00eb t\u00eb r\u00ebnd\u00ebsishme kulturore n\u00eb qytetin e Beratit. N\u00eb v\u00ebshtrimin kushtuar librit \u201cUlqin, ti Kala\u201d, Ardita Rama, drejtuese e Bibliotek\u00ebs s\u00eb Ulqinit, ka th\u00ebn\u00eb se larg\u00ebsia nga vendlindja ka reflektuar duksh\u00ebm te shkrimtari Hajro Ulqinakut, si rezultat i s\u00eb cil\u00ebs \u00ebsht\u00eb edhe kjo p\u00ebrmbledhje. \u201c\u00cbsht\u00eb e pashmangshme q\u00eb shkrimtar\u00ebt, diku n\u00eb nj\u00eb faze t\u00eb krijimtaris\u00eb s\u00eb tyre, t\u00eb marrin inspirim e t\u2019i shkruajn\u00eb mu vendlindjes s\u00eb tyre\u201d, ka th\u00ebn\u00eb ajo. Rama ka theksuar se shum\u00eb poet\u00eb, studiues dhe pelegrin\u00eb kan\u00eb shkruar p\u00ebr Ulqinin e ilir\u00ebve, Ulqinin e detar\u00ebve, Ulqinin e zezak\u00ebve, Ulqinin e Servantesit e t\u00eb Shabataj Cevit, prandaj Hajro Ulqinaku nuk e ka pasur t\u00eb leht\u00eb t\u00eb b\u00ebj\u00eb p\u00ebrzgjedhjen. \u201cT\u00eb p\u00ebrzgjedh\u00ebsh n\u00eb mesin e krijimeve t\u00eb shumta p\u00ebr Ulqinin, t\u00eb hulumtosh, t\u00eb p\u00ebrkthesh, t\u00eb vler\u00ebsosh. T\u00eb gjitha k\u00ebto k\u00ebrkojn\u00eb njohuri t\u00eb mira letrare dhe mbi t\u00eb gjitha, durim dhe vullnet\u201d, ka th\u00ebn\u00eb ajo. Drejtori i Asociacionit \u201cUlqini\u201d, Gazmend \u00c7itaku ka folur p\u00ebr veprimtarin\u00eb botuese t\u00eb k\u00ebsaj shoqate. \u201cK\u00ebt\u00eb vit Asociacioni \u2018Ulqini\u2019 nxorri librin e kat\u00ebrt me radh\u00eb. Pas \u2018Glosar\u2019-it t\u00eb Hajro Ulqinakut dhe librit \u2018Flota shekullore detaro-tregtare e Ulqinit\u2019 e dr. Maksut Haxhibrahimit, t\u00eb cil\u00ebt hapen kolan\u00ebn e re t\u00eb botimeve t\u00eb k\u00ebsaj sht\u00ebpie botuese, t\u00eb quajtur Biblioteka Deti, vazhduam me k\u00ebt\u00eb p\u00ebrmbledhje t\u00eb prozave t\u00eb Hajro Ulqinakut. N\u00eb shtyp gjenden edhe dy libra: nj\u00eb p\u00ebr kusarin\u00eb i dr. Bahri Briskut dhe tjetri, ribotimi i librit \u2018Arsimi shqip n\u00eb An\u00eb t\u00eb Malit 1945-1985\u2019 i Syme Kokajt\u201d, ka th\u00ebn\u00eb ai. \u00c7itaku ka paralajm\u00ebruar se deri n\u00eb prill t\u00eb vitit t\u00eb ardhsh\u00ebm, ky asociacion planifikon t\u00eb botoj\u00eb tre libra t\u00eb rinj. P\u00ebrurimi i librit \u201cUlqin, ti Kala\u201d u organizua nga Biblioteka e Qytetit n\u00eb Ulqin dhe Asociacioni \u201cUlqini\u201d.<br \/>\n<strong>i.k.<\/strong><br \/>\n<strong>Koha Javore<\/strong><br \/>\n<a href=\"http:\/\/www.facebook.com\/profile.php?id=1627173018\" target=\"_blank\"><strong>Foto nga Gazmend \u00c7itaku Facebook<\/strong><\/a><\/p>\n<p><strong>\n\t\t<style type=\"text\/css\">\n\t\t\t#gallery-1 {\n\t\t\t\tmargin: auto;\n\t\t\t}\n\t\t\t#gallery-1 .gallery-item {\n\t\t\t\tfloat: left;\n\t\t\t\tmargin-top: 10px;\n\t\t\t\ttext-align: center;\n\t\t\t\twidth: 33%;\n\t\t\t}\n\t\t\t#gallery-1 img {\n\t\t\t\tborder: 2px solid #cfcfcf;\n\t\t\t}\n\t\t\t#gallery-1 .gallery-caption {\n\t\t\t\tmargin-left: 0;\n\t\t\t}\n\t\t\t\/* see gallery_shortcode() in wp-includes\/media.php *\/\n\t\t<\/style>\n\t\t<div id='gallery-1' class='gallery galleryid-48259 gallery-columns-3 gallery-size-thumbnail'><dl class='gallery-item'>\n\t\t\t<dt class='gallery-icon landscape'>\n\t\t\t\t<a href='https:\/\/www.visit-ulcinj.com\/blog\/wp-content\/uploads\/2011\/06\/U-perurua-libriUlqinti-Kala_Hajro-Ulqinaku.1.jpg'><img width=\"150\" height=\"150\" src=\"https:\/\/www.visit-ulcinj.com\/blog\/wp-content\/uploads\/2011\/06\/U-perurua-libriUlqinti-Kala_Hajro-Ulqinaku.1-150x150.jpg\" class=\"attachment-thumbnail size-thumbnail\" alt=\"\" loading=\"lazy\" \/><\/a>\n\t\t\t<\/dt><\/dl><dl class='gallery-item'>\n\t\t\t<dt class='gallery-icon landscape'>\n\t\t\t\t<a href='https:\/\/www.visit-ulcinj.com\/blog\/wp-content\/uploads\/2011\/06\/U-perurua-libriUlqinti-Kala_Hajro-Ulqinaku.3.jpg'><img width=\"150\" height=\"150\" src=\"https:\/\/www.visit-ulcinj.com\/blog\/wp-content\/uploads\/2011\/06\/U-perurua-libriUlqinti-Kala_Hajro-Ulqinaku.3-150x150.jpg\" class=\"attachment-thumbnail size-thumbnail\" alt=\"\" loading=\"lazy\" \/><\/a>\n\t\t\t<\/dt><\/dl><dl class='gallery-item'>\n\t\t\t<dt class='gallery-icon landscape'>\n\t\t\t\t<a href='https:\/\/www.visit-ulcinj.com\/blog\/wp-content\/uploads\/2011\/06\/U-perurua-libriUlqinti-Kala_Hajro-Ulqinaku.4.jpg'><img width=\"150\" height=\"150\" src=\"https:\/\/www.visit-ulcinj.com\/blog\/wp-content\/uploads\/2011\/06\/U-perurua-libriUlqinti-Kala_Hajro-Ulqinaku.4-150x150.jpg\" class=\"attachment-thumbnail size-thumbnail\" alt=\"\" loading=\"lazy\" \/><\/a>\n\t\t\t<\/dt><\/dl><br style=\"clear: both\" \/><dl class='gallery-item'>\n\t\t\t<dt class='gallery-icon landscape'>\n\t\t\t\t<a href='https:\/\/www.visit-ulcinj.com\/blog\/wp-content\/uploads\/2011\/06\/U-perurua-libriUlqinti-Kala_Hajro-Ulqinaku.5.jpg'><img width=\"150\" height=\"150\" src=\"https:\/\/www.visit-ulcinj.com\/blog\/wp-content\/uploads\/2011\/06\/U-perurua-libriUlqinti-Kala_Hajro-Ulqinaku.5-150x150.jpg\" class=\"attachment-thumbnail size-thumbnail\" alt=\"\" loading=\"lazy\" \/><\/a>\n\t\t\t<\/dt><\/dl><dl class='gallery-item'>\n\t\t\t<dt class='gallery-icon landscape'>\n\t\t\t\t<a href='https:\/\/www.visit-ulcinj.com\/blog\/wp-content\/uploads\/2011\/06\/U-perurua-libriUlqinti-Kala_Hajro-Ulqinaku.6.jpg'><img width=\"150\" height=\"150\" src=\"https:\/\/www.visit-ulcinj.com\/blog\/wp-content\/uploads\/2011\/06\/U-perurua-libriUlqinti-Kala_Hajro-Ulqinaku.6-150x150.jpg\" class=\"attachment-thumbnail size-thumbnail\" alt=\"\" loading=\"lazy\" \/><\/a>\n\t\t\t<\/dt><\/dl><dl class='gallery-item'>\n\t\t\t<dt class='gallery-icon landscape'>\n\t\t\t\t<a href='https:\/\/www.visit-ulcinj.com\/blog\/wp-content\/uploads\/2011\/06\/U-perurua-libriUlqinti-Kala_Hajro-Ulqinaku.7.jpg'><img width=\"150\" height=\"150\" src=\"https:\/\/www.visit-ulcinj.com\/blog\/wp-content\/uploads\/2011\/06\/U-perurua-libriUlqinti-Kala_Hajro-Ulqinaku.7-150x150.jpg\" class=\"attachment-thumbnail size-thumbnail\" alt=\"\" loading=\"lazy\" \/><\/a>\n\t\t\t<\/dt><\/dl><br style=\"clear: both\" \/><dl class='gallery-item'>\n\t\t\t<dt class='gallery-icon landscape'>\n\t\t\t\t<a href='https:\/\/www.visit-ulcinj.com\/blog\/wp-content\/uploads\/2011\/06\/U-perurua-libriUlqinti-Kala_Hajro-Ulqinaku.8.jpg'><img width=\"150\" height=\"150\" src=\"https:\/\/www.visit-ulcinj.com\/blog\/wp-content\/uploads\/2011\/06\/U-perurua-libriUlqinti-Kala_Hajro-Ulqinaku.8-150x150.jpg\" class=\"attachment-thumbnail size-thumbnail\" alt=\"\" loading=\"lazy\" \/><\/a>\n\t\t\t<\/dt><\/dl><dl class='gallery-item'>\n\t\t\t<dt class='gallery-icon landscape'>\n\t\t\t\t<a href='https:\/\/www.visit-ulcinj.com\/blog\/wp-content\/uploads\/2011\/06\/U-perurua-libriUlqinti-Kala_Hajro-Ulqinaku.9.jpg'><img width=\"150\" height=\"150\" src=\"https:\/\/www.visit-ulcinj.com\/blog\/wp-content\/uploads\/2011\/06\/U-perurua-libriUlqinti-Kala_Hajro-Ulqinaku.9-150x150.jpg\" class=\"attachment-thumbnail size-thumbnail\" alt=\"\" loading=\"lazy\" \/><\/a>\n\t\t\t<\/dt><\/dl><dl class='gallery-item'>\n\t\t\t<dt class='gallery-icon landscape'>\n\t\t\t\t<a href='https:\/\/www.visit-ulcinj.com\/blog\/wp-content\/uploads\/2011\/06\/U-perurua-libriUlqinti-Kala_Hajro-Ulqinaku.jpg'><img width=\"150\" height=\"150\" src=\"https:\/\/www.visit-ulcinj.com\/blog\/wp-content\/uploads\/2011\/06\/U-perurua-libriUlqinti-Kala_Hajro-Ulqinaku-150x150.jpg\" class=\"attachment-thumbnail size-thumbnail\" alt=\"\" loading=\"lazy\" \/><\/a>\n\t\t\t<\/dt><\/dl><br style=\"clear: both\" \/>\n\t\t<\/div>\n<br \/>\n<\/strong><!--YouTube Error: bad URL entered--><\/p>\n","protected":false},"excerpt":{"rendered":"<p>U p\u00ebrurua p\u00ebrzgjedhja me proz\u00eb \u201cUlqin, ti Kala\u201d, e p\u00ebrgatitur nga shkrimtari Hajro Ulqinaku Pas dy p\u00ebrmbledhjeve, \u201cUlqin, ti legjend\u00eb\u201d (folklor p\u00ebr Ulqinin) dhe \u201cUlqin, ti det\u201d (poezi p\u00ebr Ulqinin), shkrimtari Hajro Ulqinaku ka publikuar p\u00ebrzgjedhjen e tret\u00eb me proz\u00eb \u201cUlqin, ti Kala\u201d, p\u00ebrurimi i t\u00eb cilit u b\u00eb t\u00eb h\u00ebn\u00ebn n\u00eb Bibliotek\u00ebn e Qytetit [&hellip;]<\/p>\n","protected":false},"author":1,"featured_media":0,"comment_status":"open","ping_status":"closed","sticky":false,"template":"","format":"standard","meta":{"spay_email":"","jetpack_publicize_message":"","jetpack_is_tweetstorm":false,"jetpack_publicize_feature_enabled":true},"categories":[4],"tags":[961,18410,200,18],"jetpack_publicize_connections":[],"yoast_head":"<!-- This site is optimized with the Yoast SEO plugin v19.1 - https:\/\/yoast.com\/wordpress\/plugins\/seo\/ -->\n<title>Lib\u00ebr i dashuris\u00eb p\u00ebr Ulqinin - Lajme nga Ulqini<\/title>\n<meta name=\"description\" content=\"U p\u00ebrurua p\u00ebrzgjedhja me proz\u00eb \u201cUlqin, ti Kala\u201d, e p\u00ebrgatitur nga shkrimtari Hajro Ulqinaku Pas dy p\u00ebrmbledhjeve, \u201cUlqin, ti legjend\u00eb\u201d (folklor p\u00ebr\" \/>\n<meta name=\"robots\" content=\"index, follow, max-snippet:-1, max-image-preview:large, max-video-preview:-1\" \/>\n<link rel=\"canonical\" href=\"https:\/\/www.visit-ulcinj.com\/blog\/2011\/06\/27\/liber-i-dashurise-per-ulqinin\/\" \/>\n<meta property=\"og:locale\" content=\"en_US\" \/>\n<meta property=\"og:type\" content=\"article\" \/>\n<meta property=\"og:title\" content=\"Lib\u00ebr i dashuris\u00eb p\u00ebr Ulqinin - Lajme nga Ulqini\" \/>\n<meta property=\"og:description\" content=\"U p\u00ebrurua p\u00ebrzgjedhja me proz\u00eb \u201cUlqin, ti Kala\u201d, e p\u00ebrgatitur nga shkrimtari Hajro Ulqinaku Pas dy p\u00ebrmbledhjeve, \u201cUlqin, ti legjend\u00eb\u201d (folklor p\u00ebr\" \/>\n<meta property=\"og:url\" content=\"https:\/\/www.visit-ulcinj.com\/blog\/2011\/06\/27\/liber-i-dashurise-per-ulqinin\/\" \/>\n<meta property=\"og:site_name\" content=\"Lajme nga Ulqini\" \/>\n<meta property=\"article:published_time\" content=\"2011-06-27T13:27:45+00:00\" \/>\n<meta property=\"article:modified_time\" content=\"2011-07-17T11:06:01+00:00\" \/>\n<meta property=\"og:image\" content=\"https:\/\/www.visit-ulcinj.com\/blog\/wp-content\/uploads\/2011\/06\/U-perurua-libriUlqinti-Kala_Hajro-Ulqinaku.1-150x150.jpg\" \/>\n<meta name=\"twitter:label1\" content=\"Written by\" \/>\n\t<meta name=\"twitter:data1\" content=\"ulqini\" \/>\n\t<meta name=\"twitter:label2\" content=\"Est. reading time\" \/>\n\t<meta name=\"twitter:data2\" content=\"3 minutes\" \/>\n<script type=\"application\/ld+json\" class=\"yoast-schema-graph\">{\"@context\":\"https:\/\/schema.org\",\"@graph\":[{\"@type\":\"WebSite\",\"@id\":\"https:\/\/www.visit-ulcinj.com\/blog\/#website\",\"url\":\"https:\/\/www.visit-ulcinj.com\/blog\/\",\"name\":\"Lajme nga Ulqini\",\"description\":\"Lajme,Vijesti,Ulqini,Ulqin,Crna Gora,Mali i Zi\",\"potentialAction\":[{\"@type\":\"SearchAction\",\"target\":{\"@type\":\"EntryPoint\",\"urlTemplate\":\"https:\/\/www.visit-ulcinj.com\/blog\/?s={search_term_string}\"},\"query-input\":\"required name=search_term_string\"}],\"inLanguage\":\"en-US\"},{\"@type\":\"ImageObject\",\"inLanguage\":\"en-US\",\"@id\":\"https:\/\/www.visit-ulcinj.com\/blog\/2011\/06\/27\/liber-i-dashurise-per-ulqinin\/#primaryimage\",\"url\":\"https:\/\/www.visit-ulcinj.com\/blog\/wp-content\/uploads\/2011\/06\/U-perurua-libriUlqinti-Kala_Hajro-Ulqinaku.jpg\",\"contentUrl\":\"https:\/\/www.visit-ulcinj.com\/blog\/wp-content\/uploads\/2011\/06\/U-perurua-libriUlqinti-Kala_Hajro-Ulqinaku.jpg\",\"width\":\"720\",\"height\":\"343\"},{\"@type\":\"WebPage\",\"@id\":\"https:\/\/www.visit-ulcinj.com\/blog\/2011\/06\/27\/liber-i-dashurise-per-ulqinin\/#webpage\",\"url\":\"https:\/\/www.visit-ulcinj.com\/blog\/2011\/06\/27\/liber-i-dashurise-per-ulqinin\/\",\"name\":\"Lib\u00ebr i dashuris\u00eb p\u00ebr Ulqinin - Lajme nga Ulqini\",\"isPartOf\":{\"@id\":\"https:\/\/www.visit-ulcinj.com\/blog\/#website\"},\"primaryImageOfPage\":{\"@id\":\"https:\/\/www.visit-ulcinj.com\/blog\/2011\/06\/27\/liber-i-dashurise-per-ulqinin\/#primaryimage\"},\"datePublished\":\"2011-06-27T13:27:45+00:00\",\"dateModified\":\"2011-07-17T11:06:01+00:00\",\"author\":{\"@id\":\"https:\/\/www.visit-ulcinj.com\/blog\/#\/schema\/person\/dcab619c614d3038751c63bc2aadc06d\"},\"description\":\"U p\u00ebrurua p\u00ebrzgjedhja me proz\u00eb \u201cUlqin, ti Kala\u201d, e p\u00ebrgatitur nga shkrimtari Hajro Ulqinaku Pas dy p\u00ebrmbledhjeve, \u201cUlqin, ti legjend\u00eb\u201d (folklor p\u00ebr\",\"breadcrumb\":{\"@id\":\"https:\/\/www.visit-ulcinj.com\/blog\/2011\/06\/27\/liber-i-dashurise-per-ulqinin\/#breadcrumb\"},\"inLanguage\":\"en-US\",\"potentialAction\":[{\"@type\":\"ReadAction\",\"target\":[\"https:\/\/www.visit-ulcinj.com\/blog\/2011\/06\/27\/liber-i-dashurise-per-ulqinin\/\"]}]},{\"@type\":\"BreadcrumbList\",\"@id\":\"https:\/\/www.visit-ulcinj.com\/blog\/2011\/06\/27\/liber-i-dashurise-per-ulqinin\/#breadcrumb\",\"itemListElement\":[{\"@type\":\"ListItem\",\"position\":1,\"name\":\"Lib\u00ebr i dashuris\u00eb p\u00ebr Ulqinin\"}]},{\"@type\":\"Person\",\"@id\":\"https:\/\/www.visit-ulcinj.com\/blog\/#\/schema\/person\/dcab619c614d3038751c63bc2aadc06d\",\"name\":\"ulqini\",\"sameAs\":[\"http:\/\/www.visit-ulcinj.com\"],\"url\":\"https:\/\/www.visit-ulcinj.com\/blog\/author\/admin\/\"}]}<\/script>\n<!-- \/ Yoast SEO plugin. -->","yoast_head_json":{"title":"Lib\u00ebr i dashuris\u00eb p\u00ebr Ulqinin - Lajme nga Ulqini","description":"U p\u00ebrurua p\u00ebrzgjedhja me proz\u00eb \u201cUlqin, ti Kala\u201d, e p\u00ebrgatitur nga shkrimtari Hajro Ulqinaku Pas dy p\u00ebrmbledhjeve, \u201cUlqin, ti legjend\u00eb\u201d (folklor p\u00ebr","robots":{"index":"index","follow":"follow","max-snippet":"max-snippet:-1","max-image-preview":"max-image-preview:large","max-video-preview":"max-video-preview:-1"},"canonical":"https:\/\/www.visit-ulcinj.com\/blog\/2011\/06\/27\/liber-i-dashurise-per-ulqinin\/","og_locale":"en_US","og_type":"article","og_title":"Lib\u00ebr i dashuris\u00eb p\u00ebr Ulqinin - Lajme nga Ulqini","og_description":"U p\u00ebrurua p\u00ebrzgjedhja me proz\u00eb \u201cUlqin, ti Kala\u201d, e p\u00ebrgatitur nga shkrimtari Hajro Ulqinaku Pas dy p\u00ebrmbledhjeve, \u201cUlqin, ti legjend\u00eb\u201d (folklor p\u00ebr","og_url":"https:\/\/www.visit-ulcinj.com\/blog\/2011\/06\/27\/liber-i-dashurise-per-ulqinin\/","og_site_name":"Lajme nga Ulqini","article_published_time":"2011-06-27T13:27:45+00:00","article_modified_time":"2011-07-17T11:06:01+00:00","og_image":[{"url":"https:\/\/www.visit-ulcinj.com\/blog\/wp-content\/uploads\/2011\/06\/U-perurua-libriUlqinti-Kala_Hajro-Ulqinaku.1-150x150.jpg"}],"twitter_misc":{"Written by":"ulqini","Est. reading time":"3 minutes"},"schema":{"@context":"https:\/\/schema.org","@graph":[{"@type":"WebSite","@id":"https:\/\/www.visit-ulcinj.com\/blog\/#website","url":"https:\/\/www.visit-ulcinj.com\/blog\/","name":"Lajme nga Ulqini","description":"Lajme,Vijesti,Ulqini,Ulqin,Crna Gora,Mali i Zi","potentialAction":[{"@type":"SearchAction","target":{"@type":"EntryPoint","urlTemplate":"https:\/\/www.visit-ulcinj.com\/blog\/?s={search_term_string}"},"query-input":"required name=search_term_string"}],"inLanguage":"en-US"},{"@type":"ImageObject","inLanguage":"en-US","@id":"https:\/\/www.visit-ulcinj.com\/blog\/2011\/06\/27\/liber-i-dashurise-per-ulqinin\/#primaryimage","url":"https:\/\/www.visit-ulcinj.com\/blog\/wp-content\/uploads\/2011\/06\/U-perurua-libriUlqinti-Kala_Hajro-Ulqinaku.jpg","contentUrl":"https:\/\/www.visit-ulcinj.com\/blog\/wp-content\/uploads\/2011\/06\/U-perurua-libriUlqinti-Kala_Hajro-Ulqinaku.jpg","width":"720","height":"343"},{"@type":"WebPage","@id":"https:\/\/www.visit-ulcinj.com\/blog\/2011\/06\/27\/liber-i-dashurise-per-ulqinin\/#webpage","url":"https:\/\/www.visit-ulcinj.com\/blog\/2011\/06\/27\/liber-i-dashurise-per-ulqinin\/","name":"Lib\u00ebr i dashuris\u00eb p\u00ebr Ulqinin - Lajme nga Ulqini","isPartOf":{"@id":"https:\/\/www.visit-ulcinj.com\/blog\/#website"},"primaryImageOfPage":{"@id":"https:\/\/www.visit-ulcinj.com\/blog\/2011\/06\/27\/liber-i-dashurise-per-ulqinin\/#primaryimage"},"datePublished":"2011-06-27T13:27:45+00:00","dateModified":"2011-07-17T11:06:01+00:00","author":{"@id":"https:\/\/www.visit-ulcinj.com\/blog\/#\/schema\/person\/dcab619c614d3038751c63bc2aadc06d"},"description":"U p\u00ebrurua p\u00ebrzgjedhja me proz\u00eb \u201cUlqin, ti Kala\u201d, e p\u00ebrgatitur nga shkrimtari Hajro Ulqinaku Pas dy p\u00ebrmbledhjeve, \u201cUlqin, ti legjend\u00eb\u201d (folklor p\u00ebr","breadcrumb":{"@id":"https:\/\/www.visit-ulcinj.com\/blog\/2011\/06\/27\/liber-i-dashurise-per-ulqinin\/#breadcrumb"},"inLanguage":"en-US","potentialAction":[{"@type":"ReadAction","target":["https:\/\/www.visit-ulcinj.com\/blog\/2011\/06\/27\/liber-i-dashurise-per-ulqinin\/"]}]},{"@type":"BreadcrumbList","@id":"https:\/\/www.visit-ulcinj.com\/blog\/2011\/06\/27\/liber-i-dashurise-per-ulqinin\/#breadcrumb","itemListElement":[{"@type":"ListItem","position":1,"name":"Lib\u00ebr i dashuris\u00eb p\u00ebr Ulqinin"}]},{"@type":"Person","@id":"https:\/\/www.visit-ulcinj.com\/blog\/#\/schema\/person\/dcab619c614d3038751c63bc2aadc06d","name":"ulqini","sameAs":["http:\/\/www.visit-ulcinj.com"],"url":"https:\/\/www.visit-ulcinj.com\/blog\/author\/admin\/"}]}},"jetpack_featured_media_url":"","jetpack_sharing_enabled":true,"jetpack_shortlink":"https:\/\/wp.me\/pe6lTn-cyn","_links":{"self":[{"href":"https:\/\/www.visit-ulcinj.com\/blog\/wp-json\/wp\/v2\/posts\/48259"}],"collection":[{"href":"https:\/\/www.visit-ulcinj.com\/blog\/wp-json\/wp\/v2\/posts"}],"about":[{"href":"https:\/\/www.visit-ulcinj.com\/blog\/wp-json\/wp\/v2\/types\/post"}],"author":[{"embeddable":true,"href":"https:\/\/www.visit-ulcinj.com\/blog\/wp-json\/wp\/v2\/users\/1"}],"replies":[{"embeddable":true,"href":"https:\/\/www.visit-ulcinj.com\/blog\/wp-json\/wp\/v2\/comments?post=48259"}],"version-history":[{"count":4,"href":"https:\/\/www.visit-ulcinj.com\/blog\/wp-json\/wp\/v2\/posts\/48259\/revisions"}],"predecessor-version":[{"id":48602,"href":"https:\/\/www.visit-ulcinj.com\/blog\/wp-json\/wp\/v2\/posts\/48259\/revisions\/48602"}],"wp:attachment":[{"href":"https:\/\/www.visit-ulcinj.com\/blog\/wp-json\/wp\/v2\/media?parent=48259"}],"wp:term":[{"taxonomy":"category","embeddable":true,"href":"https:\/\/www.visit-ulcinj.com\/blog\/wp-json\/wp\/v2\/categories?post=48259"},{"taxonomy":"post_tag","embeddable":true,"href":"https:\/\/www.visit-ulcinj.com\/blog\/wp-json\/wp\/v2\/tags?post=48259"}],"curies":[{"name":"wp","href":"https:\/\/api.w.org\/{rel}","templated":true}]}}