{"id":48275,"date":"2011-06-28T09:17:27","date_gmt":"2011-06-28T08:17:27","guid":{"rendered":"http:\/\/www.visit-ulcinj.com\/blog\/?p=48275"},"modified":"2011-06-28T09:18:47","modified_gmt":"2011-06-28T08:18:47","slug":"ulqini-gati-per-turizem","status":"publish","type":"post","link":"https:\/\/www.visit-ulcinj.com\/blog\/2011\/06\/28\/ulqini-gati-per-turizem\/","title":{"rendered":"Ulqini gati p\u00ebr turiz\u00ebm &#8211; Video"},"content":{"rendered":"<p><a href=\"http:\/\/www.visit-ulcinj.com\/blog\/wp-content\/uploads\/2011\/06\/Mire-se-vini-ne-ulqin-ulqinimali-i-zi.jpg\"><img loading=\"lazy\" class=\"alignleft size-full wp-image-48276\" title=\"Mire se vini ne ulqin-ulqini,mali i zi\" src=\"http:\/\/www.visit-ulcinj.com\/blog\/wp-content\/uploads\/2011\/06\/Mire-se-vini-ne-ulqin-ulqinimali-i-zi.jpg\" alt=\"\" width=\"508\" height=\"362\" \/><\/a>Plazhet e pastra dhe \u00e7mimet konkurruese, jan\u00eb avantazhet e Komun\u00ebs s\u00eb Ulqinit<br \/>\nKomuna e Ulqinit po b\u00ebn p\u00ebrgatitjet e fundit p\u00ebr sezonin turistik.<br \/>\nAvantazhi q\u00eb Ulqini ka n\u00eb krahasim me zona e tjera \u00ebsht\u00eb past\u00ebrtia e plazhit, infrastruktura dhe \u00e7mimet konkurruese.<br \/>\nTurist\u00ebt shprehen t\u00eb k\u00ebnaqur me pamjen e re q\u00eb ka marr\u00eb Ulqini k\u00ebt\u00eb vit ne krahasim me vitin e kaluar.<\/p>\n<p>Ndiqni videon e ABC News TV q\u00eb u pergadit\u00eb n\u00eb plazhin e vog\u00ebl nga reporteri gazetar Simon Shkreli .<\/p>\n<!--YouTube Error: bad URL entered-->\n","protected":false},"excerpt":{"rendered":"<p>Plazhet e pastra dhe \u00e7mimet konkurruese, jan\u00eb avantazhet e Komun\u00ebs s\u00eb Ulqinit Komuna e Ulqinit po b\u00ebn p\u00ebrgatitjet e fundit p\u00ebr sezonin turistik. Avantazhi q\u00eb Ulqini ka n\u00eb krahasim me zona e tjera \u00ebsht\u00eb past\u00ebrtia e plazhit, infrastruktura dhe \u00e7mimet konkurruese. Turist\u00ebt shprehen t\u00eb k\u00ebnaqur me pamjen e re q\u00eb ka marr\u00eb Ulqini k\u00ebt\u00eb vit [&hellip;]<\/p>\n","protected":false},"author":1,"featured_media":0,"comment_status":"open","ping_status":"closed","sticky":false,"template":"","format":"standard","meta":{"spay_email":"","jetpack_publicize_message":"","jetpack_is_tweetstorm":false,"jetpack_publicize_feature_enabled":true},"categories":[1],"tags":[14887,7671,2798],"jetpack_publicize_connections":[],"yoast_head":"<!-- This site is optimized with the Yoast SEO plugin v19.1 - https:\/\/yoast.com\/wordpress\/plugins\/seo\/ -->\n<title>Ulqini gati p\u00ebr turiz\u00ebm - Video - Lajme nga Ulqini<\/title>\n<meta name=\"description\" content=\"Plazhet e pastra dhe \u00e7mimet konkurruese, jan\u00eb avantazhet e Komun\u00ebs s\u00eb Ulqinit Komuna e Ulqinit po b\u00ebn p\u00ebrgatitjet e fundit p\u00ebr sezonin turistik. Avantazhi\" \/>\n<meta name=\"robots\" content=\"index, follow, max-snippet:-1, max-image-preview:large, max-video-preview:-1\" \/>\n<link rel=\"canonical\" href=\"https:\/\/www.visit-ulcinj.com\/blog\/2011\/06\/28\/ulqini-gati-per-turizem\/\" \/>\n<meta property=\"og:locale\" content=\"en_US\" \/>\n<meta property=\"og:type\" content=\"article\" \/>\n<meta property=\"og:title\" content=\"Ulqini gati p\u00ebr turiz\u00ebm - Video - Lajme nga Ulqini\" \/>\n<meta property=\"og:description\" content=\"Plazhet e pastra dhe \u00e7mimet konkurruese, jan\u00eb avantazhet e Komun\u00ebs s\u00eb Ulqinit Komuna e Ulqinit po b\u00ebn p\u00ebrgatitjet e fundit p\u00ebr sezonin turistik. Avantazhi\" \/>\n<meta property=\"og:url\" content=\"https:\/\/www.visit-ulcinj.com\/blog\/2011\/06\/28\/ulqini-gati-per-turizem\/\" \/>\n<meta property=\"og:site_name\" content=\"Lajme nga Ulqini\" \/>\n<meta property=\"article:published_time\" content=\"2011-06-28T08:17:27+00:00\" \/>\n<meta property=\"article:modified_time\" content=\"2011-06-28T08:18:47+00:00\" \/>\n<meta property=\"og:image\" content=\"http:\/\/www.visit-ulcinj.com\/blog\/wp-content\/uploads\/2011\/06\/Mire-se-vini-ne-ulqin-ulqinimali-i-zi.jpg\" \/>\n<meta name=\"twitter:label1\" content=\"Written by\" \/>\n\t<meta name=\"twitter:data1\" content=\"ulqini\" \/>\n<script type=\"application\/ld+json\" class=\"yoast-schema-graph\">{\"@context\":\"https:\/\/schema.org\",\"@graph\":[{\"@type\":\"WebSite\",\"@id\":\"https:\/\/www.visit-ulcinj.com\/blog\/#website\",\"url\":\"https:\/\/www.visit-ulcinj.com\/blog\/\",\"name\":\"Lajme nga Ulqini\",\"description\":\"Lajme,Vijesti,Ulqini,Ulqin,Crna Gora,Mali i Zi\",\"potentialAction\":[{\"@type\":\"SearchAction\",\"target\":{\"@type\":\"EntryPoint\",\"urlTemplate\":\"https:\/\/www.visit-ulcinj.com\/blog\/?s={search_term_string}\"},\"query-input\":\"required name=search_term_string\"}],\"inLanguage\":\"en-US\"},{\"@type\":\"ImageObject\",\"inLanguage\":\"en-US\",\"@id\":\"https:\/\/www.visit-ulcinj.com\/blog\/2011\/06\/28\/ulqini-gati-per-turizem\/#primaryimage\",\"url\":\"https:\/\/www.visit-ulcinj.com\/blog\/wp-content\/uploads\/2011\/06\/Mire-se-vini-ne-ulqin-ulqinimali-i-zi.jpg\",\"contentUrl\":\"https:\/\/www.visit-ulcinj.com\/blog\/wp-content\/uploads\/2011\/06\/Mire-se-vini-ne-ulqin-ulqinimali-i-zi.jpg\",\"width\":\"546\",\"height\":\"362\"},{\"@type\":\"WebPage\",\"@id\":\"https:\/\/www.visit-ulcinj.com\/blog\/2011\/06\/28\/ulqini-gati-per-turizem\/#webpage\",\"url\":\"https:\/\/www.visit-ulcinj.com\/blog\/2011\/06\/28\/ulqini-gati-per-turizem\/\",\"name\":\"Ulqini gati p\u00ebr turiz\u00ebm - Video - Lajme nga Ulqini\",\"isPartOf\":{\"@id\":\"https:\/\/www.visit-ulcinj.com\/blog\/#website\"},\"primaryImageOfPage\":{\"@id\":\"https:\/\/www.visit-ulcinj.com\/blog\/2011\/06\/28\/ulqini-gati-per-turizem\/#primaryimage\"},\"datePublished\":\"2011-06-28T08:17:27+00:00\",\"dateModified\":\"2011-06-28T08:18:47+00:00\",\"author\":{\"@id\":\"https:\/\/www.visit-ulcinj.com\/blog\/#\/schema\/person\/dcab619c614d3038751c63bc2aadc06d\"},\"description\":\"Plazhet e pastra dhe \u00e7mimet konkurruese, jan\u00eb avantazhet e Komun\u00ebs s\u00eb Ulqinit Komuna e Ulqinit po b\u00ebn p\u00ebrgatitjet e fundit p\u00ebr sezonin turistik. Avantazhi\",\"breadcrumb\":{\"@id\":\"https:\/\/www.visit-ulcinj.com\/blog\/2011\/06\/28\/ulqini-gati-per-turizem\/#breadcrumb\"},\"inLanguage\":\"en-US\",\"potentialAction\":[{\"@type\":\"ReadAction\",\"target\":[\"https:\/\/www.visit-ulcinj.com\/blog\/2011\/06\/28\/ulqini-gati-per-turizem\/\"]}]},{\"@type\":\"BreadcrumbList\",\"@id\":\"https:\/\/www.visit-ulcinj.com\/blog\/2011\/06\/28\/ulqini-gati-per-turizem\/#breadcrumb\",\"itemListElement\":[{\"@type\":\"ListItem\",\"position\":1,\"name\":\"Ulqini gati p\u00ebr turiz\u00ebm &#8211; Video\"}]},{\"@type\":\"Person\",\"@id\":\"https:\/\/www.visit-ulcinj.com\/blog\/#\/schema\/person\/dcab619c614d3038751c63bc2aadc06d\",\"name\":\"ulqini\",\"sameAs\":[\"http:\/\/www.visit-ulcinj.com\"],\"url\":\"https:\/\/www.visit-ulcinj.com\/blog\/author\/admin\/\"}]}<\/script>\n<!-- \/ Yoast SEO plugin. -->","yoast_head_json":{"title":"Ulqini gati p\u00ebr turiz\u00ebm - Video - Lajme nga Ulqini","description":"Plazhet e pastra dhe \u00e7mimet konkurruese, jan\u00eb avantazhet e Komun\u00ebs s\u00eb Ulqinit Komuna e Ulqinit po b\u00ebn p\u00ebrgatitjet e fundit p\u00ebr sezonin turistik. Avantazhi","robots":{"index":"index","follow":"follow","max-snippet":"max-snippet:-1","max-image-preview":"max-image-preview:large","max-video-preview":"max-video-preview:-1"},"canonical":"https:\/\/www.visit-ulcinj.com\/blog\/2011\/06\/28\/ulqini-gati-per-turizem\/","og_locale":"en_US","og_type":"article","og_title":"Ulqini gati p\u00ebr turiz\u00ebm - Video - Lajme nga Ulqini","og_description":"Plazhet e pastra dhe \u00e7mimet konkurruese, jan\u00eb avantazhet e Komun\u00ebs s\u00eb Ulqinit Komuna e Ulqinit po b\u00ebn p\u00ebrgatitjet e fundit p\u00ebr sezonin turistik. Avantazhi","og_url":"https:\/\/www.visit-ulcinj.com\/blog\/2011\/06\/28\/ulqini-gati-per-turizem\/","og_site_name":"Lajme nga Ulqini","article_published_time":"2011-06-28T08:17:27+00:00","article_modified_time":"2011-06-28T08:18:47+00:00","og_image":[{"url":"http:\/\/www.visit-ulcinj.com\/blog\/wp-content\/uploads\/2011\/06\/Mire-se-vini-ne-ulqin-ulqinimali-i-zi.jpg"}],"twitter_misc":{"Written by":"ulqini"},"schema":{"@context":"https:\/\/schema.org","@graph":[{"@type":"WebSite","@id":"https:\/\/www.visit-ulcinj.com\/blog\/#website","url":"https:\/\/www.visit-ulcinj.com\/blog\/","name":"Lajme nga Ulqini","description":"Lajme,Vijesti,Ulqini,Ulqin,Crna Gora,Mali i Zi","potentialAction":[{"@type":"SearchAction","target":{"@type":"EntryPoint","urlTemplate":"https:\/\/www.visit-ulcinj.com\/blog\/?s={search_term_string}"},"query-input":"required name=search_term_string"}],"inLanguage":"en-US"},{"@type":"ImageObject","inLanguage":"en-US","@id":"https:\/\/www.visit-ulcinj.com\/blog\/2011\/06\/28\/ulqini-gati-per-turizem\/#primaryimage","url":"https:\/\/www.visit-ulcinj.com\/blog\/wp-content\/uploads\/2011\/06\/Mire-se-vini-ne-ulqin-ulqinimali-i-zi.jpg","contentUrl":"https:\/\/www.visit-ulcinj.com\/blog\/wp-content\/uploads\/2011\/06\/Mire-se-vini-ne-ulqin-ulqinimali-i-zi.jpg","width":"546","height":"362"},{"@type":"WebPage","@id":"https:\/\/www.visit-ulcinj.com\/blog\/2011\/06\/28\/ulqini-gati-per-turizem\/#webpage","url":"https:\/\/www.visit-ulcinj.com\/blog\/2011\/06\/28\/ulqini-gati-per-turizem\/","name":"Ulqini gati p\u00ebr turiz\u00ebm - Video - Lajme nga Ulqini","isPartOf":{"@id":"https:\/\/www.visit-ulcinj.com\/blog\/#website"},"primaryImageOfPage":{"@id":"https:\/\/www.visit-ulcinj.com\/blog\/2011\/06\/28\/ulqini-gati-per-turizem\/#primaryimage"},"datePublished":"2011-06-28T08:17:27+00:00","dateModified":"2011-06-28T08:18:47+00:00","author":{"@id":"https:\/\/www.visit-ulcinj.com\/blog\/#\/schema\/person\/dcab619c614d3038751c63bc2aadc06d"},"description":"Plazhet e pastra dhe \u00e7mimet konkurruese, jan\u00eb avantazhet e Komun\u00ebs s\u00eb Ulqinit Komuna e Ulqinit po b\u00ebn p\u00ebrgatitjet e fundit p\u00ebr sezonin turistik. Avantazhi","breadcrumb":{"@id":"https:\/\/www.visit-ulcinj.com\/blog\/2011\/06\/28\/ulqini-gati-per-turizem\/#breadcrumb"},"inLanguage":"en-US","potentialAction":[{"@type":"ReadAction","target":["https:\/\/www.visit-ulcinj.com\/blog\/2011\/06\/28\/ulqini-gati-per-turizem\/"]}]},{"@type":"BreadcrumbList","@id":"https:\/\/www.visit-ulcinj.com\/blog\/2011\/06\/28\/ulqini-gati-per-turizem\/#breadcrumb","itemListElement":[{"@type":"ListItem","position":1,"name":"Ulqini gati p\u00ebr turiz\u00ebm &#8211; Video"}]},{"@type":"Person","@id":"https:\/\/www.visit-ulcinj.com\/blog\/#\/schema\/person\/dcab619c614d3038751c63bc2aadc06d","name":"ulqini","sameAs":["http:\/\/www.visit-ulcinj.com"],"url":"https:\/\/www.visit-ulcinj.com\/blog\/author\/admin\/"}]}},"jetpack_featured_media_url":"","jetpack_sharing_enabled":true,"jetpack_shortlink":"https:\/\/wp.me\/pe6lTn-cyD","_links":{"self":[{"href":"https:\/\/www.visit-ulcinj.com\/blog\/wp-json\/wp\/v2\/posts\/48275"}],"collection":[{"href":"https:\/\/www.visit-ulcinj.com\/blog\/wp-json\/wp\/v2\/posts"}],"about":[{"href":"https:\/\/www.visit-ulcinj.com\/blog\/wp-json\/wp\/v2\/types\/post"}],"author":[{"embeddable":true,"href":"https:\/\/www.visit-ulcinj.com\/blog\/wp-json\/wp\/v2\/users\/1"}],"replies":[{"embeddable":true,"href":"https:\/\/www.visit-ulcinj.com\/blog\/wp-json\/wp\/v2\/comments?post=48275"}],"version-history":[{"count":3,"href":"https:\/\/www.visit-ulcinj.com\/blog\/wp-json\/wp\/v2\/posts\/48275\/revisions"}],"predecessor-version":[{"id":48298,"href":"https:\/\/www.visit-ulcinj.com\/blog\/wp-json\/wp\/v2\/posts\/48275\/revisions\/48298"}],"wp:attachment":[{"href":"https:\/\/www.visit-ulcinj.com\/blog\/wp-json\/wp\/v2\/media?parent=48275"}],"wp:term":[{"taxonomy":"category","embeddable":true,"href":"https:\/\/www.visit-ulcinj.com\/blog\/wp-json\/wp\/v2\/categories?post=48275"},{"taxonomy":"post_tag","embeddable":true,"href":"https:\/\/www.visit-ulcinj.com\/blog\/wp-json\/wp\/v2\/tags?post=48275"}],"curies":[{"name":"wp","href":"https:\/\/api.w.org\/{rel}","templated":true}]}}