{"id":48321,"date":"2011-06-29T13:01:42","date_gmt":"2011-06-29T12:01:42","guid":{"rendered":"http:\/\/www.visit-ulcinj.com\/blog\/?p=48321"},"modified":"2011-06-29T18:25:06","modified_gmt":"2011-06-29T17:25:06","slug":"rruga-ulqin-sukubin-premtim-i-gezim-hajdinages","status":"publish","type":"post","link":"https:\/\/www.visit-ulcinj.com\/blog\/2011\/06\/29\/rruga-ulqin-sukubin-premtim-i-gezim-hajdinages\/","title":{"rendered":"Rruga Ulqin &#8211; Sukubin premtim i G\u00ebzim Hajdinag\u00ebs"},"content":{"rendered":"<p><a href=\"http:\/\/www.visit-ulcinj.com\/blog\/wp-content\/uploads\/2011\/06\/Rruga-Ulqin-Sukubin-premtim-i-G\u00ebzim-Hajdinag\u00ebs.jpg\"><img loading=\"lazy\" class=\"alignleft size-full wp-image-48323\" title=\"Rruga Ulqin - Sukubin premtim i G\u00ebzim Hajdinag\u00ebs\" src=\"http:\/\/www.visit-ulcinj.com\/blog\/wp-content\/uploads\/2011\/06\/Rruga-Ulqin-Sukubin-premtim-i-G\u00ebzim-Hajdinag\u00ebs.jpg\" alt=\"\" width=\"508\" height=\"380\" \/><\/a>Kryetari i komun\u00ebs s\u00eb Ulqinit para kryeministrit t\u00eb Malit t\u00eb Zi,z.Igor Lukshiq vler\u00ebsoi shum\u00eb t\u00eb r\u00ebnd\u00ebsishme lidhjen e \u00a0segmentit rrugor Ulqin &#8211; Sukubin me rrug\u00ebn e kufirit me Shqip\u00ebrin,Muriqan\u00a0 p\u00ebr zhvillimin e k\u00ebsaj zone, duke theksuar se nd\u00ebrtimi i k\u00ebtij segmenti \u00ebsht\u00eb nj\u00eb premtim i mbajtur i qeveris\u00eb.<\/p>\n<p>Kryetari Hajdinaga u shpreh se rruga Ulqin &#8211; Sukubin &#8211; Muriqan shum\u00ebfishon marr\u00ebdh\u00ebniet tregtare,turistike dhe marr\u00ebdh\u00ebniet e gjithanshme me Shqiperin,Kosov\u00ebn dhe Maqedonin\u00eb.\u201cRruga Ulqin &#8211; Sukubin &#8211; Muriqan do t\u00eb jet\u00eb rruga e fluksit t\u00eb madh turistik\u201d, vijoi kryetari i komun\u00ebs s\u00eb Ulqinit me nj\u00eb fluks turist\u00ebve n\u00eb dit\u00ebn e sotme prej 6000 kalimeve kufitare n\u00eb dit\u00eb.<br \/>\n<a href=\"http:\/\/www.visit-ulcinj.com\/blog\/wp-content\/uploads\/2011\/06\/Rruga-Ulqin-Sukubin-premtim-i-G\u00ebzim-Hajdinag\u00ebs.1.jpg\"><img loading=\"lazy\" class=\"alignleft size-full wp-image-48324\" title=\"Rruga Ulqin - Sukubin premtim i G\u00ebzim Hajdinag\u00ebs.1\" src=\"http:\/\/www.visit-ulcinj.com\/blog\/wp-content\/uploads\/2011\/06\/Rruga-Ulqin-Sukubin-premtim-i-G\u00ebzim-Hajdinag\u00ebs.1.jpg\" alt=\"\" width=\"508\" height=\"330\" \/><\/a><\/p>\n<p>Kryetari Hajdinaga vuri n\u00eb dukje se \u00ebsht\u00eb prioritet dhe se esht\u00eb shpallur tenderi per nd\u00ebrtim e sip\u00ebr t\u00eb rruges q\u00eb\u00a0 lidh Ulqinin me Sukubin.Kjo rrug\u00eb lidh Ulqinin me tregun e Shqiperis\u00eb,Kosov\u00ebs dhe Maqedonis\u00eb, pra hap nj\u00eb perspektiv\u00eb t\u00eb madhe zhvillimi ekonomik p\u00ebr qarkun e An\u00ebs Malit. \u201cMe p\u00ebrfundimin e k\u00ebsaj rruge Ulqini do t\u00eb ket\u00eb lidhjet m\u00eb moderne m\u00eb Tiran\u00ebn, Prishtin\u00ebn, Shkupin\u201d, theksoi Kryetari Hajdinaga.<\/p>\n<p>S\u00eb pari,Kryetari Hajdinaga i dha mir\u00ebnjohjen m\u00eb t\u00eb thell\u00eb kryeminstrit Lukshiq dhe \u00a0ju fal\u00ebnderoj p\u00ebr mb\u00ebshtetjen e madhe q\u00eb na dhat\u00eb n\u00eb zhvillimin e k\u00ebtyre projekteve madhore p\u00ebr zhvillimin e komun\u00ebs s\u00eb Ulqinit.<\/p>\n<p>Rruga e Ulqin &#8211; Sukubin duhet t\u00eb ceki se \u00ebsht\u00eb shnd\u00ebrrimi n\u00eb realitet i nj\u00eb \u00ebndrre t\u00eb banor\u00ebve t\u00eb k\u00ebtyre zonave t\u00eb An\u00ebs s\u00eb Malit, t\u00eb t\u00eb gjith\u00eb shqiptar\u00ebve t\u00eb trevave t\u00eb tjera, t\u00eb lidhura shpirt\u00ebrisht dhe pazgjidhshm\u00ebrisht me Kosov\u00ebn, me Maqedonin dhe mbar\u00eb Shqip\u00ebrin\u00eb.<br \/>\n<a href=\"http:\/\/www.visit-ulcinj.com\/blog\/wp-content\/uploads\/2011\/06\/Rruga-Ulqin-Sukubin-premtim-i-G\u00ebzim-Hajdinag\u00ebs.2.jpg\"><img loading=\"lazy\" class=\"alignleft size-full wp-image-48325\" title=\"Rruga Ulqin - Sukubin premtim i G\u00ebzim Hajdinag\u00ebs.2\" src=\"http:\/\/www.visit-ulcinj.com\/blog\/wp-content\/uploads\/2011\/06\/Rruga-Ulqin-Sukubin-premtim-i-G\u00ebzim-Hajdinag\u00ebs.2.jpg\" alt=\"\" width=\"508\" height=\"330\" \/><\/a><\/p>\n<p>Rruga Ulqin &#8211; Sukubin &#8211; Muriqan do t\u00eb jet\u00eb rruga e fluksit t\u00eb madh turistik. K\u00ebt\u00eb ver\u00eb qindra e mij\u00ebra qytetar\u00eb me origjin\u00eb shqiptare dhe jo shqiptare, kan\u00eb kaluar pushimet n\u00eb brigjet e detit t\u00eb Ulqinit. Ne shprehim mir\u00ebnjohjen m\u00eb t\u00eb thell\u00eb ndaj tyre dhe b\u00ebjm\u00eb zotimin\u00a0 solemn se do t\u00eb b\u00ebjm\u00eb \u00e7do gj\u00eb q\u00eb at\u00eb ta p\u00ebrfundojm\u00eb rrug\u00ebn mbrenda k\u00ebtyre viteve,n\u00eb m\u00ebnyr\u00eb q\u00eb turistet \u00a0t\u00eb vijn\u00eb n\u00eb Ulqin n\u00eb kushtet m\u00eb komode.<\/p>\n<p>Por ju i meritoni t\u00eb gjitha premtimet dhe realizimin e tyre, ndaj un\u00eb ju jap fjal\u00ebn ju se \u00e7do premtim q\u00eb kam dh\u00ebn\u00eb para jush, do ta shnd\u00ebrroi n\u00eb realitet tha Hajdinaga.<\/p>\n<p><strong>Lajme nga Ulqini<br \/>\n<!--YouTube Error: bad URL entered--><br \/>\n<\/strong><strong><strong><strong><strong><strong><strong><strong><strong><a href=\"http:\/\/www.show.beautyable.info\/tag\/Amull\"><\/a><br \/>\n<\/strong><\/strong><\/strong><\/strong><\/strong><\/strong><\/strong><\/strong><\/p>\n","protected":false},"excerpt":{"rendered":"<p>Kryetari i komun\u00ebs s\u00eb Ulqinit para kryeministrit t\u00eb Malit t\u00eb Zi,z.Igor Lukshiq vler\u00ebsoi shum\u00eb t\u00eb r\u00ebnd\u00ebsishme lidhjen e \u00a0segmentit rrugor Ulqin &#8211; Sukubin me rrug\u00ebn e kufirit me Shqip\u00ebrin,Muriqan\u00a0 p\u00ebr zhvillimin e k\u00ebsaj zone, duke theksuar se nd\u00ebrtimi i k\u00ebtij segmenti \u00ebsht\u00eb nj\u00eb premtim i mbajtur i qeveris\u00eb. Kryetari Hajdinaga u shpreh se rruga Ulqin [&hellip;]<\/p>\n","protected":false},"author":1,"featured_media":0,"comment_status":"open","ping_status":"closed","sticky":false,"template":"","format":"standard","meta":{"spay_email":"","jetpack_publicize_message":"","jetpack_is_tweetstorm":false,"jetpack_publicize_feature_enabled":true},"categories":[1,14249],"tags":[3645,18528,20,3642,13243,222,6215,115,95,79,2801,18527,213,17078,200,18,16056],"jetpack_publicize_connections":[],"yoast_head":"<!-- This site is optimized with the Yoast SEO plugin v19.1 - https:\/\/yoast.com\/wordpress\/plugins\/seo\/ -->\n<title>Rruga Ulqin - Sukubin premtim i G\u00ebzim Hajdinag\u00ebs - Lajme nga Ulqini<\/title>\n<meta name=\"description\" content=\"Kryetari i komun\u00ebs s\u00eb Ulqinit para kryeministrit t\u00eb Malit t\u00eb Zi,z.Igor Lukshiq vler\u00ebsoi shum\u00eb t\u00eb r\u00ebnd\u00ebsishme lidhjen e \u00a0segmentit rrugor Ulqin - Sukubin\" \/>\n<meta name=\"robots\" content=\"index, follow, max-snippet:-1, max-image-preview:large, max-video-preview:-1\" \/>\n<link rel=\"canonical\" href=\"https:\/\/www.visit-ulcinj.com\/blog\/2011\/06\/29\/rruga-ulqin-sukubin-premtim-i-gezim-hajdinages\/\" \/>\n<meta property=\"og:locale\" content=\"en_US\" \/>\n<meta property=\"og:type\" content=\"article\" \/>\n<meta property=\"og:title\" content=\"Rruga Ulqin - Sukubin premtim i G\u00ebzim Hajdinag\u00ebs - Lajme nga Ulqini\" \/>\n<meta property=\"og:description\" content=\"Kryetari i komun\u00ebs s\u00eb Ulqinit para kryeministrit t\u00eb Malit t\u00eb Zi,z.Igor Lukshiq vler\u00ebsoi shum\u00eb t\u00eb r\u00ebnd\u00ebsishme lidhjen e \u00a0segmentit rrugor Ulqin - Sukubin\" \/>\n<meta property=\"og:url\" content=\"https:\/\/www.visit-ulcinj.com\/blog\/2011\/06\/29\/rruga-ulqin-sukubin-premtim-i-gezim-hajdinages\/\" \/>\n<meta property=\"og:site_name\" content=\"Lajme nga Ulqini\" \/>\n<meta property=\"article:published_time\" content=\"2011-06-29T12:01:42+00:00\" \/>\n<meta property=\"article:modified_time\" content=\"2011-06-29T17:25:06+00:00\" \/>\n<meta name=\"twitter:label1\" content=\"Written by\" \/>\n\t<meta name=\"twitter:data1\" content=\"ulqini\" \/>\n\t<meta name=\"twitter:label2\" content=\"Est. reading time\" \/>\n\t<meta name=\"twitter:data2\" content=\"2 minutes\" \/>\n<script type=\"application\/ld+json\" class=\"yoast-schema-graph\">{\"@context\":\"https:\/\/schema.org\",\"@graph\":[{\"@type\":\"WebSite\",\"@id\":\"https:\/\/www.visit-ulcinj.com\/blog\/#website\",\"url\":\"https:\/\/www.visit-ulcinj.com\/blog\/\",\"name\":\"Lajme nga Ulqini\",\"description\":\"Lajme,Vijesti,Ulqini,Ulqin,Crna Gora,Mali i Zi\",\"potentialAction\":[{\"@type\":\"SearchAction\",\"target\":{\"@type\":\"EntryPoint\",\"urlTemplate\":\"https:\/\/www.visit-ulcinj.com\/blog\/?s={search_term_string}\"},\"query-input\":\"required name=search_term_string\"}],\"inLanguage\":\"en-US\"},{\"@type\":\"WebPage\",\"@id\":\"https:\/\/www.visit-ulcinj.com\/blog\/2011\/06\/29\/rruga-ulqin-sukubin-premtim-i-gezim-hajdinages\/#webpage\",\"url\":\"https:\/\/www.visit-ulcinj.com\/blog\/2011\/06\/29\/rruga-ulqin-sukubin-premtim-i-gezim-hajdinages\/\",\"name\":\"Rruga Ulqin - Sukubin premtim i G\u00ebzim Hajdinag\u00ebs - Lajme nga Ulqini\",\"isPartOf\":{\"@id\":\"https:\/\/www.visit-ulcinj.com\/blog\/#website\"},\"datePublished\":\"2011-06-29T12:01:42+00:00\",\"dateModified\":\"2011-06-29T17:25:06+00:00\",\"author\":{\"@id\":\"https:\/\/www.visit-ulcinj.com\/blog\/#\/schema\/person\/dcab619c614d3038751c63bc2aadc06d\"},\"description\":\"Kryetari i komun\u00ebs s\u00eb Ulqinit para kryeministrit t\u00eb Malit t\u00eb Zi,z.Igor Lukshiq vler\u00ebsoi shum\u00eb t\u00eb r\u00ebnd\u00ebsishme lidhjen e \u00a0segmentit rrugor Ulqin - Sukubin\",\"breadcrumb\":{\"@id\":\"https:\/\/www.visit-ulcinj.com\/blog\/2011\/06\/29\/rruga-ulqin-sukubin-premtim-i-gezim-hajdinages\/#breadcrumb\"},\"inLanguage\":\"en-US\",\"potentialAction\":[{\"@type\":\"ReadAction\",\"target\":[\"https:\/\/www.visit-ulcinj.com\/blog\/2011\/06\/29\/rruga-ulqin-sukubin-premtim-i-gezim-hajdinages\/\"]}]},{\"@type\":\"BreadcrumbList\",\"@id\":\"https:\/\/www.visit-ulcinj.com\/blog\/2011\/06\/29\/rruga-ulqin-sukubin-premtim-i-gezim-hajdinages\/#breadcrumb\",\"itemListElement\":[{\"@type\":\"ListItem\",\"position\":1,\"name\":\"Rruga Ulqin &#8211; Sukubin premtim i G\u00ebzim Hajdinag\u00ebs\"}]},{\"@type\":\"Person\",\"@id\":\"https:\/\/www.visit-ulcinj.com\/blog\/#\/schema\/person\/dcab619c614d3038751c63bc2aadc06d\",\"name\":\"ulqini\",\"sameAs\":[\"http:\/\/www.visit-ulcinj.com\"],\"url\":\"https:\/\/www.visit-ulcinj.com\/blog\/author\/admin\/\"}]}<\/script>\n<!-- \/ Yoast SEO plugin. -->","yoast_head_json":{"title":"Rruga Ulqin - Sukubin premtim i G\u00ebzim Hajdinag\u00ebs - Lajme nga Ulqini","description":"Kryetari i komun\u00ebs s\u00eb Ulqinit para kryeministrit t\u00eb Malit t\u00eb Zi,z.Igor Lukshiq vler\u00ebsoi shum\u00eb t\u00eb r\u00ebnd\u00ebsishme lidhjen e \u00a0segmentit rrugor Ulqin - Sukubin","robots":{"index":"index","follow":"follow","max-snippet":"max-snippet:-1","max-image-preview":"max-image-preview:large","max-video-preview":"max-video-preview:-1"},"canonical":"https:\/\/www.visit-ulcinj.com\/blog\/2011\/06\/29\/rruga-ulqin-sukubin-premtim-i-gezim-hajdinages\/","og_locale":"en_US","og_type":"article","og_title":"Rruga Ulqin - Sukubin premtim i G\u00ebzim Hajdinag\u00ebs - Lajme nga Ulqini","og_description":"Kryetari i komun\u00ebs s\u00eb Ulqinit para kryeministrit t\u00eb Malit t\u00eb Zi,z.Igor Lukshiq vler\u00ebsoi shum\u00eb t\u00eb r\u00ebnd\u00ebsishme lidhjen e \u00a0segmentit rrugor Ulqin - Sukubin","og_url":"https:\/\/www.visit-ulcinj.com\/blog\/2011\/06\/29\/rruga-ulqin-sukubin-premtim-i-gezim-hajdinages\/","og_site_name":"Lajme nga Ulqini","article_published_time":"2011-06-29T12:01:42+00:00","article_modified_time":"2011-06-29T17:25:06+00:00","twitter_misc":{"Written by":"ulqini","Est. reading time":"2 minutes"},"schema":{"@context":"https:\/\/schema.org","@graph":[{"@type":"WebSite","@id":"https:\/\/www.visit-ulcinj.com\/blog\/#website","url":"https:\/\/www.visit-ulcinj.com\/blog\/","name":"Lajme nga Ulqini","description":"Lajme,Vijesti,Ulqini,Ulqin,Crna Gora,Mali i Zi","potentialAction":[{"@type":"SearchAction","target":{"@type":"EntryPoint","urlTemplate":"https:\/\/www.visit-ulcinj.com\/blog\/?s={search_term_string}"},"query-input":"required name=search_term_string"}],"inLanguage":"en-US"},{"@type":"WebPage","@id":"https:\/\/www.visit-ulcinj.com\/blog\/2011\/06\/29\/rruga-ulqin-sukubin-premtim-i-gezim-hajdinages\/#webpage","url":"https:\/\/www.visit-ulcinj.com\/blog\/2011\/06\/29\/rruga-ulqin-sukubin-premtim-i-gezim-hajdinages\/","name":"Rruga Ulqin - Sukubin premtim i G\u00ebzim Hajdinag\u00ebs - Lajme nga Ulqini","isPartOf":{"@id":"https:\/\/www.visit-ulcinj.com\/blog\/#website"},"datePublished":"2011-06-29T12:01:42+00:00","dateModified":"2011-06-29T17:25:06+00:00","author":{"@id":"https:\/\/www.visit-ulcinj.com\/blog\/#\/schema\/person\/dcab619c614d3038751c63bc2aadc06d"},"description":"Kryetari i komun\u00ebs s\u00eb Ulqinit para kryeministrit t\u00eb Malit t\u00eb Zi,z.Igor Lukshiq vler\u00ebsoi shum\u00eb t\u00eb r\u00ebnd\u00ebsishme lidhjen e \u00a0segmentit rrugor Ulqin - Sukubin","breadcrumb":{"@id":"https:\/\/www.visit-ulcinj.com\/blog\/2011\/06\/29\/rruga-ulqin-sukubin-premtim-i-gezim-hajdinages\/#breadcrumb"},"inLanguage":"en-US","potentialAction":[{"@type":"ReadAction","target":["https:\/\/www.visit-ulcinj.com\/blog\/2011\/06\/29\/rruga-ulqin-sukubin-premtim-i-gezim-hajdinages\/"]}]},{"@type":"BreadcrumbList","@id":"https:\/\/www.visit-ulcinj.com\/blog\/2011\/06\/29\/rruga-ulqin-sukubin-premtim-i-gezim-hajdinages\/#breadcrumb","itemListElement":[{"@type":"ListItem","position":1,"name":"Rruga Ulqin &#8211; Sukubin premtim i G\u00ebzim Hajdinag\u00ebs"}]},{"@type":"Person","@id":"https:\/\/www.visit-ulcinj.com\/blog\/#\/schema\/person\/dcab619c614d3038751c63bc2aadc06d","name":"ulqini","sameAs":["http:\/\/www.visit-ulcinj.com"],"url":"https:\/\/www.visit-ulcinj.com\/blog\/author\/admin\/"}]}},"jetpack_featured_media_url":"","jetpack_sharing_enabled":true,"jetpack_shortlink":"https:\/\/wp.me\/pe6lTn-czn","_links":{"self":[{"href":"https:\/\/www.visit-ulcinj.com\/blog\/wp-json\/wp\/v2\/posts\/48321"}],"collection":[{"href":"https:\/\/www.visit-ulcinj.com\/blog\/wp-json\/wp\/v2\/posts"}],"about":[{"href":"https:\/\/www.visit-ulcinj.com\/blog\/wp-json\/wp\/v2\/types\/post"}],"author":[{"embeddable":true,"href":"https:\/\/www.visit-ulcinj.com\/blog\/wp-json\/wp\/v2\/users\/1"}],"replies":[{"embeddable":true,"href":"https:\/\/www.visit-ulcinj.com\/blog\/wp-json\/wp\/v2\/comments?post=48321"}],"version-history":[{"count":4,"href":"https:\/\/www.visit-ulcinj.com\/blog\/wp-json\/wp\/v2\/posts\/48321\/revisions"}],"predecessor-version":[{"id":48334,"href":"https:\/\/www.visit-ulcinj.com\/blog\/wp-json\/wp\/v2\/posts\/48321\/revisions\/48334"}],"wp:attachment":[{"href":"https:\/\/www.visit-ulcinj.com\/blog\/wp-json\/wp\/v2\/media?parent=48321"}],"wp:term":[{"taxonomy":"category","embeddable":true,"href":"https:\/\/www.visit-ulcinj.com\/blog\/wp-json\/wp\/v2\/categories?post=48321"},{"taxonomy":"post_tag","embeddable":true,"href":"https:\/\/www.visit-ulcinj.com\/blog\/wp-json\/wp\/v2\/tags?post=48321"}],"curies":[{"name":"wp","href":"https:\/\/api.w.org\/{rel}","templated":true}]}}