{"id":48335,"date":"2011-06-29T18:40:27","date_gmt":"2011-06-29T17:40:27","guid":{"rendered":"http:\/\/www.visit-ulcinj.com\/blog\/?p=48335"},"modified":"2011-06-29T18:40:51","modified_gmt":"2011-06-29T17:40:51","slug":"fest-zum-einjahrigen-bestehen-des-heilsberger-tagespflege-zentrums","status":"publish","type":"post","link":"https:\/\/www.visit-ulcinj.com\/blog\/2011\/06\/29\/fest-zum-einjahrigen-bestehen-des-heilsberger-tagespflege-zentrums\/","title":{"rendered":"Fest zum einj\u00e4hrigen Bestehen des Heilsberger Tagespflege-Zentrums"},"content":{"rendered":"<p><strong><a href=\"http:\/\/www.visit-ulcinj.com\/blog\/wp-content\/uploads\/2011\/06\/Heilsberger-Tagespflege-Zentrums-Rifat-Stankovic_picnik.jpg\"><img loading=\"lazy\" class=\"alignleft size-full wp-image-48339\" title=\"SONY DSC\" src=\"http:\/\/www.visit-ulcinj.com\/blog\/wp-content\/uploads\/2011\/06\/Heilsberger-Tagespflege-Zentrums-Rifat-Stankovic_picnik.jpg\" alt=\"\" width=\"508\" height=\"380\" \/><\/a>\u2026 denn auch die Seele braucht Pflege!<\/strong><\/p>\n<p><strong>Fest zum einj\u00e4hrigen Bestehen des Heilsberger Tagespflege-Zentrums<\/strong><\/p>\n<p>Das einj\u00e4hrige Bestehen des Heilsberger Tagespflege-Zentrums in Bad Vilbel, Martin-Luther-Stra\u00dfe 12, w\u00e4re schon Anla\u00df genug gewesen f\u00fcr ein Fest! Ein weiterer Grund f\u00fcr das Grillfest in der idyllischen, hauseigenen Parkanlage des Heilsberger Tagespflege-Zentrums ist das zehnj\u00e4hrige Bestehen des angeschlossenen Ambulanten Pflegedienstes DAFT.\u00a0 Der Inhaber und Leiter, Rifat Stankovic, begr\u00fc\u00dfte die zahlreichen G\u00e4ste sehr herzlich, dankte f\u00fcr das Vertrauen der Besucher des Tagespflege-Zentrums sowie deren Angeh\u00f6rigen.\u00a0 Das Tagespflege-Zentrum sei bereits sehr gut eingef\u00fchrt, die Senioren nehmen an dessen Angeboten tagt\u00e4glich begeistert und aktiv teil.<\/p>\n<p>Zum Fest kamen Besucher des Tagespflege-Zentrums, ihre Angeh\u00f6rigen, Nachbarn und Freunde der Familie Stankovic. Ehreng\u00e4ste waren Vertreter der montenegrinischen Regierung, der Generalkonsul Abid Crnovrsanin und der Berater des Premierministers Zeljko Stamatovic. Als weiterer Ehrengast war Thomas St\u00f6hr, B\u00fcrgermeister von Bad Vilbel, geladen, der jedoch leider wegen anderweitiger Termine absagen mu\u00dfte.<\/p>\n<p>August G\u00fcth, t\u00e4glicher Besucher des Heilsberger Tagespflege-Zentrums, sorgte auch an diesem Festtag f\u00fcr musikalische Unterhaltung.\u00a0 Herr G\u00fcth begeisterte die G\u00e4ste mit seiner pianistischen Darbietung. Es wurde gesungen, gelacht, gut gespeist und viel erz\u00e4hlt.<\/p>\n<p>Herr G\u00fcth bedankte sich mit unverge\u00dflich herzlichen Worten im Namen der Senioren f\u00fcr die R\u00fcckkehr der \u201eNormalit\u00e4t des t\u00e4glichen Lebens\u201c im Heilsberger Tagespflege-Zentrum.<\/p>\n<p>Als es doch noch zu regnen anfing,\u00a0 zogen die G\u00e4ste vom Garten in die hellen, gro\u00dfz\u00fcgigen R\u00e4umlichkeiten um. Ein weiterer H\u00f6hepunkt brachte die Party erst richtig zum kochen. Silke Schultz ri\u00df mit ihren Bauchtanz-Einlagen alle G\u00e4ste mit. Nun wurde geklatscht und getanzt \u2013 solange bis das unvermeidliche Ende des Festes nahte.<\/p>\n<p>Das Versorgungskonzept des DAFT Ambulanten Pflegedienstes zusammen mit dem Heilsberger Tagespflege-Zentrum m\u00f6chte garantieren, da\u00df Senioren m\u00f6glichst lange selbst\u00e4ndig in der eigenen Umgebung verbringen k\u00f6nnen.\u00a0 Beistand und N\u00e4he sollen auch in den letzten Stunden des Lebens zuhause m\u00f6glich sein. Nach eineinhalb Jahrzehnten Erfahrung mit h\u00e4uslicher Krankenpflege\u00a0 erz\u00e4hlt Rifat Stankovic, reifte die Idee, eine Tagespflegeinrichtung zu etablieren, die den Bedarf der Senioren, die eine integrative psychosoziale Betreuung ben\u00f6tigen, auch ganztags gew\u00e4hrleisten. Dies hat der Gesetzgeber durch die neue Pflegereform auch finanziell erm\u00f6glicht. Das Konzept ist eine Koordination von h\u00e4uslicher Krankenpflege und Tagespflege: Alles unter einem Dach, so da\u00df die Angeh\u00f6rigen sich entlastet f\u00fchlen k\u00f6nnen und die Besucher durch Aktivit\u00e4ten in der Tagespflege, die hier t\u00e4glich geboten werden, in ihren Ressourcen best\u00e4rkt und gef\u00f6rdert werden. Wo sonst, als hier, wird tagt\u00e4glich musiziert, gesungen und getanzt, hier sp\u00fcrt man die liebevolle Atmosph\u00e4re, das fr\u00f6hliche Miteinander der Besucher des Heilsberger Tagespflege-Zentrums.<\/p>\n<p><a href=\"http:\/\/www.tagespflege-zentrum.de\/\">www.tagespflege-zentrum.de<\/a><\/p>\n<p><a href=\"http:\/\/www.krankenpflegedaft.de\/\">www.krankenpflegedaft.de<\/a><br \/>\n\n\t\t<style type=\"text\/css\">\n\t\t\t#gallery-1 {\n\t\t\t\tmargin: auto;\n\t\t\t}\n\t\t\t#gallery-1 .gallery-item {\n\t\t\t\tfloat: left;\n\t\t\t\tmargin-top: 10px;\n\t\t\t\ttext-align: center;\n\t\t\t\twidth: 33%;\n\t\t\t}\n\t\t\t#gallery-1 img {\n\t\t\t\tborder: 2px solid #cfcfcf;\n\t\t\t}\n\t\t\t#gallery-1 .gallery-caption {\n\t\t\t\tmargin-left: 0;\n\t\t\t}\n\t\t\t\/* see gallery_shortcode() in wp-includes\/media.php *\/\n\t\t<\/style>\n\t\t<div id='gallery-1' class='gallery galleryid-48335 gallery-columns-3 gallery-size-thumbnail'><dl class='gallery-item'>\n\t\t\t<dt class='gallery-icon landscape'>\n\t\t\t\t<a href='https:\/\/www.visit-ulcinj.com\/blog\/wp-content\/uploads\/2011\/06\/Heilsberger-Tagespflege-Zentrums-Rifat-Stankovic.1_picnik.jpg'><img width=\"150\" height=\"150\" src=\"https:\/\/www.visit-ulcinj.com\/blog\/wp-content\/uploads\/2011\/06\/Heilsberger-Tagespflege-Zentrums-Rifat-Stankovic.1_picnik-150x150.jpg\" class=\"attachment-thumbnail size-thumbnail\" alt=\"\" loading=\"lazy\" \/><\/a>\n\t\t\t<\/dt><\/dl><dl class='gallery-item'>\n\t\t\t<dt class='gallery-icon landscape'>\n\t\t\t\t<a href='https:\/\/www.visit-ulcinj.com\/blog\/wp-content\/uploads\/2011\/06\/Heilsberger-Tagespflege-Zentrums-Rifat-Stankovic.2_picnik.jpg'><img width=\"150\" height=\"150\" src=\"https:\/\/www.visit-ulcinj.com\/blog\/wp-content\/uploads\/2011\/06\/Heilsberger-Tagespflege-Zentrums-Rifat-Stankovic.2_picnik-150x150.jpg\" class=\"attachment-thumbnail size-thumbnail\" alt=\"\" loading=\"lazy\" \/><\/a>\n\t\t\t<\/dt><\/dl><dl class='gallery-item'>\n\t\t\t<dt class='gallery-icon landscape'>\n\t\t\t\t<a href='https:\/\/www.visit-ulcinj.com\/blog\/wp-content\/uploads\/2011\/06\/Heilsberger-Tagespflege-Zentrums-Rifat-Stankovic_picnik.jpg'><img width=\"150\" height=\"150\" src=\"https:\/\/www.visit-ulcinj.com\/blog\/wp-content\/uploads\/2011\/06\/Heilsberger-Tagespflege-Zentrums-Rifat-Stankovic_picnik-150x150.jpg\" class=\"attachment-thumbnail size-thumbnail\" alt=\"\" loading=\"lazy\" \/><\/a>\n\t\t\t<\/dt><\/dl><br style=\"clear: both\" \/>\n\t\t<\/div>\n<\/p>\n","protected":false},"excerpt":{"rendered":"<p>\u2026 denn auch die Seele braucht Pflege! Fest zum einj\u00e4hrigen Bestehen des Heilsberger Tagespflege-Zentrums Das einj\u00e4hrige Bestehen des Heilsberger Tagespflege-Zentrums in Bad Vilbel, Martin-Luther-Stra\u00dfe 12, w\u00e4re schon Anla\u00df genug gewesen f\u00fcr ein Fest! Ein weiterer Grund f\u00fcr das Grillfest in der idyllischen, hauseigenen Parkanlage des Heilsberger Tagespflege-Zentrums ist das zehnj\u00e4hrige Bestehen des angeschlossenen Ambulanten Pflegedienstes [&hellip;]<\/p>\n","protected":false},"author":1,"featured_media":0,"comment_status":"open","ping_status":"closed","sticky":false,"template":"","format":"standard","meta":{"spay_email":"","jetpack_publicize_message":"","jetpack_is_tweetstorm":false,"jetpack_publicize_feature_enabled":true},"categories":[7],"tags":[18529,15717],"jetpack_publicize_connections":[],"yoast_head":"<!-- This site is optimized with the Yoast SEO plugin v19.1 - https:\/\/yoast.com\/wordpress\/plugins\/seo\/ -->\n<title>Fest zum einj\u00e4hrigen Bestehen des Heilsberger Tagespflege-Zentrums - Lajme nga Ulqini<\/title>\n<meta name=\"description\" content=\"\u2026 denn auch die Seele braucht Pflege! Fest zum einj\u00e4hrigen Bestehen des Heilsberger Tagespflege-Zentrums Das einj\u00e4hrige Bestehen des Heilsberger\" \/>\n<meta name=\"robots\" content=\"index, follow, max-snippet:-1, max-image-preview:large, max-video-preview:-1\" \/>\n<link rel=\"canonical\" href=\"https:\/\/www.visit-ulcinj.com\/blog\/2011\/06\/29\/fest-zum-einjahrigen-bestehen-des-heilsberger-tagespflege-zentrums\/\" \/>\n<meta property=\"og:locale\" content=\"en_US\" \/>\n<meta property=\"og:type\" content=\"article\" \/>\n<meta property=\"og:title\" content=\"Fest zum einj\u00e4hrigen Bestehen des Heilsberger Tagespflege-Zentrums - Lajme nga Ulqini\" \/>\n<meta property=\"og:description\" content=\"\u2026 denn auch die Seele braucht Pflege! Fest zum einj\u00e4hrigen Bestehen des Heilsberger Tagespflege-Zentrums Das einj\u00e4hrige Bestehen des Heilsberger\" \/>\n<meta property=\"og:url\" content=\"https:\/\/www.visit-ulcinj.com\/blog\/2011\/06\/29\/fest-zum-einjahrigen-bestehen-des-heilsberger-tagespflege-zentrums\/\" \/>\n<meta property=\"og:site_name\" content=\"Lajme nga Ulqini\" \/>\n<meta property=\"article:published_time\" content=\"2011-06-29T17:40:27+00:00\" \/>\n<meta property=\"article:modified_time\" content=\"2011-06-29T17:40:51+00:00\" \/>\n<meta property=\"og:image\" content=\"https:\/\/www.visit-ulcinj.com\/blog\/wp-content\/uploads\/2011\/06\/Heilsberger-Tagespflege-Zentrums-Rifat-Stankovic.1_picnik-150x150.jpg\" \/>\n<meta name=\"twitter:label1\" content=\"Written by\" \/>\n\t<meta name=\"twitter:data1\" content=\"ulqini\" \/>\n\t<meta name=\"twitter:label2\" content=\"Est. reading time\" \/>\n\t<meta name=\"twitter:data2\" content=\"2 minutes\" \/>\n<script type=\"application\/ld+json\" class=\"yoast-schema-graph\">{\"@context\":\"https:\/\/schema.org\",\"@graph\":[{\"@type\":\"WebSite\",\"@id\":\"https:\/\/www.visit-ulcinj.com\/blog\/#website\",\"url\":\"https:\/\/www.visit-ulcinj.com\/blog\/\",\"name\":\"Lajme nga Ulqini\",\"description\":\"Lajme,Vijesti,Ulqini,Ulqin,Crna Gora,Mali i Zi\",\"potentialAction\":[{\"@type\":\"SearchAction\",\"target\":{\"@type\":\"EntryPoint\",\"urlTemplate\":\"https:\/\/www.visit-ulcinj.com\/blog\/?s={search_term_string}\"},\"query-input\":\"required name=search_term_string\"}],\"inLanguage\":\"en-US\"},{\"@type\":\"ImageObject\",\"inLanguage\":\"en-US\",\"@id\":\"https:\/\/www.visit-ulcinj.com\/blog\/2011\/06\/29\/fest-zum-einjahrigen-bestehen-des-heilsberger-tagespflege-zentrums\/#primaryimage\",\"url\":\"https:\/\/www.visit-ulcinj.com\/blog\/wp-content\/uploads\/2011\/06\/Heilsberger-Tagespflege-Zentrums-Rifat-Stankovic_picnik.jpg\",\"contentUrl\":\"https:\/\/www.visit-ulcinj.com\/blog\/wp-content\/uploads\/2011\/06\/Heilsberger-Tagespflege-Zentrums-Rifat-Stankovic_picnik.jpg\",\"width\":\"1001\",\"height\":\"670\"},{\"@type\":\"WebPage\",\"@id\":\"https:\/\/www.visit-ulcinj.com\/blog\/2011\/06\/29\/fest-zum-einjahrigen-bestehen-des-heilsberger-tagespflege-zentrums\/#webpage\",\"url\":\"https:\/\/www.visit-ulcinj.com\/blog\/2011\/06\/29\/fest-zum-einjahrigen-bestehen-des-heilsberger-tagespflege-zentrums\/\",\"name\":\"Fest zum einj\u00e4hrigen Bestehen des Heilsberger Tagespflege-Zentrums - Lajme nga Ulqini\",\"isPartOf\":{\"@id\":\"https:\/\/www.visit-ulcinj.com\/blog\/#website\"},\"primaryImageOfPage\":{\"@id\":\"https:\/\/www.visit-ulcinj.com\/blog\/2011\/06\/29\/fest-zum-einjahrigen-bestehen-des-heilsberger-tagespflege-zentrums\/#primaryimage\"},\"datePublished\":\"2011-06-29T17:40:27+00:00\",\"dateModified\":\"2011-06-29T17:40:51+00:00\",\"author\":{\"@id\":\"https:\/\/www.visit-ulcinj.com\/blog\/#\/schema\/person\/dcab619c614d3038751c63bc2aadc06d\"},\"description\":\"\u2026 denn auch die Seele braucht Pflege! Fest zum einj\u00e4hrigen Bestehen des Heilsberger Tagespflege-Zentrums Das einj\u00e4hrige Bestehen des Heilsberger\",\"breadcrumb\":{\"@id\":\"https:\/\/www.visit-ulcinj.com\/blog\/2011\/06\/29\/fest-zum-einjahrigen-bestehen-des-heilsberger-tagespflege-zentrums\/#breadcrumb\"},\"inLanguage\":\"en-US\",\"potentialAction\":[{\"@type\":\"ReadAction\",\"target\":[\"https:\/\/www.visit-ulcinj.com\/blog\/2011\/06\/29\/fest-zum-einjahrigen-bestehen-des-heilsberger-tagespflege-zentrums\/\"]}]},{\"@type\":\"BreadcrumbList\",\"@id\":\"https:\/\/www.visit-ulcinj.com\/blog\/2011\/06\/29\/fest-zum-einjahrigen-bestehen-des-heilsberger-tagespflege-zentrums\/#breadcrumb\",\"itemListElement\":[{\"@type\":\"ListItem\",\"position\":1,\"name\":\"Fest zum einj\u00e4hrigen Bestehen des Heilsberger Tagespflege-Zentrums\"}]},{\"@type\":\"Person\",\"@id\":\"https:\/\/www.visit-ulcinj.com\/blog\/#\/schema\/person\/dcab619c614d3038751c63bc2aadc06d\",\"name\":\"ulqini\",\"sameAs\":[\"http:\/\/www.visit-ulcinj.com\"],\"url\":\"https:\/\/www.visit-ulcinj.com\/blog\/author\/admin\/\"}]}<\/script>\n<!-- \/ Yoast SEO plugin. -->","yoast_head_json":{"title":"Fest zum einj\u00e4hrigen Bestehen des Heilsberger Tagespflege-Zentrums - Lajme nga Ulqini","description":"\u2026 denn auch die Seele braucht Pflege! Fest zum einj\u00e4hrigen Bestehen des Heilsberger Tagespflege-Zentrums Das einj\u00e4hrige Bestehen des Heilsberger","robots":{"index":"index","follow":"follow","max-snippet":"max-snippet:-1","max-image-preview":"max-image-preview:large","max-video-preview":"max-video-preview:-1"},"canonical":"https:\/\/www.visit-ulcinj.com\/blog\/2011\/06\/29\/fest-zum-einjahrigen-bestehen-des-heilsberger-tagespflege-zentrums\/","og_locale":"en_US","og_type":"article","og_title":"Fest zum einj\u00e4hrigen Bestehen des Heilsberger Tagespflege-Zentrums - Lajme nga Ulqini","og_description":"\u2026 denn auch die Seele braucht Pflege! Fest zum einj\u00e4hrigen Bestehen des Heilsberger Tagespflege-Zentrums Das einj\u00e4hrige Bestehen des Heilsberger","og_url":"https:\/\/www.visit-ulcinj.com\/blog\/2011\/06\/29\/fest-zum-einjahrigen-bestehen-des-heilsberger-tagespflege-zentrums\/","og_site_name":"Lajme nga Ulqini","article_published_time":"2011-06-29T17:40:27+00:00","article_modified_time":"2011-06-29T17:40:51+00:00","og_image":[{"url":"https:\/\/www.visit-ulcinj.com\/blog\/wp-content\/uploads\/2011\/06\/Heilsberger-Tagespflege-Zentrums-Rifat-Stankovic.1_picnik-150x150.jpg"}],"twitter_misc":{"Written by":"ulqini","Est. reading time":"2 minutes"},"schema":{"@context":"https:\/\/schema.org","@graph":[{"@type":"WebSite","@id":"https:\/\/www.visit-ulcinj.com\/blog\/#website","url":"https:\/\/www.visit-ulcinj.com\/blog\/","name":"Lajme nga Ulqini","description":"Lajme,Vijesti,Ulqini,Ulqin,Crna Gora,Mali i Zi","potentialAction":[{"@type":"SearchAction","target":{"@type":"EntryPoint","urlTemplate":"https:\/\/www.visit-ulcinj.com\/blog\/?s={search_term_string}"},"query-input":"required name=search_term_string"}],"inLanguage":"en-US"},{"@type":"ImageObject","inLanguage":"en-US","@id":"https:\/\/www.visit-ulcinj.com\/blog\/2011\/06\/29\/fest-zum-einjahrigen-bestehen-des-heilsberger-tagespflege-zentrums\/#primaryimage","url":"https:\/\/www.visit-ulcinj.com\/blog\/wp-content\/uploads\/2011\/06\/Heilsberger-Tagespflege-Zentrums-Rifat-Stankovic_picnik.jpg","contentUrl":"https:\/\/www.visit-ulcinj.com\/blog\/wp-content\/uploads\/2011\/06\/Heilsberger-Tagespflege-Zentrums-Rifat-Stankovic_picnik.jpg","width":"1001","height":"670"},{"@type":"WebPage","@id":"https:\/\/www.visit-ulcinj.com\/blog\/2011\/06\/29\/fest-zum-einjahrigen-bestehen-des-heilsberger-tagespflege-zentrums\/#webpage","url":"https:\/\/www.visit-ulcinj.com\/blog\/2011\/06\/29\/fest-zum-einjahrigen-bestehen-des-heilsberger-tagespflege-zentrums\/","name":"Fest zum einj\u00e4hrigen Bestehen des Heilsberger Tagespflege-Zentrums - Lajme nga Ulqini","isPartOf":{"@id":"https:\/\/www.visit-ulcinj.com\/blog\/#website"},"primaryImageOfPage":{"@id":"https:\/\/www.visit-ulcinj.com\/blog\/2011\/06\/29\/fest-zum-einjahrigen-bestehen-des-heilsberger-tagespflege-zentrums\/#primaryimage"},"datePublished":"2011-06-29T17:40:27+00:00","dateModified":"2011-06-29T17:40:51+00:00","author":{"@id":"https:\/\/www.visit-ulcinj.com\/blog\/#\/schema\/person\/dcab619c614d3038751c63bc2aadc06d"},"description":"\u2026 denn auch die Seele braucht Pflege! Fest zum einj\u00e4hrigen Bestehen des Heilsberger Tagespflege-Zentrums Das einj\u00e4hrige Bestehen des Heilsberger","breadcrumb":{"@id":"https:\/\/www.visit-ulcinj.com\/blog\/2011\/06\/29\/fest-zum-einjahrigen-bestehen-des-heilsberger-tagespflege-zentrums\/#breadcrumb"},"inLanguage":"en-US","potentialAction":[{"@type":"ReadAction","target":["https:\/\/www.visit-ulcinj.com\/blog\/2011\/06\/29\/fest-zum-einjahrigen-bestehen-des-heilsberger-tagespflege-zentrums\/"]}]},{"@type":"BreadcrumbList","@id":"https:\/\/www.visit-ulcinj.com\/blog\/2011\/06\/29\/fest-zum-einjahrigen-bestehen-des-heilsberger-tagespflege-zentrums\/#breadcrumb","itemListElement":[{"@type":"ListItem","position":1,"name":"Fest zum einj\u00e4hrigen Bestehen des Heilsberger Tagespflege-Zentrums"}]},{"@type":"Person","@id":"https:\/\/www.visit-ulcinj.com\/blog\/#\/schema\/person\/dcab619c614d3038751c63bc2aadc06d","name":"ulqini","sameAs":["http:\/\/www.visit-ulcinj.com"],"url":"https:\/\/www.visit-ulcinj.com\/blog\/author\/admin\/"}]}},"jetpack_featured_media_url":"","jetpack_sharing_enabled":true,"jetpack_shortlink":"https:\/\/wp.me\/pe6lTn-czB","_links":{"self":[{"href":"https:\/\/www.visit-ulcinj.com\/blog\/wp-json\/wp\/v2\/posts\/48335"}],"collection":[{"href":"https:\/\/www.visit-ulcinj.com\/blog\/wp-json\/wp\/v2\/posts"}],"about":[{"href":"https:\/\/www.visit-ulcinj.com\/blog\/wp-json\/wp\/v2\/types\/post"}],"author":[{"embeddable":true,"href":"https:\/\/www.visit-ulcinj.com\/blog\/wp-json\/wp\/v2\/users\/1"}],"replies":[{"embeddable":true,"href":"https:\/\/www.visit-ulcinj.com\/blog\/wp-json\/wp\/v2\/comments?post=48335"}],"version-history":[{"count":2,"href":"https:\/\/www.visit-ulcinj.com\/blog\/wp-json\/wp\/v2\/posts\/48335\/revisions"}],"predecessor-version":[{"id":48341,"href":"https:\/\/www.visit-ulcinj.com\/blog\/wp-json\/wp\/v2\/posts\/48335\/revisions\/48341"}],"wp:attachment":[{"href":"https:\/\/www.visit-ulcinj.com\/blog\/wp-json\/wp\/v2\/media?parent=48335"}],"wp:term":[{"taxonomy":"category","embeddable":true,"href":"https:\/\/www.visit-ulcinj.com\/blog\/wp-json\/wp\/v2\/categories?post=48335"},{"taxonomy":"post_tag","embeddable":true,"href":"https:\/\/www.visit-ulcinj.com\/blog\/wp-json\/wp\/v2\/tags?post=48335"}],"curies":[{"name":"wp","href":"https:\/\/api.w.org\/{rel}","templated":true}]}}