{"id":48345,"date":"2011-06-29T23:26:37","date_gmt":"2011-06-29T22:26:37","guid":{"rendered":"http:\/\/www.visit-ulcinj.com\/blog\/?p=48345"},"modified":"2011-07-06T10:22:34","modified_gmt":"2011-07-06T09:22:34","slug":"grupi-folklorik-nga-shestani-merr-pjes-ne-festivali-i-5-te-kombetar-per-camerine-ne-sarande","status":"publish","type":"post","link":"https:\/\/www.visit-ulcinj.com\/blog\/2011\/06\/29\/grupi-folklorik-nga-shestani-merr-pjes-ne-festivali-i-5-te-kombetar-per-camerine-ne-sarande\/","title":{"rendered":"Grupi Folklorik nga Shestani merr pjes ne festivali i 5-t\u00eb komb\u00ebtar p\u00ebr \u00c7am\u00ebrin\u00eb n\u00eb Sarand\u00eb"},"content":{"rendered":"<p><a href=\"http:\/\/www.visit-ulcinj.com\/blog\/wp-content\/uploads\/2011\/06\/Grupi-Folklorik-Buzuku-nga-Shestani.2.jpg\"><img loading=\"lazy\" class=\"alignleft size-full wp-image-48348\" title=\"Grupi Folklorik Buzuku nga Shestani.2\" src=\"http:\/\/www.visit-ulcinj.com\/blog\/wp-content\/uploads\/2011\/06\/Grupi-Folklorik-Buzuku-nga-Shestani.2.jpg\" alt=\"\" width=\"508\" height=\"380\" srcset=\"https:\/\/www.visit-ulcinj.com\/blog\/wp-content\/uploads\/2011\/06\/Grupi-Folklorik-Buzuku-nga-Shestani.2.jpg 720w, https:\/\/www.visit-ulcinj.com\/blog\/wp-content\/uploads\/2011\/06\/Grupi-Folklorik-Buzuku-nga-Shestani.2-300x225.jpg 300w\" sizes=\"(max-width: 508px) 100vw, 508px\" \/><\/a>SARAND\u00cb- Ka ulur siparin Festivali i 5-t\u00eb komb\u00ebtar i K\u00ebng\u00ebs dhe Valles p\u00ebr \u00c7am\u00ebrin\u00eb, q\u00eb u zhvillua p\u00ebr tre net\u00eb me radh\u00eb n\u00eb qytetin e Sarand\u00ebs.<br \/>\nFestivali dedikuar folkut t\u00eb \u00c7am\u00ebris\u00eb ishte p\u00ebr t\u00eb pestin vit radhazi n\u00eb qytetin bregdetar dhe n\u00eb t\u00eb mor\u00ebn pjes\u00eb mbi 1000 artist\u00eb, 30 ansamble e grupe artistike nga t\u00eb gjitha trojet shqiptare.<br \/>\nN\u00eb k\u00ebt\u00eb festival madh\u00ebshtor, \u00a0marrin pjes\u00eb grupe t\u00eb ndryshme muzikore nga mbar\u00eb hap\u00ebsirat shqiptare. Sipas drejtuesve t\u00eb festivalit, pjes\u00ebmarrjen n\u00eb k\u00ebt\u00eb eveniment t\u00eb r\u00ebnd\u00ebsish\u00ebm t\u00eb muzik\u00ebs shqiptare e kan\u00eb konfirmuar shum\u00eb mysafir\u00eb nga Kosova, Maqedonia Mali i Zi dhe \u00c7am\u00ebria.<br \/>\n<a href=\"http:\/\/www.visit-ulcinj.com\/blog\/wp-content\/uploads\/2011\/06\/Grupi-Folklorik-Buzuku-nga-Shestani.11.jpg\"><img loading=\"lazy\" class=\"alignleft size-full wp-image-48357\" title=\"Grupi Folklorik Buzuku nga Shestani.11\" src=\"http:\/\/www.visit-ulcinj.com\/blog\/wp-content\/uploads\/2011\/06\/Grupi-Folklorik-Buzuku-nga-Shestani.11.jpg\" alt=\"\" width=\"340\" height=\"400\" \/><\/a><\/p>\n<p>N\u00eb ket festival shestanasit e rinj t\u00eb tubuar n\u00eb Grupin Folklorik \u201cBuzuku\u201d u paraqit\u00ebn n\u00eb sken\u00eb\u00a0 p\u00ebr her\u00eb\u00a0 t\u00eb par\u00eb me veshjen e tyre popullore ne qytetin e Sarand\u00ebs.<br \/>\nNga k\u00ebto tre dit\u00eb e Grupit Folklorik \u201cBuzuku\u201d nga Shestani, ku kto djelmosha e k\u00ebsaj treve, mendoj se se na dhan\u00eb nj\u00eb mesazh:\u00a0\u00a0 cil\u00ebsimi i vetes si shqiptar, me gjuh\u00ebn e vet, nga m\u00eb t\u00eb lashtat e bot\u00ebs, me kultur\u00ebn dhe artin, ashtu si edhe me historin\u00eb e tyre shum\u00ebmij\u00ebvje\u00e7are. Dua t\u00eb besoj se brezat e ardhsh\u00ebm\u00a0 t\u00eb Shestanit\u00a0 kan\u00eb filluar\u00a0 ta kuptojn\u00eb nj\u00eb her\u00eb e p\u00ebrgjithmon\u00eb\u00a0 se e kaluara e t\u00eb par\u00ebve t\u00eb tyre shqiptar\u00eb\u00a0 i obligon dhe i detyron t\u00eb duan kombin,\u00a0 t\u00eb ruajn\u00eb dhe t\u00eb flasin gjuh\u00ebn shqipe, t\u00eb kultivojn\u00eb kultur\u00ebn dhe traditat, duke i krijuar mund\u00ebsi vetvetes q\u00eb t\u00eb ruajn\u00eb kurdoher\u00eb identitetin ton\u00eb komb\u00ebtar si nj\u00eb popull i vjet\u00ebr i Evrop\u00ebs, krahas popujve\u00a0 t\u00eb qytet\u00ebrimit t\u00eb lasht\u00eb t\u00eb kontinentit plak. N\u00ebse veprojn\u00eb k\u00ebshtu ata do t\u00eb b\u00ebhen njer\u00ebz fisnik, do t\u00eb pasurojn\u00eb shpirtin dhe mendjen. Festivali i 5-t\u00eb komb\u00ebtar i K\u00ebng\u00ebs dhe Valles p\u00ebr \u00c7am\u00ebrin\u00eb qe ngjarje e madhe kulturore, e cila pati jehon\u00eb t\u00eb\u00a0 papar\u00eb te popullata vendase, dhe jo vet\u00ebm.<br \/>\nOrganizator i k\u00ebtij eventi t\u00eb r\u00ebnd\u00ebsish\u00ebm artistik n\u00eb jug t\u00eb vendit ishte Unioni Artistik i Kombit Shqiptar me president Azgan Haklajn, nd\u00ebrkoh\u00eb q\u00eb u mb\u00ebshtet edhe nga PDIU.<br \/>\nArtist\u00ebt pjes\u00ebmarr\u00ebs p\u00ebrcoll\u00ebn mesazhin se trash\u00ebgimia kulturore e \u00c7am\u00ebris\u00eb dhe e kombit shqiptar ruhet me mjaft dashuri tek brezi i ri, t\u00eb cil\u00ebt me p\u00ebrkushtim soll\u00ebn vlerat e artit popullor dhe pasurive shpirt\u00ebrore t\u00eb trevave shqipfol\u00ebse.<br \/>\nN\u00eb fund, juria e festivalit vler\u00ebsoi me \u00e7mime t\u00eb para Ansamblin &#8220;Krahu i Shqiponj\u00ebs&#8221; Vlor\u00eb dhe grupin artistik t\u00eb Konispolit, nd\u00ebrkoh\u00eb q\u00eb jan\u00eb vler\u00ebsuar me \u00e7mime t\u00eb ve\u00e7anta shoq\u00ebri t\u00eb ndryshme artistike nga trevat shqiptare, solist\u00eb dhe instrumentist\u00eb pjes\u00ebmarr\u00ebs n\u00eb k\u00ebt\u00eb aktivitet.<br \/>\n<a href=\"http:\/\/www.facebook.com\/media\/set\/?set=a.1936330808882.2103194.1260700726\" target=\"_blank\"><strong>Foto Jozo Nrekic Facebook<\/strong><\/a><br \/>\n\n\t\t<style type=\"text\/css\">\n\t\t\t#gallery-1 {\n\t\t\t\tmargin: auto;\n\t\t\t}\n\t\t\t#gallery-1 .gallery-item {\n\t\t\t\tfloat: left;\n\t\t\t\tmargin-top: 10px;\n\t\t\t\ttext-align: center;\n\t\t\t\twidth: 33%;\n\t\t\t}\n\t\t\t#gallery-1 img {\n\t\t\t\tborder: 2px solid #cfcfcf;\n\t\t\t}\n\t\t\t#gallery-1 .gallery-caption {\n\t\t\t\tmargin-left: 0;\n\t\t\t}\n\t\t\t\/* see gallery_shortcode() in wp-includes\/media.php *\/\n\t\t<\/style>\n\t\t<div id='gallery-1' class='gallery galleryid-48345 gallery-columns-3 gallery-size-thumbnail'><dl class='gallery-item'>\n\t\t\t<dt class='gallery-icon landscape'>\n\t\t\t\t<a href='https:\/\/www.visit-ulcinj.com\/blog\/wp-content\/uploads\/2011\/06\/Grupi-Folklorik-Buzuku-nga-Shestani.1.jpg'><img width=\"150\" height=\"150\" src=\"https:\/\/www.visit-ulcinj.com\/blog\/wp-content\/uploads\/2011\/06\/Grupi-Folklorik-Buzuku-nga-Shestani.1-150x150.jpg\" class=\"attachment-thumbnail size-thumbnail\" alt=\"\" loading=\"lazy\" \/><\/a>\n\t\t\t<\/dt><\/dl><dl class='gallery-item'>\n\t\t\t<dt class='gallery-icon landscape'>\n\t\t\t\t<a href='https:\/\/www.visit-ulcinj.com\/blog\/wp-content\/uploads\/2011\/06\/Grupi-Folklorik-Buzuku-nga-Shestani.2.jpg'><img width=\"150\" height=\"150\" src=\"https:\/\/www.visit-ulcinj.com\/blog\/wp-content\/uploads\/2011\/06\/Grupi-Folklorik-Buzuku-nga-Shestani.2-150x150.jpg\" class=\"attachment-thumbnail size-thumbnail\" alt=\"\" loading=\"lazy\" \/><\/a>\n\t\t\t<\/dt><\/dl><dl class='gallery-item'>\n\t\t\t<dt class='gallery-icon landscape'>\n\t\t\t\t<a href='https:\/\/www.visit-ulcinj.com\/blog\/wp-content\/uploads\/2011\/06\/Grupi-Folklorik-Buzuku-nga-Shestani.3.jpg'><img width=\"150\" height=\"150\" src=\"https:\/\/www.visit-ulcinj.com\/blog\/wp-content\/uploads\/2011\/06\/Grupi-Folklorik-Buzuku-nga-Shestani.3-150x150.jpg\" class=\"attachment-thumbnail size-thumbnail\" alt=\"\" loading=\"lazy\" \/><\/a>\n\t\t\t<\/dt><\/dl><br style=\"clear: both\" \/><dl class='gallery-item'>\n\t\t\t<dt class='gallery-icon landscape'>\n\t\t\t\t<a href='https:\/\/www.visit-ulcinj.com\/blog\/wp-content\/uploads\/2011\/06\/Grupi-Folklorik-Buzuku-nga-Shestani.4.jpg'><img width=\"150\" height=\"150\" src=\"https:\/\/www.visit-ulcinj.com\/blog\/wp-content\/uploads\/2011\/06\/Grupi-Folklorik-Buzuku-nga-Shestani.4-150x150.jpg\" class=\"attachment-thumbnail size-thumbnail\" alt=\"\" loading=\"lazy\" \/><\/a>\n\t\t\t<\/dt><\/dl><dl class='gallery-item'>\n\t\t\t<dt class='gallery-icon landscape'>\n\t\t\t\t<a href='https:\/\/www.visit-ulcinj.com\/blog\/wp-content\/uploads\/2011\/06\/Grupi-Folklorik-Buzuku-nga-Shestani.5.jpg'><img width=\"150\" height=\"150\" src=\"https:\/\/www.visit-ulcinj.com\/blog\/wp-content\/uploads\/2011\/06\/Grupi-Folklorik-Buzuku-nga-Shestani.5-150x150.jpg\" class=\"attachment-thumbnail size-thumbnail\" alt=\"\" loading=\"lazy\" \/><\/a>\n\t\t\t<\/dt><\/dl><dl class='gallery-item'>\n\t\t\t<dt class='gallery-icon portrait'>\n\t\t\t\t<a href='https:\/\/www.visit-ulcinj.com\/blog\/wp-content\/uploads\/2011\/06\/Grupi-Folklorik-Buzuku-nga-Shestani.6.jpg'><img width=\"150\" height=\"150\" src=\"https:\/\/www.visit-ulcinj.com\/blog\/wp-content\/uploads\/2011\/06\/Grupi-Folklorik-Buzuku-nga-Shestani.6-150x150.jpg\" class=\"attachment-thumbnail size-thumbnail\" alt=\"\" loading=\"lazy\" \/><\/a>\n\t\t\t<\/dt><\/dl><br style=\"clear: both\" \/><dl class='gallery-item'>\n\t\t\t<dt class='gallery-icon landscape'>\n\t\t\t\t<a href='https:\/\/www.visit-ulcinj.com\/blog\/wp-content\/uploads\/2011\/06\/Grupi-Folklorik-Buzuku-nga-Shestani.7.jpg'><img width=\"150\" height=\"150\" src=\"https:\/\/www.visit-ulcinj.com\/blog\/wp-content\/uploads\/2011\/06\/Grupi-Folklorik-Buzuku-nga-Shestani.7-150x150.jpg\" class=\"attachment-thumbnail size-thumbnail\" alt=\"\" loading=\"lazy\" \/><\/a>\n\t\t\t<\/dt><\/dl><dl class='gallery-item'>\n\t\t\t<dt class='gallery-icon landscape'>\n\t\t\t\t<a href='https:\/\/www.visit-ulcinj.com\/blog\/wp-content\/uploads\/2011\/06\/Grupi-Folklorik-Buzuku-nga-Shestani.8.jpg'><img width=\"150\" height=\"150\" src=\"https:\/\/www.visit-ulcinj.com\/blog\/wp-content\/uploads\/2011\/06\/Grupi-Folklorik-Buzuku-nga-Shestani.8-150x150.jpg\" class=\"attachment-thumbnail size-thumbnail\" alt=\"\" loading=\"lazy\" \/><\/a>\n\t\t\t<\/dt><\/dl><dl class='gallery-item'>\n\t\t\t<dt class='gallery-icon landscape'>\n\t\t\t\t<a href='https:\/\/www.visit-ulcinj.com\/blog\/wp-content\/uploads\/2011\/06\/Grupi-Folklorik-Buzuku-nga-Shestani.9.jpg'><img width=\"150\" height=\"150\" src=\"https:\/\/www.visit-ulcinj.com\/blog\/wp-content\/uploads\/2011\/06\/Grupi-Folklorik-Buzuku-nga-Shestani.9-150x150.jpg\" class=\"attachment-thumbnail size-thumbnail\" alt=\"\" loading=\"lazy\" \/><\/a>\n\t\t\t<\/dt><\/dl><br style=\"clear: both\" \/><dl class='gallery-item'>\n\t\t\t<dt class='gallery-icon portrait'>\n\t\t\t\t<a href='https:\/\/www.visit-ulcinj.com\/blog\/wp-content\/uploads\/2011\/06\/Grupi-Folklorik-Buzuku-nga-Shestani.10.jpg'><img width=\"150\" height=\"150\" src=\"https:\/\/www.visit-ulcinj.com\/blog\/wp-content\/uploads\/2011\/06\/Grupi-Folklorik-Buzuku-nga-Shestani.10-150x150.jpg\" class=\"attachment-thumbnail size-thumbnail\" alt=\"\" loading=\"lazy\" \/><\/a>\n\t\t\t<\/dt><\/dl><dl class='gallery-item'>\n\t\t\t<dt class='gallery-icon portrait'>\n\t\t\t\t<a href='https:\/\/www.visit-ulcinj.com\/blog\/wp-content\/uploads\/2011\/06\/Grupi-Folklorik-Buzuku-nga-Shestani.11.jpg'><img width=\"150\" height=\"150\" src=\"https:\/\/www.visit-ulcinj.com\/blog\/wp-content\/uploads\/2011\/06\/Grupi-Folklorik-Buzuku-nga-Shestani.11-150x150.jpg\" class=\"attachment-thumbnail size-thumbnail\" alt=\"\" loading=\"lazy\" \/><\/a>\n\t\t\t<\/dt><\/dl><dl class='gallery-item'>\n\t\t\t<dt class='gallery-icon landscape'>\n\t\t\t\t<a href='https:\/\/www.visit-ulcinj.com\/blog\/wp-content\/uploads\/2011\/06\/Grupi-Folklorik-Buzuku-nga-Shestani.jpg'><img width=\"150\" height=\"150\" src=\"https:\/\/www.visit-ulcinj.com\/blog\/wp-content\/uploads\/2011\/06\/Grupi-Folklorik-Buzuku-nga-Shestani-150x150.jpg\" class=\"attachment-thumbnail size-thumbnail\" alt=\"\" loading=\"lazy\" \/><\/a>\n\t\t\t<\/dt><\/dl><br style=\"clear: both\" \/>\n\t\t<\/div>\n<br \/>\n<!--YouTube Error: bad URL entered--><\/p>\n","protected":false},"excerpt":{"rendered":"<p>SARAND\u00cb- Ka ulur siparin Festivali i 5-t\u00eb komb\u00ebtar i K\u00ebng\u00ebs dhe Valles p\u00ebr \u00c7am\u00ebrin\u00eb, q\u00eb u zhvillua p\u00ebr tre net\u00eb me radh\u00eb n\u00eb qytetin e Sarand\u00ebs. Festivali dedikuar folkut t\u00eb \u00c7am\u00ebris\u00eb ishte p\u00ebr t\u00eb pestin vit radhazi n\u00eb qytetin bregdetar dhe n\u00eb t\u00eb mor\u00ebn pjes\u00eb mbi 1000 artist\u00eb, 30 ansamble e grupe artistike nga t\u00eb [&hellip;]<\/p>\n","protected":false},"author":1,"featured_media":0,"comment_status":"open","ping_status":"closed","sticky":false,"template":"","format":"standard","meta":{"spay_email":"","jetpack_publicize_message":"","jetpack_is_tweetstorm":false,"jetpack_publicize_feature_enabled":true},"categories":[4,1],"tags":[11601,1667,18538,18532,18535,2343,18534,18531,18536,18539,16061,49,18533,12959,354,4686,18,18537],"jetpack_publicize_connections":[],"yoast_head":"<!-- This site is optimized with the Yoast SEO plugin v19.1 - https:\/\/yoast.com\/wordpress\/plugins\/seo\/ -->\n<title>Grupi Folklorik nga Shestani merr pjes ne festivali i 5-t\u00eb komb\u00ebtar p\u00ebr \u00c7am\u00ebrin\u00eb n\u00eb Sarand\u00eb - Lajme nga Ulqini<\/title>\n<meta name=\"description\" content=\"SARAND\u00cb- Ka ulur siparin Festivali i 5-t\u00eb komb\u00ebtar i K\u00ebng\u00ebs dhe Valles p\u00ebr \u00c7am\u00ebrin\u00eb, q\u00eb u zhvillua p\u00ebr tre net\u00eb me radh\u00eb n\u00eb qytetin e Sarand\u00ebs. Festivali\" \/>\n<meta name=\"robots\" content=\"index, follow, max-snippet:-1, max-image-preview:large, max-video-preview:-1\" \/>\n<link rel=\"canonical\" href=\"https:\/\/www.visit-ulcinj.com\/blog\/2011\/06\/29\/grupi-folklorik-nga-shestani-merr-pjes-ne-festivali-i-5-te-kombetar-per-camerine-ne-sarande\/\" \/>\n<meta property=\"og:locale\" content=\"en_US\" \/>\n<meta property=\"og:type\" content=\"article\" \/>\n<meta property=\"og:title\" content=\"Grupi Folklorik nga Shestani merr pjes ne festivali i 5-t\u00eb komb\u00ebtar p\u00ebr \u00c7am\u00ebrin\u00eb n\u00eb Sarand\u00eb - Lajme nga Ulqini\" \/>\n<meta property=\"og:description\" content=\"SARAND\u00cb- Ka ulur siparin Festivali i 5-t\u00eb komb\u00ebtar i K\u00ebng\u00ebs dhe Valles p\u00ebr \u00c7am\u00ebrin\u00eb, q\u00eb u zhvillua p\u00ebr tre net\u00eb me radh\u00eb n\u00eb qytetin e Sarand\u00ebs. Festivali\" \/>\n<meta property=\"og:url\" content=\"https:\/\/www.visit-ulcinj.com\/blog\/2011\/06\/29\/grupi-folklorik-nga-shestani-merr-pjes-ne-festivali-i-5-te-kombetar-per-camerine-ne-sarande\/\" \/>\n<meta property=\"og:site_name\" content=\"Lajme nga Ulqini\" \/>\n<meta property=\"article:published_time\" content=\"2011-06-29T22:26:37+00:00\" \/>\n<meta property=\"article:modified_time\" content=\"2011-07-06T09:22:34+00:00\" \/>\n<meta property=\"og:image\" content=\"https:\/\/www.visit-ulcinj.com\/blog\/wp-content\/uploads\/2011\/06\/Grupi-Folklorik-Buzuku-nga-Shestani.1-150x150.jpg\" \/>\n<meta name=\"twitter:label1\" content=\"Written by\" \/>\n\t<meta name=\"twitter:data1\" content=\"ulqini\" \/>\n\t<meta name=\"twitter:label2\" content=\"Est. reading time\" \/>\n\t<meta name=\"twitter:data2\" content=\"2 minutes\" \/>\n<script type=\"application\/ld+json\" class=\"yoast-schema-graph\">{\"@context\":\"https:\/\/schema.org\",\"@graph\":[{\"@type\":\"WebSite\",\"@id\":\"https:\/\/www.visit-ulcinj.com\/blog\/#website\",\"url\":\"https:\/\/www.visit-ulcinj.com\/blog\/\",\"name\":\"Lajme nga Ulqini\",\"description\":\"Lajme,Vijesti,Ulqini,Ulqin,Crna Gora,Mali i Zi\",\"potentialAction\":[{\"@type\":\"SearchAction\",\"target\":{\"@type\":\"EntryPoint\",\"urlTemplate\":\"https:\/\/www.visit-ulcinj.com\/blog\/?s={search_term_string}\"},\"query-input\":\"required name=search_term_string\"}],\"inLanguage\":\"en-US\"},{\"@type\":\"ImageObject\",\"inLanguage\":\"en-US\",\"@id\":\"https:\/\/www.visit-ulcinj.com\/blog\/2011\/06\/29\/grupi-folklorik-nga-shestani-merr-pjes-ne-festivali-i-5-te-kombetar-per-camerine-ne-sarande\/#primaryimage\",\"url\":\"https:\/\/www.visit-ulcinj.com\/blog\/wp-content\/uploads\/2011\/06\/Grupi-Folklorik-Buzuku-nga-Shestani.2.jpg\",\"contentUrl\":\"https:\/\/www.visit-ulcinj.com\/blog\/wp-content\/uploads\/2011\/06\/Grupi-Folklorik-Buzuku-nga-Shestani.2.jpg\",\"width\":\"720\",\"height\":\"540\"},{\"@type\":\"WebPage\",\"@id\":\"https:\/\/www.visit-ulcinj.com\/blog\/2011\/06\/29\/grupi-folklorik-nga-shestani-merr-pjes-ne-festivali-i-5-te-kombetar-per-camerine-ne-sarande\/#webpage\",\"url\":\"https:\/\/www.visit-ulcinj.com\/blog\/2011\/06\/29\/grupi-folklorik-nga-shestani-merr-pjes-ne-festivali-i-5-te-kombetar-per-camerine-ne-sarande\/\",\"name\":\"Grupi Folklorik nga Shestani merr pjes ne festivali i 5-t\u00eb komb\u00ebtar p\u00ebr \u00c7am\u00ebrin\u00eb n\u00eb Sarand\u00eb - Lajme nga Ulqini\",\"isPartOf\":{\"@id\":\"https:\/\/www.visit-ulcinj.com\/blog\/#website\"},\"primaryImageOfPage\":{\"@id\":\"https:\/\/www.visit-ulcinj.com\/blog\/2011\/06\/29\/grupi-folklorik-nga-shestani-merr-pjes-ne-festivali-i-5-te-kombetar-per-camerine-ne-sarande\/#primaryimage\"},\"datePublished\":\"2011-06-29T22:26:37+00:00\",\"dateModified\":\"2011-07-06T09:22:34+00:00\",\"author\":{\"@id\":\"https:\/\/www.visit-ulcinj.com\/blog\/#\/schema\/person\/dcab619c614d3038751c63bc2aadc06d\"},\"description\":\"SARAND\u00cb- Ka ulur siparin Festivali i 5-t\u00eb komb\u00ebtar i K\u00ebng\u00ebs dhe Valles p\u00ebr \u00c7am\u00ebrin\u00eb, q\u00eb u zhvillua p\u00ebr tre net\u00eb me radh\u00eb n\u00eb qytetin e Sarand\u00ebs. Festivali\",\"breadcrumb\":{\"@id\":\"https:\/\/www.visit-ulcinj.com\/blog\/2011\/06\/29\/grupi-folklorik-nga-shestani-merr-pjes-ne-festivali-i-5-te-kombetar-per-camerine-ne-sarande\/#breadcrumb\"},\"inLanguage\":\"en-US\",\"potentialAction\":[{\"@type\":\"ReadAction\",\"target\":[\"https:\/\/www.visit-ulcinj.com\/blog\/2011\/06\/29\/grupi-folklorik-nga-shestani-merr-pjes-ne-festivali-i-5-te-kombetar-per-camerine-ne-sarande\/\"]}]},{\"@type\":\"BreadcrumbList\",\"@id\":\"https:\/\/www.visit-ulcinj.com\/blog\/2011\/06\/29\/grupi-folklorik-nga-shestani-merr-pjes-ne-festivali-i-5-te-kombetar-per-camerine-ne-sarande\/#breadcrumb\",\"itemListElement\":[{\"@type\":\"ListItem\",\"position\":1,\"name\":\"Grupi Folklorik nga Shestani merr pjes ne festivali i 5-t\u00eb komb\u00ebtar p\u00ebr \u00c7am\u00ebrin\u00eb n\u00eb Sarand\u00eb\"}]},{\"@type\":\"Person\",\"@id\":\"https:\/\/www.visit-ulcinj.com\/blog\/#\/schema\/person\/dcab619c614d3038751c63bc2aadc06d\",\"name\":\"ulqini\",\"sameAs\":[\"http:\/\/www.visit-ulcinj.com\"],\"url\":\"https:\/\/www.visit-ulcinj.com\/blog\/author\/admin\/\"}]}<\/script>\n<!-- \/ Yoast SEO plugin. -->","yoast_head_json":{"title":"Grupi Folklorik nga Shestani merr pjes ne festivali i 5-t\u00eb komb\u00ebtar p\u00ebr \u00c7am\u00ebrin\u00eb n\u00eb Sarand\u00eb - Lajme nga Ulqini","description":"SARAND\u00cb- Ka ulur siparin Festivali i 5-t\u00eb komb\u00ebtar i K\u00ebng\u00ebs dhe Valles p\u00ebr \u00c7am\u00ebrin\u00eb, q\u00eb u zhvillua p\u00ebr tre net\u00eb me radh\u00eb n\u00eb qytetin e Sarand\u00ebs. Festivali","robots":{"index":"index","follow":"follow","max-snippet":"max-snippet:-1","max-image-preview":"max-image-preview:large","max-video-preview":"max-video-preview:-1"},"canonical":"https:\/\/www.visit-ulcinj.com\/blog\/2011\/06\/29\/grupi-folklorik-nga-shestani-merr-pjes-ne-festivali-i-5-te-kombetar-per-camerine-ne-sarande\/","og_locale":"en_US","og_type":"article","og_title":"Grupi Folklorik nga Shestani merr pjes ne festivali i 5-t\u00eb komb\u00ebtar p\u00ebr \u00c7am\u00ebrin\u00eb n\u00eb Sarand\u00eb - Lajme nga Ulqini","og_description":"SARAND\u00cb- Ka ulur siparin Festivali i 5-t\u00eb komb\u00ebtar i K\u00ebng\u00ebs dhe Valles p\u00ebr \u00c7am\u00ebrin\u00eb, q\u00eb u zhvillua p\u00ebr tre net\u00eb me radh\u00eb n\u00eb qytetin e Sarand\u00ebs. Festivali","og_url":"https:\/\/www.visit-ulcinj.com\/blog\/2011\/06\/29\/grupi-folklorik-nga-shestani-merr-pjes-ne-festivali-i-5-te-kombetar-per-camerine-ne-sarande\/","og_site_name":"Lajme nga Ulqini","article_published_time":"2011-06-29T22:26:37+00:00","article_modified_time":"2011-07-06T09:22:34+00:00","og_image":[{"url":"https:\/\/www.visit-ulcinj.com\/blog\/wp-content\/uploads\/2011\/06\/Grupi-Folklorik-Buzuku-nga-Shestani.1-150x150.jpg"}],"twitter_misc":{"Written by":"ulqini","Est. reading time":"2 minutes"},"schema":{"@context":"https:\/\/schema.org","@graph":[{"@type":"WebSite","@id":"https:\/\/www.visit-ulcinj.com\/blog\/#website","url":"https:\/\/www.visit-ulcinj.com\/blog\/","name":"Lajme nga Ulqini","description":"Lajme,Vijesti,Ulqini,Ulqin,Crna Gora,Mali i Zi","potentialAction":[{"@type":"SearchAction","target":{"@type":"EntryPoint","urlTemplate":"https:\/\/www.visit-ulcinj.com\/blog\/?s={search_term_string}"},"query-input":"required name=search_term_string"}],"inLanguage":"en-US"},{"@type":"ImageObject","inLanguage":"en-US","@id":"https:\/\/www.visit-ulcinj.com\/blog\/2011\/06\/29\/grupi-folklorik-nga-shestani-merr-pjes-ne-festivali-i-5-te-kombetar-per-camerine-ne-sarande\/#primaryimage","url":"https:\/\/www.visit-ulcinj.com\/blog\/wp-content\/uploads\/2011\/06\/Grupi-Folklorik-Buzuku-nga-Shestani.2.jpg","contentUrl":"https:\/\/www.visit-ulcinj.com\/blog\/wp-content\/uploads\/2011\/06\/Grupi-Folklorik-Buzuku-nga-Shestani.2.jpg","width":"720","height":"540"},{"@type":"WebPage","@id":"https:\/\/www.visit-ulcinj.com\/blog\/2011\/06\/29\/grupi-folklorik-nga-shestani-merr-pjes-ne-festivali-i-5-te-kombetar-per-camerine-ne-sarande\/#webpage","url":"https:\/\/www.visit-ulcinj.com\/blog\/2011\/06\/29\/grupi-folklorik-nga-shestani-merr-pjes-ne-festivali-i-5-te-kombetar-per-camerine-ne-sarande\/","name":"Grupi Folklorik nga Shestani merr pjes ne festivali i 5-t\u00eb komb\u00ebtar p\u00ebr \u00c7am\u00ebrin\u00eb n\u00eb Sarand\u00eb - Lajme nga Ulqini","isPartOf":{"@id":"https:\/\/www.visit-ulcinj.com\/blog\/#website"},"primaryImageOfPage":{"@id":"https:\/\/www.visit-ulcinj.com\/blog\/2011\/06\/29\/grupi-folklorik-nga-shestani-merr-pjes-ne-festivali-i-5-te-kombetar-per-camerine-ne-sarande\/#primaryimage"},"datePublished":"2011-06-29T22:26:37+00:00","dateModified":"2011-07-06T09:22:34+00:00","author":{"@id":"https:\/\/www.visit-ulcinj.com\/blog\/#\/schema\/person\/dcab619c614d3038751c63bc2aadc06d"},"description":"SARAND\u00cb- Ka ulur siparin Festivali i 5-t\u00eb komb\u00ebtar i K\u00ebng\u00ebs dhe Valles p\u00ebr \u00c7am\u00ebrin\u00eb, q\u00eb u zhvillua p\u00ebr tre net\u00eb me radh\u00eb n\u00eb qytetin e Sarand\u00ebs. Festivali","breadcrumb":{"@id":"https:\/\/www.visit-ulcinj.com\/blog\/2011\/06\/29\/grupi-folklorik-nga-shestani-merr-pjes-ne-festivali-i-5-te-kombetar-per-camerine-ne-sarande\/#breadcrumb"},"inLanguage":"en-US","potentialAction":[{"@type":"ReadAction","target":["https:\/\/www.visit-ulcinj.com\/blog\/2011\/06\/29\/grupi-folklorik-nga-shestani-merr-pjes-ne-festivali-i-5-te-kombetar-per-camerine-ne-sarande\/"]}]},{"@type":"BreadcrumbList","@id":"https:\/\/www.visit-ulcinj.com\/blog\/2011\/06\/29\/grupi-folklorik-nga-shestani-merr-pjes-ne-festivali-i-5-te-kombetar-per-camerine-ne-sarande\/#breadcrumb","itemListElement":[{"@type":"ListItem","position":1,"name":"Grupi Folklorik nga Shestani merr pjes ne festivali i 5-t\u00eb komb\u00ebtar p\u00ebr \u00c7am\u00ebrin\u00eb n\u00eb Sarand\u00eb"}]},{"@type":"Person","@id":"https:\/\/www.visit-ulcinj.com\/blog\/#\/schema\/person\/dcab619c614d3038751c63bc2aadc06d","name":"ulqini","sameAs":["http:\/\/www.visit-ulcinj.com"],"url":"https:\/\/www.visit-ulcinj.com\/blog\/author\/admin\/"}]}},"jetpack_featured_media_url":"","jetpack_sharing_enabled":true,"jetpack_shortlink":"https:\/\/wp.me\/pe6lTn-czL","_links":{"self":[{"href":"https:\/\/www.visit-ulcinj.com\/blog\/wp-json\/wp\/v2\/posts\/48345"}],"collection":[{"href":"https:\/\/www.visit-ulcinj.com\/blog\/wp-json\/wp\/v2\/posts"}],"about":[{"href":"https:\/\/www.visit-ulcinj.com\/blog\/wp-json\/wp\/v2\/types\/post"}],"author":[{"embeddable":true,"href":"https:\/\/www.visit-ulcinj.com\/blog\/wp-json\/wp\/v2\/users\/1"}],"replies":[{"embeddable":true,"href":"https:\/\/www.visit-ulcinj.com\/blog\/wp-json\/wp\/v2\/comments?post=48345"}],"version-history":[{"count":6,"href":"https:\/\/www.visit-ulcinj.com\/blog\/wp-json\/wp\/v2\/posts\/48345\/revisions"}],"predecessor-version":[{"id":48361,"href":"https:\/\/www.visit-ulcinj.com\/blog\/wp-json\/wp\/v2\/posts\/48345\/revisions\/48361"}],"wp:attachment":[{"href":"https:\/\/www.visit-ulcinj.com\/blog\/wp-json\/wp\/v2\/media?parent=48345"}],"wp:term":[{"taxonomy":"category","embeddable":true,"href":"https:\/\/www.visit-ulcinj.com\/blog\/wp-json\/wp\/v2\/categories?post=48345"},{"taxonomy":"post_tag","embeddable":true,"href":"https:\/\/www.visit-ulcinj.com\/blog\/wp-json\/wp\/v2\/tags?post=48345"}],"curies":[{"name":"wp","href":"https:\/\/api.w.org\/{rel}","templated":true}]}}