{"id":48369,"date":"2011-06-30T11:18:23","date_gmt":"2011-06-30T10:18:23","guid":{"rendered":"http:\/\/www.visit-ulcinj.com\/blog\/?p=48369"},"modified":"2011-06-30T11:18:23","modified_gmt":"2011-06-30T10:18:23","slug":"miloti-marigona-martohet-me-3-korrik","status":"publish","type":"post","link":"https:\/\/www.visit-ulcinj.com\/blog\/2011\/06\/30\/miloti-marigona-martohet-me-3-korrik\/","title":{"rendered":"Miloti &#038; Marigona martohet m\u00eb 3 korrik"},"content":{"rendered":"<p><a href=\"http:\/\/www.visit-ulcinj.com\/blog\/wp-content\/uploads\/2011\/06\/Milot-Hasanxhekaj-Marigona-Kurshumlia.jpg\"><img loading=\"lazy\" class=\"alignleft size-full wp-image-48370\" title=\"Milot Hasanxhekaj &amp; Marigona Kurshumlia\" src=\"http:\/\/www.visit-ulcinj.com\/blog\/wp-content\/uploads\/2011\/06\/Milot-Hasanxhekaj-Marigona-Kurshumlia.jpg\" alt=\"\" width=\"508\" height=\"320\" \/><\/a>Reperi do t\u00eb v\u00ebr\u00eb kuror\u00eb me t\u00eb fejuar\u00ebn e tij, Marigon\u00ebn, nd\u00ebrsa p\u00ebr t\u00eb ftuarit m\u00ebsohet se do t\u00eb performoj\u00eb hi\u00e7 m\u00eb pak se Aurela Ga\u00e7e, e cila edhe pse \u00ebsht\u00eb shtatz\u00ebn\u00eb dhe hyn n\u00eb muajin e pest\u00eb, nuk i ka l\u00ebn\u00eb m\u00ebnjan\u00eb angazhimet profesionale.<\/p>\n<p>Ndoshta k\u00ebsaj radhe b\u00ebhet fjal\u00eb vet\u00ebm p\u00ebr nj\u00eb nder mes koleg\u00ebsh, s\u2019i dihet\u2026 Ajo q\u00eb dihet \u00ebsht\u00eb se dasma e 3 korrikut do t\u00eb jet\u00eb me t\u00eb v\u00ebrtet\u00eb madh\u00ebshtore dhe se n\u00eb t\u00eb do t\u00eb marrin pjes\u00eb t\u00eb pakt\u00ebn 500 pjes\u00ebmarr\u00ebs, mes s\u00eb cil\u00ebve shum\u00eb personazhe publik\u00eb!<\/p>\n<p>Velloja e nuses \u00ebsht\u00eb porositur n\u00eb Amerik\u00eb, e punuar me gur\u00eb t\u00eb \u00e7muar p\u00ebr t\u2019u p\u00ebrshtatur sa m\u00eb mir\u00eb me bukuroshen Marigona. Aktualisht \u00e7ifti po merret me mobilimin e banes\u00ebs n\u00eb Prishtin\u00eb, ku do t\u00eb zhvendosen menj\u00ebher\u00eb pas dasm\u00ebs.<\/p>\n<p>Nd\u00ebrkoh\u00eb, grupi Etno Engjujt vijojn\u00eb t\u00eb jen\u00eb nj\u00eb grup shum\u00eb i p\u00eblqyer n\u00eb Kosov\u00eb, Shqip\u00ebri e kudo n\u00eb diaspor\u00eb, me k\u00ebng\u00eb q\u00eb jan\u00eb b\u00ebr\u00eb tashm\u00eb hite.<\/p>\n<p><strong>Ekonomisti<br \/>\n<!--YouTube Error: bad URL entered--><\/strong><\/p>\n","protected":false},"excerpt":{"rendered":"<p>Reperi do t\u00eb v\u00ebr\u00eb kuror\u00eb me t\u00eb fejuar\u00ebn e tij, Marigon\u00ebn, nd\u00ebrsa p\u00ebr t\u00eb ftuarit m\u00ebsohet se do t\u00eb performoj\u00eb hi\u00e7 m\u00eb pak se Aurela Ga\u00e7e, e cila edhe pse \u00ebsht\u00eb shtatz\u00ebn\u00eb dhe hyn n\u00eb muajin e pest\u00eb, nuk i ka l\u00ebn\u00eb m\u00ebnjan\u00eb angazhimet profesionale. Ndoshta k\u00ebsaj radhe b\u00ebhet fjal\u00eb vet\u00ebm p\u00ebr nj\u00eb nder mes [&hellip;]<\/p>\n","protected":false},"author":1,"featured_media":0,"comment_status":"open","ping_status":"closed","sticky":false,"template":"","format":"standard","meta":{"spay_email":"","jetpack_publicize_message":"","jetpack_is_tweetstorm":false,"jetpack_publicize_feature_enabled":true},"categories":[1],"tags":[18546,18545],"jetpack_publicize_connections":[],"yoast_head":"<!-- This site is optimized with the Yoast SEO plugin v19.1 - https:\/\/yoast.com\/wordpress\/plugins\/seo\/ -->\n<title>Miloti &amp; Marigona martohet m\u00eb 3 korrik - Lajme nga Ulqini<\/title>\n<meta name=\"description\" content=\"Reperi do t\u00eb v\u00ebr\u00eb kuror\u00eb me t\u00eb fejuar\u00ebn e tij, Marigon\u00ebn, nd\u00ebrsa p\u00ebr t\u00eb ftuarit m\u00ebsohet se do t\u00eb performoj\u00eb hi\u00e7 m\u00eb pak se Aurela Ga\u00e7e, e cila edhe pse\" \/>\n<meta name=\"robots\" content=\"index, follow, max-snippet:-1, max-image-preview:large, max-video-preview:-1\" \/>\n<link rel=\"canonical\" href=\"https:\/\/www.visit-ulcinj.com\/blog\/2011\/06\/30\/miloti-marigona-martohet-me-3-korrik\/\" \/>\n<meta property=\"og:locale\" content=\"en_US\" \/>\n<meta property=\"og:type\" content=\"article\" \/>\n<meta property=\"og:title\" content=\"Miloti &amp; Marigona martohet m\u00eb 3 korrik - Lajme nga Ulqini\" \/>\n<meta property=\"og:description\" content=\"Reperi do t\u00eb v\u00ebr\u00eb kuror\u00eb me t\u00eb fejuar\u00ebn e tij, Marigon\u00ebn, nd\u00ebrsa p\u00ebr t\u00eb ftuarit m\u00ebsohet se do t\u00eb performoj\u00eb hi\u00e7 m\u00eb pak se Aurela Ga\u00e7e, e cila edhe pse\" \/>\n<meta property=\"og:url\" content=\"https:\/\/www.visit-ulcinj.com\/blog\/2011\/06\/30\/miloti-marigona-martohet-me-3-korrik\/\" \/>\n<meta property=\"og:site_name\" content=\"Lajme nga Ulqini\" \/>\n<meta property=\"article:published_time\" content=\"2011-06-30T10:18:23+00:00\" \/>\n<meta property=\"og:image\" content=\"http:\/\/www.visit-ulcinj.com\/blog\/wp-content\/uploads\/2011\/06\/Milot-Hasanxhekaj-Marigona-Kurshumlia.jpg\" \/>\n<meta name=\"twitter:label1\" content=\"Written by\" \/>\n\t<meta name=\"twitter:data1\" content=\"ulqini\" \/>\n\t<meta name=\"twitter:label2\" content=\"Est. reading time\" \/>\n\t<meta name=\"twitter:data2\" content=\"1 minute\" \/>\n<script type=\"application\/ld+json\" class=\"yoast-schema-graph\">{\"@context\":\"https:\/\/schema.org\",\"@graph\":[{\"@type\":\"WebSite\",\"@id\":\"https:\/\/www.visit-ulcinj.com\/blog\/#website\",\"url\":\"https:\/\/www.visit-ulcinj.com\/blog\/\",\"name\":\"Lajme nga Ulqini\",\"description\":\"Lajme,Vijesti,Ulqini,Ulqin,Crna Gora,Mali i Zi\",\"potentialAction\":[{\"@type\":\"SearchAction\",\"target\":{\"@type\":\"EntryPoint\",\"urlTemplate\":\"https:\/\/www.visit-ulcinj.com\/blog\/?s={search_term_string}\"},\"query-input\":\"required name=search_term_string\"}],\"inLanguage\":\"en-US\"},{\"@type\":\"ImageObject\",\"inLanguage\":\"en-US\",\"@id\":\"https:\/\/www.visit-ulcinj.com\/blog\/2011\/06\/30\/miloti-marigona-martohet-me-3-korrik\/#primaryimage\",\"url\":\"http:\/\/www.visit-ulcinj.com\/blog\/wp-content\/uploads\/2011\/06\/Milot-Hasanxhekaj-Marigona-Kurshumlia.jpg\",\"contentUrl\":\"http:\/\/www.visit-ulcinj.com\/blog\/wp-content\/uploads\/2011\/06\/Milot-Hasanxhekaj-Marigona-Kurshumlia.jpg\"},{\"@type\":\"WebPage\",\"@id\":\"https:\/\/www.visit-ulcinj.com\/blog\/2011\/06\/30\/miloti-marigona-martohet-me-3-korrik\/#webpage\",\"url\":\"https:\/\/www.visit-ulcinj.com\/blog\/2011\/06\/30\/miloti-marigona-martohet-me-3-korrik\/\",\"name\":\"Miloti & Marigona martohet m\u00eb 3 korrik - Lajme nga Ulqini\",\"isPartOf\":{\"@id\":\"https:\/\/www.visit-ulcinj.com\/blog\/#website\"},\"primaryImageOfPage\":{\"@id\":\"https:\/\/www.visit-ulcinj.com\/blog\/2011\/06\/30\/miloti-marigona-martohet-me-3-korrik\/#primaryimage\"},\"datePublished\":\"2011-06-30T10:18:23+00:00\",\"dateModified\":\"2011-06-30T10:18:23+00:00\",\"author\":{\"@id\":\"https:\/\/www.visit-ulcinj.com\/blog\/#\/schema\/person\/dcab619c614d3038751c63bc2aadc06d\"},\"description\":\"Reperi do t\u00eb v\u00ebr\u00eb kuror\u00eb me t\u00eb fejuar\u00ebn e tij, Marigon\u00ebn, nd\u00ebrsa p\u00ebr t\u00eb ftuarit m\u00ebsohet se do t\u00eb performoj\u00eb hi\u00e7 m\u00eb pak se Aurela Ga\u00e7e, e cila edhe pse\",\"breadcrumb\":{\"@id\":\"https:\/\/www.visit-ulcinj.com\/blog\/2011\/06\/30\/miloti-marigona-martohet-me-3-korrik\/#breadcrumb\"},\"inLanguage\":\"en-US\",\"potentialAction\":[{\"@type\":\"ReadAction\",\"target\":[\"https:\/\/www.visit-ulcinj.com\/blog\/2011\/06\/30\/miloti-marigona-martohet-me-3-korrik\/\"]}]},{\"@type\":\"BreadcrumbList\",\"@id\":\"https:\/\/www.visit-ulcinj.com\/blog\/2011\/06\/30\/miloti-marigona-martohet-me-3-korrik\/#breadcrumb\",\"itemListElement\":[{\"@type\":\"ListItem\",\"position\":1,\"name\":\"Miloti &#038; Marigona martohet m\u00eb 3 korrik\"}]},{\"@type\":\"Person\",\"@id\":\"https:\/\/www.visit-ulcinj.com\/blog\/#\/schema\/person\/dcab619c614d3038751c63bc2aadc06d\",\"name\":\"ulqini\",\"sameAs\":[\"http:\/\/www.visit-ulcinj.com\"],\"url\":\"https:\/\/www.visit-ulcinj.com\/blog\/author\/admin\/\"}]}<\/script>\n<!-- \/ Yoast SEO plugin. -->","yoast_head_json":{"title":"Miloti & Marigona martohet m\u00eb 3 korrik - Lajme nga Ulqini","description":"Reperi do t\u00eb v\u00ebr\u00eb kuror\u00eb me t\u00eb fejuar\u00ebn e tij, Marigon\u00ebn, nd\u00ebrsa p\u00ebr t\u00eb ftuarit m\u00ebsohet se do t\u00eb performoj\u00eb hi\u00e7 m\u00eb pak se Aurela Ga\u00e7e, e cila edhe pse","robots":{"index":"index","follow":"follow","max-snippet":"max-snippet:-1","max-image-preview":"max-image-preview:large","max-video-preview":"max-video-preview:-1"},"canonical":"https:\/\/www.visit-ulcinj.com\/blog\/2011\/06\/30\/miloti-marigona-martohet-me-3-korrik\/","og_locale":"en_US","og_type":"article","og_title":"Miloti & Marigona martohet m\u00eb 3 korrik - Lajme nga Ulqini","og_description":"Reperi do t\u00eb v\u00ebr\u00eb kuror\u00eb me t\u00eb fejuar\u00ebn e tij, Marigon\u00ebn, nd\u00ebrsa p\u00ebr t\u00eb ftuarit m\u00ebsohet se do t\u00eb performoj\u00eb hi\u00e7 m\u00eb pak se Aurela Ga\u00e7e, e cila edhe pse","og_url":"https:\/\/www.visit-ulcinj.com\/blog\/2011\/06\/30\/miloti-marigona-martohet-me-3-korrik\/","og_site_name":"Lajme nga Ulqini","article_published_time":"2011-06-30T10:18:23+00:00","og_image":[{"url":"http:\/\/www.visit-ulcinj.com\/blog\/wp-content\/uploads\/2011\/06\/Milot-Hasanxhekaj-Marigona-Kurshumlia.jpg"}],"twitter_misc":{"Written by":"ulqini","Est. reading time":"1 minute"},"schema":{"@context":"https:\/\/schema.org","@graph":[{"@type":"WebSite","@id":"https:\/\/www.visit-ulcinj.com\/blog\/#website","url":"https:\/\/www.visit-ulcinj.com\/blog\/","name":"Lajme nga Ulqini","description":"Lajme,Vijesti,Ulqini,Ulqin,Crna Gora,Mali i Zi","potentialAction":[{"@type":"SearchAction","target":{"@type":"EntryPoint","urlTemplate":"https:\/\/www.visit-ulcinj.com\/blog\/?s={search_term_string}"},"query-input":"required name=search_term_string"}],"inLanguage":"en-US"},{"@type":"ImageObject","inLanguage":"en-US","@id":"https:\/\/www.visit-ulcinj.com\/blog\/2011\/06\/30\/miloti-marigona-martohet-me-3-korrik\/#primaryimage","url":"http:\/\/www.visit-ulcinj.com\/blog\/wp-content\/uploads\/2011\/06\/Milot-Hasanxhekaj-Marigona-Kurshumlia.jpg","contentUrl":"http:\/\/www.visit-ulcinj.com\/blog\/wp-content\/uploads\/2011\/06\/Milot-Hasanxhekaj-Marigona-Kurshumlia.jpg"},{"@type":"WebPage","@id":"https:\/\/www.visit-ulcinj.com\/blog\/2011\/06\/30\/miloti-marigona-martohet-me-3-korrik\/#webpage","url":"https:\/\/www.visit-ulcinj.com\/blog\/2011\/06\/30\/miloti-marigona-martohet-me-3-korrik\/","name":"Miloti & Marigona martohet m\u00eb 3 korrik - Lajme nga Ulqini","isPartOf":{"@id":"https:\/\/www.visit-ulcinj.com\/blog\/#website"},"primaryImageOfPage":{"@id":"https:\/\/www.visit-ulcinj.com\/blog\/2011\/06\/30\/miloti-marigona-martohet-me-3-korrik\/#primaryimage"},"datePublished":"2011-06-30T10:18:23+00:00","dateModified":"2011-06-30T10:18:23+00:00","author":{"@id":"https:\/\/www.visit-ulcinj.com\/blog\/#\/schema\/person\/dcab619c614d3038751c63bc2aadc06d"},"description":"Reperi do t\u00eb v\u00ebr\u00eb kuror\u00eb me t\u00eb fejuar\u00ebn e tij, Marigon\u00ebn, nd\u00ebrsa p\u00ebr t\u00eb ftuarit m\u00ebsohet se do t\u00eb performoj\u00eb hi\u00e7 m\u00eb pak se Aurela Ga\u00e7e, e cila edhe pse","breadcrumb":{"@id":"https:\/\/www.visit-ulcinj.com\/blog\/2011\/06\/30\/miloti-marigona-martohet-me-3-korrik\/#breadcrumb"},"inLanguage":"en-US","potentialAction":[{"@type":"ReadAction","target":["https:\/\/www.visit-ulcinj.com\/blog\/2011\/06\/30\/miloti-marigona-martohet-me-3-korrik\/"]}]},{"@type":"BreadcrumbList","@id":"https:\/\/www.visit-ulcinj.com\/blog\/2011\/06\/30\/miloti-marigona-martohet-me-3-korrik\/#breadcrumb","itemListElement":[{"@type":"ListItem","position":1,"name":"Miloti &#038; Marigona martohet m\u00eb 3 korrik"}]},{"@type":"Person","@id":"https:\/\/www.visit-ulcinj.com\/blog\/#\/schema\/person\/dcab619c614d3038751c63bc2aadc06d","name":"ulqini","sameAs":["http:\/\/www.visit-ulcinj.com"],"url":"https:\/\/www.visit-ulcinj.com\/blog\/author\/admin\/"}]}},"jetpack_featured_media_url":"","jetpack_sharing_enabled":true,"jetpack_shortlink":"https:\/\/wp.me\/pe6lTn-cA9","_links":{"self":[{"href":"https:\/\/www.visit-ulcinj.com\/blog\/wp-json\/wp\/v2\/posts\/48369"}],"collection":[{"href":"https:\/\/www.visit-ulcinj.com\/blog\/wp-json\/wp\/v2\/posts"}],"about":[{"href":"https:\/\/www.visit-ulcinj.com\/blog\/wp-json\/wp\/v2\/types\/post"}],"author":[{"embeddable":true,"href":"https:\/\/www.visit-ulcinj.com\/blog\/wp-json\/wp\/v2\/users\/1"}],"replies":[{"embeddable":true,"href":"https:\/\/www.visit-ulcinj.com\/blog\/wp-json\/wp\/v2\/comments?post=48369"}],"version-history":[{"count":1,"href":"https:\/\/www.visit-ulcinj.com\/blog\/wp-json\/wp\/v2\/posts\/48369\/revisions"}],"predecessor-version":[{"id":48371,"href":"https:\/\/www.visit-ulcinj.com\/blog\/wp-json\/wp\/v2\/posts\/48369\/revisions\/48371"}],"wp:attachment":[{"href":"https:\/\/www.visit-ulcinj.com\/blog\/wp-json\/wp\/v2\/media?parent=48369"}],"wp:term":[{"taxonomy":"category","embeddable":true,"href":"https:\/\/www.visit-ulcinj.com\/blog\/wp-json\/wp\/v2\/categories?post=48369"},{"taxonomy":"post_tag","embeddable":true,"href":"https:\/\/www.visit-ulcinj.com\/blog\/wp-json\/wp\/v2\/tags?post=48369"}],"curies":[{"name":"wp","href":"https:\/\/api.w.org\/{rel}","templated":true}]}}