{"id":48373,"date":"2011-06-30T11:39:24","date_gmt":"2011-06-30T10:39:24","guid":{"rendered":"http:\/\/www.visit-ulcinj.com\/blog\/?p=48373"},"modified":"2011-06-30T11:39:24","modified_gmt":"2011-06-30T10:39:24","slug":"rihanna-provokon-ne-skene","status":"publish","type":"post","link":"https:\/\/www.visit-ulcinj.com\/blog\/2011\/06\/30\/rihanna-provokon-ne-skene\/","title":{"rendered":"Rihanna provokon n\u00eb sken\u00eb"},"content":{"rendered":"<p><a href=\"http:\/\/www.visit-ulcinj.com\/blog\/wp-content\/uploads\/2011\/06\/Rihanna-provokon.jpg\"><img loading=\"lazy\" class=\"alignleft size-full wp-image-48376\" title=\"Rihanna provokon\" src=\"http:\/\/www.visit-ulcinj.com\/blog\/wp-content\/uploads\/2011\/06\/Rihanna-provokon.jpg\" alt=\"\" width=\"508\" height=\"380\" \/><\/a>Vet\u00ebm pak dit\u00eb m\u00eb par\u00eb p\u00ebrfundoi e rr\u00ebzuar n\u00eb sken\u00eb teksa performonte k\u00ebng\u00ebt e saj. K\u00ebt\u00eb her\u00eb rikthehet n\u00eb faqet e shtypit por p\u00ebr shkak se vijon t\u00eb provokoj\u00eb duke prekur pjes\u00ebt e saj intime. Rihanna 23 vje\u00e7are \u00ebsht\u00eb fotografuar teksa mbush duart n\u00eb pjes\u00ebt e saj t\u00eb trupit duke ngjallur reagimin e publikut. Rihanna deklaroi se koncerti i saj i ardhsh\u00ebm n\u00eb Alabama do t\u00eb jet\u00eb n\u00eb ndihm\u00eb t\u00eb f\u00ebmij\u00ebve t\u00eb prekur nga tornadot. \u201cDua t\u00eb gjej nj\u00eb m\u00ebnyr\u00eb t\u00eb ndihmoj ata njer\u00ebz q\u00eb kan\u00eb humbur t\u00eb af\u00ebrmit dhe banesat nga katastrofa\u201d, tha Rihanna.<\/p>\n<p><strong>Lajmi Fundit<br \/>\n<\/p>\n<p><a href=\"http:\/\/www.lajmifundit.com\/\"><\/a><\/strong><br \/>\n<!--YouTube Error: bad URL entered--><\/p>\n","protected":false},"excerpt":{"rendered":"<p>Vet\u00ebm pak dit\u00eb m\u00eb par\u00eb p\u00ebrfundoi e rr\u00ebzuar n\u00eb sken\u00eb teksa performonte k\u00ebng\u00ebt e saj. K\u00ebt\u00eb her\u00eb rikthehet n\u00eb faqet e shtypit por p\u00ebr shkak se vijon t\u00eb provokoj\u00eb duke prekur pjes\u00ebt e saj intime. Rihanna 23 vje\u00e7are \u00ebsht\u00eb fotografuar teksa mbush duart n\u00eb pjes\u00ebt e saj t\u00eb trupit duke ngjallur reagimin e publikut. Rihanna [&hellip;]<\/p>\n","protected":false},"author":1,"featured_media":0,"comment_status":"open","ping_status":"closed","sticky":false,"template":"","format":"standard","meta":{"spay_email":"","jetpack_publicize_message":"","jetpack_is_tweetstorm":false,"jetpack_publicize_feature_enabled":true},"categories":[1],"tags":[3998],"jetpack_publicize_connections":[],"yoast_head":"<!-- This site is optimized with the Yoast SEO plugin v19.1 - https:\/\/yoast.com\/wordpress\/plugins\/seo\/ -->\n<title>Rihanna provokon n\u00eb sken\u00eb - Lajme nga Ulqini<\/title>\n<meta name=\"description\" content=\"Vet\u00ebm pak dit\u00eb m\u00eb par\u00eb p\u00ebrfundoi e rr\u00ebzuar n\u00eb sken\u00eb teksa performonte k\u00ebng\u00ebt e saj. K\u00ebt\u00eb her\u00eb rikthehet n\u00eb faqet e shtypit por p\u00ebr shkak se vijon t\u00eb\" \/>\n<meta name=\"robots\" content=\"index, follow, max-snippet:-1, max-image-preview:large, max-video-preview:-1\" \/>\n<link rel=\"canonical\" href=\"https:\/\/www.visit-ulcinj.com\/blog\/2011\/06\/30\/rihanna-provokon-ne-skene\/\" \/>\n<meta property=\"og:locale\" content=\"en_US\" \/>\n<meta property=\"og:type\" content=\"article\" \/>\n<meta property=\"og:title\" content=\"Rihanna provokon n\u00eb sken\u00eb - Lajme nga Ulqini\" \/>\n<meta property=\"og:description\" content=\"Vet\u00ebm pak dit\u00eb m\u00eb par\u00eb p\u00ebrfundoi e rr\u00ebzuar n\u00eb sken\u00eb teksa performonte k\u00ebng\u00ebt e saj. K\u00ebt\u00eb her\u00eb rikthehet n\u00eb faqet e shtypit por p\u00ebr shkak se vijon t\u00eb\" \/>\n<meta property=\"og:url\" content=\"https:\/\/www.visit-ulcinj.com\/blog\/2011\/06\/30\/rihanna-provokon-ne-skene\/\" \/>\n<meta property=\"og:site_name\" content=\"Lajme nga Ulqini\" \/>\n<meta property=\"article:published_time\" content=\"2011-06-30T10:39:24+00:00\" \/>\n<meta property=\"og:image\" content=\"https:\/\/www.visit-ulcinj.com\/blog\/wp-content\/uploads\/2011\/06\/Rihanna-provokon.1-150x150.jpg\" \/>\n<meta name=\"twitter:label1\" content=\"Written by\" \/>\n\t<meta name=\"twitter:data1\" content=\"ulqini\" \/>\n\t<meta name=\"twitter:label2\" content=\"Est. reading time\" \/>\n\t<meta name=\"twitter:data2\" content=\"1 minute\" \/>\n<script type=\"application\/ld+json\" class=\"yoast-schema-graph\">{\"@context\":\"https:\/\/schema.org\",\"@graph\":[{\"@type\":\"WebSite\",\"@id\":\"https:\/\/www.visit-ulcinj.com\/blog\/#website\",\"url\":\"https:\/\/www.visit-ulcinj.com\/blog\/\",\"name\":\"Lajme nga Ulqini\",\"description\":\"Lajme,Vijesti,Ulqini,Ulqin,Crna Gora,Mali i Zi\",\"potentialAction\":[{\"@type\":\"SearchAction\",\"target\":{\"@type\":\"EntryPoint\",\"urlTemplate\":\"https:\/\/www.visit-ulcinj.com\/blog\/?s={search_term_string}\"},\"query-input\":\"required name=search_term_string\"}],\"inLanguage\":\"en-US\"},{\"@type\":\"ImageObject\",\"inLanguage\":\"en-US\",\"@id\":\"https:\/\/www.visit-ulcinj.com\/blog\/2011\/06\/30\/rihanna-provokon-ne-skene\/#primaryimage\",\"url\":\"http:\/\/www.visit-ulcinj.com\/blog\/wp-content\/uploads\/2011\/06\/Rihanna-provokon.jpg\",\"contentUrl\":\"http:\/\/www.visit-ulcinj.com\/blog\/wp-content\/uploads\/2011\/06\/Rihanna-provokon.jpg\"},{\"@type\":\"WebPage\",\"@id\":\"https:\/\/www.visit-ulcinj.com\/blog\/2011\/06\/30\/rihanna-provokon-ne-skene\/#webpage\",\"url\":\"https:\/\/www.visit-ulcinj.com\/blog\/2011\/06\/30\/rihanna-provokon-ne-skene\/\",\"name\":\"Rihanna provokon n\u00eb sken\u00eb - Lajme nga Ulqini\",\"isPartOf\":{\"@id\":\"https:\/\/www.visit-ulcinj.com\/blog\/#website\"},\"primaryImageOfPage\":{\"@id\":\"https:\/\/www.visit-ulcinj.com\/blog\/2011\/06\/30\/rihanna-provokon-ne-skene\/#primaryimage\"},\"datePublished\":\"2011-06-30T10:39:24+00:00\",\"dateModified\":\"2011-06-30T10:39:24+00:00\",\"author\":{\"@id\":\"https:\/\/www.visit-ulcinj.com\/blog\/#\/schema\/person\/dcab619c614d3038751c63bc2aadc06d\"},\"description\":\"Vet\u00ebm pak dit\u00eb m\u00eb par\u00eb p\u00ebrfundoi e rr\u00ebzuar n\u00eb sken\u00eb teksa performonte k\u00ebng\u00ebt e saj. K\u00ebt\u00eb her\u00eb rikthehet n\u00eb faqet e shtypit por p\u00ebr shkak se vijon t\u00eb\",\"breadcrumb\":{\"@id\":\"https:\/\/www.visit-ulcinj.com\/blog\/2011\/06\/30\/rihanna-provokon-ne-skene\/#breadcrumb\"},\"inLanguage\":\"en-US\",\"potentialAction\":[{\"@type\":\"ReadAction\",\"target\":[\"https:\/\/www.visit-ulcinj.com\/blog\/2011\/06\/30\/rihanna-provokon-ne-skene\/\"]}]},{\"@type\":\"BreadcrumbList\",\"@id\":\"https:\/\/www.visit-ulcinj.com\/blog\/2011\/06\/30\/rihanna-provokon-ne-skene\/#breadcrumb\",\"itemListElement\":[{\"@type\":\"ListItem\",\"position\":1,\"name\":\"Rihanna provokon n\u00eb sken\u00eb\"}]},{\"@type\":\"Person\",\"@id\":\"https:\/\/www.visit-ulcinj.com\/blog\/#\/schema\/person\/dcab619c614d3038751c63bc2aadc06d\",\"name\":\"ulqini\",\"sameAs\":[\"http:\/\/www.visit-ulcinj.com\"],\"url\":\"https:\/\/www.visit-ulcinj.com\/blog\/author\/admin\/\"}]}<\/script>\n<!-- \/ Yoast SEO plugin. -->","yoast_head_json":{"title":"Rihanna provokon n\u00eb sken\u00eb - Lajme nga Ulqini","description":"Vet\u00ebm pak dit\u00eb m\u00eb par\u00eb p\u00ebrfundoi e rr\u00ebzuar n\u00eb sken\u00eb teksa performonte k\u00ebng\u00ebt e saj. K\u00ebt\u00eb her\u00eb rikthehet n\u00eb faqet e shtypit por p\u00ebr shkak se vijon t\u00eb","robots":{"index":"index","follow":"follow","max-snippet":"max-snippet:-1","max-image-preview":"max-image-preview:large","max-video-preview":"max-video-preview:-1"},"canonical":"https:\/\/www.visit-ulcinj.com\/blog\/2011\/06\/30\/rihanna-provokon-ne-skene\/","og_locale":"en_US","og_type":"article","og_title":"Rihanna provokon n\u00eb sken\u00eb - Lajme nga Ulqini","og_description":"Vet\u00ebm pak dit\u00eb m\u00eb par\u00eb p\u00ebrfundoi e rr\u00ebzuar n\u00eb sken\u00eb teksa performonte k\u00ebng\u00ebt e saj. K\u00ebt\u00eb her\u00eb rikthehet n\u00eb faqet e shtypit por p\u00ebr shkak se vijon t\u00eb","og_url":"https:\/\/www.visit-ulcinj.com\/blog\/2011\/06\/30\/rihanna-provokon-ne-skene\/","og_site_name":"Lajme nga Ulqini","article_published_time":"2011-06-30T10:39:24+00:00","og_image":[{"url":"https:\/\/www.visit-ulcinj.com\/blog\/wp-content\/uploads\/2011\/06\/Rihanna-provokon.1-150x150.jpg"}],"twitter_misc":{"Written by":"ulqini","Est. reading time":"1 minute"},"schema":{"@context":"https:\/\/schema.org","@graph":[{"@type":"WebSite","@id":"https:\/\/www.visit-ulcinj.com\/blog\/#website","url":"https:\/\/www.visit-ulcinj.com\/blog\/","name":"Lajme nga Ulqini","description":"Lajme,Vijesti,Ulqini,Ulqin,Crna Gora,Mali i Zi","potentialAction":[{"@type":"SearchAction","target":{"@type":"EntryPoint","urlTemplate":"https:\/\/www.visit-ulcinj.com\/blog\/?s={search_term_string}"},"query-input":"required name=search_term_string"}],"inLanguage":"en-US"},{"@type":"ImageObject","inLanguage":"en-US","@id":"https:\/\/www.visit-ulcinj.com\/blog\/2011\/06\/30\/rihanna-provokon-ne-skene\/#primaryimage","url":"http:\/\/www.visit-ulcinj.com\/blog\/wp-content\/uploads\/2011\/06\/Rihanna-provokon.jpg","contentUrl":"http:\/\/www.visit-ulcinj.com\/blog\/wp-content\/uploads\/2011\/06\/Rihanna-provokon.jpg"},{"@type":"WebPage","@id":"https:\/\/www.visit-ulcinj.com\/blog\/2011\/06\/30\/rihanna-provokon-ne-skene\/#webpage","url":"https:\/\/www.visit-ulcinj.com\/blog\/2011\/06\/30\/rihanna-provokon-ne-skene\/","name":"Rihanna provokon n\u00eb sken\u00eb - Lajme nga Ulqini","isPartOf":{"@id":"https:\/\/www.visit-ulcinj.com\/blog\/#website"},"primaryImageOfPage":{"@id":"https:\/\/www.visit-ulcinj.com\/blog\/2011\/06\/30\/rihanna-provokon-ne-skene\/#primaryimage"},"datePublished":"2011-06-30T10:39:24+00:00","dateModified":"2011-06-30T10:39:24+00:00","author":{"@id":"https:\/\/www.visit-ulcinj.com\/blog\/#\/schema\/person\/dcab619c614d3038751c63bc2aadc06d"},"description":"Vet\u00ebm pak dit\u00eb m\u00eb par\u00eb p\u00ebrfundoi e rr\u00ebzuar n\u00eb sken\u00eb teksa performonte k\u00ebng\u00ebt e saj. K\u00ebt\u00eb her\u00eb rikthehet n\u00eb faqet e shtypit por p\u00ebr shkak se vijon t\u00eb","breadcrumb":{"@id":"https:\/\/www.visit-ulcinj.com\/blog\/2011\/06\/30\/rihanna-provokon-ne-skene\/#breadcrumb"},"inLanguage":"en-US","potentialAction":[{"@type":"ReadAction","target":["https:\/\/www.visit-ulcinj.com\/blog\/2011\/06\/30\/rihanna-provokon-ne-skene\/"]}]},{"@type":"BreadcrumbList","@id":"https:\/\/www.visit-ulcinj.com\/blog\/2011\/06\/30\/rihanna-provokon-ne-skene\/#breadcrumb","itemListElement":[{"@type":"ListItem","position":1,"name":"Rihanna provokon n\u00eb sken\u00eb"}]},{"@type":"Person","@id":"https:\/\/www.visit-ulcinj.com\/blog\/#\/schema\/person\/dcab619c614d3038751c63bc2aadc06d","name":"ulqini","sameAs":["http:\/\/www.visit-ulcinj.com"],"url":"https:\/\/www.visit-ulcinj.com\/blog\/author\/admin\/"}]}},"jetpack_featured_media_url":"","jetpack_sharing_enabled":true,"jetpack_shortlink":"https:\/\/wp.me\/pe6lTn-cAd","_links":{"self":[{"href":"https:\/\/www.visit-ulcinj.com\/blog\/wp-json\/wp\/v2\/posts\/48373"}],"collection":[{"href":"https:\/\/www.visit-ulcinj.com\/blog\/wp-json\/wp\/v2\/posts"}],"about":[{"href":"https:\/\/www.visit-ulcinj.com\/blog\/wp-json\/wp\/v2\/types\/post"}],"author":[{"embeddable":true,"href":"https:\/\/www.visit-ulcinj.com\/blog\/wp-json\/wp\/v2\/users\/1"}],"replies":[{"embeddable":true,"href":"https:\/\/www.visit-ulcinj.com\/blog\/wp-json\/wp\/v2\/comments?post=48373"}],"version-history":[{"count":1,"href":"https:\/\/www.visit-ulcinj.com\/blog\/wp-json\/wp\/v2\/posts\/48373\/revisions"}],"predecessor-version":[{"id":48377,"href":"https:\/\/www.visit-ulcinj.com\/blog\/wp-json\/wp\/v2\/posts\/48373\/revisions\/48377"}],"wp:attachment":[{"href":"https:\/\/www.visit-ulcinj.com\/blog\/wp-json\/wp\/v2\/media?parent=48373"}],"wp:term":[{"taxonomy":"category","embeddable":true,"href":"https:\/\/www.visit-ulcinj.com\/blog\/wp-json\/wp\/v2\/categories?post=48373"},{"taxonomy":"post_tag","embeddable":true,"href":"https:\/\/www.visit-ulcinj.com\/blog\/wp-json\/wp\/v2\/tags?post=48373"}],"curies":[{"name":"wp","href":"https:\/\/api.w.org\/{rel}","templated":true}]}}