{"id":48378,"date":"2011-06-30T13:47:32","date_gmt":"2011-06-30T12:47:32","guid":{"rendered":"http:\/\/www.visit-ulcinj.com\/blog\/?p=48378"},"modified":"2011-08-05T21:03:19","modified_gmt":"2011-08-05T20:03:19","slug":"plazhet-me-te-frekuentuara-ne-ulqin","status":"publish","type":"post","link":"https:\/\/www.visit-ulcinj.com\/blog\/2011\/06\/30\/plazhet-me-te-frekuentuara-ne-ulqin\/","title":{"rendered":"Plazhet me te frekuentuara n\u00eb Ulqin"},"content":{"rendered":"<p><a href=\"http:\/\/www.visit-ulcinj.com\/blog\/wp-content\/uploads\/2011\/06\/MCM-Beach-Plazhe-V.I.P.jpg\"><img loading=\"lazy\" class=\"alignleft size-large wp-image-48379\" title=\"MCM-Beach-Plazhe V.I.P\" src=\"http:\/\/www.visit-ulcinj.com\/blog\/wp-content\/uploads\/2011\/06\/MCM-Beach-Plazhe-V.I.P-1024x768.jpg\" alt=\"\" width=\"508\" height=\"380\" srcset=\"https:\/\/www.visit-ulcinj.com\/blog\/wp-content\/uploads\/2011\/06\/MCM-Beach-Plazhe-V.I.P-1024x768.jpg 1024w, https:\/\/www.visit-ulcinj.com\/blog\/wp-content\/uploads\/2011\/06\/MCM-Beach-Plazhe-V.I.P-300x224.jpg 300w, https:\/\/www.visit-ulcinj.com\/blog\/wp-content\/uploads\/2011\/06\/MCM-Beach-Plazhe-V.I.P.jpg 1040w\" sizes=\"(max-width: 508px) 100vw, 508px\" \/><\/a>Kushtet atmosferike kan\u00eb favorizuar mb\u00ebrritjen e pushuesve n\u00eb bregdetin e Ulqinit,ku plazhi MSM beach,plazhi Tropicana beach,Plazhi Safari beach,Plazhi Europa beach,plazhi Copacabana beach dhe\u00a0 plazhi Miami beach jan\u00eb si nj\u00eb nd\u00ebr plazhet m\u00eb t\u00eb frekuentuarit si nga pushues vendas, ashtu edhe nga Kosova si edhe turiste t\u00eb huaj.<br \/>\n\u201cPlazhi MSM \u00ebsht\u00eb vend i past\u00ebr, plazhi \u00ebsht\u00eb i past\u00ebr, \u00e7mimet jan\u00eb t\u00eb mira, pritja e mir\u00eb, t\u00eb gjitha jan\u00eb super\u201d, shprehet nj\u00eb pushues kosovar.<br \/>\nNd\u00ebrkoh\u00eb pushuesit vendas kan\u00eb vler\u00ebsuar ndryshimet rr\u00ebnj\u00ebsore t\u00eb b\u00ebra n\u00eb plazhetulqinake.\u201cKushtet sa vijn\u00eb e p\u00ebrmir\u00ebsohen, \u00ebsht\u00eb gjithcka m\u00eb e past\u00ebr. Nga viti n\u00eb vit vijm\u00eb me k\u00ebnaq\u00ebsi tjet\u00ebr, provon gj\u00ebra m\u00eb t\u00eb reja\u201d, thot\u00eb nj\u00eb pushuese.<br \/>\nN\u00eb plazhin e Ulqinit,simbas statistikave zyrtare numri i pushuesve n\u00eb dit\u00ebt e zakonshme arrin n\u00eb 56% m\u00eb tep\u00ebr se vitin e kaluar, e nd\u00ebrsa n\u00eb fundjav\u00eb deri n\u00eb 70% m\u00eb tep\u00ebr pushues. Nd\u00ebrkoh\u00eb m\u00ebsohet se vitin e kaluar me v\u00ebnien n\u00eb efi\u00e7ens\u00eb t\u00eb komun\u00ebs s\u00eb Ulqinit numri i pushuesve kryesisht kosovare \u00ebsht\u00eb rritur me tep\u00ebr se 30%. k\u00ebtij\u00eb viti turistik.<br \/>\nNd\u00ebrkoh\u00eb t\u00eb gjitha institucionet qeveritare kan\u00eb hartuar planet e tyre t\u00eb masave t\u00eb detajuara p\u00ebr mbar\u00ebvajtjen e sezonit turistik 2011, p\u00ebr t\u00eb garantuar shendetin dhe jet\u00ebn e pushuesve dhe turist\u00ebve n\u00eb Ulqin.<br \/>\nUlqini tashm\u00eb \u00ebsht\u00eb zgjuar t\u00ebr\u00ebsisht nga \u201cp\u00ebrgjumja dim\u00ebrore\u201d dhe k\u00ebto dit\u00eb bregdeti \u00ebsht\u00eb gjall\u00ebruar nga pushues t\u00eb shumt\u00eb nga gjitha viset e bot\u00ebs.<br \/>\n\n\t\t<style type=\"text\/css\">\n\t\t\t#gallery-1 {\n\t\t\t\tmargin: auto;\n\t\t\t}\n\t\t\t#gallery-1 .gallery-item {\n\t\t\t\tfloat: left;\n\t\t\t\tmargin-top: 10px;\n\t\t\t\ttext-align: center;\n\t\t\t\twidth: 33%;\n\t\t\t}\n\t\t\t#gallery-1 img {\n\t\t\t\tborder: 2px solid #cfcfcf;\n\t\t\t}\n\t\t\t#gallery-1 .gallery-caption {\n\t\t\t\tmargin-left: 0;\n\t\t\t}\n\t\t\t\/* see gallery_shortcode() in wp-includes\/media.php *\/\n\t\t<\/style>\n\t\t<div id='gallery-1' class='gallery galleryid-48378 gallery-columns-3 gallery-size-thumbnail'><dl class='gallery-item'>\n\t\t\t<dt class='gallery-icon landscape'>\n\t\t\t\t<a href='https:\/\/www.visit-ulcinj.com\/blog\/wp-content\/uploads\/2011\/06\/MCM-Beach-Plazhe-V.I.P.jpg'><img width=\"150\" height=\"150\" src=\"https:\/\/www.visit-ulcinj.com\/blog\/wp-content\/uploads\/2011\/06\/MCM-Beach-Plazhe-V.I.P-150x150.jpg\" class=\"attachment-thumbnail size-thumbnail\" alt=\"\" loading=\"lazy\" \/><\/a>\n\t\t\t<\/dt><\/dl><dl class='gallery-item'>\n\t\t\t<dt class='gallery-icon landscape'>\n\t\t\t\t<a href='https:\/\/www.visit-ulcinj.com\/blog\/wp-content\/uploads\/2011\/06\/Cobacabana-Beach-Ulqin.1.jpg'><img width=\"150\" height=\"150\" src=\"https:\/\/www.visit-ulcinj.com\/blog\/wp-content\/uploads\/2011\/06\/Cobacabana-Beach-Ulqin.1-150x150.jpg\" class=\"attachment-thumbnail size-thumbnail\" alt=\"\" loading=\"lazy\" \/><\/a>\n\t\t\t<\/dt><\/dl><dl class='gallery-item'>\n\t\t\t<dt class='gallery-icon landscape'>\n\t\t\t\t<a href='https:\/\/www.visit-ulcinj.com\/blog\/wp-content\/uploads\/2011\/06\/Cobacabana-Beach-Ulqin.jpg'><img width=\"150\" height=\"150\" src=\"https:\/\/www.visit-ulcinj.com\/blog\/wp-content\/uploads\/2011\/06\/Cobacabana-Beach-Ulqin-150x150.jpg\" class=\"attachment-thumbnail size-thumbnail\" alt=\"\" loading=\"lazy\" \/><\/a>\n\t\t\t<\/dt><\/dl><br style=\"clear: both\" \/><dl class='gallery-item'>\n\t\t\t<dt class='gallery-icon landscape'>\n\t\t\t\t<a href='https:\/\/www.visit-ulcinj.com\/blog\/wp-content\/uploads\/2011\/06\/MCM-Beach-Plazhe-V.I.P.1..jpg'><img width=\"150\" height=\"150\" src=\"https:\/\/www.visit-ulcinj.com\/blog\/wp-content\/uploads\/2011\/06\/MCM-Beach-Plazhe-V.I.P.1.-150x150.jpg\" class=\"attachment-thumbnail size-thumbnail\" alt=\"\" loading=\"lazy\" \/><\/a>\n\t\t\t<\/dt><\/dl><dl class='gallery-item'>\n\t\t\t<dt class='gallery-icon landscape'>\n\t\t\t\t<a href='https:\/\/www.visit-ulcinj.com\/blog\/wp-content\/uploads\/2011\/06\/Miami-beach-Ulqin.jpg'><img width=\"150\" height=\"150\" src=\"https:\/\/www.visit-ulcinj.com\/blog\/wp-content\/uploads\/2011\/06\/Miami-beach-Ulqin-150x150.jpg\" class=\"attachment-thumbnail size-thumbnail\" alt=\"\" loading=\"lazy\" \/><\/a>\n\t\t\t<\/dt><\/dl><dl class='gallery-item'>\n\t\t\t<dt class='gallery-icon landscape'>\n\t\t\t\t<a href='https:\/\/www.visit-ulcinj.com\/blog\/wp-content\/uploads\/2011\/06\/Plazhi-Europa-Beach-Ulqin.jpg'><img width=\"150\" height=\"150\" src=\"https:\/\/www.visit-ulcinj.com\/blog\/wp-content\/uploads\/2011\/06\/Plazhi-Europa-Beach-Ulqin-150x150.jpg\" class=\"attachment-thumbnail size-thumbnail\" alt=\"\" loading=\"lazy\" \/><\/a>\n\t\t\t<\/dt><\/dl><br style=\"clear: both\" \/><dl class='gallery-item'>\n\t\t\t<dt class='gallery-icon landscape'>\n\t\t\t\t<a href='https:\/\/www.visit-ulcinj.com\/blog\/wp-content\/uploads\/2011\/06\/safari-beach-ulqin.jpg'><img width=\"150\" height=\"150\" src=\"https:\/\/www.visit-ulcinj.com\/blog\/wp-content\/uploads\/2011\/06\/safari-beach-ulqin-150x150.jpg\" class=\"attachment-thumbnail size-thumbnail\" alt=\"\" loading=\"lazy\" \/><\/a>\n\t\t\t<\/dt><\/dl><dl class='gallery-item'>\n\t\t\t<dt class='gallery-icon landscape'>\n\t\t\t\t<a href='https:\/\/www.visit-ulcinj.com\/blog\/wp-content\/uploads\/2011\/06\/Tropicana-Beach-Ulcinj.jpg'><img width=\"150\" height=\"150\" src=\"https:\/\/www.visit-ulcinj.com\/blog\/wp-content\/uploads\/2011\/06\/Tropicana-Beach-Ulcinj-150x150.jpg\" class=\"attachment-thumbnail size-thumbnail\" alt=\"\" loading=\"lazy\" \/><\/a>\n\t\t\t<\/dt><\/dl><dl class='gallery-item'>\n\t\t\t<dt class='gallery-icon landscape'>\n\t\t\t\t<a href='https:\/\/www.visit-ulcinj.com\/blog\/wp-content\/uploads\/2011\/06\/Tropicana-Beach-ulqin.2.jpg'><img width=\"150\" height=\"150\" src=\"https:\/\/www.visit-ulcinj.com\/blog\/wp-content\/uploads\/2011\/06\/Tropicana-Beach-ulqin.2-150x150.jpg\" class=\"attachment-thumbnail size-thumbnail\" alt=\"\" loading=\"lazy\" \/><\/a>\n\t\t\t<\/dt><\/dl><br style=\"clear: both\" \/>\n\t\t<\/div>\n<br \/>\n<!--YouTube Error: bad URL entered--><\/p>\n","protected":false},"excerpt":{"rendered":"<p>Kushtet atmosferike kan\u00eb favorizuar mb\u00ebrritjen e pushuesve n\u00eb bregdetin e Ulqinit,ku plazhi MSM beach,plazhi Tropicana beach,Plazhi Safari beach,Plazhi Europa beach,plazhi Copacabana beach dhe\u00a0 plazhi Miami beach jan\u00eb si nj\u00eb nd\u00ebr plazhet m\u00eb t\u00eb frekuentuarit si nga pushues vendas, ashtu edhe nga Kosova si edhe turiste t\u00eb huaj. \u201cPlazhi MSM \u00ebsht\u00eb vend i past\u00ebr, plazhi \u00ebsht\u00eb [&hellip;]<\/p>\n","protected":false},"author":1,"featured_media":0,"comment_status":"open","ping_status":"closed","sticky":false,"template":"","format":"standard","meta":{"spay_email":"","jetpack_publicize_message":"","jetpack_is_tweetstorm":false,"jetpack_publicize_feature_enabled":true},"categories":[14249],"tags":[18551,18550,18552,18547,18549,18548,8870,18504,22016,200,18],"jetpack_publicize_connections":[],"yoast_head":"<!-- This site is optimized with the Yoast SEO plugin v19.1 - https:\/\/yoast.com\/wordpress\/plugins\/seo\/ -->\n<title>Plazhet me te frekuentuara n\u00eb Ulqin - Lajme nga Ulqini<\/title>\n<meta name=\"description\" content=\"Kushtet atmosferike kan\u00eb favorizuar mb\u00ebrritjen e pushuesve n\u00eb bregdetin e Ulqinit,ku plazhi MSM beach,plazhi Tropicana beach,Plazhi Safari beach,Plazhi\" \/>\n<meta name=\"robots\" content=\"index, follow, max-snippet:-1, max-image-preview:large, max-video-preview:-1\" \/>\n<link rel=\"canonical\" href=\"https:\/\/www.visit-ulcinj.com\/blog\/2011\/06\/30\/plazhet-me-te-frekuentuara-ne-ulqin\/\" \/>\n<meta property=\"og:locale\" content=\"en_US\" \/>\n<meta property=\"og:type\" content=\"article\" \/>\n<meta property=\"og:title\" content=\"Plazhet me te frekuentuara n\u00eb Ulqin - Lajme nga Ulqini\" \/>\n<meta property=\"og:description\" content=\"Kushtet atmosferike kan\u00eb favorizuar mb\u00ebrritjen e pushuesve n\u00eb bregdetin e Ulqinit,ku plazhi MSM beach,plazhi Tropicana beach,Plazhi Safari beach,Plazhi\" \/>\n<meta property=\"og:url\" content=\"https:\/\/www.visit-ulcinj.com\/blog\/2011\/06\/30\/plazhet-me-te-frekuentuara-ne-ulqin\/\" \/>\n<meta property=\"og:site_name\" content=\"Lajme nga Ulqini\" \/>\n<meta property=\"article:published_time\" content=\"2011-06-30T12:47:32+00:00\" \/>\n<meta property=\"article:modified_time\" content=\"2011-08-05T20:03:19+00:00\" \/>\n<meta property=\"og:image\" content=\"https:\/\/www.visit-ulcinj.com\/blog\/wp-content\/uploads\/2011\/06\/MCM-Beach-Plazhe-V.I.P-150x150.jpg\" \/>\n<meta name=\"twitter:label1\" content=\"Written by\" \/>\n\t<meta name=\"twitter:data1\" content=\"ulqini\" \/>\n\t<meta name=\"twitter:label2\" content=\"Est. reading time\" \/>\n\t<meta name=\"twitter:data2\" content=\"1 minute\" \/>\n<script type=\"application\/ld+json\" class=\"yoast-schema-graph\">{\"@context\":\"https:\/\/schema.org\",\"@graph\":[{\"@type\":\"WebSite\",\"@id\":\"https:\/\/www.visit-ulcinj.com\/blog\/#website\",\"url\":\"https:\/\/www.visit-ulcinj.com\/blog\/\",\"name\":\"Lajme nga Ulqini\",\"description\":\"Lajme,Vijesti,Ulqini,Ulqin,Crna Gora,Mali i Zi\",\"potentialAction\":[{\"@type\":\"SearchAction\",\"target\":{\"@type\":\"EntryPoint\",\"urlTemplate\":\"https:\/\/www.visit-ulcinj.com\/blog\/?s={search_term_string}\"},\"query-input\":\"required name=search_term_string\"}],\"inLanguage\":\"en-US\"},{\"@type\":\"ImageObject\",\"inLanguage\":\"en-US\",\"@id\":\"https:\/\/www.visit-ulcinj.com\/blog\/2011\/06\/30\/plazhet-me-te-frekuentuara-ne-ulqin\/#primaryimage\",\"url\":\"https:\/\/www.visit-ulcinj.com\/blog\/wp-content\/uploads\/2011\/06\/MCM-Beach-Plazhe-V.I.P.jpg\",\"contentUrl\":\"https:\/\/www.visit-ulcinj.com\/blog\/wp-content\/uploads\/2011\/06\/MCM-Beach-Plazhe-V.I.P.jpg\",\"width\":\"1040\",\"height\":\"780\"},{\"@type\":\"WebPage\",\"@id\":\"https:\/\/www.visit-ulcinj.com\/blog\/2011\/06\/30\/plazhet-me-te-frekuentuara-ne-ulqin\/#webpage\",\"url\":\"https:\/\/www.visit-ulcinj.com\/blog\/2011\/06\/30\/plazhet-me-te-frekuentuara-ne-ulqin\/\",\"name\":\"Plazhet me te frekuentuara n\u00eb Ulqin - Lajme nga Ulqini\",\"isPartOf\":{\"@id\":\"https:\/\/www.visit-ulcinj.com\/blog\/#website\"},\"primaryImageOfPage\":{\"@id\":\"https:\/\/www.visit-ulcinj.com\/blog\/2011\/06\/30\/plazhet-me-te-frekuentuara-ne-ulqin\/#primaryimage\"},\"datePublished\":\"2011-06-30T12:47:32+00:00\",\"dateModified\":\"2011-08-05T20:03:19+00:00\",\"author\":{\"@id\":\"https:\/\/www.visit-ulcinj.com\/blog\/#\/schema\/person\/dcab619c614d3038751c63bc2aadc06d\"},\"description\":\"Kushtet atmosferike kan\u00eb favorizuar mb\u00ebrritjen e pushuesve n\u00eb bregdetin e Ulqinit,ku plazhi MSM beach,plazhi Tropicana beach,Plazhi Safari beach,Plazhi\",\"breadcrumb\":{\"@id\":\"https:\/\/www.visit-ulcinj.com\/blog\/2011\/06\/30\/plazhet-me-te-frekuentuara-ne-ulqin\/#breadcrumb\"},\"inLanguage\":\"en-US\",\"potentialAction\":[{\"@type\":\"ReadAction\",\"target\":[\"https:\/\/www.visit-ulcinj.com\/blog\/2011\/06\/30\/plazhet-me-te-frekuentuara-ne-ulqin\/\"]}]},{\"@type\":\"BreadcrumbList\",\"@id\":\"https:\/\/www.visit-ulcinj.com\/blog\/2011\/06\/30\/plazhet-me-te-frekuentuara-ne-ulqin\/#breadcrumb\",\"itemListElement\":[{\"@type\":\"ListItem\",\"position\":1,\"name\":\"Plazhet me te frekuentuara n\u00eb Ulqin\"}]},{\"@type\":\"Person\",\"@id\":\"https:\/\/www.visit-ulcinj.com\/blog\/#\/schema\/person\/dcab619c614d3038751c63bc2aadc06d\",\"name\":\"ulqini\",\"sameAs\":[\"http:\/\/www.visit-ulcinj.com\"],\"url\":\"https:\/\/www.visit-ulcinj.com\/blog\/author\/admin\/\"}]}<\/script>\n<!-- \/ Yoast SEO plugin. -->","yoast_head_json":{"title":"Plazhet me te frekuentuara n\u00eb Ulqin - Lajme nga Ulqini","description":"Kushtet atmosferike kan\u00eb favorizuar mb\u00ebrritjen e pushuesve n\u00eb bregdetin e Ulqinit,ku plazhi MSM beach,plazhi Tropicana beach,Plazhi Safari beach,Plazhi","robots":{"index":"index","follow":"follow","max-snippet":"max-snippet:-1","max-image-preview":"max-image-preview:large","max-video-preview":"max-video-preview:-1"},"canonical":"https:\/\/www.visit-ulcinj.com\/blog\/2011\/06\/30\/plazhet-me-te-frekuentuara-ne-ulqin\/","og_locale":"en_US","og_type":"article","og_title":"Plazhet me te frekuentuara n\u00eb Ulqin - Lajme nga Ulqini","og_description":"Kushtet atmosferike kan\u00eb favorizuar mb\u00ebrritjen e pushuesve n\u00eb bregdetin e Ulqinit,ku plazhi MSM beach,plazhi Tropicana beach,Plazhi Safari beach,Plazhi","og_url":"https:\/\/www.visit-ulcinj.com\/blog\/2011\/06\/30\/plazhet-me-te-frekuentuara-ne-ulqin\/","og_site_name":"Lajme nga Ulqini","article_published_time":"2011-06-30T12:47:32+00:00","article_modified_time":"2011-08-05T20:03:19+00:00","og_image":[{"url":"https:\/\/www.visit-ulcinj.com\/blog\/wp-content\/uploads\/2011\/06\/MCM-Beach-Plazhe-V.I.P-150x150.jpg"}],"twitter_misc":{"Written by":"ulqini","Est. reading time":"1 minute"},"schema":{"@context":"https:\/\/schema.org","@graph":[{"@type":"WebSite","@id":"https:\/\/www.visit-ulcinj.com\/blog\/#website","url":"https:\/\/www.visit-ulcinj.com\/blog\/","name":"Lajme nga Ulqini","description":"Lajme,Vijesti,Ulqini,Ulqin,Crna Gora,Mali i Zi","potentialAction":[{"@type":"SearchAction","target":{"@type":"EntryPoint","urlTemplate":"https:\/\/www.visit-ulcinj.com\/blog\/?s={search_term_string}"},"query-input":"required name=search_term_string"}],"inLanguage":"en-US"},{"@type":"ImageObject","inLanguage":"en-US","@id":"https:\/\/www.visit-ulcinj.com\/blog\/2011\/06\/30\/plazhet-me-te-frekuentuara-ne-ulqin\/#primaryimage","url":"https:\/\/www.visit-ulcinj.com\/blog\/wp-content\/uploads\/2011\/06\/MCM-Beach-Plazhe-V.I.P.jpg","contentUrl":"https:\/\/www.visit-ulcinj.com\/blog\/wp-content\/uploads\/2011\/06\/MCM-Beach-Plazhe-V.I.P.jpg","width":"1040","height":"780"},{"@type":"WebPage","@id":"https:\/\/www.visit-ulcinj.com\/blog\/2011\/06\/30\/plazhet-me-te-frekuentuara-ne-ulqin\/#webpage","url":"https:\/\/www.visit-ulcinj.com\/blog\/2011\/06\/30\/plazhet-me-te-frekuentuara-ne-ulqin\/","name":"Plazhet me te frekuentuara n\u00eb Ulqin - Lajme nga Ulqini","isPartOf":{"@id":"https:\/\/www.visit-ulcinj.com\/blog\/#website"},"primaryImageOfPage":{"@id":"https:\/\/www.visit-ulcinj.com\/blog\/2011\/06\/30\/plazhet-me-te-frekuentuara-ne-ulqin\/#primaryimage"},"datePublished":"2011-06-30T12:47:32+00:00","dateModified":"2011-08-05T20:03:19+00:00","author":{"@id":"https:\/\/www.visit-ulcinj.com\/blog\/#\/schema\/person\/dcab619c614d3038751c63bc2aadc06d"},"description":"Kushtet atmosferike kan\u00eb favorizuar mb\u00ebrritjen e pushuesve n\u00eb bregdetin e Ulqinit,ku plazhi MSM beach,plazhi Tropicana beach,Plazhi Safari beach,Plazhi","breadcrumb":{"@id":"https:\/\/www.visit-ulcinj.com\/blog\/2011\/06\/30\/plazhet-me-te-frekuentuara-ne-ulqin\/#breadcrumb"},"inLanguage":"en-US","potentialAction":[{"@type":"ReadAction","target":["https:\/\/www.visit-ulcinj.com\/blog\/2011\/06\/30\/plazhet-me-te-frekuentuara-ne-ulqin\/"]}]},{"@type":"BreadcrumbList","@id":"https:\/\/www.visit-ulcinj.com\/blog\/2011\/06\/30\/plazhet-me-te-frekuentuara-ne-ulqin\/#breadcrumb","itemListElement":[{"@type":"ListItem","position":1,"name":"Plazhet me te frekuentuara n\u00eb Ulqin"}]},{"@type":"Person","@id":"https:\/\/www.visit-ulcinj.com\/blog\/#\/schema\/person\/dcab619c614d3038751c63bc2aadc06d","name":"ulqini","sameAs":["http:\/\/www.visit-ulcinj.com"],"url":"https:\/\/www.visit-ulcinj.com\/blog\/author\/admin\/"}]}},"jetpack_featured_media_url":"","jetpack_sharing_enabled":true,"jetpack_shortlink":"https:\/\/wp.me\/pe6lTn-cAi","_links":{"self":[{"href":"https:\/\/www.visit-ulcinj.com\/blog\/wp-json\/wp\/v2\/posts\/48378"}],"collection":[{"href":"https:\/\/www.visit-ulcinj.com\/blog\/wp-json\/wp\/v2\/posts"}],"about":[{"href":"https:\/\/www.visit-ulcinj.com\/blog\/wp-json\/wp\/v2\/types\/post"}],"author":[{"embeddable":true,"href":"https:\/\/www.visit-ulcinj.com\/blog\/wp-json\/wp\/v2\/users\/1"}],"replies":[{"embeddable":true,"href":"https:\/\/www.visit-ulcinj.com\/blog\/wp-json\/wp\/v2\/comments?post=48378"}],"version-history":[{"count":7,"href":"https:\/\/www.visit-ulcinj.com\/blog\/wp-json\/wp\/v2\/posts\/48378\/revisions"}],"predecessor-version":[{"id":49633,"href":"https:\/\/www.visit-ulcinj.com\/blog\/wp-json\/wp\/v2\/posts\/48378\/revisions\/49633"}],"wp:attachment":[{"href":"https:\/\/www.visit-ulcinj.com\/blog\/wp-json\/wp\/v2\/media?parent=48378"}],"wp:term":[{"taxonomy":"category","embeddable":true,"href":"https:\/\/www.visit-ulcinj.com\/blog\/wp-json\/wp\/v2\/categories?post=48378"},{"taxonomy":"post_tag","embeddable":true,"href":"https:\/\/www.visit-ulcinj.com\/blog\/wp-json\/wp\/v2\/tags?post=48378"}],"curies":[{"name":"wp","href":"https:\/\/api.w.org\/{rel}","templated":true}]}}