{"id":48399,"date":"2011-07-01T16:58:32","date_gmt":"2011-07-01T15:58:32","guid":{"rendered":"http:\/\/www.visit-ulcinj.com\/blog\/?p=48399"},"modified":"2011-07-01T16:59:26","modified_gmt":"2011-07-01T15:59:26","slug":"montenegro-asta-per-leasing-a-lugno-termine-del-complesso-di-valdanos-ulcinj","status":"publish","type":"post","link":"https:\/\/www.visit-ulcinj.com\/blog\/2011\/07\/01\/montenegro-asta-per-leasing-a-lugno-termine-del-complesso-di-valdanos-ulcinj\/","title":{"rendered":"Montenegro: asta per leasing a lugno termine del complesso di Valdanos Ulcinj"},"content":{"rendered":"<p><a href=\"http:\/\/www.visit-ulcinj.com\/blog\/wp-content\/uploads\/2011\/07\/Complesso-turistico-di-Valdanos-Ulcinj_Montenegro.jpg\"><img loading=\"lazy\" class=\"alignleft size-full wp-image-48400\" title=\"Complesso turistico di Valdanos Ulcinj_Montenegro\" src=\"http:\/\/www.visit-ulcinj.com\/blog\/wp-content\/uploads\/2011\/07\/Complesso-turistico-di-Valdanos-Ulcinj_Montenegro.jpg\" alt=\"\" width=\"508\" height=\"380\" srcset=\"https:\/\/www.visit-ulcinj.com\/blog\/wp-content\/uploads\/2011\/07\/Complesso-turistico-di-Valdanos-Ulcinj_Montenegro.jpg 640w, https:\/\/www.visit-ulcinj.com\/blog\/wp-content\/uploads\/2011\/07\/Complesso-turistico-di-Valdanos-Ulcinj_Montenegro-300x225.jpg 300w\" sizes=\"(max-width: 508px) 100vw, 508px\" \/><\/a>Il Montenegro avvia un\u00b4asta per l\u00b4assegnazione del <a href=\"http:\/\/adv.edintorni.net\/click\/?mo=T&amp;ky=leasing&amp;af=4254&amp;ct=it&amp;rf=http%3A%2F%2Fwww%2Eportalino%2Eit%2Findex%2Ephp%3Foption%3Dcom%5Fcontent%26view%3Darticle%26id%3D1007360%26catid%3D112%3Afinance&amp;re=&amp;ts=1309533183421&amp;hs=e30b8fe81d8bf5dc29401ff77ec26716\" target=\"_blank\">leasing<\/a> a lungo termine del complesso militare &#8211; turistico di Valdano Ulcinj; al procedimento potranno partecipare investitori internazionali con una comprovata capacit\u00e0 finanziaria e un\u00b4esperienza consolidata nella progettazione, costruzione e gestione di grandi resort a uso misto: il contratto avr\u00e0 una durata di 90 anni e include la costruzione e gestione del relativo complesso turistico. Le condizioni per la partecipazione all\u00b4asta sono restate le stesse di un precedente procedimento relativo allo stesso resorto, non andato per\u00f2 a buon fine, ad eccezione del fatto che il periodo di <a href=\"http:\/\/adv.edintorni.net\/click\/?mo=T&amp;ky=leasing+it&amp;af=4254&amp;ct=it&amp;rf=http%3A%2F%2Fwww%2Eportalino%2Eit%2Findex%2Ephp%3Foption%3Dcom%5Fcontent%26view%3Darticle%26id%3D1007360%26catid%3D112%3Afinance&amp;re=&amp;ts=1309533183421&amp;hs=21204030ca90c846cdf3b9ebac318031\" target=\"_blank\">leasing<\/a> \u00e8 stato esteso da 30 a 90 anni. Una volta completata l\u00b4asta e selezionati i candidati; la Commissione d\u00b4Asta per il Turismo presenter\u00e0 un report alla Consiglio delle Privatizzazioni. La Commissione ha gi\u00e0 discusso varie informazioni sulle attivit\u00e0 portate avanti per preparare il processo d\u00b4asta, tra cui la possibilit\u00e0 di vendite di terreno nella citt\u00e0 di Tivat, al fine di realizzare un campo da golf con le infrastrutture necessarie.<\/p>\n<p><strong>Marcello Berlich<\/strong><\/p>\n<p><a href=\"http:\/\/www.portalino.it\/index.php?option=com_content&amp;view=article&amp;id=1007360&amp;catid=112:finance\" target=\"_blank\"><strong>http:\/\/www.portalino.it\/<\/strong><\/a><\/p>\n<p><strong>MONTENEGRO: TURISMO, AL VIA PRIVATIZZAZIONE COMPLESSO VALDANOS-ULCINJ<\/strong><\/p>\n<p>La Commissione di Gara per il Turismo montenegrina ha adottato una decisione sulla vendita del 64% del capitale sociale di HTP, Riviera di Ulcinj AD Ulcinj accompagnata da un contratto di locazione a lungo termine di terreni di propriet\u00e0 da parte dello Stato.<br \/>\nLa gara avr\u00e0 ad oggetto il terreno, sul quale ci sono alberghi e altre imprese, cos\u00ec come la costruzione di strutture turistiche e altre strutture: per l&#8217;aggiudicatario previsto un lungo periodo di locazione di 90 anni. L&#8217;invito pubblico \u00e8 stato pubblicato ieri, con il termine ultimo per le offerte di 90 giorni. Dopo il completamento della gara e la selezione dei concorrenti, la Commissione di gara per il Turismo presenter\u00e0 una relazione sui risultati della gara per la privatizzazione del Consiglio.<br \/>\nInoltre, la Commissione ha deciso di aprire una gara per leasing a lungo termine del complesso militare-complesso turistico Valdanos Ulcinj. Stessa data di pubblicazione e stesso termine ultimo per le offerte di 90 giorni. Saranno invitati investitori esperti internazionali che hanno dimostrato capacit\u00e0 finanziaria e esperienza nella progettazione, costruzione e funzionamento di impianti di grandi dimensioni e ad uso misto. Rispetto alla gara precedente dichiarata fallita, \u00e8 cambiato il periodo del contratto di locazione da 30 anni a 90 anni. (ICE)<\/p>\n<p><strong><a href=\"http:\/\/mefite.ice.it\/settori\/ViewNews.aspx?C=Turismo.aspx&amp;Id_Notizia=24986&amp;idMacro=418\" target=\"_blank\">http:\/\/mefite.ice.it<\/a><\/strong><\/p>\n<p><strong>\u00a9 <a title=\"Copyright\" href=\"http:\/\/www.ice.it\/copyright.htm\">Copyright<\/a> &#8211; Istituto nazionale per il Commercio Estero<br \/>\n<!--YouTube Error: bad URL entered--><\/strong><\/p>\n","protected":false},"excerpt":{"rendered":"<p>Il Montenegro avvia un\u00b4asta per l\u00b4assegnazione del leasing a lungo termine del complesso militare &#8211; turistico di Valdano Ulcinj; al procedimento potranno partecipare investitori internazionali con una comprovata capacit\u00e0 finanziaria e un\u00b4esperienza consolidata nella progettazione, costruzione e gestione di grandi resort a uso misto: il contratto avr\u00e0 una durata di 90 anni e include la [&hellip;]<\/p>\n","protected":false},"author":1,"featured_media":0,"comment_status":"open","ping_status":"closed","sticky":false,"template":"","format":"standard","meta":{"spay_email":"","jetpack_publicize_message":"","jetpack_is_tweetstorm":false,"jetpack_publicize_feature_enabled":true},"categories":[8337],"tags":[18554,18556,79,18555,19,136],"jetpack_publicize_connections":[],"yoast_head":"<!-- This site is optimized with the Yoast SEO plugin v19.1 - https:\/\/yoast.com\/wordpress\/plugins\/seo\/ -->\n<title>Montenegro: asta per leasing a lugno termine del complesso di Valdanos Ulcinj - Lajme nga Ulqini<\/title>\n<meta name=\"description\" content=\"Il Montenegro avvia un\u00b4asta per l\u00b4assegnazione del leasing a lungo termine del complesso militare - turistico di Valdano Ulcinj; al procedimento potranno\" \/>\n<meta name=\"robots\" content=\"index, follow, max-snippet:-1, max-image-preview:large, max-video-preview:-1\" \/>\n<link rel=\"canonical\" href=\"https:\/\/www.visit-ulcinj.com\/blog\/2011\/07\/01\/montenegro-asta-per-leasing-a-lugno-termine-del-complesso-di-valdanos-ulcinj\/\" \/>\n<meta property=\"og:locale\" content=\"en_US\" \/>\n<meta property=\"og:type\" content=\"article\" \/>\n<meta property=\"og:title\" content=\"Montenegro: asta per leasing a lugno termine del complesso di Valdanos Ulcinj - Lajme nga Ulqini\" \/>\n<meta property=\"og:description\" content=\"Il Montenegro avvia un\u00b4asta per l\u00b4assegnazione del leasing a lungo termine del complesso militare - turistico di Valdano Ulcinj; al procedimento potranno\" \/>\n<meta property=\"og:url\" content=\"https:\/\/www.visit-ulcinj.com\/blog\/2011\/07\/01\/montenegro-asta-per-leasing-a-lugno-termine-del-complesso-di-valdanos-ulcinj\/\" \/>\n<meta property=\"og:site_name\" content=\"Lajme nga Ulqini\" \/>\n<meta property=\"article:published_time\" content=\"2011-07-01T15:58:32+00:00\" \/>\n<meta property=\"article:modified_time\" content=\"2011-07-01T15:59:26+00:00\" \/>\n<meta property=\"og:image\" content=\"http:\/\/www.visit-ulcinj.com\/blog\/wp-content\/uploads\/2011\/07\/Complesso-turistico-di-Valdanos-Ulcinj_Montenegro.jpg\" \/>\n<meta name=\"twitter:label1\" content=\"Written by\" \/>\n\t<meta name=\"twitter:data1\" content=\"ulqini\" \/>\n\t<meta name=\"twitter:label2\" content=\"Est. reading time\" \/>\n\t<meta name=\"twitter:data2\" content=\"2 minutes\" \/>\n<script type=\"application\/ld+json\" class=\"yoast-schema-graph\">{\"@context\":\"https:\/\/schema.org\",\"@graph\":[{\"@type\":\"WebSite\",\"@id\":\"https:\/\/www.visit-ulcinj.com\/blog\/#website\",\"url\":\"https:\/\/www.visit-ulcinj.com\/blog\/\",\"name\":\"Lajme nga Ulqini\",\"description\":\"Lajme,Vijesti,Ulqini,Ulqin,Crna Gora,Mali i Zi\",\"potentialAction\":[{\"@type\":\"SearchAction\",\"target\":{\"@type\":\"EntryPoint\",\"urlTemplate\":\"https:\/\/www.visit-ulcinj.com\/blog\/?s={search_term_string}\"},\"query-input\":\"required name=search_term_string\"}],\"inLanguage\":\"en-US\"},{\"@type\":\"ImageObject\",\"inLanguage\":\"en-US\",\"@id\":\"https:\/\/www.visit-ulcinj.com\/blog\/2011\/07\/01\/montenegro-asta-per-leasing-a-lugno-termine-del-complesso-di-valdanos-ulcinj\/#primaryimage\",\"url\":\"https:\/\/www.visit-ulcinj.com\/blog\/wp-content\/uploads\/2011\/07\/Complesso-turistico-di-Valdanos-Ulcinj_Montenegro.jpg\",\"contentUrl\":\"https:\/\/www.visit-ulcinj.com\/blog\/wp-content\/uploads\/2011\/07\/Complesso-turistico-di-Valdanos-Ulcinj_Montenegro.jpg\",\"width\":\"640\",\"height\":\"480\"},{\"@type\":\"WebPage\",\"@id\":\"https:\/\/www.visit-ulcinj.com\/blog\/2011\/07\/01\/montenegro-asta-per-leasing-a-lugno-termine-del-complesso-di-valdanos-ulcinj\/#webpage\",\"url\":\"https:\/\/www.visit-ulcinj.com\/blog\/2011\/07\/01\/montenegro-asta-per-leasing-a-lugno-termine-del-complesso-di-valdanos-ulcinj\/\",\"name\":\"Montenegro: asta per leasing a lugno termine del complesso di Valdanos Ulcinj - Lajme nga Ulqini\",\"isPartOf\":{\"@id\":\"https:\/\/www.visit-ulcinj.com\/blog\/#website\"},\"primaryImageOfPage\":{\"@id\":\"https:\/\/www.visit-ulcinj.com\/blog\/2011\/07\/01\/montenegro-asta-per-leasing-a-lugno-termine-del-complesso-di-valdanos-ulcinj\/#primaryimage\"},\"datePublished\":\"2011-07-01T15:58:32+00:00\",\"dateModified\":\"2011-07-01T15:59:26+00:00\",\"author\":{\"@id\":\"https:\/\/www.visit-ulcinj.com\/blog\/#\/schema\/person\/dcab619c614d3038751c63bc2aadc06d\"},\"description\":\"Il Montenegro avvia un\u00b4asta per l\u00b4assegnazione del leasing a lungo termine del complesso militare - turistico di Valdano Ulcinj; al procedimento potranno\",\"breadcrumb\":{\"@id\":\"https:\/\/www.visit-ulcinj.com\/blog\/2011\/07\/01\/montenegro-asta-per-leasing-a-lugno-termine-del-complesso-di-valdanos-ulcinj\/#breadcrumb\"},\"inLanguage\":\"en-US\",\"potentialAction\":[{\"@type\":\"ReadAction\",\"target\":[\"https:\/\/www.visit-ulcinj.com\/blog\/2011\/07\/01\/montenegro-asta-per-leasing-a-lugno-termine-del-complesso-di-valdanos-ulcinj\/\"]}]},{\"@type\":\"BreadcrumbList\",\"@id\":\"https:\/\/www.visit-ulcinj.com\/blog\/2011\/07\/01\/montenegro-asta-per-leasing-a-lugno-termine-del-complesso-di-valdanos-ulcinj\/#breadcrumb\",\"itemListElement\":[{\"@type\":\"ListItem\",\"position\":1,\"name\":\"Montenegro: asta per leasing a lugno termine del complesso di Valdanos Ulcinj\"}]},{\"@type\":\"Person\",\"@id\":\"https:\/\/www.visit-ulcinj.com\/blog\/#\/schema\/person\/dcab619c614d3038751c63bc2aadc06d\",\"name\":\"ulqini\",\"sameAs\":[\"http:\/\/www.visit-ulcinj.com\"],\"url\":\"https:\/\/www.visit-ulcinj.com\/blog\/author\/admin\/\"}]}<\/script>\n<!-- \/ Yoast SEO plugin. -->","yoast_head_json":{"title":"Montenegro: asta per leasing a lugno termine del complesso di Valdanos Ulcinj - Lajme nga Ulqini","description":"Il Montenegro avvia un\u00b4asta per l\u00b4assegnazione del leasing a lungo termine del complesso militare - turistico di Valdano Ulcinj; al procedimento potranno","robots":{"index":"index","follow":"follow","max-snippet":"max-snippet:-1","max-image-preview":"max-image-preview:large","max-video-preview":"max-video-preview:-1"},"canonical":"https:\/\/www.visit-ulcinj.com\/blog\/2011\/07\/01\/montenegro-asta-per-leasing-a-lugno-termine-del-complesso-di-valdanos-ulcinj\/","og_locale":"en_US","og_type":"article","og_title":"Montenegro: asta per leasing a lugno termine del complesso di Valdanos Ulcinj - Lajme nga Ulqini","og_description":"Il Montenegro avvia un\u00b4asta per l\u00b4assegnazione del leasing a lungo termine del complesso militare - turistico di Valdano Ulcinj; al procedimento potranno","og_url":"https:\/\/www.visit-ulcinj.com\/blog\/2011\/07\/01\/montenegro-asta-per-leasing-a-lugno-termine-del-complesso-di-valdanos-ulcinj\/","og_site_name":"Lajme nga Ulqini","article_published_time":"2011-07-01T15:58:32+00:00","article_modified_time":"2011-07-01T15:59:26+00:00","og_image":[{"url":"http:\/\/www.visit-ulcinj.com\/blog\/wp-content\/uploads\/2011\/07\/Complesso-turistico-di-Valdanos-Ulcinj_Montenegro.jpg"}],"twitter_misc":{"Written by":"ulqini","Est. reading time":"2 minutes"},"schema":{"@context":"https:\/\/schema.org","@graph":[{"@type":"WebSite","@id":"https:\/\/www.visit-ulcinj.com\/blog\/#website","url":"https:\/\/www.visit-ulcinj.com\/blog\/","name":"Lajme nga Ulqini","description":"Lajme,Vijesti,Ulqini,Ulqin,Crna Gora,Mali i Zi","potentialAction":[{"@type":"SearchAction","target":{"@type":"EntryPoint","urlTemplate":"https:\/\/www.visit-ulcinj.com\/blog\/?s={search_term_string}"},"query-input":"required name=search_term_string"}],"inLanguage":"en-US"},{"@type":"ImageObject","inLanguage":"en-US","@id":"https:\/\/www.visit-ulcinj.com\/blog\/2011\/07\/01\/montenegro-asta-per-leasing-a-lugno-termine-del-complesso-di-valdanos-ulcinj\/#primaryimage","url":"https:\/\/www.visit-ulcinj.com\/blog\/wp-content\/uploads\/2011\/07\/Complesso-turistico-di-Valdanos-Ulcinj_Montenegro.jpg","contentUrl":"https:\/\/www.visit-ulcinj.com\/blog\/wp-content\/uploads\/2011\/07\/Complesso-turistico-di-Valdanos-Ulcinj_Montenegro.jpg","width":"640","height":"480"},{"@type":"WebPage","@id":"https:\/\/www.visit-ulcinj.com\/blog\/2011\/07\/01\/montenegro-asta-per-leasing-a-lugno-termine-del-complesso-di-valdanos-ulcinj\/#webpage","url":"https:\/\/www.visit-ulcinj.com\/blog\/2011\/07\/01\/montenegro-asta-per-leasing-a-lugno-termine-del-complesso-di-valdanos-ulcinj\/","name":"Montenegro: asta per leasing a lugno termine del complesso di Valdanos Ulcinj - Lajme nga Ulqini","isPartOf":{"@id":"https:\/\/www.visit-ulcinj.com\/blog\/#website"},"primaryImageOfPage":{"@id":"https:\/\/www.visit-ulcinj.com\/blog\/2011\/07\/01\/montenegro-asta-per-leasing-a-lugno-termine-del-complesso-di-valdanos-ulcinj\/#primaryimage"},"datePublished":"2011-07-01T15:58:32+00:00","dateModified":"2011-07-01T15:59:26+00:00","author":{"@id":"https:\/\/www.visit-ulcinj.com\/blog\/#\/schema\/person\/dcab619c614d3038751c63bc2aadc06d"},"description":"Il Montenegro avvia un\u00b4asta per l\u00b4assegnazione del leasing a lungo termine del complesso militare - turistico di Valdano Ulcinj; al procedimento potranno","breadcrumb":{"@id":"https:\/\/www.visit-ulcinj.com\/blog\/2011\/07\/01\/montenegro-asta-per-leasing-a-lugno-termine-del-complesso-di-valdanos-ulcinj\/#breadcrumb"},"inLanguage":"en-US","potentialAction":[{"@type":"ReadAction","target":["https:\/\/www.visit-ulcinj.com\/blog\/2011\/07\/01\/montenegro-asta-per-leasing-a-lugno-termine-del-complesso-di-valdanos-ulcinj\/"]}]},{"@type":"BreadcrumbList","@id":"https:\/\/www.visit-ulcinj.com\/blog\/2011\/07\/01\/montenegro-asta-per-leasing-a-lugno-termine-del-complesso-di-valdanos-ulcinj\/#breadcrumb","itemListElement":[{"@type":"ListItem","position":1,"name":"Montenegro: asta per leasing a lugno termine del complesso di Valdanos Ulcinj"}]},{"@type":"Person","@id":"https:\/\/www.visit-ulcinj.com\/blog\/#\/schema\/person\/dcab619c614d3038751c63bc2aadc06d","name":"ulqini","sameAs":["http:\/\/www.visit-ulcinj.com"],"url":"https:\/\/www.visit-ulcinj.com\/blog\/author\/admin\/"}]}},"jetpack_featured_media_url":"","jetpack_sharing_enabled":true,"jetpack_shortlink":"https:\/\/wp.me\/pe6lTn-cAD","_links":{"self":[{"href":"https:\/\/www.visit-ulcinj.com\/blog\/wp-json\/wp\/v2\/posts\/48399"}],"collection":[{"href":"https:\/\/www.visit-ulcinj.com\/blog\/wp-json\/wp\/v2\/posts"}],"about":[{"href":"https:\/\/www.visit-ulcinj.com\/blog\/wp-json\/wp\/v2\/types\/post"}],"author":[{"embeddable":true,"href":"https:\/\/www.visit-ulcinj.com\/blog\/wp-json\/wp\/v2\/users\/1"}],"replies":[{"embeddable":true,"href":"https:\/\/www.visit-ulcinj.com\/blog\/wp-json\/wp\/v2\/comments?post=48399"}],"version-history":[{"count":3,"href":"https:\/\/www.visit-ulcinj.com\/blog\/wp-json\/wp\/v2\/posts\/48399\/revisions"}],"predecessor-version":[{"id":48421,"href":"https:\/\/www.visit-ulcinj.com\/blog\/wp-json\/wp\/v2\/posts\/48399\/revisions\/48421"}],"wp:attachment":[{"href":"https:\/\/www.visit-ulcinj.com\/blog\/wp-json\/wp\/v2\/media?parent=48399"}],"wp:term":[{"taxonomy":"category","embeddable":true,"href":"https:\/\/www.visit-ulcinj.com\/blog\/wp-json\/wp\/v2\/categories?post=48399"},{"taxonomy":"post_tag","embeddable":true,"href":"https:\/\/www.visit-ulcinj.com\/blog\/wp-json\/wp\/v2\/tags?post=48399"}],"curies":[{"name":"wp","href":"https:\/\/api.w.org\/{rel}","templated":true}]}}