{"id":48408,"date":"2011-07-01T17:34:42","date_gmt":"2011-07-01T16:34:42","guid":{"rendered":"http:\/\/www.visit-ulcinj.com\/blog\/?p=48408"},"modified":"2011-07-05T15:32:43","modified_gmt":"2011-07-05T14:32:43","slug":"topi-keshillon-per-maturi-lideret-shqiptare-te-malit-te-zi","status":"publish","type":"post","link":"https:\/\/www.visit-ulcinj.com\/blog\/2011\/07\/01\/topi-keshillon-per-maturi-lideret-shqiptare-te-malit-te-zi\/","title":{"rendered":"Topi k\u00ebshillon p\u00ebr maturi lider\u00ebt shqiptar\u00eb t\u00eb Malit t\u00eb Zi"},"content":{"rendered":"<p><a href=\"http:\/\/www.visit-ulcinj.com\/blog\/wp-content\/uploads\/2011\/07\/SEECP-BUDVA_Montenegro_Bamir-Topi.jpg\"><img loading=\"lazy\" class=\"alignleft size-full wp-image-48409\" title=\"SEECP BUDVA_Montenegro_Bamir Topi\" src=\"http:\/\/www.visit-ulcinj.com\/blog\/wp-content\/uploads\/2011\/07\/SEECP-BUDVA_Montenegro_Bamir-Topi.jpg\" alt=\"\" width=\"508\" height=\"380\" \/><\/a>Ulqin, 1 korrik\u00a0 &#8211; Gjat\u00eb q\u00ebndrimit t\u00eb tij n\u00eb Malin e Zi n\u00eb kuad\u00ebr t\u00eb Samitit t\u00eb SEECP, Presidenti i Shqip\u00ebris\u00eb Bamir Topi vizitoi qytetin e Ulqinit ku u mir\u00ebprit nga Kryetari i Komun\u00ebs, G\u00ebzim Hajdinaga. N\u00eb k\u00ebt\u00eb qytet, Topi zhvilloi nj\u00eb takim me p\u00ebrfaq\u00ebsues t\u00eb partive politike shqiptare n\u00eb shtetin fqinj: Kkryetarin e Alternativ\u00ebs Qytetare Shqiptare, Gjergj Camaj, kryetarin e Forc\u00ebs s\u00eb Re Demokratike, Nazif Cungu, kryetarin e Partis\u00eb s\u00eb Bashkimit Demokratik, Ali Doda si dhe p\u00ebrfaq\u00ebsues t\u00eb tjer\u00eb t\u00eb Lidhjes Demokratike Shqiptare, Unionit Demokratik t\u00eb Shqiptar\u00ebve, Partis\u00eb p\u00ebr Prosperitet Demokratik. N\u00eb k\u00ebt\u00eb takim, kryetari i shtetit shqiptar vuri n\u00eb dukje rolin e r\u00ebnd\u00ebsish\u00ebm t\u00eb partive politike shqiptare n\u00eb mbrojtjen e interesave t\u00eb shqiptar\u00ebve t\u00eb Malit t\u00eb Zi dhe t\u00eb identitetit t\u00eb tyre komb\u00ebtar, kulturor, gjuh\u00ebsor e fetar.<\/p>\n<p>Presidenti Topi n\u00ebnvizoi faktin se p\u00ebrpjekjet e k\u00ebtyre partive politike duhet t\u00eb karakterizohen nga maturia dhe p\u00ebrpjekjet p\u00ebr t\u00eb zgjidhur me dialog k\u00ebrkesat e tyre ndaj pushtetit qendror dhe administrat\u00ebs, nd\u00ebrkoh\u00eb q\u00eb nd\u00ebrgjegj\u00ebsimi i tyre p\u00ebr pjes\u00ebmarrje aktive n\u00eb jet\u00ebn politike dhe administrative t\u00eb vendit tashm\u00eb \u00ebsht\u00eb i duksh\u00ebm. &#8220;Duhet t\u00eb jeni t\u00eb bashkuar duke dh\u00ebn\u00eb gjithsekush di\u00e7ka nga vetja. Duhet bashk\u00ebpunim dhe dialog mes jush p\u00ebr t\u00eb p\u00ebrfaq\u00ebsuar m\u00eb s\u00eb miri interesat e bashk\u00ebsis\u00eb shqiptare n\u00eb Mal t\u00eb Zi, q\u00eb sh\u00ebrbejn\u00eb si ur\u00eb lidh\u00ebse n\u00eb marr\u00ebdh\u00ebniet mes dy vendeve tona?, u shpreh Presidenti i Republik\u00ebs n\u00eb k\u00ebt\u00eb takim.<\/p>\n<p><strong>KOHA NET<br \/>\n\n\t\t<style type=\"text\/css\">\n\t\t\t#gallery-1 {\n\t\t\t\tmargin: auto;\n\t\t\t}\n\t\t\t#gallery-1 .gallery-item {\n\t\t\t\tfloat: left;\n\t\t\t\tmargin-top: 10px;\n\t\t\t\ttext-align: center;\n\t\t\t\twidth: 33%;\n\t\t\t}\n\t\t\t#gallery-1 img {\n\t\t\t\tborder: 2px solid #cfcfcf;\n\t\t\t}\n\t\t\t#gallery-1 .gallery-caption {\n\t\t\t\tmargin-left: 0;\n\t\t\t}\n\t\t\t\/* see gallery_shortcode() in wp-includes\/media.php *\/\n\t\t<\/style>\n\t\t<div id='gallery-1' class='gallery galleryid-48408 gallery-columns-3 gallery-size-thumbnail'><dl class='gallery-item'>\n\t\t\t<dt class='gallery-icon landscape'>\n\t\t\t\t<a href='https:\/\/www.visit-ulcinj.com\/blog\/wp-content\/uploads\/2011\/07\/SEECP-BUDVA_Montenegro_Bamir-Topi.jpg'><img width=\"150\" height=\"150\" src=\"https:\/\/www.visit-ulcinj.com\/blog\/wp-content\/uploads\/2011\/07\/SEECP-BUDVA_Montenegro_Bamir-Topi-150x150.jpg\" class=\"attachment-thumbnail size-thumbnail\" alt=\"\" loading=\"lazy\" \/><\/a>\n\t\t\t<\/dt><\/dl><dl class='gallery-item'>\n\t\t\t<dt class='gallery-icon landscape'>\n\t\t\t\t<a href='https:\/\/www.visit-ulcinj.com\/blog\/wp-content\/uploads\/2011\/07\/Amir-Hollaj_Vasel-Sinishtaj_Bamir-Topi.jpg'><img width=\"150\" height=\"150\" src=\"https:\/\/www.visit-ulcinj.com\/blog\/wp-content\/uploads\/2011\/07\/Amir-Hollaj_Vasel-Sinishtaj_Bamir-Topi-150x150.jpg\" class=\"attachment-thumbnail size-thumbnail\" alt=\"\" loading=\"lazy\" \/><\/a>\n\t\t\t<\/dt><\/dl><dl class='gallery-item'>\n\t\t\t<dt class='gallery-icon landscape'>\n\t\t\t\t<a href='https:\/\/www.visit-ulcinj.com\/blog\/wp-content\/uploads\/2011\/07\/Ferhat-Dinosha_Bamir-Topi.jpg'><img width=\"150\" height=\"150\" src=\"https:\/\/www.visit-ulcinj.com\/blog\/wp-content\/uploads\/2011\/07\/Ferhat-Dinosha_Bamir-Topi-150x150.jpg\" class=\"attachment-thumbnail size-thumbnail\" alt=\"\" loading=\"lazy\" \/><\/a>\n\t\t\t<\/dt><\/dl><br style=\"clear: both\" \/><dl class='gallery-item'>\n\t\t\t<dt class='gallery-icon landscape'>\n\t\t\t\t<a href='https:\/\/www.visit-ulcinj.com\/blog\/wp-content\/uploads\/2011\/07\/Mehmet-Bardhi_Gjergj-Camaj_Bamir-Topi.jpg'><img width=\"150\" height=\"150\" src=\"https:\/\/www.visit-ulcinj.com\/blog\/wp-content\/uploads\/2011\/07\/Mehmet-Bardhi_Gjergj-Camaj_Bamir-Topi-150x150.jpg\" class=\"attachment-thumbnail size-thumbnail\" alt=\"\" loading=\"lazy\" \/><\/a>\n\t\t\t<\/dt><\/dl><dl class='gallery-item'>\n\t\t\t<dt class='gallery-icon landscape'>\n\t\t\t\t<a href='https:\/\/www.visit-ulcinj.com\/blog\/wp-content\/uploads\/2011\/07\/Nazif-Cungu_Bamir-Topi.jpg'><img width=\"150\" height=\"150\" src=\"https:\/\/www.visit-ulcinj.com\/blog\/wp-content\/uploads\/2011\/07\/Nazif-Cungu_Bamir-Topi-150x150.jpg\" class=\"attachment-thumbnail size-thumbnail\" alt=\"\" loading=\"lazy\" \/><\/a>\n\t\t\t<\/dt><\/dl><dl class='gallery-item'>\n\t\t\t<dt class='gallery-icon landscape'>\n\t\t\t\t<a href='https:\/\/www.visit-ulcinj.com\/blog\/wp-content\/uploads\/2011\/07\/Me-presidentin-Bamir-Topi-n\u00eb-kalan\u00eb-e-Ulqinit.1.jpg'><img width=\"150\" height=\"150\" src=\"https:\/\/www.visit-ulcinj.com\/blog\/wp-content\/uploads\/2011\/07\/Me-presidentin-Bamir-Topi-n\u00eb-kalan\u00eb-e-Ulqinit.1-150x150.jpg\" class=\"attachment-thumbnail size-thumbnail\" alt=\"\" loading=\"lazy\" \/><\/a>\n\t\t\t<\/dt><\/dl><br style=\"clear: both\" \/><dl class='gallery-item'>\n\t\t\t<dt class='gallery-icon landscape'>\n\t\t\t\t<a href='https:\/\/www.visit-ulcinj.com\/blog\/wp-content\/uploads\/2011\/07\/Me-presidentin-Bamir-Topi-n\u00eb-kalan\u00eb-e-Ulqinit.2.jpg'><img width=\"150\" height=\"150\" src=\"https:\/\/www.visit-ulcinj.com\/blog\/wp-content\/uploads\/2011\/07\/Me-presidentin-Bamir-Topi-n\u00eb-kalan\u00eb-e-Ulqinit.2-150x150.jpg\" class=\"attachment-thumbnail size-thumbnail\" alt=\"\" loading=\"lazy\" \/><\/a>\n\t\t\t<\/dt><\/dl><dl class='gallery-item'>\n\t\t\t<dt class='gallery-icon landscape'>\n\t\t\t\t<a href='https:\/\/www.visit-ulcinj.com\/blog\/wp-content\/uploads\/2011\/07\/Me-presidentin-Bamir-Topi-n\u00eb-kalan\u00eb-e-Ulqinit.3.jpg'><img width=\"150\" height=\"150\" src=\"https:\/\/www.visit-ulcinj.com\/blog\/wp-content\/uploads\/2011\/07\/Me-presidentin-Bamir-Topi-n\u00eb-kalan\u00eb-e-Ulqinit.3-150x150.jpg\" class=\"attachment-thumbnail size-thumbnail\" alt=\"\" loading=\"lazy\" \/><\/a>\n\t\t\t<\/dt><\/dl><dl class='gallery-item'>\n\t\t\t<dt class='gallery-icon landscape'>\n\t\t\t\t<a href='https:\/\/www.visit-ulcinj.com\/blog\/wp-content\/uploads\/2011\/07\/Me-presidentin-Bamir-Topi-n\u00eb-kalan\u00eb-e-Ulqinit.jpg'><img width=\"150\" height=\"150\" src=\"https:\/\/www.visit-ulcinj.com\/blog\/wp-content\/uploads\/2011\/07\/Me-presidentin-Bamir-Topi-n\u00eb-kalan\u00eb-e-Ulqinit-150x150.jpg\" class=\"attachment-thumbnail size-thumbnail\" alt=\"\" loading=\"lazy\" \/><\/a>\n\t\t\t<\/dt><\/dl><br style=\"clear: both\" \/>\n\t\t<\/div>\n<\/p>\n<p><\/strong><\/p>\n<p><strong> <\/strong><\/p>\n<p><strong> <\/strong><\/p>\n<p><strong> <\/strong><\/p>\n<p><strong> <\/strong><\/p>\n","protected":false},"excerpt":{"rendered":"<p>Ulqin, 1 korrik\u00a0 &#8211; Gjat\u00eb q\u00ebndrimit t\u00eb tij n\u00eb Malin e Zi n\u00eb kuad\u00ebr t\u00eb Samitit t\u00eb SEECP, Presidenti i Shqip\u00ebris\u00eb Bamir Topi vizitoi qytetin e Ulqinit ku u mir\u00ebprit nga Kryetari i Komun\u00ebs, G\u00ebzim Hajdinaga. N\u00eb k\u00ebt\u00eb qytet, Topi zhvilloi nj\u00eb takim me p\u00ebrfaq\u00ebsues t\u00eb partive politike shqiptare n\u00eb shtetin fqinj: Kkryetarin e Alternativ\u00ebs [&hellip;]<\/p>\n","protected":false},"author":1,"featured_media":0,"comment_status":"open","ping_status":"closed","sticky":false,"template":"","format":"standard","meta":{"spay_email":"","jetpack_publicize_message":"","jetpack_is_tweetstorm":false,"jetpack_publicize_feature_enabled":true},"categories":[1,6],"tags":[12466,18557],"jetpack_publicize_connections":[],"yoast_head":"<!-- This site is optimized with the Yoast SEO plugin v19.1 - https:\/\/yoast.com\/wordpress\/plugins\/seo\/ -->\n<title>Topi k\u00ebshillon p\u00ebr maturi lider\u00ebt shqiptar\u00eb t\u00eb Malit t\u00eb Zi - Lajme nga Ulqini<\/title>\n<meta name=\"description\" content=\"Ulqin, 1 korrik\u00a0 - Gjat\u00eb q\u00ebndrimit t\u00eb tij n\u00eb Malin e Zi n\u00eb kuad\u00ebr t\u00eb Samitit t\u00eb SEECP, Presidenti i Shqip\u00ebris\u00eb Bamir Topi vizitoi qytetin e Ulqinit ku u\" \/>\n<meta name=\"robots\" content=\"index, follow, max-snippet:-1, max-image-preview:large, max-video-preview:-1\" \/>\n<link rel=\"canonical\" href=\"https:\/\/www.visit-ulcinj.com\/blog\/2011\/07\/01\/topi-keshillon-per-maturi-lideret-shqiptare-te-malit-te-zi\/\" \/>\n<meta property=\"og:locale\" content=\"en_US\" \/>\n<meta property=\"og:type\" content=\"article\" \/>\n<meta property=\"og:title\" content=\"Topi k\u00ebshillon p\u00ebr maturi lider\u00ebt shqiptar\u00eb t\u00eb Malit t\u00eb Zi - Lajme nga Ulqini\" \/>\n<meta property=\"og:description\" content=\"Ulqin, 1 korrik\u00a0 - Gjat\u00eb q\u00ebndrimit t\u00eb tij n\u00eb Malin e Zi n\u00eb kuad\u00ebr t\u00eb Samitit t\u00eb SEECP, Presidenti i Shqip\u00ebris\u00eb Bamir Topi vizitoi qytetin e Ulqinit ku u\" \/>\n<meta property=\"og:url\" content=\"https:\/\/www.visit-ulcinj.com\/blog\/2011\/07\/01\/topi-keshillon-per-maturi-lideret-shqiptare-te-malit-te-zi\/\" \/>\n<meta property=\"og:site_name\" content=\"Lajme nga Ulqini\" \/>\n<meta property=\"article:published_time\" content=\"2011-07-01T16:34:42+00:00\" \/>\n<meta property=\"article:modified_time\" content=\"2011-07-05T14:32:43+00:00\" \/>\n<meta property=\"og:image\" content=\"https:\/\/www.visit-ulcinj.com\/blog\/wp-content\/uploads\/2011\/07\/SEECP-BUDVA_Montenegro_Bamir-Topi-150x150.jpg\" \/>\n<meta name=\"twitter:label1\" content=\"Written by\" \/>\n\t<meta name=\"twitter:data1\" content=\"ulqini\" \/>\n\t<meta name=\"twitter:label2\" content=\"Est. reading time\" \/>\n\t<meta name=\"twitter:data2\" content=\"1 minute\" \/>\n<script type=\"application\/ld+json\" class=\"yoast-schema-graph\">{\"@context\":\"https:\/\/schema.org\",\"@graph\":[{\"@type\":\"WebSite\",\"@id\":\"https:\/\/www.visit-ulcinj.com\/blog\/#website\",\"url\":\"https:\/\/www.visit-ulcinj.com\/blog\/\",\"name\":\"Lajme nga Ulqini\",\"description\":\"Lajme,Vijesti,Ulqini,Ulqin,Crna Gora,Mali i Zi\",\"potentialAction\":[{\"@type\":\"SearchAction\",\"target\":{\"@type\":\"EntryPoint\",\"urlTemplate\":\"https:\/\/www.visit-ulcinj.com\/blog\/?s={search_term_string}\"},\"query-input\":\"required name=search_term_string\"}],\"inLanguage\":\"en-US\"},{\"@type\":\"ImageObject\",\"inLanguage\":\"en-US\",\"@id\":\"https:\/\/www.visit-ulcinj.com\/blog\/2011\/07\/01\/topi-keshillon-per-maturi-lideret-shqiptare-te-malit-te-zi\/#primaryimage\",\"url\":\"https:\/\/www.visit-ulcinj.com\/blog\/wp-content\/uploads\/2011\/07\/SEECP-BUDVA_Montenegro_Bamir-Topi.jpg\",\"contentUrl\":\"https:\/\/www.visit-ulcinj.com\/blog\/wp-content\/uploads\/2011\/07\/SEECP-BUDVA_Montenegro_Bamir-Topi.jpg\",\"width\":\"600\",\"height\":\"398\"},{\"@type\":\"WebPage\",\"@id\":\"https:\/\/www.visit-ulcinj.com\/blog\/2011\/07\/01\/topi-keshillon-per-maturi-lideret-shqiptare-te-malit-te-zi\/#webpage\",\"url\":\"https:\/\/www.visit-ulcinj.com\/blog\/2011\/07\/01\/topi-keshillon-per-maturi-lideret-shqiptare-te-malit-te-zi\/\",\"name\":\"Topi k\u00ebshillon p\u00ebr maturi lider\u00ebt shqiptar\u00eb t\u00eb Malit t\u00eb Zi - Lajme nga Ulqini\",\"isPartOf\":{\"@id\":\"https:\/\/www.visit-ulcinj.com\/blog\/#website\"},\"primaryImageOfPage\":{\"@id\":\"https:\/\/www.visit-ulcinj.com\/blog\/2011\/07\/01\/topi-keshillon-per-maturi-lideret-shqiptare-te-malit-te-zi\/#primaryimage\"},\"datePublished\":\"2011-07-01T16:34:42+00:00\",\"dateModified\":\"2011-07-05T14:32:43+00:00\",\"author\":{\"@id\":\"https:\/\/www.visit-ulcinj.com\/blog\/#\/schema\/person\/dcab619c614d3038751c63bc2aadc06d\"},\"description\":\"Ulqin, 1 korrik\u00a0 - Gjat\u00eb q\u00ebndrimit t\u00eb tij n\u00eb Malin e Zi n\u00eb kuad\u00ebr t\u00eb Samitit t\u00eb SEECP, Presidenti i Shqip\u00ebris\u00eb Bamir Topi vizitoi qytetin e Ulqinit ku u\",\"breadcrumb\":{\"@id\":\"https:\/\/www.visit-ulcinj.com\/blog\/2011\/07\/01\/topi-keshillon-per-maturi-lideret-shqiptare-te-malit-te-zi\/#breadcrumb\"},\"inLanguage\":\"en-US\",\"potentialAction\":[{\"@type\":\"ReadAction\",\"target\":[\"https:\/\/www.visit-ulcinj.com\/blog\/2011\/07\/01\/topi-keshillon-per-maturi-lideret-shqiptare-te-malit-te-zi\/\"]}]},{\"@type\":\"BreadcrumbList\",\"@id\":\"https:\/\/www.visit-ulcinj.com\/blog\/2011\/07\/01\/topi-keshillon-per-maturi-lideret-shqiptare-te-malit-te-zi\/#breadcrumb\",\"itemListElement\":[{\"@type\":\"ListItem\",\"position\":1,\"name\":\"Topi k\u00ebshillon p\u00ebr maturi lider\u00ebt shqiptar\u00eb t\u00eb Malit t\u00eb Zi\"}]},{\"@type\":\"Person\",\"@id\":\"https:\/\/www.visit-ulcinj.com\/blog\/#\/schema\/person\/dcab619c614d3038751c63bc2aadc06d\",\"name\":\"ulqini\",\"sameAs\":[\"http:\/\/www.visit-ulcinj.com\"],\"url\":\"https:\/\/www.visit-ulcinj.com\/blog\/author\/admin\/\"}]}<\/script>\n<!-- \/ Yoast SEO plugin. -->","yoast_head_json":{"title":"Topi k\u00ebshillon p\u00ebr maturi lider\u00ebt shqiptar\u00eb t\u00eb Malit t\u00eb Zi - Lajme nga Ulqini","description":"Ulqin, 1 korrik\u00a0 - Gjat\u00eb q\u00ebndrimit t\u00eb tij n\u00eb Malin e Zi n\u00eb kuad\u00ebr t\u00eb Samitit t\u00eb SEECP, Presidenti i Shqip\u00ebris\u00eb Bamir Topi vizitoi qytetin e Ulqinit ku u","robots":{"index":"index","follow":"follow","max-snippet":"max-snippet:-1","max-image-preview":"max-image-preview:large","max-video-preview":"max-video-preview:-1"},"canonical":"https:\/\/www.visit-ulcinj.com\/blog\/2011\/07\/01\/topi-keshillon-per-maturi-lideret-shqiptare-te-malit-te-zi\/","og_locale":"en_US","og_type":"article","og_title":"Topi k\u00ebshillon p\u00ebr maturi lider\u00ebt shqiptar\u00eb t\u00eb Malit t\u00eb Zi - Lajme nga Ulqini","og_description":"Ulqin, 1 korrik\u00a0 - Gjat\u00eb q\u00ebndrimit t\u00eb tij n\u00eb Malin e Zi n\u00eb kuad\u00ebr t\u00eb Samitit t\u00eb SEECP, Presidenti i Shqip\u00ebris\u00eb Bamir Topi vizitoi qytetin e Ulqinit ku u","og_url":"https:\/\/www.visit-ulcinj.com\/blog\/2011\/07\/01\/topi-keshillon-per-maturi-lideret-shqiptare-te-malit-te-zi\/","og_site_name":"Lajme nga Ulqini","article_published_time":"2011-07-01T16:34:42+00:00","article_modified_time":"2011-07-05T14:32:43+00:00","og_image":[{"url":"https:\/\/www.visit-ulcinj.com\/blog\/wp-content\/uploads\/2011\/07\/SEECP-BUDVA_Montenegro_Bamir-Topi-150x150.jpg"}],"twitter_misc":{"Written by":"ulqini","Est. reading time":"1 minute"},"schema":{"@context":"https:\/\/schema.org","@graph":[{"@type":"WebSite","@id":"https:\/\/www.visit-ulcinj.com\/blog\/#website","url":"https:\/\/www.visit-ulcinj.com\/blog\/","name":"Lajme nga Ulqini","description":"Lajme,Vijesti,Ulqini,Ulqin,Crna Gora,Mali i Zi","potentialAction":[{"@type":"SearchAction","target":{"@type":"EntryPoint","urlTemplate":"https:\/\/www.visit-ulcinj.com\/blog\/?s={search_term_string}"},"query-input":"required name=search_term_string"}],"inLanguage":"en-US"},{"@type":"ImageObject","inLanguage":"en-US","@id":"https:\/\/www.visit-ulcinj.com\/blog\/2011\/07\/01\/topi-keshillon-per-maturi-lideret-shqiptare-te-malit-te-zi\/#primaryimage","url":"https:\/\/www.visit-ulcinj.com\/blog\/wp-content\/uploads\/2011\/07\/SEECP-BUDVA_Montenegro_Bamir-Topi.jpg","contentUrl":"https:\/\/www.visit-ulcinj.com\/blog\/wp-content\/uploads\/2011\/07\/SEECP-BUDVA_Montenegro_Bamir-Topi.jpg","width":"600","height":"398"},{"@type":"WebPage","@id":"https:\/\/www.visit-ulcinj.com\/blog\/2011\/07\/01\/topi-keshillon-per-maturi-lideret-shqiptare-te-malit-te-zi\/#webpage","url":"https:\/\/www.visit-ulcinj.com\/blog\/2011\/07\/01\/topi-keshillon-per-maturi-lideret-shqiptare-te-malit-te-zi\/","name":"Topi k\u00ebshillon p\u00ebr maturi lider\u00ebt shqiptar\u00eb t\u00eb Malit t\u00eb Zi - Lajme nga Ulqini","isPartOf":{"@id":"https:\/\/www.visit-ulcinj.com\/blog\/#website"},"primaryImageOfPage":{"@id":"https:\/\/www.visit-ulcinj.com\/blog\/2011\/07\/01\/topi-keshillon-per-maturi-lideret-shqiptare-te-malit-te-zi\/#primaryimage"},"datePublished":"2011-07-01T16:34:42+00:00","dateModified":"2011-07-05T14:32:43+00:00","author":{"@id":"https:\/\/www.visit-ulcinj.com\/blog\/#\/schema\/person\/dcab619c614d3038751c63bc2aadc06d"},"description":"Ulqin, 1 korrik\u00a0 - Gjat\u00eb q\u00ebndrimit t\u00eb tij n\u00eb Malin e Zi n\u00eb kuad\u00ebr t\u00eb Samitit t\u00eb SEECP, Presidenti i Shqip\u00ebris\u00eb Bamir Topi vizitoi qytetin e Ulqinit ku u","breadcrumb":{"@id":"https:\/\/www.visit-ulcinj.com\/blog\/2011\/07\/01\/topi-keshillon-per-maturi-lideret-shqiptare-te-malit-te-zi\/#breadcrumb"},"inLanguage":"en-US","potentialAction":[{"@type":"ReadAction","target":["https:\/\/www.visit-ulcinj.com\/blog\/2011\/07\/01\/topi-keshillon-per-maturi-lideret-shqiptare-te-malit-te-zi\/"]}]},{"@type":"BreadcrumbList","@id":"https:\/\/www.visit-ulcinj.com\/blog\/2011\/07\/01\/topi-keshillon-per-maturi-lideret-shqiptare-te-malit-te-zi\/#breadcrumb","itemListElement":[{"@type":"ListItem","position":1,"name":"Topi k\u00ebshillon p\u00ebr maturi lider\u00ebt shqiptar\u00eb t\u00eb Malit t\u00eb Zi"}]},{"@type":"Person","@id":"https:\/\/www.visit-ulcinj.com\/blog\/#\/schema\/person\/dcab619c614d3038751c63bc2aadc06d","name":"ulqini","sameAs":["http:\/\/www.visit-ulcinj.com"],"url":"https:\/\/www.visit-ulcinj.com\/blog\/author\/admin\/"}]}},"jetpack_featured_media_url":"","jetpack_sharing_enabled":true,"jetpack_shortlink":"https:\/\/wp.me\/pe6lTn-cAM","_links":{"self":[{"href":"https:\/\/www.visit-ulcinj.com\/blog\/wp-json\/wp\/v2\/posts\/48408"}],"collection":[{"href":"https:\/\/www.visit-ulcinj.com\/blog\/wp-json\/wp\/v2\/posts"}],"about":[{"href":"https:\/\/www.visit-ulcinj.com\/blog\/wp-json\/wp\/v2\/types\/post"}],"author":[{"embeddable":true,"href":"https:\/\/www.visit-ulcinj.com\/blog\/wp-json\/wp\/v2\/users\/1"}],"replies":[{"embeddable":true,"href":"https:\/\/www.visit-ulcinj.com\/blog\/wp-json\/wp\/v2\/comments?post=48408"}],"version-history":[{"count":4,"href":"https:\/\/www.visit-ulcinj.com\/blog\/wp-json\/wp\/v2\/posts\/48408\/revisions"}],"predecessor-version":[{"id":48513,"href":"https:\/\/www.visit-ulcinj.com\/blog\/wp-json\/wp\/v2\/posts\/48408\/revisions\/48513"}],"wp:attachment":[{"href":"https:\/\/www.visit-ulcinj.com\/blog\/wp-json\/wp\/v2\/media?parent=48408"}],"wp:term":[{"taxonomy":"category","embeddable":true,"href":"https:\/\/www.visit-ulcinj.com\/blog\/wp-json\/wp\/v2\/categories?post=48408"},{"taxonomy":"post_tag","embeddable":true,"href":"https:\/\/www.visit-ulcinj.com\/blog\/wp-json\/wp\/v2\/tags?post=48408"}],"curies":[{"name":"wp","href":"https:\/\/api.w.org\/{rel}","templated":true}]}}