{"id":48417,"date":"2011-07-02T15:17:11","date_gmt":"2011-07-02T14:17:11","guid":{"rendered":"http:\/\/www.visit-ulcinj.com\/blog\/?p=48417"},"modified":"2011-07-02T15:17:11","modified_gmt":"2011-07-02T14:17:11","slug":"formohet-unioni-i-operatoreve-turistike-shqiptare","status":"publish","type":"post","link":"https:\/\/www.visit-ulcinj.com\/blog\/2011\/07\/02\/formohet-unioni-i-operatoreve-turistike-shqiptare\/","title":{"rendered":"Formohet Unioni i Operator\u00ebve Turistik\u00eb Shqiptar\u00eb"},"content":{"rendered":"<p><a href=\"http:\/\/www.visit-ulcinj.com\/blog\/wp-content\/uploads\/2011\/07\/Formohet-Unioni-i-Operatoreve-Turistike-Shqiptare.jpg\"><img loading=\"lazy\" class=\"alignleft size-full wp-image-48418\" title=\"Formohet Unioni i Operatoreve Turistike Shqiptare\" src=\"http:\/\/www.visit-ulcinj.com\/blog\/wp-content\/uploads\/2011\/07\/Formohet-Unioni-i-Operatoreve-Turistike-Shqiptare.jpg\" alt=\"\" width=\"330\" height=\"466\" srcset=\"https:\/\/www.visit-ulcinj.com\/blog\/wp-content\/uploads\/2011\/07\/Formohet-Unioni-i-Operatoreve-Turistike-Shqiptare.jpg 330w, https:\/\/www.visit-ulcinj.com\/blog\/wp-content\/uploads\/2011\/07\/Formohet-Unioni-i-Operatoreve-Turistike-Shqiptare-212x300.jpg 212w\" sizes=\"(max-width: 330px) 100vw, 330px\" \/><\/a>Shoqata t\u00eb operator\u00ebve turistik\u00eb nga Shqip\u00ebria, Maqedonia, Mali i Zi e Kosova kan\u00eb krijuar organizat\u00ebn e turizmit rajonal, q\u00eb nxit dhe menaxhon veprimtarin\u00eb n\u00eb nj\u00eb sektor t\u00eb r\u00ebnd\u00ebsish\u00ebm p\u00ebr ekonomin\u00eb e shteteve fqinje. Sadik Malaj, kryetar i Unionit t\u00eb Operator\u00ebve Turistik\u00eb Shqiptar\u00eb, UOPSH, e shikon bashk\u00ebpunimin rajonal si nj\u00eb baz\u00eb suksesi p\u00ebr t\u00eb gjitha vendet.<\/p>\n<p>Ai n\u00eb nj\u00eb bised\u00eb me DW i referohet kat\u00ebr shteteve kufitare, Shqip\u00ebris\u00eb, Malit t\u00eb Zi, Kosov\u00ebs dhe Maqedonis\u00eb, t\u00eb cilat sipas tij veprojn\u00eb si nj\u00eb &#8220;unitet turistik&#8221; nga njera an\u00eb dhe si nj\u00eb &#8220;treg komplementar&#8221; nga ana tjet\u00ebr. N\u00eb rast se p\u00ebr Malin e Zi p\u00ebrpar\u00ebsi \u00ebsht\u00eb turizmi i r\u00ebr\u00ebs dhe detit, p\u00ebr Shqip\u00ebrin\u00eb \u00ebsht\u00eb trash\u00ebgimia kulturore unike, p\u00ebr Kosov\u00ebn e Maqedonin\u00eb \u00ebsht\u00eb natyra, at\u00ebher\u00eb kjo krijon atraktivitet p\u00ebr t&#8217;i shkelur k\u00ebto kat\u00ebr vende, thot\u00eb Malaj.<\/p>\n<p>&#8220;Mbi k\u00ebt\u00eb baz\u00eb kat\u00ebr organizatat tona, UOPSh i i Shqip\u00ebris\u00eb, Shoqata e Operator\u00ebve n\u00eb Kosov\u00eb, Dhoma Ekonomike p\u00ebr Turizmin e Maqedonis\u00eb dhe Shoqata e Turizmit e Malit t\u00eb Zi kemi krijuar organizat\u00ebn p\u00ebr turizmin rajonal, si nj\u00eb organizat\u00eb ombrell\u00eb, n\u00eb m\u00ebnyr\u00eb q\u00eb t\u00eb koordinojm\u00eb veprimtarit\u00eb tona n\u00eb k\u00ebt\u00eb fush\u00eb&#8221;. Sipas Malajt duke studiuar k\u00ebrkes\u00ebn q\u00eb vjen nga operator\u00ebt europian\u00eb, ajo \u00ebsht\u00eb e kombinuar, dmth q\u00eb k\u00ebrkohet t\u00eb b\u00ebhen ture n\u00eb disa nga shtetet tona me stacione t\u00eb ndryshme n\u00eb territoret p\u00ebrkat\u00ebse.<\/p>\n<p>&#8220;Ne marrim shum\u00eb grupe turistike q\u00eb na vijn\u00eb nga k\u00ebto vende, qoft\u00eb me nj\u00eb dit\u00eb ose m\u00eb shum\u00eb. Gjat\u00eb sezonit t\u00eb ver\u00ebs prurjet turistike q\u00eb kemi nga vendet e rajonit, vet\u00ebm nga Mali i Zi hyjn\u00eb 60 mij\u00eb turist\u00eb nj\u00ebditor\u00eb n\u00eb Shqip\u00ebri dhe m\u00eb shum\u00eb se 50 mij\u00eb vijn\u00eb nga Korfuzi&#8221;. Ekspert\u00eb t\u00eb Unionit t\u00eb Operator\u00ebve Turistik\u00eb Shqiptar\u00eb shikojn\u00eb si domosdoshm\u00ebri p\u00ebr p\u00ebrmir\u00ebsimin e kushteve infrastrukturore n\u00eb pjes\u00ebn e Alpeve, ku ende mungojn\u00eb shum\u00eb rrug\u00ebkalime e shtigje q\u00eb nevojiten p\u00ebr kap\u00ebrcimin e vizitor\u00ebve nga njeri shtet tek tjetri. Vet\u00ebm hapja e nj\u00ebr\u00ebs prej pikave t\u00eb kalimit kufitar, ajo mes \u00c7eremit (Shqip\u00ebri) dhe Plav\u00ebs (Mal t\u00eb Zi), ka tre vite q\u00eb ka mbetur pezull.<\/p>\n<p>Frym\u00ebs s\u00eb bashk\u00ebpunimit q\u00eb kan\u00eb shoqatat e zhvillimit t\u00eb turizmit duhet t&#8217;i p\u00ebrgjigjen autoritetet zyrtare t\u00eb vendeve t\u00eb rajonit p\u00ebr t\u00eb krijuar sa m\u00eb shum\u00eb leht\u00ebsi dhe nxitje t\u00eb investimeve n\u00eb sektor\u00eb specifik\u00eb. Mexhit Zogu, operator turistik, kryesisht p\u00ebr turizmin malor dhe at\u00eb t\u00eb aventur\u00ebs, e shikon \u00e7el\u00ebsin e suksesit tek bashk\u00ebpunimi me pushtetin lokal. Jan\u00eb nj\u00eb s\u00ebr\u00eb problemesh ose pengesash p\u00ebr t\u00eb cilat mund t\u00eb jap\u00eb zgjidhje praktike dhe n\u00eb nj\u00eb koh\u00eb t\u00eb shkurt\u00ebr direkt pushteti lokal, thot\u00eb ai.<\/p>\n<p>&#8220;Q\u00eb t\u00eb krijohet nj\u00eb infrastruktur\u00eb e nevojshme p\u00ebr t&#8217;i b\u00ebr\u00eb ball\u00eb fluksit t\u00eb viztor\u00ebve t\u00eb huaj. Gjithashtu p\u00ebr operator\u00ebt turistik\u00eb t\u00eb zonave malore nj\u00eb mb\u00ebshtetje konkrete do t\u00eb ishte kreditimi me terma t\u00eb but\u00eb ose afatgjat\u00eb p\u00ebr ristrukturimin e bujtinave dhe vendq\u00ebndrimeve tradicionale, q\u00eb jan\u00eb mjaft t\u00ebrheq\u00ebse dhe arg\u00ebtuese p\u00ebr vizitor\u00ebt vendas e t\u00eb huaj&#8221;.<\/p>\n<p><strong>Bota Sot<br \/>\n<!--YouTube Error: bad URL entered--><\/strong><\/p>\n","protected":false},"excerpt":{"rendered":"<p>Shoqata t\u00eb operator\u00ebve turistik\u00eb nga Shqip\u00ebria, Maqedonia, Mali i Zi e Kosova kan\u00eb krijuar organizat\u00ebn e turizmit rajonal, q\u00eb nxit dhe menaxhon veprimtarin\u00eb n\u00eb nj\u00eb sektor t\u00eb r\u00ebnd\u00ebsish\u00ebm p\u00ebr ekonomin\u00eb e shteteve fqinje. Sadik Malaj, kryetar i Unionit t\u00eb Operator\u00ebve Turistik\u00eb Shqiptar\u00eb, UOPSH, e shikon bashk\u00ebpunimin rajonal si nj\u00eb baz\u00eb suksesi p\u00ebr t\u00eb gjitha vendet. [&hellip;]<\/p>\n","protected":false},"author":1,"featured_media":0,"comment_status":"open","ping_status":"closed","sticky":false,"template":"","format":"standard","meta":{"spay_email":"","jetpack_publicize_message":"","jetpack_is_tweetstorm":false,"jetpack_publicize_feature_enabled":true},"categories":[1],"tags":[8870,14887,2798],"jetpack_publicize_connections":[],"yoast_head":"<!-- This site is optimized with the Yoast SEO plugin v19.1 - https:\/\/yoast.com\/wordpress\/plugins\/seo\/ -->\n<title>Formohet Unioni i Operator\u00ebve Turistik\u00eb Shqiptar\u00eb - Lajme nga Ulqini<\/title>\n<meta name=\"description\" content=\"Shoqata t\u00eb operator\u00ebve turistik\u00eb nga Shqip\u00ebria, Maqedonia, Mali i Zi e Kosova kan\u00eb krijuar organizat\u00ebn e turizmit rajonal, q\u00eb nxit dhe menaxhon\" \/>\n<meta name=\"robots\" content=\"index, follow, max-snippet:-1, max-image-preview:large, max-video-preview:-1\" \/>\n<link rel=\"canonical\" href=\"https:\/\/www.visit-ulcinj.com\/blog\/2011\/07\/02\/formohet-unioni-i-operatoreve-turistike-shqiptare\/\" \/>\n<meta property=\"og:locale\" content=\"en_US\" \/>\n<meta property=\"og:type\" content=\"article\" \/>\n<meta property=\"og:title\" content=\"Formohet Unioni i Operator\u00ebve Turistik\u00eb Shqiptar\u00eb - Lajme nga Ulqini\" \/>\n<meta property=\"og:description\" content=\"Shoqata t\u00eb operator\u00ebve turistik\u00eb nga Shqip\u00ebria, Maqedonia, Mali i Zi e Kosova kan\u00eb krijuar organizat\u00ebn e turizmit rajonal, q\u00eb nxit dhe menaxhon\" \/>\n<meta property=\"og:url\" content=\"https:\/\/www.visit-ulcinj.com\/blog\/2011\/07\/02\/formohet-unioni-i-operatoreve-turistike-shqiptare\/\" \/>\n<meta property=\"og:site_name\" content=\"Lajme nga Ulqini\" \/>\n<meta property=\"article:published_time\" content=\"2011-07-02T14:17:11+00:00\" \/>\n<meta property=\"og:image\" content=\"http:\/\/www.visit-ulcinj.com\/blog\/wp-content\/uploads\/2011\/07\/Formohet-Unioni-i-Operatoreve-Turistike-Shqiptare.jpg\" \/>\n<meta name=\"twitter:label1\" content=\"Written by\" \/>\n\t<meta name=\"twitter:data1\" content=\"ulqini\" \/>\n\t<meta name=\"twitter:label2\" content=\"Est. reading time\" \/>\n\t<meta name=\"twitter:data2\" content=\"3 minutes\" \/>\n<script type=\"application\/ld+json\" class=\"yoast-schema-graph\">{\"@context\":\"https:\/\/schema.org\",\"@graph\":[{\"@type\":\"WebSite\",\"@id\":\"https:\/\/www.visit-ulcinj.com\/blog\/#website\",\"url\":\"https:\/\/www.visit-ulcinj.com\/blog\/\",\"name\":\"Lajme nga Ulqini\",\"description\":\"Lajme,Vijesti,Ulqini,Ulqin,Crna Gora,Mali i Zi\",\"potentialAction\":[{\"@type\":\"SearchAction\",\"target\":{\"@type\":\"EntryPoint\",\"urlTemplate\":\"https:\/\/www.visit-ulcinj.com\/blog\/?s={search_term_string}\"},\"query-input\":\"required name=search_term_string\"}],\"inLanguage\":\"en-US\"},{\"@type\":\"ImageObject\",\"inLanguage\":\"en-US\",\"@id\":\"https:\/\/www.visit-ulcinj.com\/blog\/2011\/07\/02\/formohet-unioni-i-operatoreve-turistike-shqiptare\/#primaryimage\",\"url\":\"https:\/\/www.visit-ulcinj.com\/blog\/wp-content\/uploads\/2011\/07\/Formohet-Unioni-i-Operatoreve-Turistike-Shqiptare.jpg\",\"contentUrl\":\"https:\/\/www.visit-ulcinj.com\/blog\/wp-content\/uploads\/2011\/07\/Formohet-Unioni-i-Operatoreve-Turistike-Shqiptare.jpg\",\"width\":\"330\",\"height\":\"466\"},{\"@type\":\"WebPage\",\"@id\":\"https:\/\/www.visit-ulcinj.com\/blog\/2011\/07\/02\/formohet-unioni-i-operatoreve-turistike-shqiptare\/#webpage\",\"url\":\"https:\/\/www.visit-ulcinj.com\/blog\/2011\/07\/02\/formohet-unioni-i-operatoreve-turistike-shqiptare\/\",\"name\":\"Formohet Unioni i Operator\u00ebve Turistik\u00eb Shqiptar\u00eb - Lajme nga Ulqini\",\"isPartOf\":{\"@id\":\"https:\/\/www.visit-ulcinj.com\/blog\/#website\"},\"primaryImageOfPage\":{\"@id\":\"https:\/\/www.visit-ulcinj.com\/blog\/2011\/07\/02\/formohet-unioni-i-operatoreve-turistike-shqiptare\/#primaryimage\"},\"datePublished\":\"2011-07-02T14:17:11+00:00\",\"dateModified\":\"2011-07-02T14:17:11+00:00\",\"author\":{\"@id\":\"https:\/\/www.visit-ulcinj.com\/blog\/#\/schema\/person\/dcab619c614d3038751c63bc2aadc06d\"},\"description\":\"Shoqata t\u00eb operator\u00ebve turistik\u00eb nga Shqip\u00ebria, Maqedonia, Mali i Zi e Kosova kan\u00eb krijuar organizat\u00ebn e turizmit rajonal, q\u00eb nxit dhe menaxhon\",\"breadcrumb\":{\"@id\":\"https:\/\/www.visit-ulcinj.com\/blog\/2011\/07\/02\/formohet-unioni-i-operatoreve-turistike-shqiptare\/#breadcrumb\"},\"inLanguage\":\"en-US\",\"potentialAction\":[{\"@type\":\"ReadAction\",\"target\":[\"https:\/\/www.visit-ulcinj.com\/blog\/2011\/07\/02\/formohet-unioni-i-operatoreve-turistike-shqiptare\/\"]}]},{\"@type\":\"BreadcrumbList\",\"@id\":\"https:\/\/www.visit-ulcinj.com\/blog\/2011\/07\/02\/formohet-unioni-i-operatoreve-turistike-shqiptare\/#breadcrumb\",\"itemListElement\":[{\"@type\":\"ListItem\",\"position\":1,\"name\":\"Formohet Unioni i Operator\u00ebve Turistik\u00eb Shqiptar\u00eb\"}]},{\"@type\":\"Person\",\"@id\":\"https:\/\/www.visit-ulcinj.com\/blog\/#\/schema\/person\/dcab619c614d3038751c63bc2aadc06d\",\"name\":\"ulqini\",\"sameAs\":[\"http:\/\/www.visit-ulcinj.com\"],\"url\":\"https:\/\/www.visit-ulcinj.com\/blog\/author\/admin\/\"}]}<\/script>\n<!-- \/ Yoast SEO plugin. -->","yoast_head_json":{"title":"Formohet Unioni i Operator\u00ebve Turistik\u00eb Shqiptar\u00eb - Lajme nga Ulqini","description":"Shoqata t\u00eb operator\u00ebve turistik\u00eb nga Shqip\u00ebria, Maqedonia, Mali i Zi e Kosova kan\u00eb krijuar organizat\u00ebn e turizmit rajonal, q\u00eb nxit dhe menaxhon","robots":{"index":"index","follow":"follow","max-snippet":"max-snippet:-1","max-image-preview":"max-image-preview:large","max-video-preview":"max-video-preview:-1"},"canonical":"https:\/\/www.visit-ulcinj.com\/blog\/2011\/07\/02\/formohet-unioni-i-operatoreve-turistike-shqiptare\/","og_locale":"en_US","og_type":"article","og_title":"Formohet Unioni i Operator\u00ebve Turistik\u00eb Shqiptar\u00eb - Lajme nga Ulqini","og_description":"Shoqata t\u00eb operator\u00ebve turistik\u00eb nga Shqip\u00ebria, Maqedonia, Mali i Zi e Kosova kan\u00eb krijuar organizat\u00ebn e turizmit rajonal, q\u00eb nxit dhe menaxhon","og_url":"https:\/\/www.visit-ulcinj.com\/blog\/2011\/07\/02\/formohet-unioni-i-operatoreve-turistike-shqiptare\/","og_site_name":"Lajme nga Ulqini","article_published_time":"2011-07-02T14:17:11+00:00","og_image":[{"url":"http:\/\/www.visit-ulcinj.com\/blog\/wp-content\/uploads\/2011\/07\/Formohet-Unioni-i-Operatoreve-Turistike-Shqiptare.jpg"}],"twitter_misc":{"Written by":"ulqini","Est. reading time":"3 minutes"},"schema":{"@context":"https:\/\/schema.org","@graph":[{"@type":"WebSite","@id":"https:\/\/www.visit-ulcinj.com\/blog\/#website","url":"https:\/\/www.visit-ulcinj.com\/blog\/","name":"Lajme nga Ulqini","description":"Lajme,Vijesti,Ulqini,Ulqin,Crna Gora,Mali i Zi","potentialAction":[{"@type":"SearchAction","target":{"@type":"EntryPoint","urlTemplate":"https:\/\/www.visit-ulcinj.com\/blog\/?s={search_term_string}"},"query-input":"required name=search_term_string"}],"inLanguage":"en-US"},{"@type":"ImageObject","inLanguage":"en-US","@id":"https:\/\/www.visit-ulcinj.com\/blog\/2011\/07\/02\/formohet-unioni-i-operatoreve-turistike-shqiptare\/#primaryimage","url":"https:\/\/www.visit-ulcinj.com\/blog\/wp-content\/uploads\/2011\/07\/Formohet-Unioni-i-Operatoreve-Turistike-Shqiptare.jpg","contentUrl":"https:\/\/www.visit-ulcinj.com\/blog\/wp-content\/uploads\/2011\/07\/Formohet-Unioni-i-Operatoreve-Turistike-Shqiptare.jpg","width":"330","height":"466"},{"@type":"WebPage","@id":"https:\/\/www.visit-ulcinj.com\/blog\/2011\/07\/02\/formohet-unioni-i-operatoreve-turistike-shqiptare\/#webpage","url":"https:\/\/www.visit-ulcinj.com\/blog\/2011\/07\/02\/formohet-unioni-i-operatoreve-turistike-shqiptare\/","name":"Formohet Unioni i Operator\u00ebve Turistik\u00eb Shqiptar\u00eb - Lajme nga Ulqini","isPartOf":{"@id":"https:\/\/www.visit-ulcinj.com\/blog\/#website"},"primaryImageOfPage":{"@id":"https:\/\/www.visit-ulcinj.com\/blog\/2011\/07\/02\/formohet-unioni-i-operatoreve-turistike-shqiptare\/#primaryimage"},"datePublished":"2011-07-02T14:17:11+00:00","dateModified":"2011-07-02T14:17:11+00:00","author":{"@id":"https:\/\/www.visit-ulcinj.com\/blog\/#\/schema\/person\/dcab619c614d3038751c63bc2aadc06d"},"description":"Shoqata t\u00eb operator\u00ebve turistik\u00eb nga Shqip\u00ebria, Maqedonia, Mali i Zi e Kosova kan\u00eb krijuar organizat\u00ebn e turizmit rajonal, q\u00eb nxit dhe menaxhon","breadcrumb":{"@id":"https:\/\/www.visit-ulcinj.com\/blog\/2011\/07\/02\/formohet-unioni-i-operatoreve-turistike-shqiptare\/#breadcrumb"},"inLanguage":"en-US","potentialAction":[{"@type":"ReadAction","target":["https:\/\/www.visit-ulcinj.com\/blog\/2011\/07\/02\/formohet-unioni-i-operatoreve-turistike-shqiptare\/"]}]},{"@type":"BreadcrumbList","@id":"https:\/\/www.visit-ulcinj.com\/blog\/2011\/07\/02\/formohet-unioni-i-operatoreve-turistike-shqiptare\/#breadcrumb","itemListElement":[{"@type":"ListItem","position":1,"name":"Formohet Unioni i Operator\u00ebve Turistik\u00eb Shqiptar\u00eb"}]},{"@type":"Person","@id":"https:\/\/www.visit-ulcinj.com\/blog\/#\/schema\/person\/dcab619c614d3038751c63bc2aadc06d","name":"ulqini","sameAs":["http:\/\/www.visit-ulcinj.com"],"url":"https:\/\/www.visit-ulcinj.com\/blog\/author\/admin\/"}]}},"jetpack_featured_media_url":"","jetpack_sharing_enabled":true,"jetpack_shortlink":"https:\/\/wp.me\/pe6lTn-cAV","_links":{"self":[{"href":"https:\/\/www.visit-ulcinj.com\/blog\/wp-json\/wp\/v2\/posts\/48417"}],"collection":[{"href":"https:\/\/www.visit-ulcinj.com\/blog\/wp-json\/wp\/v2\/posts"}],"about":[{"href":"https:\/\/www.visit-ulcinj.com\/blog\/wp-json\/wp\/v2\/types\/post"}],"author":[{"embeddable":true,"href":"https:\/\/www.visit-ulcinj.com\/blog\/wp-json\/wp\/v2\/users\/1"}],"replies":[{"embeddable":true,"href":"https:\/\/www.visit-ulcinj.com\/blog\/wp-json\/wp\/v2\/comments?post=48417"}],"version-history":[{"count":1,"href":"https:\/\/www.visit-ulcinj.com\/blog\/wp-json\/wp\/v2\/posts\/48417\/revisions"}],"predecessor-version":[{"id":48419,"href":"https:\/\/www.visit-ulcinj.com\/blog\/wp-json\/wp\/v2\/posts\/48417\/revisions\/48419"}],"wp:attachment":[{"href":"https:\/\/www.visit-ulcinj.com\/blog\/wp-json\/wp\/v2\/media?parent=48417"}],"wp:term":[{"taxonomy":"category","embeddable":true,"href":"https:\/\/www.visit-ulcinj.com\/blog\/wp-json\/wp\/v2\/categories?post=48417"},{"taxonomy":"post_tag","embeddable":true,"href":"https:\/\/www.visit-ulcinj.com\/blog\/wp-json\/wp\/v2\/tags?post=48417"}],"curies":[{"name":"wp","href":"https:\/\/api.w.org\/{rel}","templated":true}]}}