{"id":48422,"date":"2011-07-02T15:53:03","date_gmt":"2011-07-02T14:53:03","guid":{"rendered":"http:\/\/www.visit-ulcinj.com\/blog\/?p=48422"},"modified":"2011-07-02T16:18:00","modified_gmt":"2011-07-02T15:18:00","slug":"hoteli-puni-u-ulcinjskoj-rivijeri","status":"publish","type":"post","link":"https:\/\/www.visit-ulcinj.com\/blog\/2011\/07\/02\/hoteli-puni-u-ulcinjskoj-rivijeri\/","title":{"rendered":"Hoteli puni u Ulcinjskoj rivijeri"},"content":{"rendered":"<p><a href=\"http:\/\/www.visit-ulcinj.com\/blog\/wp-content\/uploads\/2011\/07\/Portparol_HTP_Ulcinjska-rivijera_Ana-Zivanovic.jpg\"><img loading=\"lazy\" class=\"alignleft size-full wp-image-48423\" title=\"Portparol_HTP_Ulcinjska rivijera_Ana Zivanovic\" src=\"http:\/\/www.visit-ulcinj.com\/blog\/wp-content\/uploads\/2011\/07\/Portparol_HTP_Ulcinjska-rivijera_Ana-Zivanovic.jpg\" alt=\"\" width=\"330\" height=\"430\" \/><\/a>Zadovoljni su i ulcinjski hotelijeri. Portparol HTP &#8220;Ulcinjska rivijera\u201c Ana \u017divanovi\u0107 isti\u010de da su hoteli &#8220;Olimpik\u201c i &#8220;Belvi\u201c puni, a da je sve vi\u0161e nudista u naselju &#8220;Bojana\u201c na ostrvu Ada.<br \/>\n&#8220;Kod nas je sezona bolja nego lane, \u0161to je rezultat renoviranja &#8220;Belvija\u201c, ali i dobre kampanje koju smo imali tokom zime i ranog prolje\u0107a, i naravno pristupa\u010dnih cijena\u201c, naglasila je \u017divanovi\u0107.<br \/>\nGosti su mahom Poljaci, \u010cesi i Njemci, ali sti\u017eu i oni iz regiona.<\/p>\n<p>Pune pla\u017ee, veliki broj vozila na ulicama, gu\u017eve u prodavnicama i kafi\u0107ima svjedo\u010de o tome daje gostiju mnogo vi\u0161e od registrovanog broja. Da bi se izbjegao kolaps u saobra\u0107aju i da bi se pje\u0161acima omogu\u0107ila nesmetana \u0161etnja, ve\u0107 nekoliko ve\u010deri dio puta prema Maloj pla\u017ei kao i Mala pla\u017ea pretvoreni su u pje\u0161a\u010dku zonu.<\/p>\n<p>U hotelima Ulcinjske rivijere trenutno boravi 650 gostiju, \u0161to je 150 odsto vi\u0161e nego u istom periodu pro\u0161le godine. Do kraja juna \u0107e biti nadokna\u0111eni minusi iz zimske sezone u hotelskom preduze\u0107u, a u julu se o\u010dekuju novi rekordi u ostvarenom broju no\u0107enja.<\/p>\n<p>U hotelima &#8220;Olympic&#8221;, &#8220;Bellevue&#8221; i &#8220;Ada Bojana&#8221; trenutno borave agencijski gosti iz \u010ce\u0161ke, Poljske, Rusije i Njema\u010dke, kao i ko\u0161arka\u0161ki kampovi sa Kosova i iz Albanije. Goste u hotelima je do\u010dekalo mnogo novog u ponudi, a cijene su ostale na nivou pro\u0161logodi\u0161njih i kre\u0107u se od 24 eura u junu do 40 eura u \u0161picu sezone za polupansion po osobi dnevno.<\/p>\n<p>Cijene u vanpansionu u Ulcinju su najjeftinije na \u010ditavom primorju pa se tako komplet suncobrana i le\u017ealjki mo\u017ee iznajmiti po cijeni od \u010detiri do sedam eura, kafa se mo\u017ee popiti za 80 centi do 1,5 eura, kokakola ko\u0161ta od 1,5 euro do dva eura, a \u010da\u0161ica loze jedan euro.<br \/>\n<a href=\"http:\/\/www.visit-ulcinj.com\/blog\/wp-content\/uploads\/2011\/07\/Hoteli-puni-u-Ulcinjskoj-rivijeri_Crna-Gora.jpg\"><img loading=\"lazy\" class=\"alignleft size-full wp-image-48424\" title=\"Hoteli puni u Ulcinjskoj rivijeri_Crna Gora\" src=\"http:\/\/www.visit-ulcinj.com\/blog\/wp-content\/uploads\/2011\/07\/Hoteli-puni-u-Ulcinjskoj-rivijeri_Crna-Gora.jpg\" alt=\"\" width=\"508\" height=\"340\" \/><\/a><\/p>\n<p>Pored najljep\u0161ih pla\u017ea i niskih cijena, Ulcinj nudi niz atraktivnosti za svakog posjetioca. Velika pla\u017ea i Ada Bojana idealne su lokacije za sportove kao \u0161to su surfing, jedrenje, windsurf i katesurf.<\/p>\n<p>U privatnom smje\u0161taju cijene se kre\u0107u od \u0161est do 12 eura zavisno od lokacije i kvaliteta smje\u0161taja.<br \/>\n<a href=\"http:\/\/www.visit-ulcinj.com\/blog\/wp-content\/uploads\/2011\/07\/Cjenovnik-za-sezonu-2011.HTP_Ulcinjska-Rivijera.jpg\"><img loading=\"lazy\" class=\"alignleft size-full wp-image-48426\" title=\"Cjenovnik za sezonu 2011.HTP_Ulcinjska Rivijera\" src=\"http:\/\/www.visit-ulcinj.com\/blog\/wp-content\/uploads\/2011\/07\/Cjenovnik-za-sezonu-2011.HTP_Ulcinjska-Rivijera.jpg\" alt=\"\" width=\"508\" height=\"330\" \/><\/a><br \/>\n&#8211; Cijene su date u eurima na bazi polupansiona po osobi dnevno<br \/>\n&#8211; U hotelu Olympic i na Adi Bojani doru\u010dak i ve\u010dera &#8211; \u0161vedski sto<br \/>\n&#8211; U hotelu Bellevue doru\u010dak \u2013 \u0161vedski sto, ve\u010dera &#8211; po izboru<br \/>\nPopusti:<br \/>\n&#8211; Cijene se odnose na individualne dolaske, a za dolazak ve\u0107ih grupa \u2013 specijalni popusti na ponu\u0111ene cijene + gratisi (1 gratis na 25 osoba)<br \/>\n&#8211; Za djecu do 2 godine starosti boravak je gratis<br \/>\n&#8211; Djeca do 10 godina starosti u\u017eivaju 30% popusta u posebnom le\u017eaju, dok u le\u017eaju<br \/>\nroditelja imaju 50% popusta<br \/>\n&#8211; Popust za tre\u0107i le\u017eaj iznosi 20%<br \/>\nDoplate:<br \/>\n&#8211; Boravi\u0161na taksa i osiguranje 1 euro po osobi dnevno, djeca do 12 godina ne pla\u0107aju boravi\u0161ni taksu<br \/>\n&#8211; Minimum kori\u0161\u0107enja pansiona je tri dana, ispod tri dana cijena se uve\u0107ava za 20%<br \/>\n&#8211; Doplata za puni pansion je 20 %<br \/>\n&#8211; Doplata za 1\/1 sobu je 30% (na Adi Bojani L doplata je 60%)<\/p>\n<p>Slu\u017eba prodaje<br \/>\nHTP ULCINJSKA RIVIJERA<br \/>\nHTP \u201eUlcinjska rivijera\u201c a.d. Ulcinj<br \/>\nSlu\u017eba prodaje tel. 00382 30 455 059 fax. 00382 30 455 058<br \/>\nIzvr\u0161ni direktor tel. 00382 30 411 864<br \/>\n<strong>e-mail: <a href=\"mailto: ulrivijera@t-com.me\" target=\"_blank\">ulrivijera@t-com.me<\/a><\/strong><br \/>\n<strong><a href=\"http:\/\/www.ulcinjska-rivijera.com\" target=\"_blank\">www.ulcinjska-rivijera.com<\/a><\/strong><\/p>\n<!--YouTube Error: bad URL entered-->\n","protected":false},"excerpt":{"rendered":"<p>Zadovoljni su i ulcinjski hotelijeri. Portparol HTP &#8220;Ulcinjska rivijera\u201c Ana \u017divanovi\u0107 isti\u010de da su hoteli &#8220;Olimpik\u201c i &#8220;Belvi\u201c puni, a da je sve vi\u0161e nudista u naselju &#8220;Bojana\u201c na ostrvu Ada. &#8220;Kod nas je sezona bolja nego lane, \u0161to je rezultat renoviranja &#8220;Belvija\u201c, ali i dobre kampanje koju smo imali tokom zime i ranog prolje\u0107a, [&hellip;]<\/p>\n","protected":false},"author":1,"featured_media":0,"comment_status":"open","ping_status":"closed","sticky":false,"template":"","format":"standard","meta":{"spay_email":"","jetpack_publicize_message":"","jetpack_is_tweetstorm":false,"jetpack_publicize_feature_enabled":true},"categories":[8337],"tags":[18057,11253,18407,18558,18559,13888,10345,19],"jetpack_publicize_connections":[],"yoast_head":"<!-- This site is optimized with the Yoast SEO plugin v19.1 - https:\/\/yoast.com\/wordpress\/plugins\/seo\/ -->\n<title>Hoteli puni u Ulcinjskoj rivijeri - Lajme nga Ulqini<\/title>\n<meta name=\"description\" content=\"Zadovoljni su i ulcinjski hotelijeri. Portparol HTP &quot;Ulcinjska rivijera\u201c Ana \u017divanovi\u0107 isti\u010de da su hoteli &quot;Olimpik\u201c i &quot;Belvi\u201c puni, a da je sve vi\u0161e\" \/>\n<meta name=\"robots\" content=\"index, follow, max-snippet:-1, max-image-preview:large, max-video-preview:-1\" \/>\n<link rel=\"canonical\" href=\"https:\/\/www.visit-ulcinj.com\/blog\/2011\/07\/02\/hoteli-puni-u-ulcinjskoj-rivijeri\/\" \/>\n<meta property=\"og:locale\" content=\"en_US\" \/>\n<meta property=\"og:type\" content=\"article\" \/>\n<meta property=\"og:title\" content=\"Hoteli puni u Ulcinjskoj rivijeri - Lajme nga Ulqini\" \/>\n<meta property=\"og:description\" content=\"Zadovoljni su i ulcinjski hotelijeri. Portparol HTP &quot;Ulcinjska rivijera\u201c Ana \u017divanovi\u0107 isti\u010de da su hoteli &quot;Olimpik\u201c i &quot;Belvi\u201c puni, a da je sve vi\u0161e\" \/>\n<meta property=\"og:url\" content=\"https:\/\/www.visit-ulcinj.com\/blog\/2011\/07\/02\/hoteli-puni-u-ulcinjskoj-rivijeri\/\" \/>\n<meta property=\"og:site_name\" content=\"Lajme nga Ulqini\" \/>\n<meta property=\"article:published_time\" content=\"2011-07-02T14:53:03+00:00\" \/>\n<meta property=\"article:modified_time\" content=\"2011-07-02T15:18:00+00:00\" \/>\n<meta property=\"og:image\" content=\"http:\/\/www.visit-ulcinj.com\/blog\/wp-content\/uploads\/2011\/07\/Portparol_HTP_Ulcinjska-rivijera_Ana-Zivanovic.jpg\" \/>\n<meta name=\"twitter:label1\" content=\"Written by\" \/>\n\t<meta name=\"twitter:data1\" content=\"ulqini\" \/>\n\t<meta name=\"twitter:label2\" content=\"Est. reading time\" \/>\n\t<meta name=\"twitter:data2\" content=\"3 minutes\" \/>\n<script type=\"application\/ld+json\" class=\"yoast-schema-graph\">{\"@context\":\"https:\/\/schema.org\",\"@graph\":[{\"@type\":\"WebSite\",\"@id\":\"https:\/\/www.visit-ulcinj.com\/blog\/#website\",\"url\":\"https:\/\/www.visit-ulcinj.com\/blog\/\",\"name\":\"Lajme nga Ulqini\",\"description\":\"Lajme,Vijesti,Ulqini,Ulqin,Crna Gora,Mali i Zi\",\"potentialAction\":[{\"@type\":\"SearchAction\",\"target\":{\"@type\":\"EntryPoint\",\"urlTemplate\":\"https:\/\/www.visit-ulcinj.com\/blog\/?s={search_term_string}\"},\"query-input\":\"required name=search_term_string\"}],\"inLanguage\":\"en-US\"},{\"@type\":\"ImageObject\",\"inLanguage\":\"en-US\",\"@id\":\"https:\/\/www.visit-ulcinj.com\/blog\/2011\/07\/02\/hoteli-puni-u-ulcinjskoj-rivijeri\/#primaryimage\",\"url\":\"https:\/\/www.visit-ulcinj.com\/blog\/wp-content\/uploads\/2011\/07\/Portparol_HTP_Ulcinjska-rivijera_Ana-Zivanovic.jpg\",\"contentUrl\":\"https:\/\/www.visit-ulcinj.com\/blog\/wp-content\/uploads\/2011\/07\/Portparol_HTP_Ulcinjska-rivijera_Ana-Zivanovic.jpg\",\"width\":\"412\",\"height\":\"508\"},{\"@type\":\"WebPage\",\"@id\":\"https:\/\/www.visit-ulcinj.com\/blog\/2011\/07\/02\/hoteli-puni-u-ulcinjskoj-rivijeri\/#webpage\",\"url\":\"https:\/\/www.visit-ulcinj.com\/blog\/2011\/07\/02\/hoteli-puni-u-ulcinjskoj-rivijeri\/\",\"name\":\"Hoteli puni u Ulcinjskoj rivijeri - Lajme nga Ulqini\",\"isPartOf\":{\"@id\":\"https:\/\/www.visit-ulcinj.com\/blog\/#website\"},\"primaryImageOfPage\":{\"@id\":\"https:\/\/www.visit-ulcinj.com\/blog\/2011\/07\/02\/hoteli-puni-u-ulcinjskoj-rivijeri\/#primaryimage\"},\"datePublished\":\"2011-07-02T14:53:03+00:00\",\"dateModified\":\"2011-07-02T15:18:00+00:00\",\"author\":{\"@id\":\"https:\/\/www.visit-ulcinj.com\/blog\/#\/schema\/person\/dcab619c614d3038751c63bc2aadc06d\"},\"description\":\"Zadovoljni su i ulcinjski hotelijeri. Portparol HTP \\\"Ulcinjska rivijera\u201c Ana \u017divanovi\u0107 isti\u010de da su hoteli \\\"Olimpik\u201c i \\\"Belvi\u201c puni, a da je sve vi\u0161e\",\"breadcrumb\":{\"@id\":\"https:\/\/www.visit-ulcinj.com\/blog\/2011\/07\/02\/hoteli-puni-u-ulcinjskoj-rivijeri\/#breadcrumb\"},\"inLanguage\":\"en-US\",\"potentialAction\":[{\"@type\":\"ReadAction\",\"target\":[\"https:\/\/www.visit-ulcinj.com\/blog\/2011\/07\/02\/hoteli-puni-u-ulcinjskoj-rivijeri\/\"]}]},{\"@type\":\"BreadcrumbList\",\"@id\":\"https:\/\/www.visit-ulcinj.com\/blog\/2011\/07\/02\/hoteli-puni-u-ulcinjskoj-rivijeri\/#breadcrumb\",\"itemListElement\":[{\"@type\":\"ListItem\",\"position\":1,\"name\":\"Hoteli puni u Ulcinjskoj rivijeri\"}]},{\"@type\":\"Person\",\"@id\":\"https:\/\/www.visit-ulcinj.com\/blog\/#\/schema\/person\/dcab619c614d3038751c63bc2aadc06d\",\"name\":\"ulqini\",\"sameAs\":[\"http:\/\/www.visit-ulcinj.com\"],\"url\":\"https:\/\/www.visit-ulcinj.com\/blog\/author\/admin\/\"}]}<\/script>\n<!-- \/ Yoast SEO plugin. -->","yoast_head_json":{"title":"Hoteli puni u Ulcinjskoj rivijeri - Lajme nga Ulqini","description":"Zadovoljni su i ulcinjski hotelijeri. Portparol HTP \"Ulcinjska rivijera\u201c Ana \u017divanovi\u0107 isti\u010de da su hoteli \"Olimpik\u201c i \"Belvi\u201c puni, a da je sve vi\u0161e","robots":{"index":"index","follow":"follow","max-snippet":"max-snippet:-1","max-image-preview":"max-image-preview:large","max-video-preview":"max-video-preview:-1"},"canonical":"https:\/\/www.visit-ulcinj.com\/blog\/2011\/07\/02\/hoteli-puni-u-ulcinjskoj-rivijeri\/","og_locale":"en_US","og_type":"article","og_title":"Hoteli puni u Ulcinjskoj rivijeri - Lajme nga Ulqini","og_description":"Zadovoljni su i ulcinjski hotelijeri. Portparol HTP \"Ulcinjska rivijera\u201c Ana \u017divanovi\u0107 isti\u010de da su hoteli \"Olimpik\u201c i \"Belvi\u201c puni, a da je sve vi\u0161e","og_url":"https:\/\/www.visit-ulcinj.com\/blog\/2011\/07\/02\/hoteli-puni-u-ulcinjskoj-rivijeri\/","og_site_name":"Lajme nga Ulqini","article_published_time":"2011-07-02T14:53:03+00:00","article_modified_time":"2011-07-02T15:18:00+00:00","og_image":[{"url":"http:\/\/www.visit-ulcinj.com\/blog\/wp-content\/uploads\/2011\/07\/Portparol_HTP_Ulcinjska-rivijera_Ana-Zivanovic.jpg"}],"twitter_misc":{"Written by":"ulqini","Est. reading time":"3 minutes"},"schema":{"@context":"https:\/\/schema.org","@graph":[{"@type":"WebSite","@id":"https:\/\/www.visit-ulcinj.com\/blog\/#website","url":"https:\/\/www.visit-ulcinj.com\/blog\/","name":"Lajme nga Ulqini","description":"Lajme,Vijesti,Ulqini,Ulqin,Crna Gora,Mali i Zi","potentialAction":[{"@type":"SearchAction","target":{"@type":"EntryPoint","urlTemplate":"https:\/\/www.visit-ulcinj.com\/blog\/?s={search_term_string}"},"query-input":"required name=search_term_string"}],"inLanguage":"en-US"},{"@type":"ImageObject","inLanguage":"en-US","@id":"https:\/\/www.visit-ulcinj.com\/blog\/2011\/07\/02\/hoteli-puni-u-ulcinjskoj-rivijeri\/#primaryimage","url":"https:\/\/www.visit-ulcinj.com\/blog\/wp-content\/uploads\/2011\/07\/Portparol_HTP_Ulcinjska-rivijera_Ana-Zivanovic.jpg","contentUrl":"https:\/\/www.visit-ulcinj.com\/blog\/wp-content\/uploads\/2011\/07\/Portparol_HTP_Ulcinjska-rivijera_Ana-Zivanovic.jpg","width":"412","height":"508"},{"@type":"WebPage","@id":"https:\/\/www.visit-ulcinj.com\/blog\/2011\/07\/02\/hoteli-puni-u-ulcinjskoj-rivijeri\/#webpage","url":"https:\/\/www.visit-ulcinj.com\/blog\/2011\/07\/02\/hoteli-puni-u-ulcinjskoj-rivijeri\/","name":"Hoteli puni u Ulcinjskoj rivijeri - Lajme nga Ulqini","isPartOf":{"@id":"https:\/\/www.visit-ulcinj.com\/blog\/#website"},"primaryImageOfPage":{"@id":"https:\/\/www.visit-ulcinj.com\/blog\/2011\/07\/02\/hoteli-puni-u-ulcinjskoj-rivijeri\/#primaryimage"},"datePublished":"2011-07-02T14:53:03+00:00","dateModified":"2011-07-02T15:18:00+00:00","author":{"@id":"https:\/\/www.visit-ulcinj.com\/blog\/#\/schema\/person\/dcab619c614d3038751c63bc2aadc06d"},"description":"Zadovoljni su i ulcinjski hotelijeri. Portparol HTP \"Ulcinjska rivijera\u201c Ana \u017divanovi\u0107 isti\u010de da su hoteli \"Olimpik\u201c i \"Belvi\u201c puni, a da je sve vi\u0161e","breadcrumb":{"@id":"https:\/\/www.visit-ulcinj.com\/blog\/2011\/07\/02\/hoteli-puni-u-ulcinjskoj-rivijeri\/#breadcrumb"},"inLanguage":"en-US","potentialAction":[{"@type":"ReadAction","target":["https:\/\/www.visit-ulcinj.com\/blog\/2011\/07\/02\/hoteli-puni-u-ulcinjskoj-rivijeri\/"]}]},{"@type":"BreadcrumbList","@id":"https:\/\/www.visit-ulcinj.com\/blog\/2011\/07\/02\/hoteli-puni-u-ulcinjskoj-rivijeri\/#breadcrumb","itemListElement":[{"@type":"ListItem","position":1,"name":"Hoteli puni u Ulcinjskoj rivijeri"}]},{"@type":"Person","@id":"https:\/\/www.visit-ulcinj.com\/blog\/#\/schema\/person\/dcab619c614d3038751c63bc2aadc06d","name":"ulqini","sameAs":["http:\/\/www.visit-ulcinj.com"],"url":"https:\/\/www.visit-ulcinj.com\/blog\/author\/admin\/"}]}},"jetpack_featured_media_url":"","jetpack_sharing_enabled":true,"jetpack_shortlink":"https:\/\/wp.me\/pe6lTn-cB0","_links":{"self":[{"href":"https:\/\/www.visit-ulcinj.com\/blog\/wp-json\/wp\/v2\/posts\/48422"}],"collection":[{"href":"https:\/\/www.visit-ulcinj.com\/blog\/wp-json\/wp\/v2\/posts"}],"about":[{"href":"https:\/\/www.visit-ulcinj.com\/blog\/wp-json\/wp\/v2\/types\/post"}],"author":[{"embeddable":true,"href":"https:\/\/www.visit-ulcinj.com\/blog\/wp-json\/wp\/v2\/users\/1"}],"replies":[{"embeddable":true,"href":"https:\/\/www.visit-ulcinj.com\/blog\/wp-json\/wp\/v2\/comments?post=48422"}],"version-history":[{"count":4,"href":"https:\/\/www.visit-ulcinj.com\/blog\/wp-json\/wp\/v2\/posts\/48422\/revisions"}],"predecessor-version":[{"id":48427,"href":"https:\/\/www.visit-ulcinj.com\/blog\/wp-json\/wp\/v2\/posts\/48422\/revisions\/48427"}],"wp:attachment":[{"href":"https:\/\/www.visit-ulcinj.com\/blog\/wp-json\/wp\/v2\/media?parent=48422"}],"wp:term":[{"taxonomy":"category","embeddable":true,"href":"https:\/\/www.visit-ulcinj.com\/blog\/wp-json\/wp\/v2\/categories?post=48422"},{"taxonomy":"post_tag","embeddable":true,"href":"https:\/\/www.visit-ulcinj.com\/blog\/wp-json\/wp\/v2\/tags?post=48422"}],"curies":[{"name":"wp","href":"https:\/\/api.w.org\/{rel}","templated":true}]}}