{"id":48430,"date":"2011-07-02T16:37:11","date_gmt":"2011-07-02T15:37:11","guid":{"rendered":"http:\/\/www.visit-ulcinj.com\/blog\/?p=48430"},"modified":"2011-07-02T16:37:55","modified_gmt":"2011-07-02T15:37:55","slug":"perseritje-e-ankthit-per-valdanosin","status":"publish","type":"post","link":"https:\/\/www.visit-ulcinj.com\/blog\/2011\/07\/02\/perseritje-e-ankthit-per-valdanosin\/","title":{"rendered":"P\u00ebrs\u00ebritje e ankthit p\u00ebr Valdanosin"},"content":{"rendered":"<p><strong><a href=\"http:\/\/www.visit-ulcinj.com\/blog\/wp-content\/uploads\/2011\/07\/P\u00ebrs\u00ebritje-e-ankthit-p\u00ebr-Valdanosin_Riviera-e-Ulqinit.jpg\"><img loading=\"lazy\" class=\"alignleft size-full wp-image-48431\" title=\"P\u00ebrs\u00ebritje e ankthit p\u00ebr Valdanosin_Riviera e Ulqinit\" src=\"http:\/\/www.visit-ulcinj.com\/blog\/wp-content\/uploads\/2011\/07\/P\u00ebrs\u00ebritje-e-ankthit-p\u00ebr-Valdanosin_Riviera-e-Ulqinit.jpg\" alt=\"\" width=\"508\" height=\"380\" srcset=\"https:\/\/www.visit-ulcinj.com\/blog\/wp-content\/uploads\/2011\/07\/P\u00ebrs\u00ebritje-e-ankthit-p\u00ebr-Valdanosin_Riviera-e-Ulqinit.jpg 640w, https:\/\/www.visit-ulcinj.com\/blog\/wp-content\/uploads\/2011\/07\/P\u00ebrs\u00ebritje-e-ankthit-p\u00ebr-Valdanosin_Riviera-e-Ulqinit-300x225.jpg 300w\" sizes=\"(max-width: 508px) 100vw, 508px\" \/><\/a>Enver Mollabeqiri &#8211; Eno<\/strong><\/p>\n<p><strong>Vendimi p\u00ebr hapjen e tenderit t\u00eb ri p\u00ebr Valdanosin dhe NHT \u201cRiviera e Ulqinit\u201d<\/strong><br \/>\nEdhe pse ulliri \u00ebsht\u00eb \u201cbim\u00eb e jet\u00ebs\u201d, \u201cpem\u00eb e bekuar\u201d edhe nga Per\u00ebndia, edhe nga njer\u00ebzit dhe duhet t\u00eb ruhet, t\u00eb kultivohet dhe dashuria\u00a0p\u00ebr t\u00eb, t\u00eb p\u00ebrcillet brez pas brezi, si\u00e7 \u00ebsht\u00eb b\u00ebr\u00eb gjith\u00ebher\u00eb dhe kudo n\u00eb bot\u00eb. Kur k\u00ebsaj i shtojm\u00eb pesh\u00ebn e vlerave historike, t\u00eb tradit\u00ebs, t\u00eb\u00a0mentalitetit, t\u00eb kultur\u00ebs dhe t\u00eb ekonomis\u00eb dhe at\u00eb \u00e7far\u00eb simbolizon Valdanosi p\u00ebr Ulqinin dhe ulqinak\u00ebt, at\u00ebher\u00eb fitohet edhe korniza e duhur.\u00a0Nje vendim i ri i Qeverise se Malit te Zi\u00a0shkaktoi pezmatim dhe riperseritje te\u00a0ndjenjave jo fort te kendshme tek ulqinaket.\u00a0Ullishta e Valdanosit, prape do te\u00a0jete ne procedure te prokurimit dhe pike\u00a0referimi per investimet e ardhshme por,\u00a0kesaj here jepet per 90 vite. Cfare e ka\u00a0shtyre Qeverine qe afatin prej 30 vjetesh\u00a0ta shnderroje ne 90 vjet, eshte e paqarte.\u00a0E paqarte eshte edhe nga fakti qe populli\u00a0i Ulqinit ka shfaqur haptazi mospajtim me\u00a0shitjen dhe njekohesisht vendosmerine\u00a0per kthimin e ullishtes se Valdanosit pronareve\u00a0te ligjshem. Perkunder faktit qe kjo\u00a0eshte kunder te gjitha normave dhe kornizes\u00a0ligjore te Malit te Zi, perkunder faktit\u00a0qe per kete vendim duhet te deklarohet\u00a0dhe te vendose parlamenti shteteror si organi\u00a0me i larte demokratik dhe ligjvenes.\u00a0Perkunder te gjithave, merret nje vendim\u00a0i tille. Ani pse nuk ka pasur investitore serioz,\u00a0te interesuar per ullishten e Valdanosit.\u00a0Edhe pse ceshtja gjendet para organeve gjyqesore dhe eshte kontestuese,\u00a0cka edhe i ka vene ne dyshim investitoret\u00a0serioz.\u00a0Prona e marrur duhet t\u2019u kthehet pronareve\u00a0te ligjshem. Kjo eshte norme ligjore\u00a0kudo ne bote, e edhe tek ne ne Mal te Zi.\u00a0Por, kjo nuk realizohet kur behet fjale per\u00a0pronat ne Valdanos, megjithese ne shumicen\u00a0e rasteve eshte realizuar per komunat\u00a0e tjera ne Mal te Zi.\u00a0Thuhet qe ulqinaket kane marre te holla\u00a0per pronat e Valdanosit. E vertete. Kane\u00a0marre, por kane qene te detyruar t\u2019i shesin\u00a0pronat dhe t\u2019i marrin te hollat, por jo ne\u00a0shume dhe ne vlere te tregut per lokacionet\u00a0e ngjashme.\u00a0Edhe pse prona nuk eshte shfrytezuar per\u00a0destinacionin per te cilin eshte marre, ajo\u00a0prapeseprape nuk kthehet. Ligji edhe per\u00a0kete ceshtje eshte i qarte. Por, si duket,\u00a0fuqia nuk zbrapset as para ligjeve tokesore,\u00a0as para atyre te Perendise. Edhe pse\u00a0ulliri eshte \u201cbime e jetes\u201d, \u201cpeme e bekuar\u201d\u00a0edhe nga Perendia, edhe nga njerezit dhe\u00a0duhet te ruhet, te kultivohet dhe dashuria\u00a0per te, te percillet brez pas brezi, sic eshte\u00a0bere gjithehere dhe kudo ne bote. Kur kesaj i shtojme peshen e vlerave historike,\u00a0te tradites, te mentalitetit, te kultures dhe\u00a0te ekonomise dhe ate cfare simbolizon Valdanosi\u00a0per Ulqinin dhe ulqinaket, atehere\u00a0fitohet edhe korniza e duhur.\u00a0Duhet te theksohet qe Ulqini nuk eshte\u00a0kunder investimeve dhe zhvillimit. Por, per\u00a0ate zhvillim dhe per ato investime duhen\u00a0te perdoren normat dhe kriteret si kudo ne\u00a0Mal te Zi dhe ne bote. Eshte imediate qe\u00a0investitoret potenciale te jene me tradite,\u00a0serioz dhe me filozofi te formuar per vlerat\u00a0e prones dhe per strategjine zhvillimore.\u00a0E njejta gje eshte bere po ashtu edhe\u00a0me \u201cRivieren e Ulqinit\u201d, ne menyre te\u00a0paligjshme per 90 vite dhe me ofrimin e\u00a063.52 per qind te kompanise per shitje.\u00a0Por, duhet thene qe theksi ketu eshte po\u00a0ashtu si ne rastin e pare lokacioni dhe\u00a0trualli, e jo hotelet ekzistues, te cilet jane\u00a0ndertuar para 40 e ca viteve.\u00a0Shtrohet pyetja: cili investitor serioz do t\u2019i\u00a0bleje keto hotele ne kete gjendje pervec\u00a0nese eshte ne pyetje dicka tjeter qe ne nuk\u00a0e dime?!\u00a0Bile i vetmi hotel i cili mund te punoje ne\u00a0ate pjese te qytetit, \u201cOtranti\u201d, mund edhe te mos punoje fare, pasi qe nuk ekziston\u00a0obligimi kontraktual per hapjen e tij. E sa i\u00a0takon germadhave te hoteleve te rrenuar,\u00a0as te mos flasim. Per ata nuk ka as paralajmerim\u00a0per ndertimin e objekteve te reja\u00a0ne vend te tyre.\u00a0Sezoni po afron. Ditet jane gjithnje e me te\u00a0nxehta.<\/p>\n<p>Na dalte me haj\u00ebr.<\/p>\n<p><strong>Enver Mollabeqiri &#8211; Eno<br \/>\nKoha Javore<\/strong><br \/>\n<!--YouTube Error: bad URL entered--><\/p>\n","protected":false},"excerpt":{"rendered":"<p>Enver Mollabeqiri &#8211; Eno Vendimi p\u00ebr hapjen e tenderit t\u00eb ri p\u00ebr Valdanosin dhe NHT \u201cRiviera e Ulqinit\u201d Edhe pse ulliri \u00ebsht\u00eb \u201cbim\u00eb e jet\u00ebs\u201d, \u201cpem\u00eb e bekuar\u201d edhe nga Per\u00ebndia, edhe nga njer\u00ebzit dhe duhet t\u00eb ruhet, t\u00eb kultivohet dhe dashuria\u00a0p\u00ebr t\u00eb, t\u00eb p\u00ebrcillet brez pas brezi, si\u00e7 \u00ebsht\u00eb b\u00ebr\u00eb gjith\u00ebher\u00eb dhe kudo n\u00eb [&hellip;]<\/p>\n","protected":false},"author":1,"featured_media":0,"comment_status":"open","ping_status":"closed","sticky":false,"template":"","format":"standard","meta":{"spay_email":"","jetpack_publicize_message":"","jetpack_is_tweetstorm":false,"jetpack_publicize_feature_enabled":true},"categories":[12],"tags":[9671,11083,200,18,561],"jetpack_publicize_connections":[],"yoast_head":"<!-- This site is optimized with the Yoast SEO plugin v19.1 - https:\/\/yoast.com\/wordpress\/plugins\/seo\/ -->\n<title>P\u00ebrs\u00ebritje e ankthit p\u00ebr Valdanosin - Lajme nga Ulqini<\/title>\n<meta name=\"description\" content=\"Enver Mollabeqiri - Eno Vendimi p\u00ebr hapjen e tenderit t\u00eb ri p\u00ebr Valdanosin dhe NHT \u201cRiviera e Ulqinit\u201d Edhe pse ulliri \u00ebsht\u00eb \u201cbim\u00eb e jet\u00ebs\u201d, \u201cpem\u00eb e\" \/>\n<meta name=\"robots\" content=\"index, follow, max-snippet:-1, max-image-preview:large, max-video-preview:-1\" \/>\n<link rel=\"canonical\" href=\"https:\/\/www.visit-ulcinj.com\/blog\/2011\/07\/02\/perseritje-e-ankthit-per-valdanosin\/\" \/>\n<meta property=\"og:locale\" content=\"en_US\" \/>\n<meta property=\"og:type\" content=\"article\" \/>\n<meta property=\"og:title\" content=\"P\u00ebrs\u00ebritje e ankthit p\u00ebr Valdanosin - Lajme nga Ulqini\" \/>\n<meta property=\"og:description\" content=\"Enver Mollabeqiri - Eno Vendimi p\u00ebr hapjen e tenderit t\u00eb ri p\u00ebr Valdanosin dhe NHT \u201cRiviera e Ulqinit\u201d Edhe pse ulliri \u00ebsht\u00eb \u201cbim\u00eb e jet\u00ebs\u201d, \u201cpem\u00eb e\" \/>\n<meta property=\"og:url\" content=\"https:\/\/www.visit-ulcinj.com\/blog\/2011\/07\/02\/perseritje-e-ankthit-per-valdanosin\/\" \/>\n<meta property=\"og:site_name\" content=\"Lajme nga Ulqini\" \/>\n<meta property=\"article:published_time\" content=\"2011-07-02T15:37:11+00:00\" \/>\n<meta property=\"article:modified_time\" content=\"2011-07-02T15:37:55+00:00\" \/>\n<meta name=\"twitter:label1\" content=\"Written by\" \/>\n\t<meta name=\"twitter:data1\" content=\"ulqini\" \/>\n\t<meta name=\"twitter:label2\" content=\"Est. reading time\" \/>\n\t<meta name=\"twitter:data2\" content=\"4 minutes\" \/>\n<script type=\"application\/ld+json\" class=\"yoast-schema-graph\">{\"@context\":\"https:\/\/schema.org\",\"@graph\":[{\"@type\":\"WebSite\",\"@id\":\"https:\/\/www.visit-ulcinj.com\/blog\/#website\",\"url\":\"https:\/\/www.visit-ulcinj.com\/blog\/\",\"name\":\"Lajme nga Ulqini\",\"description\":\"Lajme,Vijesti,Ulqini,Ulqin,Crna Gora,Mali i Zi\",\"potentialAction\":[{\"@type\":\"SearchAction\",\"target\":{\"@type\":\"EntryPoint\",\"urlTemplate\":\"https:\/\/www.visit-ulcinj.com\/blog\/?s={search_term_string}\"},\"query-input\":\"required name=search_term_string\"}],\"inLanguage\":\"en-US\"},{\"@type\":\"WebPage\",\"@id\":\"https:\/\/www.visit-ulcinj.com\/blog\/2011\/07\/02\/perseritje-e-ankthit-per-valdanosin\/#webpage\",\"url\":\"https:\/\/www.visit-ulcinj.com\/blog\/2011\/07\/02\/perseritje-e-ankthit-per-valdanosin\/\",\"name\":\"P\u00ebrs\u00ebritje e ankthit p\u00ebr Valdanosin - Lajme nga Ulqini\",\"isPartOf\":{\"@id\":\"https:\/\/www.visit-ulcinj.com\/blog\/#website\"},\"datePublished\":\"2011-07-02T15:37:11+00:00\",\"dateModified\":\"2011-07-02T15:37:55+00:00\",\"author\":{\"@id\":\"https:\/\/www.visit-ulcinj.com\/blog\/#\/schema\/person\/dcab619c614d3038751c63bc2aadc06d\"},\"description\":\"Enver Mollabeqiri - Eno Vendimi p\u00ebr hapjen e tenderit t\u00eb ri p\u00ebr Valdanosin dhe NHT \u201cRiviera e Ulqinit\u201d Edhe pse ulliri \u00ebsht\u00eb \u201cbim\u00eb e jet\u00ebs\u201d, \u201cpem\u00eb e\",\"breadcrumb\":{\"@id\":\"https:\/\/www.visit-ulcinj.com\/blog\/2011\/07\/02\/perseritje-e-ankthit-per-valdanosin\/#breadcrumb\"},\"inLanguage\":\"en-US\",\"potentialAction\":[{\"@type\":\"ReadAction\",\"target\":[\"https:\/\/www.visit-ulcinj.com\/blog\/2011\/07\/02\/perseritje-e-ankthit-per-valdanosin\/\"]}]},{\"@type\":\"BreadcrumbList\",\"@id\":\"https:\/\/www.visit-ulcinj.com\/blog\/2011\/07\/02\/perseritje-e-ankthit-per-valdanosin\/#breadcrumb\",\"itemListElement\":[{\"@type\":\"ListItem\",\"position\":1,\"name\":\"P\u00ebrs\u00ebritje e ankthit p\u00ebr Valdanosin\"}]},{\"@type\":\"Person\",\"@id\":\"https:\/\/www.visit-ulcinj.com\/blog\/#\/schema\/person\/dcab619c614d3038751c63bc2aadc06d\",\"name\":\"ulqini\",\"sameAs\":[\"http:\/\/www.visit-ulcinj.com\"],\"url\":\"https:\/\/www.visit-ulcinj.com\/blog\/author\/admin\/\"}]}<\/script>\n<!-- \/ Yoast SEO plugin. -->","yoast_head_json":{"title":"P\u00ebrs\u00ebritje e ankthit p\u00ebr Valdanosin - Lajme nga Ulqini","description":"Enver Mollabeqiri - Eno Vendimi p\u00ebr hapjen e tenderit t\u00eb ri p\u00ebr Valdanosin dhe NHT \u201cRiviera e Ulqinit\u201d Edhe pse ulliri \u00ebsht\u00eb \u201cbim\u00eb e jet\u00ebs\u201d, \u201cpem\u00eb e","robots":{"index":"index","follow":"follow","max-snippet":"max-snippet:-1","max-image-preview":"max-image-preview:large","max-video-preview":"max-video-preview:-1"},"canonical":"https:\/\/www.visit-ulcinj.com\/blog\/2011\/07\/02\/perseritje-e-ankthit-per-valdanosin\/","og_locale":"en_US","og_type":"article","og_title":"P\u00ebrs\u00ebritje e ankthit p\u00ebr Valdanosin - Lajme nga Ulqini","og_description":"Enver Mollabeqiri - Eno Vendimi p\u00ebr hapjen e tenderit t\u00eb ri p\u00ebr Valdanosin dhe NHT \u201cRiviera e Ulqinit\u201d Edhe pse ulliri \u00ebsht\u00eb \u201cbim\u00eb e jet\u00ebs\u201d, \u201cpem\u00eb e","og_url":"https:\/\/www.visit-ulcinj.com\/blog\/2011\/07\/02\/perseritje-e-ankthit-per-valdanosin\/","og_site_name":"Lajme nga Ulqini","article_published_time":"2011-07-02T15:37:11+00:00","article_modified_time":"2011-07-02T15:37:55+00:00","twitter_misc":{"Written by":"ulqini","Est. reading time":"4 minutes"},"schema":{"@context":"https:\/\/schema.org","@graph":[{"@type":"WebSite","@id":"https:\/\/www.visit-ulcinj.com\/blog\/#website","url":"https:\/\/www.visit-ulcinj.com\/blog\/","name":"Lajme nga Ulqini","description":"Lajme,Vijesti,Ulqini,Ulqin,Crna Gora,Mali i Zi","potentialAction":[{"@type":"SearchAction","target":{"@type":"EntryPoint","urlTemplate":"https:\/\/www.visit-ulcinj.com\/blog\/?s={search_term_string}"},"query-input":"required name=search_term_string"}],"inLanguage":"en-US"},{"@type":"WebPage","@id":"https:\/\/www.visit-ulcinj.com\/blog\/2011\/07\/02\/perseritje-e-ankthit-per-valdanosin\/#webpage","url":"https:\/\/www.visit-ulcinj.com\/blog\/2011\/07\/02\/perseritje-e-ankthit-per-valdanosin\/","name":"P\u00ebrs\u00ebritje e ankthit p\u00ebr Valdanosin - Lajme nga Ulqini","isPartOf":{"@id":"https:\/\/www.visit-ulcinj.com\/blog\/#website"},"datePublished":"2011-07-02T15:37:11+00:00","dateModified":"2011-07-02T15:37:55+00:00","author":{"@id":"https:\/\/www.visit-ulcinj.com\/blog\/#\/schema\/person\/dcab619c614d3038751c63bc2aadc06d"},"description":"Enver Mollabeqiri - Eno Vendimi p\u00ebr hapjen e tenderit t\u00eb ri p\u00ebr Valdanosin dhe NHT \u201cRiviera e Ulqinit\u201d Edhe pse ulliri \u00ebsht\u00eb \u201cbim\u00eb e jet\u00ebs\u201d, \u201cpem\u00eb e","breadcrumb":{"@id":"https:\/\/www.visit-ulcinj.com\/blog\/2011\/07\/02\/perseritje-e-ankthit-per-valdanosin\/#breadcrumb"},"inLanguage":"en-US","potentialAction":[{"@type":"ReadAction","target":["https:\/\/www.visit-ulcinj.com\/blog\/2011\/07\/02\/perseritje-e-ankthit-per-valdanosin\/"]}]},{"@type":"BreadcrumbList","@id":"https:\/\/www.visit-ulcinj.com\/blog\/2011\/07\/02\/perseritje-e-ankthit-per-valdanosin\/#breadcrumb","itemListElement":[{"@type":"ListItem","position":1,"name":"P\u00ebrs\u00ebritje e ankthit p\u00ebr Valdanosin"}]},{"@type":"Person","@id":"https:\/\/www.visit-ulcinj.com\/blog\/#\/schema\/person\/dcab619c614d3038751c63bc2aadc06d","name":"ulqini","sameAs":["http:\/\/www.visit-ulcinj.com"],"url":"https:\/\/www.visit-ulcinj.com\/blog\/author\/admin\/"}]}},"jetpack_featured_media_url":"","jetpack_sharing_enabled":true,"jetpack_shortlink":"https:\/\/wp.me\/pe6lTn-cB8","_links":{"self":[{"href":"https:\/\/www.visit-ulcinj.com\/blog\/wp-json\/wp\/v2\/posts\/48430"}],"collection":[{"href":"https:\/\/www.visit-ulcinj.com\/blog\/wp-json\/wp\/v2\/posts"}],"about":[{"href":"https:\/\/www.visit-ulcinj.com\/blog\/wp-json\/wp\/v2\/types\/post"}],"author":[{"embeddable":true,"href":"https:\/\/www.visit-ulcinj.com\/blog\/wp-json\/wp\/v2\/users\/1"}],"replies":[{"embeddable":true,"href":"https:\/\/www.visit-ulcinj.com\/blog\/wp-json\/wp\/v2\/comments?post=48430"}],"version-history":[{"count":2,"href":"https:\/\/www.visit-ulcinj.com\/blog\/wp-json\/wp\/v2\/posts\/48430\/revisions"}],"predecessor-version":[{"id":48433,"href":"https:\/\/www.visit-ulcinj.com\/blog\/wp-json\/wp\/v2\/posts\/48430\/revisions\/48433"}],"wp:attachment":[{"href":"https:\/\/www.visit-ulcinj.com\/blog\/wp-json\/wp\/v2\/media?parent=48430"}],"wp:term":[{"taxonomy":"category","embeddable":true,"href":"https:\/\/www.visit-ulcinj.com\/blog\/wp-json\/wp\/v2\/categories?post=48430"},{"taxonomy":"post_tag","embeddable":true,"href":"https:\/\/www.visit-ulcinj.com\/blog\/wp-json\/wp\/v2\/tags?post=48430"}],"curies":[{"name":"wp","href":"https:\/\/api.w.org\/{rel}","templated":true}]}}