{"id":48445,"date":"2011-07-02T16:49:59","date_gmt":"2011-07-02T15:49:59","guid":{"rendered":"http:\/\/www.visit-ulcinj.com\/blog\/?p=48445"},"modified":"2011-07-02T16:49:59","modified_gmt":"2011-07-02T15:49:59","slug":"ermal-fejzullahu-i-kenaqur-ne-kengen-me-noren","status":"publish","type":"post","link":"https:\/\/www.visit-ulcinj.com\/blog\/2011\/07\/02\/ermal-fejzullahu-i-kenaqur-ne-kengen-me-noren\/","title":{"rendered":"Ermal Fejzullahu i k\u00ebnaqur n\u00eb k\u00ebng\u00ebn me Nor\u00ebn"},"content":{"rendered":"<p><a href=\"http:\/\/www.visit-ulcinj.com\/blog\/wp-content\/uploads\/2011\/07\/ermali-dhe-nora.jpg\"><img loading=\"lazy\" class=\"alignleft size-full wp-image-48446\" title=\"ermali-dhe-nora\" src=\"http:\/\/www.visit-ulcinj.com\/blog\/wp-content\/uploads\/2011\/07\/ermali-dhe-nora.jpg\" alt=\"\" width=\"320\" height=\"296\" \/><\/a>Nuk do t\u00eb jet\u00eb nj\u00eb k\u00ebng\u00eb e re me video, por dy t\u00eb tilla p\u00ebr k\u00ebng\u00ebtarin shum\u00eb \u201cin\u201d n\u00eb treg, Ermal Fejzullahu. Ishim ne q\u00eb pak dit\u00eb m\u00eb par\u00eb e soll\u00ebm lajmin se ai tashm\u00eb e sjell k\u00ebto dit\u00eb k\u00ebng\u00ebn e re n\u00eb duet me Nora Istrefin. Nd\u00ebrsa Ermali p\u00ebr k\u00ebt\u00eb k\u00ebng\u00eb na tha se \u00ebsht\u00eb shum\u00eb i k\u00ebnaqur dhe se do t\u00eb jet\u00eb nj\u00eb hit vere. Nd\u00ebrsa zbuluam se ai tashm\u00eb e ka p\u00ebrfunduar edhe klipin e k\u00ebng\u00ebs \u201cNafaka jem\u201d, e realizuar n\u00eb Tiran\u00eb nga \u201cMax Production\u201d, e cila do t\u00eb dal\u00eb k\u00ebtyre dit\u00ebve n\u00eb treg.<\/p>\n<p><strong>M. GJ.<\/strong><\/p>\n<p><strong>Kosova sot<br \/>\n<!--YouTube Error: bad URL entered--><\/strong><\/p>\n","protected":false},"excerpt":{"rendered":"<p>Nuk do t\u00eb jet\u00eb nj\u00eb k\u00ebng\u00eb e re me video, por dy t\u00eb tilla p\u00ebr k\u00ebng\u00ebtarin shum\u00eb \u201cin\u201d n\u00eb treg, Ermal Fejzullahu. Ishim ne q\u00eb pak dit\u00eb m\u00eb par\u00eb e soll\u00ebm lajmin se ai tashm\u00eb e sjell k\u00ebto dit\u00eb k\u00ebng\u00ebn e re n\u00eb duet me Nora Istrefin. Nd\u00ebrsa Ermali p\u00ebr k\u00ebt\u00eb k\u00ebng\u00eb na tha se [&hellip;]<\/p>\n","protected":false},"author":1,"featured_media":0,"comment_status":"open","ping_status":"closed","sticky":false,"template":"","format":"standard","meta":{"spay_email":"","jetpack_publicize_message":"","jetpack_is_tweetstorm":false,"jetpack_publicize_feature_enabled":true},"categories":[1],"tags":[7453,4939],"jetpack_publicize_connections":[],"yoast_head":"<!-- This site is optimized with the Yoast SEO plugin v19.1 - https:\/\/yoast.com\/wordpress\/plugins\/seo\/ -->\n<title>Ermal Fejzullahu i k\u00ebnaqur n\u00eb k\u00ebng\u00ebn me Nor\u00ebn - Lajme nga Ulqini<\/title>\n<meta name=\"description\" content=\"Nuk do t\u00eb jet\u00eb nj\u00eb k\u00ebng\u00eb e re me video, por dy t\u00eb tilla p\u00ebr k\u00ebng\u00ebtarin shum\u00eb \u201cin\u201d n\u00eb treg, Ermal Fejzullahu. Ishim ne q\u00eb pak dit\u00eb m\u00eb par\u00eb e soll\u00ebm lajmin\" \/>\n<meta name=\"robots\" content=\"index, follow, max-snippet:-1, max-image-preview:large, max-video-preview:-1\" \/>\n<link rel=\"canonical\" href=\"https:\/\/www.visit-ulcinj.com\/blog\/2011\/07\/02\/ermal-fejzullahu-i-kenaqur-ne-kengen-me-noren\/\" \/>\n<meta property=\"og:locale\" content=\"en_US\" \/>\n<meta property=\"og:type\" content=\"article\" \/>\n<meta property=\"og:title\" content=\"Ermal Fejzullahu i k\u00ebnaqur n\u00eb k\u00ebng\u00ebn me Nor\u00ebn - Lajme nga Ulqini\" \/>\n<meta property=\"og:description\" content=\"Nuk do t\u00eb jet\u00eb nj\u00eb k\u00ebng\u00eb e re me video, por dy t\u00eb tilla p\u00ebr k\u00ebng\u00ebtarin shum\u00eb \u201cin\u201d n\u00eb treg, Ermal Fejzullahu. Ishim ne q\u00eb pak dit\u00eb m\u00eb par\u00eb e soll\u00ebm lajmin\" \/>\n<meta property=\"og:url\" content=\"https:\/\/www.visit-ulcinj.com\/blog\/2011\/07\/02\/ermal-fejzullahu-i-kenaqur-ne-kengen-me-noren\/\" \/>\n<meta property=\"og:site_name\" content=\"Lajme nga Ulqini\" \/>\n<meta property=\"article:published_time\" content=\"2011-07-02T15:49:59+00:00\" \/>\n<meta property=\"og:image\" content=\"http:\/\/www.visit-ulcinj.com\/blog\/wp-content\/uploads\/2011\/07\/ermali-dhe-nora.jpg\" \/>\n<meta name=\"twitter:label1\" content=\"Written by\" \/>\n\t<meta name=\"twitter:data1\" content=\"ulqini\" \/>\n\t<meta name=\"twitter:label2\" content=\"Est. reading time\" \/>\n\t<meta name=\"twitter:data2\" content=\"1 minute\" \/>\n<script type=\"application\/ld+json\" class=\"yoast-schema-graph\">{\"@context\":\"https:\/\/schema.org\",\"@graph\":[{\"@type\":\"WebSite\",\"@id\":\"https:\/\/www.visit-ulcinj.com\/blog\/#website\",\"url\":\"https:\/\/www.visit-ulcinj.com\/blog\/\",\"name\":\"Lajme nga Ulqini\",\"description\":\"Lajme,Vijesti,Ulqini,Ulqin,Crna Gora,Mali i Zi\",\"potentialAction\":[{\"@type\":\"SearchAction\",\"target\":{\"@type\":\"EntryPoint\",\"urlTemplate\":\"https:\/\/www.visit-ulcinj.com\/blog\/?s={search_term_string}\"},\"query-input\":\"required name=search_term_string\"}],\"inLanguage\":\"en-US\"},{\"@type\":\"ImageObject\",\"inLanguage\":\"en-US\",\"@id\":\"https:\/\/www.visit-ulcinj.com\/blog\/2011\/07\/02\/ermal-fejzullahu-i-kenaqur-ne-kengen-me-noren\/#primaryimage\",\"url\":\"http:\/\/www.visit-ulcinj.com\/blog\/wp-content\/uploads\/2011\/07\/ermali-dhe-nora.jpg\",\"contentUrl\":\"http:\/\/www.visit-ulcinj.com\/blog\/wp-content\/uploads\/2011\/07\/ermali-dhe-nora.jpg\"},{\"@type\":\"WebPage\",\"@id\":\"https:\/\/www.visit-ulcinj.com\/blog\/2011\/07\/02\/ermal-fejzullahu-i-kenaqur-ne-kengen-me-noren\/#webpage\",\"url\":\"https:\/\/www.visit-ulcinj.com\/blog\/2011\/07\/02\/ermal-fejzullahu-i-kenaqur-ne-kengen-me-noren\/\",\"name\":\"Ermal Fejzullahu i k\u00ebnaqur n\u00eb k\u00ebng\u00ebn me Nor\u00ebn - Lajme nga Ulqini\",\"isPartOf\":{\"@id\":\"https:\/\/www.visit-ulcinj.com\/blog\/#website\"},\"primaryImageOfPage\":{\"@id\":\"https:\/\/www.visit-ulcinj.com\/blog\/2011\/07\/02\/ermal-fejzullahu-i-kenaqur-ne-kengen-me-noren\/#primaryimage\"},\"datePublished\":\"2011-07-02T15:49:59+00:00\",\"dateModified\":\"2011-07-02T15:49:59+00:00\",\"author\":{\"@id\":\"https:\/\/www.visit-ulcinj.com\/blog\/#\/schema\/person\/dcab619c614d3038751c63bc2aadc06d\"},\"description\":\"Nuk do t\u00eb jet\u00eb nj\u00eb k\u00ebng\u00eb e re me video, por dy t\u00eb tilla p\u00ebr k\u00ebng\u00ebtarin shum\u00eb \u201cin\u201d n\u00eb treg, Ermal Fejzullahu. Ishim ne q\u00eb pak dit\u00eb m\u00eb par\u00eb e soll\u00ebm lajmin\",\"breadcrumb\":{\"@id\":\"https:\/\/www.visit-ulcinj.com\/blog\/2011\/07\/02\/ermal-fejzullahu-i-kenaqur-ne-kengen-me-noren\/#breadcrumb\"},\"inLanguage\":\"en-US\",\"potentialAction\":[{\"@type\":\"ReadAction\",\"target\":[\"https:\/\/www.visit-ulcinj.com\/blog\/2011\/07\/02\/ermal-fejzullahu-i-kenaqur-ne-kengen-me-noren\/\"]}]},{\"@type\":\"BreadcrumbList\",\"@id\":\"https:\/\/www.visit-ulcinj.com\/blog\/2011\/07\/02\/ermal-fejzullahu-i-kenaqur-ne-kengen-me-noren\/#breadcrumb\",\"itemListElement\":[{\"@type\":\"ListItem\",\"position\":1,\"name\":\"Ermal Fejzullahu i k\u00ebnaqur n\u00eb k\u00ebng\u00ebn me Nor\u00ebn\"}]},{\"@type\":\"Person\",\"@id\":\"https:\/\/www.visit-ulcinj.com\/blog\/#\/schema\/person\/dcab619c614d3038751c63bc2aadc06d\",\"name\":\"ulqini\",\"sameAs\":[\"http:\/\/www.visit-ulcinj.com\"],\"url\":\"https:\/\/www.visit-ulcinj.com\/blog\/author\/admin\/\"}]}<\/script>\n<!-- \/ Yoast SEO plugin. -->","yoast_head_json":{"title":"Ermal Fejzullahu i k\u00ebnaqur n\u00eb k\u00ebng\u00ebn me Nor\u00ebn - Lajme nga Ulqini","description":"Nuk do t\u00eb jet\u00eb nj\u00eb k\u00ebng\u00eb e re me video, por dy t\u00eb tilla p\u00ebr k\u00ebng\u00ebtarin shum\u00eb \u201cin\u201d n\u00eb treg, Ermal Fejzullahu. Ishim ne q\u00eb pak dit\u00eb m\u00eb par\u00eb e soll\u00ebm lajmin","robots":{"index":"index","follow":"follow","max-snippet":"max-snippet:-1","max-image-preview":"max-image-preview:large","max-video-preview":"max-video-preview:-1"},"canonical":"https:\/\/www.visit-ulcinj.com\/blog\/2011\/07\/02\/ermal-fejzullahu-i-kenaqur-ne-kengen-me-noren\/","og_locale":"en_US","og_type":"article","og_title":"Ermal Fejzullahu i k\u00ebnaqur n\u00eb k\u00ebng\u00ebn me Nor\u00ebn - Lajme nga Ulqini","og_description":"Nuk do t\u00eb jet\u00eb nj\u00eb k\u00ebng\u00eb e re me video, por dy t\u00eb tilla p\u00ebr k\u00ebng\u00ebtarin shum\u00eb \u201cin\u201d n\u00eb treg, Ermal Fejzullahu. Ishim ne q\u00eb pak dit\u00eb m\u00eb par\u00eb e soll\u00ebm lajmin","og_url":"https:\/\/www.visit-ulcinj.com\/blog\/2011\/07\/02\/ermal-fejzullahu-i-kenaqur-ne-kengen-me-noren\/","og_site_name":"Lajme nga Ulqini","article_published_time":"2011-07-02T15:49:59+00:00","og_image":[{"url":"http:\/\/www.visit-ulcinj.com\/blog\/wp-content\/uploads\/2011\/07\/ermali-dhe-nora.jpg"}],"twitter_misc":{"Written by":"ulqini","Est. reading time":"1 minute"},"schema":{"@context":"https:\/\/schema.org","@graph":[{"@type":"WebSite","@id":"https:\/\/www.visit-ulcinj.com\/blog\/#website","url":"https:\/\/www.visit-ulcinj.com\/blog\/","name":"Lajme nga Ulqini","description":"Lajme,Vijesti,Ulqini,Ulqin,Crna Gora,Mali i Zi","potentialAction":[{"@type":"SearchAction","target":{"@type":"EntryPoint","urlTemplate":"https:\/\/www.visit-ulcinj.com\/blog\/?s={search_term_string}"},"query-input":"required name=search_term_string"}],"inLanguage":"en-US"},{"@type":"ImageObject","inLanguage":"en-US","@id":"https:\/\/www.visit-ulcinj.com\/blog\/2011\/07\/02\/ermal-fejzullahu-i-kenaqur-ne-kengen-me-noren\/#primaryimage","url":"http:\/\/www.visit-ulcinj.com\/blog\/wp-content\/uploads\/2011\/07\/ermali-dhe-nora.jpg","contentUrl":"http:\/\/www.visit-ulcinj.com\/blog\/wp-content\/uploads\/2011\/07\/ermali-dhe-nora.jpg"},{"@type":"WebPage","@id":"https:\/\/www.visit-ulcinj.com\/blog\/2011\/07\/02\/ermal-fejzullahu-i-kenaqur-ne-kengen-me-noren\/#webpage","url":"https:\/\/www.visit-ulcinj.com\/blog\/2011\/07\/02\/ermal-fejzullahu-i-kenaqur-ne-kengen-me-noren\/","name":"Ermal Fejzullahu i k\u00ebnaqur n\u00eb k\u00ebng\u00ebn me Nor\u00ebn - Lajme nga Ulqini","isPartOf":{"@id":"https:\/\/www.visit-ulcinj.com\/blog\/#website"},"primaryImageOfPage":{"@id":"https:\/\/www.visit-ulcinj.com\/blog\/2011\/07\/02\/ermal-fejzullahu-i-kenaqur-ne-kengen-me-noren\/#primaryimage"},"datePublished":"2011-07-02T15:49:59+00:00","dateModified":"2011-07-02T15:49:59+00:00","author":{"@id":"https:\/\/www.visit-ulcinj.com\/blog\/#\/schema\/person\/dcab619c614d3038751c63bc2aadc06d"},"description":"Nuk do t\u00eb jet\u00eb nj\u00eb k\u00ebng\u00eb e re me video, por dy t\u00eb tilla p\u00ebr k\u00ebng\u00ebtarin shum\u00eb \u201cin\u201d n\u00eb treg, Ermal Fejzullahu. Ishim ne q\u00eb pak dit\u00eb m\u00eb par\u00eb e soll\u00ebm lajmin","breadcrumb":{"@id":"https:\/\/www.visit-ulcinj.com\/blog\/2011\/07\/02\/ermal-fejzullahu-i-kenaqur-ne-kengen-me-noren\/#breadcrumb"},"inLanguage":"en-US","potentialAction":[{"@type":"ReadAction","target":["https:\/\/www.visit-ulcinj.com\/blog\/2011\/07\/02\/ermal-fejzullahu-i-kenaqur-ne-kengen-me-noren\/"]}]},{"@type":"BreadcrumbList","@id":"https:\/\/www.visit-ulcinj.com\/blog\/2011\/07\/02\/ermal-fejzullahu-i-kenaqur-ne-kengen-me-noren\/#breadcrumb","itemListElement":[{"@type":"ListItem","position":1,"name":"Ermal Fejzullahu i k\u00ebnaqur n\u00eb k\u00ebng\u00ebn me Nor\u00ebn"}]},{"@type":"Person","@id":"https:\/\/www.visit-ulcinj.com\/blog\/#\/schema\/person\/dcab619c614d3038751c63bc2aadc06d","name":"ulqini","sameAs":["http:\/\/www.visit-ulcinj.com"],"url":"https:\/\/www.visit-ulcinj.com\/blog\/author\/admin\/"}]}},"jetpack_featured_media_url":"","jetpack_sharing_enabled":true,"jetpack_shortlink":"https:\/\/wp.me\/pe6lTn-cBn","_links":{"self":[{"href":"https:\/\/www.visit-ulcinj.com\/blog\/wp-json\/wp\/v2\/posts\/48445"}],"collection":[{"href":"https:\/\/www.visit-ulcinj.com\/blog\/wp-json\/wp\/v2\/posts"}],"about":[{"href":"https:\/\/www.visit-ulcinj.com\/blog\/wp-json\/wp\/v2\/types\/post"}],"author":[{"embeddable":true,"href":"https:\/\/www.visit-ulcinj.com\/blog\/wp-json\/wp\/v2\/users\/1"}],"replies":[{"embeddable":true,"href":"https:\/\/www.visit-ulcinj.com\/blog\/wp-json\/wp\/v2\/comments?post=48445"}],"version-history":[{"count":1,"href":"https:\/\/www.visit-ulcinj.com\/blog\/wp-json\/wp\/v2\/posts\/48445\/revisions"}],"predecessor-version":[{"id":48447,"href":"https:\/\/www.visit-ulcinj.com\/blog\/wp-json\/wp\/v2\/posts\/48445\/revisions\/48447"}],"wp:attachment":[{"href":"https:\/\/www.visit-ulcinj.com\/blog\/wp-json\/wp\/v2\/media?parent=48445"}],"wp:term":[{"taxonomy":"category","embeddable":true,"href":"https:\/\/www.visit-ulcinj.com\/blog\/wp-json\/wp\/v2\/categories?post=48445"},{"taxonomy":"post_tag","embeddable":true,"href":"https:\/\/www.visit-ulcinj.com\/blog\/wp-json\/wp\/v2\/tags?post=48445"}],"curies":[{"name":"wp","href":"https:\/\/api.w.org\/{rel}","templated":true}]}}