{"id":48476,"date":"2011-07-03T13:56:56","date_gmt":"2011-07-03T12:56:56","guid":{"rendered":"http:\/\/www.visit-ulcinj.com\/blog\/?p=48476"},"modified":"2011-07-03T13:56:56","modified_gmt":"2011-07-03T12:56:56","slug":"ulqini-me-cmime-te-njejta","status":"publish","type":"post","link":"https:\/\/www.visit-ulcinj.com\/blog\/2011\/07\/03\/ulqini-me-cmime-te-njejta\/","title":{"rendered":"Ulqini me \u00e7mime t\u00eb nj\u00ebjta"},"content":{"rendered":"<p><a href=\"http:\/\/www.visit-ulcinj.com\/blog\/wp-content\/uploads\/2011\/07\/Ne-Ulqin-num\u00ebr-rekord-i-turist\u00ebve.jpg\"><img loading=\"lazy\" class=\"alignleft size-full wp-image-48477\" title=\"Ne Ulqin num\u00ebr rekord i turist\u00ebve\" src=\"http:\/\/www.visit-ulcinj.com\/blog\/wp-content\/uploads\/2011\/07\/Ne-Ulqin-num\u00ebr-rekord-i-turist\u00ebve.jpg\" alt=\"\" width=\"508\" height=\"380\" \/><\/a>Oferta turistike e Ulqinit, q\u00eb 70 % t\u00eb turist\u00ebve deri tash i ka pasur kosovar, edhe k\u00ebt\u00eb vit do t\u00eb jet\u00eb e ngjashme me at\u00eb t\u00eb viti t\u00eb kaluar, edhe sa i p\u00ebrket \u00e7mimeve, por edhe kushteve q\u00eb do t\u00eb ofrojn\u00eb organizator\u00ebt e shtabit t\u00eb turizmit, q\u00eb \u00ebsht\u00eb themeluar nga komuna e Ulqinit.<\/p>\n<p>Derisa edhe rruga p\u00ebr n\u00eb Ulqin do t\u00eb jet\u00eb me \u00e7mime t\u00eb ngjashme sikurse vjet, pushimet n\u00eb hotelet m\u00eb t\u00eb mira t\u00eb k\u00ebtij vendi, p\u00ebr nj\u00eb familje kat\u00ebran\u00ebtar\u00ebshe, sillen rreth 100 euro p\u00ebr nj\u00eb dit\u00eb.<\/p>\n<p>Kompania \u201cEurokoha\u201d q\u00eb tash \u00ebsht\u00eb edhe investitore n\u00eb plazhin \u201cCopacabana\u201d n\u00eb Ulqin, p\u00ebr nj\u00eb familje 4-an\u00ebtar\u00ebshe n\u00eb nj\u00eb hotel me tri yje dhe kat\u00ebr yje n\u00eb Mal t\u00eb Zi, p\u00ebr nj\u00eb q\u00ebndrim 7-ditor ofron nj\u00eb \u00e7mim mesatar prej 700 eurosh.<\/p>\n<p>\u00c7mime t\u00eb ngjashme, p\u00ebr hotelet m\u00eb t\u00eb mira, kan\u00eb qen\u00eb n\u00eb ofertat e kompanive turistike edhe n\u00eb vitin 2010, kurse p\u00ebr akomodime t\u00eb tjera, si\u00e7 jan\u00eb ato n\u00ebp\u00ebr sht\u00ebpi private, \u00e7mimet silleshin mesatarisht nga 25 euro deri n\u00eb 30 euro p\u00ebr gjysm\u00eb pansioni.<br \/>\n<a href=\"http:\/\/www.visit-ulcinj.com\/blog\/wp-content\/uploads\/2011\/07\/Ne-Ulqin-num\u00ebr-rekord-i-turist\u00ebve.1.jpg\"><img loading=\"lazy\" class=\"alignleft size-full wp-image-48478\" title=\"Ne Ulqin num\u00ebr rekord i turist\u00ebve.1\" src=\"http:\/\/www.visit-ulcinj.com\/blog\/wp-content\/uploads\/2011\/07\/Ne-Ulqin-num\u00ebr-rekord-i-turist\u00ebve.1.jpg\" alt=\"\" width=\"508\" height=\"330\" \/><\/a><\/p>\n<p>T\u00eb gjith\u00eb ata q\u00eb janar p\u00ebrgjegj\u00ebs p\u00ebr mbar\u00ebvajtjen e turizmit n\u00eb k\u00ebt\u00eb qytetet, duke filluar nga strukturat komunale, por edhe bizneset, p\u00ebr \u00e7mimet p\u00ebr sh\u00ebrbime t\u00eb tjera e ushqime krejt pun\u00ebn ia kan\u00eb l\u00ebn\u00eb \u201cn\u00eb dor\u00eb\u201d tregut dhe fluksit t\u00eb turist\u00ebve.<\/p>\n<p>Ata presin q\u00eb \u00e7mimet e sh\u00ebrbimeve, ushqimeve dhe pagesave p\u00ebr atraksione t\u00eb \u201cfluturojn\u00eb\u201d bashk\u00eb me shtimin e numrit t\u00eb turist\u00ebve, megjithat\u00eb vler\u00ebsojn\u00eb q\u00eb ato t\u00eb jen\u00eb n\u00eb kufij normal\u00eb dhe t\u00eb krahasueshme me \u00e7mimet e vitit 2010.<\/p>\n<p>Megjith\u00ebse \u00e7mimet ia kan\u00eb l\u00ebn\u00eb \u201cn\u00eb dor\u00eb\u201d tregut dhe numrit t\u00eb turist\u00ebve q\u00eb do t\u00eb ken\u00eb sivjet, drejtuesit e komun\u00ebs \u00eb Ulqinit thon\u00eb se k\u00ebt\u00eb vit problemi me rrym\u00eb e uj\u00eb as q\u00eb do t\u00eb diskutohet.<\/p>\n<p>Ali Rexha, drejtor i Organizat\u00ebs Turistike t\u00eb Ulqinit thot\u00eb: \u201cSivjet kemi rritur kapacitetet prit\u00ebse dhe kemi themeluar shtabin p\u00ebr k\u00ebt\u00eb sezon, me \u00e7ka turist\u00ebve u garantojn\u00eb uj\u00eb e rrym\u00eb pand\u00ebrprer\u00eb dhe past\u00ebrti n\u00eb nivel t\u00eb lart\u00eb\u201d.<\/p>\n<p>Ai thot\u00eb se jan\u00eb kujdesur q\u00eb k\u00ebt\u00eb ver\u00eb t\u00eb ket\u00eb edhe transport publik sa m\u00eb shum\u00eb, por brengosen se p\u00ebr shkak t\u00eb investimeve n\u00ebp\u00ebr rrug\u00eb, q\u00eb \u00ebsht\u00eb duke i b\u00ebr\u00eb Ulqini tash, edhe mund t\u00eb ket\u00eb pritje.<\/p>\n<p>\u201c\u00c7do vit ka p\u00ebrmir\u00ebsime. Sivjet kemi nj\u00eb ofert\u00eb m\u00eb t\u00eb mir\u00eb se n\u00eb t\u00eb kaluar\u00ebn, ku sivjet jan\u00eb hapur kat\u00ebr hotele apo gjithsej jan\u00eb 23 hotele. K\u00ebto hotele jan\u00eb me tre e kat\u00ebr yje. Sa i p\u00ebrket akomodimeve private punohet zellsh\u00ebm n\u00eb k\u00ebt\u00eb drejtim dhe ato po ngrihen nga viti n\u00eb vit\u201d, thot\u00eb Rexha.<br \/>\n<a href=\"http:\/\/www.visit-ulcinj.com\/blog\/wp-content\/uploads\/2011\/07\/Ne-Ulqin-num\u00ebr-rekord-i-turist\u00ebve.2.jpg\"><img loading=\"lazy\" class=\"alignleft size-full wp-image-48479\" title=\"Ne Ulqin num\u00ebr rekord i turist\u00ebve.2\" src=\"http:\/\/www.visit-ulcinj.com\/blog\/wp-content\/uploads\/2011\/07\/Ne-Ulqin-num\u00ebr-rekord-i-turist\u00ebve.2.jpg\" alt=\"\" width=\"508\" height=\"330\" \/><\/a><\/p>\n<p>Komuna e Ulqinit nuk disponon me shifra t\u00eb sakta p\u00ebr sa i p\u00ebrket numrit t\u00eb turist\u00ebve q\u00eb vizitojn\u00eb k\u00ebt\u00eb vend, pasi q\u00eb regjistrimi i turist\u00ebve b\u00ebhet vet\u00ebm n\u00ebp\u00ebr hotele, dhe jo n\u00eb t\u00eb gjitha, kurse ata q\u00eb vendos\u00ebn n\u00ebp\u00ebr sht\u00ebpi private mund t\u00eb dihet kur kan\u00eb hyr\u00eb e dal\u00eb nga kufiri.<\/p>\n<p>Edhe pse nuk kan\u00eb shifra, udh\u00ebheq\u00ebsit e k\u00ebsaj komune e cil\u00ebsojn\u00eb sezonin e vitit t\u00eb kaluar si m\u00eb t\u00eb mirin, kurse sivjet presin q\u00eb t\u00eb thyejn\u00eb rekord t\u00eb ri.<\/p>\n<p>Sipas kryetari t\u00eb komun\u00ebs s\u00eb Ulqinit, G\u00ebzim Hajdinaga, trazirat q\u00eb kan\u00eb plasur n\u00eb vendet arabe si Egjipti, Tunizia etj, do t\u00eb sjellin turist\u00ebt q\u00eb kan\u00eb qen\u00eb vizitor\u00eb besnik\u00eb t\u00eb k\u00ebtyre vendeve drejt Ulqinit.<\/p>\n<p>Hajdinaga pret q\u00eb qyteti q\u00eb ai drejton k\u00ebt\u00eb ver\u00eb t\u00eb ket\u00eb edhe turist\u00eb q\u00eb zakonisht kan\u00eb shkuar n\u00eb Greqi, kurse turist\u00ebt nga Polonia e Bosna tashm\u00eb jan\u00eb shfaqur q\u00eb n\u00eb fillim t\u00eb sezonit.<\/p>\n<p>E, p\u00ebrve\u00e7 q\u00eb presin t\u00eb ken\u00eb k\u00ebta pushues q\u00eb sivjet nuk mund t\u00eb shkojn\u00eb n\u00eb k\u00ebto vende, ulqinak\u00ebt shpres\u00ebn e mbajn\u00eb p\u00ebrs\u00ebri te kosovar\u00ebt. P\u00ebr ta kan\u00eb p\u00ebrgatitur plazhe t\u00eb reja, i kan\u00eb rinovuar objekte e atyre ekzistues, si dhe jan\u00eb b\u00ebr\u00eb gati me sht\u00ebpit\u00eb private.<\/p>\n<p>Sipas vler\u00ebsimeve t\u00eb drejtuesve t\u00eb komun\u00ebs s\u00eb Ulqinit, \u201cRrug\u00ebn e Kombit\u201d n\u00eb t\u00eb cil\u00ebn Kosova e Shqip\u00ebria kan\u00eb investuar miliarda euro, tani p\u00ebr tani \u00ebsht\u00eb rruga q\u00eb m\u00eb s\u00eb shpeshti i bien kosovar\u00ebt p\u00ebr n\u00eb Ulqin dhe q\u00eb ka rritur duksh\u00ebm edhe m\u00eb numrin e tyre.<\/p>\n<p><strong>Visar Duriqi<\/strong><strong><br \/>\nZ\u00ebri<br \/>\n<!--YouTube Error: bad URL entered--><\/strong><\/p>\n","protected":false},"excerpt":{"rendered":"<p>Oferta turistike e Ulqinit, q\u00eb 70 % t\u00eb turist\u00ebve deri tash i ka pasur kosovar, edhe k\u00ebt\u00eb vit do t\u00eb jet\u00eb e ngjashme me at\u00eb t\u00eb viti t\u00eb kaluar, edhe sa i p\u00ebrket \u00e7mimeve, por edhe kushteve q\u00eb do t\u00eb ofrojn\u00eb organizator\u00ebt e shtabit t\u00eb turizmit, q\u00eb \u00ebsht\u00eb themeluar nga komuna e Ulqinit. Derisa edhe [&hellip;]<\/p>\n","protected":false},"author":1,"featured_media":0,"comment_status":"open","ping_status":"closed","sticky":false,"template":"","format":"standard","meta":{"spay_email":"","jetpack_publicize_message":"","jetpack_is_tweetstorm":false,"jetpack_publicize_feature_enabled":true},"categories":[1],"tags":[3789,18560,14887,2798],"jetpack_publicize_connections":[],"yoast_head":"<!-- This site is optimized with the Yoast SEO plugin v19.1 - https:\/\/yoast.com\/wordpress\/plugins\/seo\/ -->\n<title>Ulqini me \u00e7mime t\u00eb nj\u00ebjta - Lajme nga Ulqini<\/title>\n<meta name=\"description\" content=\"Oferta turistike e Ulqinit, q\u00eb 70 % t\u00eb turist\u00ebve deri tash i ka pasur kosovar, edhe k\u00ebt\u00eb vit do t\u00eb jet\u00eb e ngjashme me at\u00eb t\u00eb viti t\u00eb kaluar, edhe sa i\" \/>\n<meta name=\"robots\" content=\"index, follow, max-snippet:-1, max-image-preview:large, max-video-preview:-1\" \/>\n<link rel=\"canonical\" href=\"https:\/\/www.visit-ulcinj.com\/blog\/2011\/07\/03\/ulqini-me-cmime-te-njejta\/\" \/>\n<meta property=\"og:locale\" content=\"en_US\" \/>\n<meta property=\"og:type\" content=\"article\" \/>\n<meta property=\"og:title\" content=\"Ulqini me \u00e7mime t\u00eb nj\u00ebjta - Lajme nga Ulqini\" \/>\n<meta property=\"og:description\" content=\"Oferta turistike e Ulqinit, q\u00eb 70 % t\u00eb turist\u00ebve deri tash i ka pasur kosovar, edhe k\u00ebt\u00eb vit do t\u00eb jet\u00eb e ngjashme me at\u00eb t\u00eb viti t\u00eb kaluar, edhe sa i\" \/>\n<meta property=\"og:url\" content=\"https:\/\/www.visit-ulcinj.com\/blog\/2011\/07\/03\/ulqini-me-cmime-te-njejta\/\" \/>\n<meta property=\"og:site_name\" content=\"Lajme nga Ulqini\" \/>\n<meta property=\"article:published_time\" content=\"2011-07-03T12:56:56+00:00\" \/>\n<meta name=\"twitter:label1\" content=\"Written by\" \/>\n\t<meta name=\"twitter:data1\" content=\"ulqini\" \/>\n\t<meta name=\"twitter:label2\" content=\"Est. reading time\" \/>\n\t<meta name=\"twitter:data2\" content=\"4 minutes\" \/>\n<script type=\"application\/ld+json\" class=\"yoast-schema-graph\">{\"@context\":\"https:\/\/schema.org\",\"@graph\":[{\"@type\":\"WebSite\",\"@id\":\"https:\/\/www.visit-ulcinj.com\/blog\/#website\",\"url\":\"https:\/\/www.visit-ulcinj.com\/blog\/\",\"name\":\"Lajme nga Ulqini\",\"description\":\"Lajme,Vijesti,Ulqini,Ulqin,Crna Gora,Mali i Zi\",\"potentialAction\":[{\"@type\":\"SearchAction\",\"target\":{\"@type\":\"EntryPoint\",\"urlTemplate\":\"https:\/\/www.visit-ulcinj.com\/blog\/?s={search_term_string}\"},\"query-input\":\"required name=search_term_string\"}],\"inLanguage\":\"en-US\"},{\"@type\":\"WebPage\",\"@id\":\"https:\/\/www.visit-ulcinj.com\/blog\/2011\/07\/03\/ulqini-me-cmime-te-njejta\/#webpage\",\"url\":\"https:\/\/www.visit-ulcinj.com\/blog\/2011\/07\/03\/ulqini-me-cmime-te-njejta\/\",\"name\":\"Ulqini me \u00e7mime t\u00eb nj\u00ebjta - Lajme nga Ulqini\",\"isPartOf\":{\"@id\":\"https:\/\/www.visit-ulcinj.com\/blog\/#website\"},\"datePublished\":\"2011-07-03T12:56:56+00:00\",\"dateModified\":\"2011-07-03T12:56:56+00:00\",\"author\":{\"@id\":\"https:\/\/www.visit-ulcinj.com\/blog\/#\/schema\/person\/dcab619c614d3038751c63bc2aadc06d\"},\"description\":\"Oferta turistike e Ulqinit, q\u00eb 70 % t\u00eb turist\u00ebve deri tash i ka pasur kosovar, edhe k\u00ebt\u00eb vit do t\u00eb jet\u00eb e ngjashme me at\u00eb t\u00eb viti t\u00eb kaluar, edhe sa i\",\"breadcrumb\":{\"@id\":\"https:\/\/www.visit-ulcinj.com\/blog\/2011\/07\/03\/ulqini-me-cmime-te-njejta\/#breadcrumb\"},\"inLanguage\":\"en-US\",\"potentialAction\":[{\"@type\":\"ReadAction\",\"target\":[\"https:\/\/www.visit-ulcinj.com\/blog\/2011\/07\/03\/ulqini-me-cmime-te-njejta\/\"]}]},{\"@type\":\"BreadcrumbList\",\"@id\":\"https:\/\/www.visit-ulcinj.com\/blog\/2011\/07\/03\/ulqini-me-cmime-te-njejta\/#breadcrumb\",\"itemListElement\":[{\"@type\":\"ListItem\",\"position\":1,\"name\":\"Ulqini me \u00e7mime t\u00eb nj\u00ebjta\"}]},{\"@type\":\"Person\",\"@id\":\"https:\/\/www.visit-ulcinj.com\/blog\/#\/schema\/person\/dcab619c614d3038751c63bc2aadc06d\",\"name\":\"ulqini\",\"sameAs\":[\"http:\/\/www.visit-ulcinj.com\"],\"url\":\"https:\/\/www.visit-ulcinj.com\/blog\/author\/admin\/\"}]}<\/script>\n<!-- \/ Yoast SEO plugin. -->","yoast_head_json":{"title":"Ulqini me \u00e7mime t\u00eb nj\u00ebjta - Lajme nga Ulqini","description":"Oferta turistike e Ulqinit, q\u00eb 70 % t\u00eb turist\u00ebve deri tash i ka pasur kosovar, edhe k\u00ebt\u00eb vit do t\u00eb jet\u00eb e ngjashme me at\u00eb t\u00eb viti t\u00eb kaluar, edhe sa i","robots":{"index":"index","follow":"follow","max-snippet":"max-snippet:-1","max-image-preview":"max-image-preview:large","max-video-preview":"max-video-preview:-1"},"canonical":"https:\/\/www.visit-ulcinj.com\/blog\/2011\/07\/03\/ulqini-me-cmime-te-njejta\/","og_locale":"en_US","og_type":"article","og_title":"Ulqini me \u00e7mime t\u00eb nj\u00ebjta - Lajme nga Ulqini","og_description":"Oferta turistike e Ulqinit, q\u00eb 70 % t\u00eb turist\u00ebve deri tash i ka pasur kosovar, edhe k\u00ebt\u00eb vit do t\u00eb jet\u00eb e ngjashme me at\u00eb t\u00eb viti t\u00eb kaluar, edhe sa i","og_url":"https:\/\/www.visit-ulcinj.com\/blog\/2011\/07\/03\/ulqini-me-cmime-te-njejta\/","og_site_name":"Lajme nga Ulqini","article_published_time":"2011-07-03T12:56:56+00:00","twitter_misc":{"Written by":"ulqini","Est. reading time":"4 minutes"},"schema":{"@context":"https:\/\/schema.org","@graph":[{"@type":"WebSite","@id":"https:\/\/www.visit-ulcinj.com\/blog\/#website","url":"https:\/\/www.visit-ulcinj.com\/blog\/","name":"Lajme nga Ulqini","description":"Lajme,Vijesti,Ulqini,Ulqin,Crna Gora,Mali i Zi","potentialAction":[{"@type":"SearchAction","target":{"@type":"EntryPoint","urlTemplate":"https:\/\/www.visit-ulcinj.com\/blog\/?s={search_term_string}"},"query-input":"required name=search_term_string"}],"inLanguage":"en-US"},{"@type":"WebPage","@id":"https:\/\/www.visit-ulcinj.com\/blog\/2011\/07\/03\/ulqini-me-cmime-te-njejta\/#webpage","url":"https:\/\/www.visit-ulcinj.com\/blog\/2011\/07\/03\/ulqini-me-cmime-te-njejta\/","name":"Ulqini me \u00e7mime t\u00eb nj\u00ebjta - Lajme nga Ulqini","isPartOf":{"@id":"https:\/\/www.visit-ulcinj.com\/blog\/#website"},"datePublished":"2011-07-03T12:56:56+00:00","dateModified":"2011-07-03T12:56:56+00:00","author":{"@id":"https:\/\/www.visit-ulcinj.com\/blog\/#\/schema\/person\/dcab619c614d3038751c63bc2aadc06d"},"description":"Oferta turistike e Ulqinit, q\u00eb 70 % t\u00eb turist\u00ebve deri tash i ka pasur kosovar, edhe k\u00ebt\u00eb vit do t\u00eb jet\u00eb e ngjashme me at\u00eb t\u00eb viti t\u00eb kaluar, edhe sa i","breadcrumb":{"@id":"https:\/\/www.visit-ulcinj.com\/blog\/2011\/07\/03\/ulqini-me-cmime-te-njejta\/#breadcrumb"},"inLanguage":"en-US","potentialAction":[{"@type":"ReadAction","target":["https:\/\/www.visit-ulcinj.com\/blog\/2011\/07\/03\/ulqini-me-cmime-te-njejta\/"]}]},{"@type":"BreadcrumbList","@id":"https:\/\/www.visit-ulcinj.com\/blog\/2011\/07\/03\/ulqini-me-cmime-te-njejta\/#breadcrumb","itemListElement":[{"@type":"ListItem","position":1,"name":"Ulqini me \u00e7mime t\u00eb nj\u00ebjta"}]},{"@type":"Person","@id":"https:\/\/www.visit-ulcinj.com\/blog\/#\/schema\/person\/dcab619c614d3038751c63bc2aadc06d","name":"ulqini","sameAs":["http:\/\/www.visit-ulcinj.com"],"url":"https:\/\/www.visit-ulcinj.com\/blog\/author\/admin\/"}]}},"jetpack_featured_media_url":"","jetpack_sharing_enabled":true,"jetpack_shortlink":"https:\/\/wp.me\/pe6lTn-cBS","_links":{"self":[{"href":"https:\/\/www.visit-ulcinj.com\/blog\/wp-json\/wp\/v2\/posts\/48476"}],"collection":[{"href":"https:\/\/www.visit-ulcinj.com\/blog\/wp-json\/wp\/v2\/posts"}],"about":[{"href":"https:\/\/www.visit-ulcinj.com\/blog\/wp-json\/wp\/v2\/types\/post"}],"author":[{"embeddable":true,"href":"https:\/\/www.visit-ulcinj.com\/blog\/wp-json\/wp\/v2\/users\/1"}],"replies":[{"embeddable":true,"href":"https:\/\/www.visit-ulcinj.com\/blog\/wp-json\/wp\/v2\/comments?post=48476"}],"version-history":[{"count":1,"href":"https:\/\/www.visit-ulcinj.com\/blog\/wp-json\/wp\/v2\/posts\/48476\/revisions"}],"predecessor-version":[{"id":48480,"href":"https:\/\/www.visit-ulcinj.com\/blog\/wp-json\/wp\/v2\/posts\/48476\/revisions\/48480"}],"wp:attachment":[{"href":"https:\/\/www.visit-ulcinj.com\/blog\/wp-json\/wp\/v2\/media?parent=48476"}],"wp:term":[{"taxonomy":"category","embeddable":true,"href":"https:\/\/www.visit-ulcinj.com\/blog\/wp-json\/wp\/v2\/categories?post=48476"},{"taxonomy":"post_tag","embeddable":true,"href":"https:\/\/www.visit-ulcinj.com\/blog\/wp-json\/wp\/v2\/tags?post=48476"}],"curies":[{"name":"wp","href":"https:\/\/api.w.org\/{rel}","templated":true}]}}