{"id":48481,"date":"2011-07-03T14:57:27","date_gmt":"2011-07-03T13:57:27","guid":{"rendered":"http:\/\/www.visit-ulcinj.com\/blog\/?p=48481"},"modified":"2011-07-03T15:08:29","modified_gmt":"2011-07-03T14:08:29","slug":"show-bizzi-i-shukit-ne-ulqin","status":"publish","type":"post","link":"https:\/\/www.visit-ulcinj.com\/blog\/2011\/07\/03\/show-bizzi-i-shukit-ne-ulqin\/","title":{"rendered":"Show Bizzi i Shukit n\u00eb Ulqin"},"content":{"rendered":"<p><a href=\"http:\/\/www.visit-ulcinj.com\/blog\/wp-content\/uploads\/2011\/07\/Show-Bizzi-i-Shukit-ne-Holegro-Ulqin.1.jpg\"><img loading=\"lazy\" class=\"alignleft size-full wp-image-48482\" title=\"Show Bizzi i Shukit ne Holegro Ulqin.1\" src=\"http:\/\/www.visit-ulcinj.com\/blog\/wp-content\/uploads\/2011\/07\/Show-Bizzi-i-Shukit-ne-Holegro-Ulqin.1.jpg\" alt=\"\" width=\"508\" height=\"380\" \/><\/a>Shuki pas reality show,\u201dVIP shpia\u201d i pari n\u00eb k\u00ebt\u00eb stil n\u00eb boten shqiptare me t\u00eb cil\u00ebn ka zgjuar k\u00ebrsh\u00ebri tek shum\u00eb adhurues n\u00eb Kosov\u00eb dhe gjetiu, ka vendosur q\u00eb me gjith\u00eb pushimet e t\u2019ia tashm\u00eb tradicionale p\u00ebr k\u00ebt\u00eb show-man n\u00eb Ulqin, ka vendosur q\u00eb gjat\u00eb gjith\u00eb sezonit turistik t\u00eb vazhdoi me show biznes n\u00eb Ulqin.<\/p>\n<p>Ai tani ka marr me qera teras\u00ebn m\u00eb t\u00eb madhe \u201cHolegro\u201d n\u00eb plazh t\u00eb vog\u00ebl t\u00eb Ulqinit me kapacitet prej 500 ul\u00ebseve, me pretendimin q\u00eb do t\u00eb ket\u00eb sukses dhe do t\u00eb jet\u00eb krejt di\u00e7ka ndryshe nga t\u00eb gjitha organizimet e deritashme me muzik\u00eb q\u00eb jan\u00eb organizuar n\u00eb Ulqin.<\/p>\n<p>Shuki p\u00ebr \u201cKosova Info\u201d thot\u00eb se \u201cdo t\u00eb organizoi mbr\u00ebmje me muzik\u00eb t\u00eb mir\u00ebfillt\u00eb t\u00eb tipit t\u00eb \u201cLatino Band-it\u201d dhe do t\u00eb kam \u00e7mime shum\u00eb t\u00eb arsyeshme sidomos \u00e7mime t\u00eb arsyeshme p\u00ebr t\u00eb rinjt\u00eb, n\u00eb m\u00ebnyr\u00eb q\u00eb mos t\u00eb jen \u00e7mimet e paarsyeshme, shkas p\u00ebr t\u00eb mos u ndier klient\u00ebt rehat dhe q\u00eb t\u00eb kan\u00eb mund\u00ebsi q\u00eb t\u00eb shijojn\u00eb vlera sa ma shum\u00eb\u201d.<\/p>\n<p>N\u00eb pyetjen ton\u00eb, se a mendon se mund q\u00eb edhe mos t\u00eb ket\u00eb sukses pasi q\u00eb tani t\u00eb rinjt\u00eb edhe kosovaret n\u00eb p\u00ebrgjith\u00ebsi sidomos m\u00ebrgimtaret jan\u00eb m\u00ebsuar t\u00eb d\u00ebfrehen me muzik\u00eb \u201ctallava\u201d t\u00eb tipit \u201cMeda\u201d?\u2026 Shuki shprehet se kur shqiptaret kan\u00eb d\u00ebgjua muzik\u00eb t\u00eb mir\u00eb nuk kan\u00eb dit fare p\u00ebr k\u00ebt\u00eb fenomen t\u00eb k\u00ebtij lloji t\u00eb keq t\u00eb k\u00ebsaj muzike\u2026 por kur e futen n\u00eb mod\u00eb k\u00ebng\u00ebtaret tan\u00eb k\u00ebt\u00eb stil t\u00eb muzik\u00ebs rome at\u00ebher\u00eb filloi me t\u00eb madhe t\u00eb d\u00ebgjohet ky lloj absurd\u00eb i muzik\u00ebs\u2026populli e han krejt at\u00eb \u00e7ka i servon, vazhdon Shuki.<\/p>\n<p>\u201cPik\u00ebrisht un kam marr guxim dhe nuk kam as fije dyshimi t\u00eb hezitoi q\u00eb nuk do t\u00eb kem sukses sepse \u00ebsht\u00eb koh\u00eb e fundit q\u00eb popullit t\u2019i servojm\u00eb di\u00e7ka t\u00eb mir\u00eb ku ata me leht\u00ebsi dhe me dashuri do ta pranojn\u00eb t\u00eb mir\u00ebn\u201d, shprehet Shuki. Dhe mendoi q\u00eb do ta mund t\u00eb keqen me t\u00eb mir\u00ebn dhe shum\u00eb shpejt do t\u00eb harrohet tallavaja pasi q\u00eb m\u00eb nuk do t\u00eb jet\u00eb n\u00eb mod\u00eb.<\/p>\n<p><strong>Kosova Info<br \/>\n<br \/>\n[flv]http:\/\/cdn9.fliqz.com\/bca2a1bd98324f429cf68c31ef3b2269.flv[\/flv]<br \/>\n<\/strong><\/p>\n","protected":false},"excerpt":{"rendered":"<p>Shuki pas reality show,\u201dVIP shpia\u201d i pari n\u00eb k\u00ebt\u00eb stil n\u00eb boten shqiptare me t\u00eb cil\u00ebn ka zgjuar k\u00ebrsh\u00ebri tek shum\u00eb adhurues n\u00eb Kosov\u00eb dhe gjetiu, ka vendosur q\u00eb me gjith\u00eb pushimet e t\u2019ia tashm\u00eb tradicionale p\u00ebr k\u00ebt\u00eb show-man n\u00eb Ulqin, ka vendosur q\u00eb gjat\u00eb gjith\u00eb sezonit turistik t\u00eb vazhdoi me show biznes n\u00eb Ulqin. [&hellip;]<\/p>\n","protected":false},"author":1,"featured_media":0,"comment_status":"open","ping_status":"closed","sticky":false,"template":"","format":"standard","meta":{"spay_email":"","jetpack_publicize_message":"","jetpack_is_tweetstorm":false,"jetpack_publicize_feature_enabled":true},"categories":[1],"tags":[11734,14887,18561,18],"jetpack_publicize_connections":[],"yoast_head":"<!-- This site is optimized with the Yoast SEO plugin v19.1 - https:\/\/yoast.com\/wordpress\/plugins\/seo\/ -->\n<title>Show Bizzi i Shukit n\u00eb Ulqin - Lajme nga Ulqini<\/title>\n<meta name=\"description\" content=\"Shuki pas reality show,\u201dVIP shpia\u201d i pari n\u00eb k\u00ebt\u00eb stil n\u00eb boten shqiptare me t\u00eb cil\u00ebn ka zgjuar k\u00ebrsh\u00ebri tek shum\u00eb adhurues n\u00eb Kosov\u00eb dhe gjetiu, ka\" \/>\n<meta name=\"robots\" content=\"index, follow, max-snippet:-1, max-image-preview:large, max-video-preview:-1\" \/>\n<link rel=\"canonical\" href=\"https:\/\/www.visit-ulcinj.com\/blog\/2011\/07\/03\/show-bizzi-i-shukit-ne-ulqin\/\" \/>\n<meta property=\"og:locale\" content=\"en_US\" \/>\n<meta property=\"og:type\" content=\"article\" \/>\n<meta property=\"og:title\" content=\"Show Bizzi i Shukit n\u00eb Ulqin - Lajme nga Ulqini\" \/>\n<meta property=\"og:description\" content=\"Shuki pas reality show,\u201dVIP shpia\u201d i pari n\u00eb k\u00ebt\u00eb stil n\u00eb boten shqiptare me t\u00eb cil\u00ebn ka zgjuar k\u00ebrsh\u00ebri tek shum\u00eb adhurues n\u00eb Kosov\u00eb dhe gjetiu, ka\" \/>\n<meta property=\"og:url\" content=\"https:\/\/www.visit-ulcinj.com\/blog\/2011\/07\/03\/show-bizzi-i-shukit-ne-ulqin\/\" \/>\n<meta property=\"og:site_name\" content=\"Lajme nga Ulqini\" \/>\n<meta property=\"article:published_time\" content=\"2011-07-03T13:57:27+00:00\" \/>\n<meta property=\"article:modified_time\" content=\"2011-07-03T14:08:29+00:00\" \/>\n<meta property=\"og:image\" content=\"https:\/\/www.visit-ulcinj.com\/blog\/wp-content\/uploads\/2011\/07\/Show-Bizzi-i-Shukit-ne-Holegro-Ulqin.1-150x150.jpg\" \/>\n<meta name=\"twitter:label1\" content=\"Written by\" \/>\n\t<meta name=\"twitter:data1\" content=\"ulqini\" \/>\n\t<meta name=\"twitter:label2\" content=\"Est. reading time\" \/>\n\t<meta name=\"twitter:data2\" content=\"2 minutes\" \/>\n<script type=\"application\/ld+json\" class=\"yoast-schema-graph\">{\"@context\":\"https:\/\/schema.org\",\"@graph\":[{\"@type\":\"WebSite\",\"@id\":\"https:\/\/www.visit-ulcinj.com\/blog\/#website\",\"url\":\"https:\/\/www.visit-ulcinj.com\/blog\/\",\"name\":\"Lajme nga Ulqini\",\"description\":\"Lajme,Vijesti,Ulqini,Ulqin,Crna Gora,Mali i Zi\",\"potentialAction\":[{\"@type\":\"SearchAction\",\"target\":{\"@type\":\"EntryPoint\",\"urlTemplate\":\"https:\/\/www.visit-ulcinj.com\/blog\/?s={search_term_string}\"},\"query-input\":\"required name=search_term_string\"}],\"inLanguage\":\"en-US\"},{\"@type\":\"ImageObject\",\"inLanguage\":\"en-US\",\"@id\":\"https:\/\/www.visit-ulcinj.com\/blog\/2011\/07\/03\/show-bizzi-i-shukit-ne-ulqin\/#primaryimage\",\"url\":\"http:\/\/www.visit-ulcinj.com\/blog\/wp-content\/uploads\/2011\/07\/Show-Bizzi-i-Shukit-ne-Holegro-Ulqin.1.jpg\",\"contentUrl\":\"http:\/\/www.visit-ulcinj.com\/blog\/wp-content\/uploads\/2011\/07\/Show-Bizzi-i-Shukit-ne-Holegro-Ulqin.1.jpg\"},{\"@type\":\"WebPage\",\"@id\":\"https:\/\/www.visit-ulcinj.com\/blog\/2011\/07\/03\/show-bizzi-i-shukit-ne-ulqin\/#webpage\",\"url\":\"https:\/\/www.visit-ulcinj.com\/blog\/2011\/07\/03\/show-bizzi-i-shukit-ne-ulqin\/\",\"name\":\"Show Bizzi i Shukit n\u00eb Ulqin - Lajme nga Ulqini\",\"isPartOf\":{\"@id\":\"https:\/\/www.visit-ulcinj.com\/blog\/#website\"},\"primaryImageOfPage\":{\"@id\":\"https:\/\/www.visit-ulcinj.com\/blog\/2011\/07\/03\/show-bizzi-i-shukit-ne-ulqin\/#primaryimage\"},\"datePublished\":\"2011-07-03T13:57:27+00:00\",\"dateModified\":\"2011-07-03T14:08:29+00:00\",\"author\":{\"@id\":\"https:\/\/www.visit-ulcinj.com\/blog\/#\/schema\/person\/dcab619c614d3038751c63bc2aadc06d\"},\"description\":\"Shuki pas reality show,\u201dVIP shpia\u201d i pari n\u00eb k\u00ebt\u00eb stil n\u00eb boten shqiptare me t\u00eb cil\u00ebn ka zgjuar k\u00ebrsh\u00ebri tek shum\u00eb adhurues n\u00eb Kosov\u00eb dhe gjetiu, ka\",\"breadcrumb\":{\"@id\":\"https:\/\/www.visit-ulcinj.com\/blog\/2011\/07\/03\/show-bizzi-i-shukit-ne-ulqin\/#breadcrumb\"},\"inLanguage\":\"en-US\",\"potentialAction\":[{\"@type\":\"ReadAction\",\"target\":[\"https:\/\/www.visit-ulcinj.com\/blog\/2011\/07\/03\/show-bizzi-i-shukit-ne-ulqin\/\"]}]},{\"@type\":\"BreadcrumbList\",\"@id\":\"https:\/\/www.visit-ulcinj.com\/blog\/2011\/07\/03\/show-bizzi-i-shukit-ne-ulqin\/#breadcrumb\",\"itemListElement\":[{\"@type\":\"ListItem\",\"position\":1,\"name\":\"Show Bizzi i Shukit n\u00eb Ulqin\"}]},{\"@type\":\"Person\",\"@id\":\"https:\/\/www.visit-ulcinj.com\/blog\/#\/schema\/person\/dcab619c614d3038751c63bc2aadc06d\",\"name\":\"ulqini\",\"sameAs\":[\"http:\/\/www.visit-ulcinj.com\"],\"url\":\"https:\/\/www.visit-ulcinj.com\/blog\/author\/admin\/\"}]}<\/script>\n<!-- \/ Yoast SEO plugin. -->","yoast_head_json":{"title":"Show Bizzi i Shukit n\u00eb Ulqin - Lajme nga Ulqini","description":"Shuki pas reality show,\u201dVIP shpia\u201d i pari n\u00eb k\u00ebt\u00eb stil n\u00eb boten shqiptare me t\u00eb cil\u00ebn ka zgjuar k\u00ebrsh\u00ebri tek shum\u00eb adhurues n\u00eb Kosov\u00eb dhe gjetiu, ka","robots":{"index":"index","follow":"follow","max-snippet":"max-snippet:-1","max-image-preview":"max-image-preview:large","max-video-preview":"max-video-preview:-1"},"canonical":"https:\/\/www.visit-ulcinj.com\/blog\/2011\/07\/03\/show-bizzi-i-shukit-ne-ulqin\/","og_locale":"en_US","og_type":"article","og_title":"Show Bizzi i Shukit n\u00eb Ulqin - Lajme nga Ulqini","og_description":"Shuki pas reality show,\u201dVIP shpia\u201d i pari n\u00eb k\u00ebt\u00eb stil n\u00eb boten shqiptare me t\u00eb cil\u00ebn ka zgjuar k\u00ebrsh\u00ebri tek shum\u00eb adhurues n\u00eb Kosov\u00eb dhe gjetiu, ka","og_url":"https:\/\/www.visit-ulcinj.com\/blog\/2011\/07\/03\/show-bizzi-i-shukit-ne-ulqin\/","og_site_name":"Lajme nga Ulqini","article_published_time":"2011-07-03T13:57:27+00:00","article_modified_time":"2011-07-03T14:08:29+00:00","og_image":[{"url":"https:\/\/www.visit-ulcinj.com\/blog\/wp-content\/uploads\/2011\/07\/Show-Bizzi-i-Shukit-ne-Holegro-Ulqin.1-150x150.jpg"}],"twitter_misc":{"Written by":"ulqini","Est. reading time":"2 minutes"},"schema":{"@context":"https:\/\/schema.org","@graph":[{"@type":"WebSite","@id":"https:\/\/www.visit-ulcinj.com\/blog\/#website","url":"https:\/\/www.visit-ulcinj.com\/blog\/","name":"Lajme nga Ulqini","description":"Lajme,Vijesti,Ulqini,Ulqin,Crna Gora,Mali i Zi","potentialAction":[{"@type":"SearchAction","target":{"@type":"EntryPoint","urlTemplate":"https:\/\/www.visit-ulcinj.com\/blog\/?s={search_term_string}"},"query-input":"required name=search_term_string"}],"inLanguage":"en-US"},{"@type":"ImageObject","inLanguage":"en-US","@id":"https:\/\/www.visit-ulcinj.com\/blog\/2011\/07\/03\/show-bizzi-i-shukit-ne-ulqin\/#primaryimage","url":"http:\/\/www.visit-ulcinj.com\/blog\/wp-content\/uploads\/2011\/07\/Show-Bizzi-i-Shukit-ne-Holegro-Ulqin.1.jpg","contentUrl":"http:\/\/www.visit-ulcinj.com\/blog\/wp-content\/uploads\/2011\/07\/Show-Bizzi-i-Shukit-ne-Holegro-Ulqin.1.jpg"},{"@type":"WebPage","@id":"https:\/\/www.visit-ulcinj.com\/blog\/2011\/07\/03\/show-bizzi-i-shukit-ne-ulqin\/#webpage","url":"https:\/\/www.visit-ulcinj.com\/blog\/2011\/07\/03\/show-bizzi-i-shukit-ne-ulqin\/","name":"Show Bizzi i Shukit n\u00eb Ulqin - Lajme nga Ulqini","isPartOf":{"@id":"https:\/\/www.visit-ulcinj.com\/blog\/#website"},"primaryImageOfPage":{"@id":"https:\/\/www.visit-ulcinj.com\/blog\/2011\/07\/03\/show-bizzi-i-shukit-ne-ulqin\/#primaryimage"},"datePublished":"2011-07-03T13:57:27+00:00","dateModified":"2011-07-03T14:08:29+00:00","author":{"@id":"https:\/\/www.visit-ulcinj.com\/blog\/#\/schema\/person\/dcab619c614d3038751c63bc2aadc06d"},"description":"Shuki pas reality show,\u201dVIP shpia\u201d i pari n\u00eb k\u00ebt\u00eb stil n\u00eb boten shqiptare me t\u00eb cil\u00ebn ka zgjuar k\u00ebrsh\u00ebri tek shum\u00eb adhurues n\u00eb Kosov\u00eb dhe gjetiu, ka","breadcrumb":{"@id":"https:\/\/www.visit-ulcinj.com\/blog\/2011\/07\/03\/show-bizzi-i-shukit-ne-ulqin\/#breadcrumb"},"inLanguage":"en-US","potentialAction":[{"@type":"ReadAction","target":["https:\/\/www.visit-ulcinj.com\/blog\/2011\/07\/03\/show-bizzi-i-shukit-ne-ulqin\/"]}]},{"@type":"BreadcrumbList","@id":"https:\/\/www.visit-ulcinj.com\/blog\/2011\/07\/03\/show-bizzi-i-shukit-ne-ulqin\/#breadcrumb","itemListElement":[{"@type":"ListItem","position":1,"name":"Show Bizzi i Shukit n\u00eb Ulqin"}]},{"@type":"Person","@id":"https:\/\/www.visit-ulcinj.com\/blog\/#\/schema\/person\/dcab619c614d3038751c63bc2aadc06d","name":"ulqini","sameAs":["http:\/\/www.visit-ulcinj.com"],"url":"https:\/\/www.visit-ulcinj.com\/blog\/author\/admin\/"}]}},"jetpack_featured_media_url":"","jetpack_sharing_enabled":true,"jetpack_shortlink":"https:\/\/wp.me\/pe6lTn-cBX","_links":{"self":[{"href":"https:\/\/www.visit-ulcinj.com\/blog\/wp-json\/wp\/v2\/posts\/48481"}],"collection":[{"href":"https:\/\/www.visit-ulcinj.com\/blog\/wp-json\/wp\/v2\/posts"}],"about":[{"href":"https:\/\/www.visit-ulcinj.com\/blog\/wp-json\/wp\/v2\/types\/post"}],"author":[{"embeddable":true,"href":"https:\/\/www.visit-ulcinj.com\/blog\/wp-json\/wp\/v2\/users\/1"}],"replies":[{"embeddable":true,"href":"https:\/\/www.visit-ulcinj.com\/blog\/wp-json\/wp\/v2\/comments?post=48481"}],"version-history":[{"count":6,"href":"https:\/\/www.visit-ulcinj.com\/blog\/wp-json\/wp\/v2\/posts\/48481\/revisions"}],"predecessor-version":[{"id":48491,"href":"https:\/\/www.visit-ulcinj.com\/blog\/wp-json\/wp\/v2\/posts\/48481\/revisions\/48491"}],"wp:attachment":[{"href":"https:\/\/www.visit-ulcinj.com\/blog\/wp-json\/wp\/v2\/media?parent=48481"}],"wp:term":[{"taxonomy":"category","embeddable":true,"href":"https:\/\/www.visit-ulcinj.com\/blog\/wp-json\/wp\/v2\/categories?post=48481"},{"taxonomy":"post_tag","embeddable":true,"href":"https:\/\/www.visit-ulcinj.com\/blog\/wp-json\/wp\/v2\/tags?post=48481"}],"curies":[{"name":"wp","href":"https:\/\/api.w.org\/{rel}","templated":true}]}}