{"id":485,"date":"2008-02-11T08:19:57","date_gmt":"2008-02-11T13:19:57","guid":{"rendered":"http:\/\/www.visit-ulcinj.com\/blog\/2008\/02\/11\/ministria-do-te-ndihmoje-gazeten-koha-javore\/"},"modified":"2008-02-15T17:10:30","modified_gmt":"2008-02-15T22:10:30","slug":"ministria-do-te-ndihmoje-gazeten-koha-javore","status":"publish","type":"post","link":"https:\/\/www.visit-ulcinj.com\/blog\/2008\/02\/11\/ministria-do-te-ndihmoje-gazeten-koha-javore\/","title":{"rendered":"Ministria do t\u00eb ndihmoj\u00eb gazet\u00ebn &#8220;Koha javore&#8221;"},"content":{"rendered":"<p><font size=\"2\"><img loading=\"lazy\" border=\"0\" vspace=\"2\" align=\"left\" width=\"260\" src=\"http:\/\/www.visit-ulcinj.com\/blog\/wp-content\/uploads\/2008\/02\/koha-javore.jpg\" hspace=\"2\" height=\"366\" style=\"width: 176px; height: 182px\" \/>Podgoric\u00eb &#8211; Ndihm\u00ebsministri i Kultur\u00ebs, Sportit dhe Mediave, Zhelko Rutoviq dhe drejtori ekzekutiv i SHAGBG &#8220;Pobjeda&#8221;, Dragolub Sharoviq, n\u00ebnshkruan t\u00eb m\u00ebrkur\u00ebn Kontrat\u00ebn p\u00ebr bashk\u00ebfinancimin e p\u00ebrmbajtjeve programore t\u00eb gazet\u00ebs &#8220;Koha javore&#8221; n\u00eb vitin 2008.N\u00eb deklarat\u00ebn p\u00ebr shtyp t\u00eb Ministris\u00eb s\u00eb Kultur\u00ebs, Sportit dhe Mediave, thuhet se kontrata paraqet vazhdimin e bashk\u00ebpunimit me nd\u00ebrmarrjen &#8220;Pobjeda&#8221; n\u00eb botimin e gazet\u00ebs, n\u00eb pjes\u00ebn e p\u00ebrmbajtjeve t\u00eb obligueshme kulturore n\u00eb gjuh\u00ebn shqipe q\u00eb jan\u00eb me r\u00ebnd\u00ebsi p\u00ebr zhvillimin e shkenc\u00ebs, arsimit dhe kultur\u00ebs, si dhe t\u00eb informimit t\u00eb personave me t\u00eb meta.Sipas Ministris\u00eb s\u00eb Kultur\u00ebs, Sportit dhe Mediave, p\u00ebrkrahja e zhvillimit t\u00eb p\u00ebrmbajtjeve programore n\u00eb gjuh\u00ebt e grupeve nacionale dhe etnike ka p\u00ebr q\u00ebllim realizimin m\u00eb cil\u00ebsor t\u00eb t\u00eb drejtave p\u00ebr informim t\u00eb popujve pakic\u00eb, si dhe <!--more--> avancimin e toleranc\u00ebs dhe zhvillimin e pluralizmit mediatik dhe kulturor n\u00eb Mal t\u00eb Zi, n\u00eb pajtim me standardet nd\u00ebrkomb\u00ebtare n\u00eb fush\u00ebn e informimit t\u00eb popujve pakic\u00eb, m\u00eb Konvent\u00ebn Korniz\u00eb p\u00ebr mbrojtjen e pakicave nacionale dhe Konvent\u00ebn europiane mbi gjuh\u00ebt regjionale dhe t\u00eb pakicave.<\/font><\/p>\n<p><font size=\"2\">(Kohapress)<\/font><\/p>\n","protected":false},"excerpt":{"rendered":"<p><img loading=\"lazy\" src=\"http:\/\/www.visit-ulcinj.com\/blog\/wp-content\/uploads\/2008\/02\/koha-javore.jpg\" height=\"140\" width=\"140\" alt=\"Koha Javore\" \/><\/p>\n","protected":false},"author":1,"featured_media":0,"comment_status":"open","ping_status":"closed","sticky":false,"template":"","format":"standard","meta":{"spay_email":"","jetpack_publicize_message":"","jetpack_is_tweetstorm":false,"jetpack_publicize_feature_enabled":true},"categories":[10],"tags":[336,1019,195,99],"jetpack_publicize_connections":[],"yoast_head":"<!-- This site is optimized with the Yoast SEO plugin v19.1 - https:\/\/yoast.com\/wordpress\/plugins\/seo\/ -->\n<title>Ministria do t\u00eb ndihmoj\u00eb gazet\u00ebn &quot;Koha javore&quot; - Lajme nga Ulqini<\/title>\n<meta name=\"robots\" content=\"index, follow, max-snippet:-1, max-image-preview:large, max-video-preview:-1\" \/>\n<link rel=\"canonical\" href=\"https:\/\/www.visit-ulcinj.com\/blog\/2008\/02\/11\/ministria-do-te-ndihmoje-gazeten-koha-javore\/\" \/>\n<meta property=\"og:locale\" content=\"en_US\" \/>\n<meta property=\"og:type\" content=\"article\" \/>\n<meta property=\"og:title\" content=\"Ministria do t\u00eb ndihmoj\u00eb gazet\u00ebn &quot;Koha javore&quot; - Lajme nga Ulqini\" \/>\n<meta property=\"og:url\" content=\"https:\/\/www.visit-ulcinj.com\/blog\/2008\/02\/11\/ministria-do-te-ndihmoje-gazeten-koha-javore\/\" \/>\n<meta property=\"og:site_name\" content=\"Lajme nga Ulqini\" \/>\n<meta property=\"article:published_time\" content=\"2008-02-11T13:19:57+00:00\" \/>\n<meta property=\"article:modified_time\" content=\"2008-02-15T22:10:30+00:00\" \/>\n<meta property=\"og:image\" content=\"http:\/\/www.visit-ulcinj.com\/blog\/wp-content\/uploads\/2008\/02\/koha-javore.jpg\" \/>\n<meta name=\"twitter:label1\" content=\"Written by\" \/>\n\t<meta name=\"twitter:data1\" content=\"ulqini\" \/>\n\t<meta name=\"twitter:label2\" content=\"Est. reading time\" \/>\n\t<meta name=\"twitter:data2\" content=\"1 minute\" \/>\n<script type=\"application\/ld+json\" class=\"yoast-schema-graph\">{\"@context\":\"https:\/\/schema.org\",\"@graph\":[{\"@type\":\"WebSite\",\"@id\":\"https:\/\/www.visit-ulcinj.com\/blog\/#website\",\"url\":\"https:\/\/www.visit-ulcinj.com\/blog\/\",\"name\":\"Lajme nga Ulqini\",\"description\":\"Lajme,Vijesti,Ulqini,Ulqin,Crna Gora,Mali i Zi\",\"potentialAction\":[{\"@type\":\"SearchAction\",\"target\":{\"@type\":\"EntryPoint\",\"urlTemplate\":\"https:\/\/www.visit-ulcinj.com\/blog\/?s={search_term_string}\"},\"query-input\":\"required name=search_term_string\"}],\"inLanguage\":\"en-US\"},{\"@type\":\"ImageObject\",\"inLanguage\":\"en-US\",\"@id\":\"https:\/\/www.visit-ulcinj.com\/blog\/2008\/02\/11\/ministria-do-te-ndihmoje-gazeten-koha-javore\/#primaryimage\",\"url\":\"http:\/\/www.visit-ulcinj.com\/blog\/wp-content\/uploads\/2008\/02\/koha-javore.jpg\",\"contentUrl\":\"http:\/\/www.visit-ulcinj.com\/blog\/wp-content\/uploads\/2008\/02\/koha-javore.jpg\"},{\"@type\":\"WebPage\",\"@id\":\"https:\/\/www.visit-ulcinj.com\/blog\/2008\/02\/11\/ministria-do-te-ndihmoje-gazeten-koha-javore\/#webpage\",\"url\":\"https:\/\/www.visit-ulcinj.com\/blog\/2008\/02\/11\/ministria-do-te-ndihmoje-gazeten-koha-javore\/\",\"name\":\"Ministria do t\u00eb ndihmoj\u00eb gazet\u00ebn \\\"Koha javore\\\" - Lajme nga Ulqini\",\"isPartOf\":{\"@id\":\"https:\/\/www.visit-ulcinj.com\/blog\/#website\"},\"primaryImageOfPage\":{\"@id\":\"https:\/\/www.visit-ulcinj.com\/blog\/2008\/02\/11\/ministria-do-te-ndihmoje-gazeten-koha-javore\/#primaryimage\"},\"datePublished\":\"2008-02-11T13:19:57+00:00\",\"dateModified\":\"2008-02-15T22:10:30+00:00\",\"author\":{\"@id\":\"https:\/\/www.visit-ulcinj.com\/blog\/#\/schema\/person\/dcab619c614d3038751c63bc2aadc06d\"},\"breadcrumb\":{\"@id\":\"https:\/\/www.visit-ulcinj.com\/blog\/2008\/02\/11\/ministria-do-te-ndihmoje-gazeten-koha-javore\/#breadcrumb\"},\"inLanguage\":\"en-US\",\"potentialAction\":[{\"@type\":\"ReadAction\",\"target\":[\"https:\/\/www.visit-ulcinj.com\/blog\/2008\/02\/11\/ministria-do-te-ndihmoje-gazeten-koha-javore\/\"]}]},{\"@type\":\"BreadcrumbList\",\"@id\":\"https:\/\/www.visit-ulcinj.com\/blog\/2008\/02\/11\/ministria-do-te-ndihmoje-gazeten-koha-javore\/#breadcrumb\",\"itemListElement\":[{\"@type\":\"ListItem\",\"position\":1,\"name\":\"Ministria do t\u00eb ndihmoj\u00eb gazet\u00ebn &#8220;Koha javore&#8221;\"}]},{\"@type\":\"Person\",\"@id\":\"https:\/\/www.visit-ulcinj.com\/blog\/#\/schema\/person\/dcab619c614d3038751c63bc2aadc06d\",\"name\":\"ulqini\",\"sameAs\":[\"http:\/\/www.visit-ulcinj.com\"],\"url\":\"https:\/\/www.visit-ulcinj.com\/blog\/author\/admin\/\"}]}<\/script>\n<!-- \/ Yoast SEO plugin. -->","yoast_head_json":{"title":"Ministria do t\u00eb ndihmoj\u00eb gazet\u00ebn \"Koha javore\" - Lajme nga Ulqini","robots":{"index":"index","follow":"follow","max-snippet":"max-snippet:-1","max-image-preview":"max-image-preview:large","max-video-preview":"max-video-preview:-1"},"canonical":"https:\/\/www.visit-ulcinj.com\/blog\/2008\/02\/11\/ministria-do-te-ndihmoje-gazeten-koha-javore\/","og_locale":"en_US","og_type":"article","og_title":"Ministria do t\u00eb ndihmoj\u00eb gazet\u00ebn \"Koha javore\" - Lajme nga Ulqini","og_url":"https:\/\/www.visit-ulcinj.com\/blog\/2008\/02\/11\/ministria-do-te-ndihmoje-gazeten-koha-javore\/","og_site_name":"Lajme nga Ulqini","article_published_time":"2008-02-11T13:19:57+00:00","article_modified_time":"2008-02-15T22:10:30+00:00","og_image":[{"url":"http:\/\/www.visit-ulcinj.com\/blog\/wp-content\/uploads\/2008\/02\/koha-javore.jpg"}],"twitter_misc":{"Written by":"ulqini","Est. reading time":"1 minute"},"schema":{"@context":"https:\/\/schema.org","@graph":[{"@type":"WebSite","@id":"https:\/\/www.visit-ulcinj.com\/blog\/#website","url":"https:\/\/www.visit-ulcinj.com\/blog\/","name":"Lajme nga Ulqini","description":"Lajme,Vijesti,Ulqini,Ulqin,Crna Gora,Mali i Zi","potentialAction":[{"@type":"SearchAction","target":{"@type":"EntryPoint","urlTemplate":"https:\/\/www.visit-ulcinj.com\/blog\/?s={search_term_string}"},"query-input":"required name=search_term_string"}],"inLanguage":"en-US"},{"@type":"ImageObject","inLanguage":"en-US","@id":"https:\/\/www.visit-ulcinj.com\/blog\/2008\/02\/11\/ministria-do-te-ndihmoje-gazeten-koha-javore\/#primaryimage","url":"http:\/\/www.visit-ulcinj.com\/blog\/wp-content\/uploads\/2008\/02\/koha-javore.jpg","contentUrl":"http:\/\/www.visit-ulcinj.com\/blog\/wp-content\/uploads\/2008\/02\/koha-javore.jpg"},{"@type":"WebPage","@id":"https:\/\/www.visit-ulcinj.com\/blog\/2008\/02\/11\/ministria-do-te-ndihmoje-gazeten-koha-javore\/#webpage","url":"https:\/\/www.visit-ulcinj.com\/blog\/2008\/02\/11\/ministria-do-te-ndihmoje-gazeten-koha-javore\/","name":"Ministria do t\u00eb ndihmoj\u00eb gazet\u00ebn \"Koha javore\" - Lajme nga Ulqini","isPartOf":{"@id":"https:\/\/www.visit-ulcinj.com\/blog\/#website"},"primaryImageOfPage":{"@id":"https:\/\/www.visit-ulcinj.com\/blog\/2008\/02\/11\/ministria-do-te-ndihmoje-gazeten-koha-javore\/#primaryimage"},"datePublished":"2008-02-11T13:19:57+00:00","dateModified":"2008-02-15T22:10:30+00:00","author":{"@id":"https:\/\/www.visit-ulcinj.com\/blog\/#\/schema\/person\/dcab619c614d3038751c63bc2aadc06d"},"breadcrumb":{"@id":"https:\/\/www.visit-ulcinj.com\/blog\/2008\/02\/11\/ministria-do-te-ndihmoje-gazeten-koha-javore\/#breadcrumb"},"inLanguage":"en-US","potentialAction":[{"@type":"ReadAction","target":["https:\/\/www.visit-ulcinj.com\/blog\/2008\/02\/11\/ministria-do-te-ndihmoje-gazeten-koha-javore\/"]}]},{"@type":"BreadcrumbList","@id":"https:\/\/www.visit-ulcinj.com\/blog\/2008\/02\/11\/ministria-do-te-ndihmoje-gazeten-koha-javore\/#breadcrumb","itemListElement":[{"@type":"ListItem","position":1,"name":"Ministria do t\u00eb ndihmoj\u00eb gazet\u00ebn &#8220;Koha javore&#8221;"}]},{"@type":"Person","@id":"https:\/\/www.visit-ulcinj.com\/blog\/#\/schema\/person\/dcab619c614d3038751c63bc2aadc06d","name":"ulqini","sameAs":["http:\/\/www.visit-ulcinj.com"],"url":"https:\/\/www.visit-ulcinj.com\/blog\/author\/admin\/"}]}},"jetpack_featured_media_url":"","jetpack_sharing_enabled":true,"jetpack_shortlink":"https:\/\/wp.me\/pe6lTn-7P","_links":{"self":[{"href":"https:\/\/www.visit-ulcinj.com\/blog\/wp-json\/wp\/v2\/posts\/485"}],"collection":[{"href":"https:\/\/www.visit-ulcinj.com\/blog\/wp-json\/wp\/v2\/posts"}],"about":[{"href":"https:\/\/www.visit-ulcinj.com\/blog\/wp-json\/wp\/v2\/types\/post"}],"author":[{"embeddable":true,"href":"https:\/\/www.visit-ulcinj.com\/blog\/wp-json\/wp\/v2\/users\/1"}],"replies":[{"embeddable":true,"href":"https:\/\/www.visit-ulcinj.com\/blog\/wp-json\/wp\/v2\/comments?post=485"}],"version-history":[{"count":0,"href":"https:\/\/www.visit-ulcinj.com\/blog\/wp-json\/wp\/v2\/posts\/485\/revisions"}],"wp:attachment":[{"href":"https:\/\/www.visit-ulcinj.com\/blog\/wp-json\/wp\/v2\/media?parent=485"}],"wp:term":[{"taxonomy":"category","embeddable":true,"href":"https:\/\/www.visit-ulcinj.com\/blog\/wp-json\/wp\/v2\/categories?post=485"},{"taxonomy":"post_tag","embeddable":true,"href":"https:\/\/www.visit-ulcinj.com\/blog\/wp-json\/wp\/v2\/tags?post=485"}],"curies":[{"name":"wp","href":"https:\/\/api.w.org\/{rel}","templated":true}]}}