{"id":48519,"date":"2011-07-05T19:27:27","date_gmt":"2011-07-05T18:27:27","guid":{"rendered":"http:\/\/www.visit-ulcinj.com\/blog\/?p=48519"},"modified":"2011-07-06T22:21:53","modified_gmt":"2011-07-06T21:21:53","slug":"sinishtaj-punesimi-partiak-dhe-diskriminimi-nacional","status":"publish","type":"post","link":"https:\/\/www.visit-ulcinj.com\/blog\/2011\/07\/05\/sinishtaj-punesimi-partiak-dhe-diskriminimi-nacional\/","title":{"rendered":"Sinishtaj: Pun\u00ebsimi partiak dhe diskriminimi nacional"},"content":{"rendered":"<p><a href=\"http:\/\/www.visit-ulcinj.com\/blog\/wp-content\/uploads\/2011\/07\/Vasel-Sinishtaj.jpg\"><img loading=\"lazy\" class=\"alignleft size-full wp-image-48520\" title=\"Vasel Sinishtaj\" src=\"http:\/\/www.visit-ulcinj.com\/blog\/wp-content\/uploads\/2011\/07\/Vasel-Sinishtaj.jpg\" alt=\"\" width=\"508\" height=\"380\" srcset=\"https:\/\/www.visit-ulcinj.com\/blog\/wp-content\/uploads\/2011\/07\/Vasel-Sinishtaj.jpg 800w, https:\/\/www.visit-ulcinj.com\/blog\/wp-content\/uploads\/2011\/07\/Vasel-Sinishtaj-300x225.jpg 300w\" sizes=\"(max-width: 508px) 100vw, 508px\" \/><\/a>Partit\u00eb opozitare dhe at\u00eb t\u00eb pakicave vler\u00ebsuan sot se t\u00eb dh\u00ebnat p\u00ebr struktur\u00ebn nacionale t\u00eb t\u00eb pun\u00ebsuarve n\u00eb sh\u00ebrbimet publike tregojn\u00eb se pun\u00ebsimi po realizohet n\u00eb baza partiake dhe n\u00eb baz\u00eb t\u00eb diskriminimit n\u00eb baza nacionale.<\/p>\n<p>Nga numri i p\u00ebrgjithsh\u00ebm i t\u00eb punuarve n\u00eb organet shtet\u00ebrore, 10 mij\u00eb e 985 jan\u00eb deklaruar si malazez, 8,5 p\u00ebrqind si serb , ose 1 mij\u00eb e 194, pastaj 2,8 p\u00ebrqind shqiptar, ose 389 t\u00eb pun\u00ebsuar, kurse si boshnjak jan\u00eb deklaruar 4,1 p\u00ebrqind. Deputeti i koalicionit shqiptar, &#8220;Perspektiva&#8221;, Vasel Sinishtaj konsideron se p\u00ebrfaq\u00ebsimi jo adekuat nacional n\u00eb sh\u00ebrbimet publike dhe organet shtet\u00ebror\u00eb \u00ebsht\u00eb dob\u00ebsi e hershme e Malit t\u00eb Zi.<br \/>\n<a href=\"http:\/\/www.visit-ulcinj.com\/blog\/wp-content\/uploads\/2011\/07\/marredhenie_reciprociteti.jpg\"><img loading=\"lazy\" class=\"alignleft size-full wp-image-48522\" title=\"marredhenie_reciprociteti\" src=\"http:\/\/www.visit-ulcinj.com\/blog\/wp-content\/uploads\/2011\/07\/marredhenie_reciprociteti.jpg\" alt=\"\" width=\"391\" height=\"290\" srcset=\"https:\/\/www.visit-ulcinj.com\/blog\/wp-content\/uploads\/2011\/07\/marredhenie_reciprociteti.jpg 391w, https:\/\/www.visit-ulcinj.com\/blog\/wp-content\/uploads\/2011\/07\/marredhenie_reciprociteti-300x222.jpg 300w\" sizes=\"(max-width: 391px) 100vw, 391px\" \/><\/a><\/p>\n<p>Ai theksoi se pun\u00ebsimi i Shqiptar\u00ebve n\u00eb gjyqe dhe prokurori \u00ebsht\u00eb shum\u00eb i vog\u00ebl, duke vler\u00ebsuar se vazhdon praktika e vjet\u00ebr e pun\u00ebsimit n\u00eb baza partiake, e jo n\u00eb baza t\u00eb kuadrove t\u00eb kualifikuar. Prania e shqiptar\u00ebve n\u00eb organet shtet\u00ebrore do t\u00eb duhej t\u00eb jet\u00eb p\u00ebraf\u00ebrsisht e nj\u00ebjt\u00eb me pjes\u00ebmarrjen e tyre numrin e p\u00ebrgjithsh\u00ebm t\u00eb banor\u00ebve, tha Sinishtaj.<\/p>\n<p>N\u00eb Mal t\u00eb Zi nuk ka diskriminim partiak dhe nacional kur \u00ebsht\u00eb n\u00eb pyetje pun\u00ebsimi i kuadrove, si n\u00eb organet shtet\u00ebrore ashtu edhe n\u00eb ato lokale, u vler\u00ebsua sot nga PDS. Deputeti i k\u00ebsaj partie, Zoran Vuk\u00e7eviq deklaroi se nuk ekziston \u00e7far\u00ebdo diskriminimi me rastin e pun\u00ebsimit n\u00eb sh\u00ebrbimet publike.<\/p>\n<p>Nga ana tjet\u00ebr edhe p\u00ebrfaq\u00ebsuesit e partive tjera opozitare konsideruan, n\u00eb prezantimin e sot\u00ebm t\u00eb t\u00eb dh\u00ebnave p\u00ebr t\u00eb pun\u00ebsuarit n\u00eb sh\u00ebrbimet shtet\u00ebrore, se baz\u00eb p\u00ebr pun\u00ebsim sot \u00ebsht\u00eb p\u00ebrkat\u00ebsia partiake, kurse nga ana tjet\u00ebr po diskriminohen edhe kandidat\u00ebt t\u00eb cil\u00ebt deklarohen n\u00eb baza nacionale.<\/p>\n<p><strong>RTCG<br \/>\n<!--YouTube Error: bad URL entered--><\/strong><\/p>\n","protected":false},"excerpt":{"rendered":"<p>Partit\u00eb opozitare dhe at\u00eb t\u00eb pakicave vler\u00ebsuan sot se t\u00eb dh\u00ebnat p\u00ebr struktur\u00ebn nacionale t\u00eb t\u00eb pun\u00ebsuarve n\u00eb sh\u00ebrbimet publike tregojn\u00eb se pun\u00ebsimi po realizohet n\u00eb baza partiake dhe n\u00eb baz\u00eb t\u00eb diskriminimit n\u00eb baza nacionale. Nga numri i p\u00ebrgjithsh\u00ebm i t\u00eb punuarve n\u00eb organet shtet\u00ebrore, 10 mij\u00eb e 985 jan\u00eb deklaruar si malazez, 8,5 [&hellip;]<\/p>\n","protected":false},"author":1,"featured_media":0,"comment_status":"open","ping_status":"closed","sticky":false,"template":"","format":"standard","meta":{"spay_email":"","jetpack_publicize_message":"","jetpack_is_tweetstorm":false,"jetpack_publicize_feature_enabled":true},"categories":[1],"tags":[95,348],"jetpack_publicize_connections":[],"yoast_head":"<!-- This site is optimized with the Yoast SEO plugin v19.1 - https:\/\/yoast.com\/wordpress\/plugins\/seo\/ -->\n<title>Sinishtaj: Pun\u00ebsimi partiak dhe diskriminimi nacional - Lajme nga Ulqini<\/title>\n<meta name=\"description\" content=\"Partit\u00eb opozitare dhe at\u00eb t\u00eb pakicave vler\u00ebsuan sot se t\u00eb dh\u00ebnat p\u00ebr struktur\u00ebn nacionale t\u00eb t\u00eb pun\u00ebsuarve n\u00eb sh\u00ebrbimet publike tregojn\u00eb se pun\u00ebsimi po\" \/>\n<meta name=\"robots\" content=\"index, follow, max-snippet:-1, max-image-preview:large, max-video-preview:-1\" \/>\n<link rel=\"canonical\" href=\"https:\/\/www.visit-ulcinj.com\/blog\/2011\/07\/05\/sinishtaj-punesimi-partiak-dhe-diskriminimi-nacional\/\" \/>\n<meta property=\"og:locale\" content=\"en_US\" \/>\n<meta property=\"og:type\" content=\"article\" \/>\n<meta property=\"og:title\" content=\"Sinishtaj: Pun\u00ebsimi partiak dhe diskriminimi nacional - Lajme nga Ulqini\" \/>\n<meta property=\"og:description\" content=\"Partit\u00eb opozitare dhe at\u00eb t\u00eb pakicave vler\u00ebsuan sot se t\u00eb dh\u00ebnat p\u00ebr struktur\u00ebn nacionale t\u00eb t\u00eb pun\u00ebsuarve n\u00eb sh\u00ebrbimet publike tregojn\u00eb se pun\u00ebsimi po\" \/>\n<meta property=\"og:url\" content=\"https:\/\/www.visit-ulcinj.com\/blog\/2011\/07\/05\/sinishtaj-punesimi-partiak-dhe-diskriminimi-nacional\/\" \/>\n<meta property=\"og:site_name\" content=\"Lajme nga Ulqini\" \/>\n<meta property=\"article:published_time\" content=\"2011-07-05T18:27:27+00:00\" \/>\n<meta property=\"article:modified_time\" content=\"2011-07-06T21:21:53+00:00\" \/>\n<meta property=\"og:image\" content=\"http:\/\/www.visit-ulcinj.com\/blog\/wp-content\/uploads\/2011\/07\/Vasel-Sinishtaj.jpg\" \/>\n<meta name=\"twitter:label1\" content=\"Written by\" \/>\n\t<meta name=\"twitter:data1\" content=\"ulqini\" \/>\n\t<meta name=\"twitter:label2\" content=\"Est. reading time\" \/>\n\t<meta name=\"twitter:data2\" content=\"2 minutes\" \/>\n<script type=\"application\/ld+json\" class=\"yoast-schema-graph\">{\"@context\":\"https:\/\/schema.org\",\"@graph\":[{\"@type\":\"WebSite\",\"@id\":\"https:\/\/www.visit-ulcinj.com\/blog\/#website\",\"url\":\"https:\/\/www.visit-ulcinj.com\/blog\/\",\"name\":\"Lajme nga Ulqini\",\"description\":\"Lajme,Vijesti,Ulqini,Ulqin,Crna Gora,Mali i Zi\",\"potentialAction\":[{\"@type\":\"SearchAction\",\"target\":{\"@type\":\"EntryPoint\",\"urlTemplate\":\"https:\/\/www.visit-ulcinj.com\/blog\/?s={search_term_string}\"},\"query-input\":\"required name=search_term_string\"}],\"inLanguage\":\"en-US\"},{\"@type\":\"ImageObject\",\"inLanguage\":\"en-US\",\"@id\":\"https:\/\/www.visit-ulcinj.com\/blog\/2011\/07\/05\/sinishtaj-punesimi-partiak-dhe-diskriminimi-nacional\/#primaryimage\",\"url\":\"https:\/\/www.visit-ulcinj.com\/blog\/wp-content\/uploads\/2011\/07\/Vasel-Sinishtaj.jpg\",\"contentUrl\":\"https:\/\/www.visit-ulcinj.com\/blog\/wp-content\/uploads\/2011\/07\/Vasel-Sinishtaj.jpg\",\"width\":\"800\",\"height\":\"600\"},{\"@type\":\"WebPage\",\"@id\":\"https:\/\/www.visit-ulcinj.com\/blog\/2011\/07\/05\/sinishtaj-punesimi-partiak-dhe-diskriminimi-nacional\/#webpage\",\"url\":\"https:\/\/www.visit-ulcinj.com\/blog\/2011\/07\/05\/sinishtaj-punesimi-partiak-dhe-diskriminimi-nacional\/\",\"name\":\"Sinishtaj: Pun\u00ebsimi partiak dhe diskriminimi nacional - Lajme nga Ulqini\",\"isPartOf\":{\"@id\":\"https:\/\/www.visit-ulcinj.com\/blog\/#website\"},\"primaryImageOfPage\":{\"@id\":\"https:\/\/www.visit-ulcinj.com\/blog\/2011\/07\/05\/sinishtaj-punesimi-partiak-dhe-diskriminimi-nacional\/#primaryimage\"},\"datePublished\":\"2011-07-05T18:27:27+00:00\",\"dateModified\":\"2011-07-06T21:21:53+00:00\",\"author\":{\"@id\":\"https:\/\/www.visit-ulcinj.com\/blog\/#\/schema\/person\/dcab619c614d3038751c63bc2aadc06d\"},\"description\":\"Partit\u00eb opozitare dhe at\u00eb t\u00eb pakicave vler\u00ebsuan sot se t\u00eb dh\u00ebnat p\u00ebr struktur\u00ebn nacionale t\u00eb t\u00eb pun\u00ebsuarve n\u00eb sh\u00ebrbimet publike tregojn\u00eb se pun\u00ebsimi po\",\"breadcrumb\":{\"@id\":\"https:\/\/www.visit-ulcinj.com\/blog\/2011\/07\/05\/sinishtaj-punesimi-partiak-dhe-diskriminimi-nacional\/#breadcrumb\"},\"inLanguage\":\"en-US\",\"potentialAction\":[{\"@type\":\"ReadAction\",\"target\":[\"https:\/\/www.visit-ulcinj.com\/blog\/2011\/07\/05\/sinishtaj-punesimi-partiak-dhe-diskriminimi-nacional\/\"]}]},{\"@type\":\"BreadcrumbList\",\"@id\":\"https:\/\/www.visit-ulcinj.com\/blog\/2011\/07\/05\/sinishtaj-punesimi-partiak-dhe-diskriminimi-nacional\/#breadcrumb\",\"itemListElement\":[{\"@type\":\"ListItem\",\"position\":1,\"name\":\"Sinishtaj: Pun\u00ebsimi partiak dhe diskriminimi nacional\"}]},{\"@type\":\"Person\",\"@id\":\"https:\/\/www.visit-ulcinj.com\/blog\/#\/schema\/person\/dcab619c614d3038751c63bc2aadc06d\",\"name\":\"ulqini\",\"sameAs\":[\"http:\/\/www.visit-ulcinj.com\"],\"url\":\"https:\/\/www.visit-ulcinj.com\/blog\/author\/admin\/\"}]}<\/script>\n<!-- \/ Yoast SEO plugin. -->","yoast_head_json":{"title":"Sinishtaj: Pun\u00ebsimi partiak dhe diskriminimi nacional - Lajme nga Ulqini","description":"Partit\u00eb opozitare dhe at\u00eb t\u00eb pakicave vler\u00ebsuan sot se t\u00eb dh\u00ebnat p\u00ebr struktur\u00ebn nacionale t\u00eb t\u00eb pun\u00ebsuarve n\u00eb sh\u00ebrbimet publike tregojn\u00eb se pun\u00ebsimi po","robots":{"index":"index","follow":"follow","max-snippet":"max-snippet:-1","max-image-preview":"max-image-preview:large","max-video-preview":"max-video-preview:-1"},"canonical":"https:\/\/www.visit-ulcinj.com\/blog\/2011\/07\/05\/sinishtaj-punesimi-partiak-dhe-diskriminimi-nacional\/","og_locale":"en_US","og_type":"article","og_title":"Sinishtaj: Pun\u00ebsimi partiak dhe diskriminimi nacional - Lajme nga Ulqini","og_description":"Partit\u00eb opozitare dhe at\u00eb t\u00eb pakicave vler\u00ebsuan sot se t\u00eb dh\u00ebnat p\u00ebr struktur\u00ebn nacionale t\u00eb t\u00eb pun\u00ebsuarve n\u00eb sh\u00ebrbimet publike tregojn\u00eb se pun\u00ebsimi po","og_url":"https:\/\/www.visit-ulcinj.com\/blog\/2011\/07\/05\/sinishtaj-punesimi-partiak-dhe-diskriminimi-nacional\/","og_site_name":"Lajme nga Ulqini","article_published_time":"2011-07-05T18:27:27+00:00","article_modified_time":"2011-07-06T21:21:53+00:00","og_image":[{"url":"http:\/\/www.visit-ulcinj.com\/blog\/wp-content\/uploads\/2011\/07\/Vasel-Sinishtaj.jpg"}],"twitter_misc":{"Written by":"ulqini","Est. reading time":"2 minutes"},"schema":{"@context":"https:\/\/schema.org","@graph":[{"@type":"WebSite","@id":"https:\/\/www.visit-ulcinj.com\/blog\/#website","url":"https:\/\/www.visit-ulcinj.com\/blog\/","name":"Lajme nga Ulqini","description":"Lajme,Vijesti,Ulqini,Ulqin,Crna Gora,Mali i Zi","potentialAction":[{"@type":"SearchAction","target":{"@type":"EntryPoint","urlTemplate":"https:\/\/www.visit-ulcinj.com\/blog\/?s={search_term_string}"},"query-input":"required name=search_term_string"}],"inLanguage":"en-US"},{"@type":"ImageObject","inLanguage":"en-US","@id":"https:\/\/www.visit-ulcinj.com\/blog\/2011\/07\/05\/sinishtaj-punesimi-partiak-dhe-diskriminimi-nacional\/#primaryimage","url":"https:\/\/www.visit-ulcinj.com\/blog\/wp-content\/uploads\/2011\/07\/Vasel-Sinishtaj.jpg","contentUrl":"https:\/\/www.visit-ulcinj.com\/blog\/wp-content\/uploads\/2011\/07\/Vasel-Sinishtaj.jpg","width":"800","height":"600"},{"@type":"WebPage","@id":"https:\/\/www.visit-ulcinj.com\/blog\/2011\/07\/05\/sinishtaj-punesimi-partiak-dhe-diskriminimi-nacional\/#webpage","url":"https:\/\/www.visit-ulcinj.com\/blog\/2011\/07\/05\/sinishtaj-punesimi-partiak-dhe-diskriminimi-nacional\/","name":"Sinishtaj: Pun\u00ebsimi partiak dhe diskriminimi nacional - Lajme nga Ulqini","isPartOf":{"@id":"https:\/\/www.visit-ulcinj.com\/blog\/#website"},"primaryImageOfPage":{"@id":"https:\/\/www.visit-ulcinj.com\/blog\/2011\/07\/05\/sinishtaj-punesimi-partiak-dhe-diskriminimi-nacional\/#primaryimage"},"datePublished":"2011-07-05T18:27:27+00:00","dateModified":"2011-07-06T21:21:53+00:00","author":{"@id":"https:\/\/www.visit-ulcinj.com\/blog\/#\/schema\/person\/dcab619c614d3038751c63bc2aadc06d"},"description":"Partit\u00eb opozitare dhe at\u00eb t\u00eb pakicave vler\u00ebsuan sot se t\u00eb dh\u00ebnat p\u00ebr struktur\u00ebn nacionale t\u00eb t\u00eb pun\u00ebsuarve n\u00eb sh\u00ebrbimet publike tregojn\u00eb se pun\u00ebsimi po","breadcrumb":{"@id":"https:\/\/www.visit-ulcinj.com\/blog\/2011\/07\/05\/sinishtaj-punesimi-partiak-dhe-diskriminimi-nacional\/#breadcrumb"},"inLanguage":"en-US","potentialAction":[{"@type":"ReadAction","target":["https:\/\/www.visit-ulcinj.com\/blog\/2011\/07\/05\/sinishtaj-punesimi-partiak-dhe-diskriminimi-nacional\/"]}]},{"@type":"BreadcrumbList","@id":"https:\/\/www.visit-ulcinj.com\/blog\/2011\/07\/05\/sinishtaj-punesimi-partiak-dhe-diskriminimi-nacional\/#breadcrumb","itemListElement":[{"@type":"ListItem","position":1,"name":"Sinishtaj: Pun\u00ebsimi partiak dhe diskriminimi nacional"}]},{"@type":"Person","@id":"https:\/\/www.visit-ulcinj.com\/blog\/#\/schema\/person\/dcab619c614d3038751c63bc2aadc06d","name":"ulqini","sameAs":["http:\/\/www.visit-ulcinj.com"],"url":"https:\/\/www.visit-ulcinj.com\/blog\/author\/admin\/"}]}},"jetpack_featured_media_url":"","jetpack_sharing_enabled":true,"jetpack_shortlink":"https:\/\/wp.me\/pe6lTn-cCz","_links":{"self":[{"href":"https:\/\/www.visit-ulcinj.com\/blog\/wp-json\/wp\/v2\/posts\/48519"}],"collection":[{"href":"https:\/\/www.visit-ulcinj.com\/blog\/wp-json\/wp\/v2\/posts"}],"about":[{"href":"https:\/\/www.visit-ulcinj.com\/blog\/wp-json\/wp\/v2\/types\/post"}],"author":[{"embeddable":true,"href":"https:\/\/www.visit-ulcinj.com\/blog\/wp-json\/wp\/v2\/users\/1"}],"replies":[{"embeddable":true,"href":"https:\/\/www.visit-ulcinj.com\/blog\/wp-json\/wp\/v2\/comments?post=48519"}],"version-history":[{"count":5,"href":"https:\/\/www.visit-ulcinj.com\/blog\/wp-json\/wp\/v2\/posts\/48519\/revisions"}],"predecessor-version":[{"id":48563,"href":"https:\/\/www.visit-ulcinj.com\/blog\/wp-json\/wp\/v2\/posts\/48519\/revisions\/48563"}],"wp:attachment":[{"href":"https:\/\/www.visit-ulcinj.com\/blog\/wp-json\/wp\/v2\/media?parent=48519"}],"wp:term":[{"taxonomy":"category","embeddable":true,"href":"https:\/\/www.visit-ulcinj.com\/blog\/wp-json\/wp\/v2\/categories?post=48519"},{"taxonomy":"post_tag","embeddable":true,"href":"https:\/\/www.visit-ulcinj.com\/blog\/wp-json\/wp\/v2\/tags?post=48519"}],"curies":[{"name":"wp","href":"https:\/\/api.w.org\/{rel}","templated":true}]}}