{"id":48537,"date":"2011-07-06T17:30:09","date_gmt":"2011-07-06T16:30:09","guid":{"rendered":"http:\/\/www.visit-ulcinj.com\/blog\/?p=48537"},"modified":"2011-07-06T17:30:09","modified_gmt":"2011-07-06T16:30:09","slug":"forca-qeveria-perseri-kunder-komunave-te-reja","status":"publish","type":"post","link":"https:\/\/www.visit-ulcinj.com\/blog\/2011\/07\/06\/forca-qeveria-perseri-kunder-komunave-te-reja\/","title":{"rendered":"Forca: Qeveria p\u00ebrseri kund\u00ebr komunave t\u00eb reja"},"content":{"rendered":"<p><a href=\"http:\/\/www.visit-ulcinj.com\/blog\/wp-content\/uploads\/2011\/07\/Qeveria-p\u00ebrseri-kund\u00ebr-komunave-t\u00eb-reja-_mapa-mali-izi.jpg\"><img loading=\"lazy\" class=\"alignleft size-full wp-image-48538\" title=\"Qeveria p\u00ebrseri kund\u00ebr komunave t\u00eb reja _mapa mali izi\" src=\"http:\/\/www.visit-ulcinj.com\/blog\/wp-content\/uploads\/2011\/07\/Qeveria-p\u00ebrseri-kund\u00ebr-komunave-t\u00eb-reja-_mapa-mali-izi.jpg\" alt=\"\" width=\"320\" height=\"400\" \/><\/a><strong>KUMTES\u00cb P\u00cbR MEDIA,<\/strong><\/p>\n<p>\u00c7\u00ebshtjet nga fusha e organizmit territorial gjegj\u00ebsisht \u00a0formimit t\u00eb komunave t\u00eb reja jan\u00eb pjes\u00eb e programit t\u00eb subjekteve t\u00eb ndryshme politike.Por edhe pse nj\u00eb kerkes\u00eb e till\u00eb p\u00ebrseritet pothuaj tash dy dekada, ajo ka qen\u00eb tem\u00eb e debateve sidomos n\u00eb fushatat parazgjedhore dhe diskutimeve n\u00eb parlament. \u00a0 Ne ket\u00eb aspekt nga subjektet politike jan\u00eb potencuar tri komuna:Malesija, Zeta dhe Petnjica. N\u00eb lidhje mbi ket\u00eb \u00e7\u00ebshtje opinioni i ka t\u00eb njohur diskutimet n\u00eb parlament vitin e kaluar \u00a0ku n\u00eb momentin e fundit propozuesi-Qeveria e t\u00ebrhoqi ate.<\/p>\n<p>Nga nj\u00eb veprim i till\u00eb i Qeveris\u00eb del qart\u00eb se ajo ka manipuluar me qytetar\u00ebt sepse nuk e ka pasur seriozisht,\u00a0 por premtim\u00a0 parazgjedhor p\u00ebr t\u00eb fituar votat e asgj\u00eb m\u00eb shum\u00eb. \u00a0 Nj\u00eb konstatim t\u00eb till\u00eb e v\u00ebrteton edhe\u00a0 informata e fundit n\u00eb lidhje m\u00eb k\u00ebt\u00eb \u00e7\u00ebshtje \u00a0q\u00eb vjen \u00a0nga Qeveria e Malit t\u00eb Zi \u00a0q\u00eb ka t\u00eb b\u00ebj me Projekt ligjin mbi organizimin territorial me konkluzionin \u00a0se nuk do t\u00eb ket\u00eb komuna t\u00eb reja. Nga nj\u00eb qendrim i till\u00eb del s\u00eb k\u00ebtu \u00e7do gj\u00eb do t\u00eb vazhdoj\u00eb m\u00eb t\u00eb vjetr\u00ebn, pandryshime n\u00eb organizimin teritorial t\u00eb Malit t\u00eb Zi.<\/p>\n<p>Pra kemi t\u00eb b\u00ebjm\u00eb me nj\u00eb status kvo q\u00eb i konvenon pushtetit aktual e jo qytetar\u00ebve t\u00eb mjediseve p\u00ebrkat\u00ebse. \u00a0 P\u00ebr ne shqiptar\u00ebt \u00e7\u00ebshtje par\u00ebsore paraqet komuna e pavarur e Malesis\u00eb me qend\u00ebr n\u00eb Tuz, sepse kjo \u00ebsht\u00eb k\u00ebrkes\u00eb \u00a0legale dhe legjitime q\u00eb edhe k\u00ebta qytetar\u00eb t\u00eb ken\u00eb komun\u00ebn e vet t\u00eb pavarur. Kjo \u00e7\u00ebshtje me vite \u00ebsht\u00eb politizuar e sidomos nga viti 2006 e m\u00eb pas, ku ne keto pazare politike \u00ebsht\u00eb ky\u00e7ur edhe UDSH, q\u00eb u realizu koncepti i komun\u00ebs urbane jasht\u00eb vullnetit t\u00eb qytetar\u00ebve t\u00eb Mal\u00ebsis\u00eb q\u00eb \u00ebsht\u00eb pa ingerenca\u00a0 q\u00eb i ngjason bashk\u00ebsis\u00eb lokale. Formimin e komunave t\u00eb reja ne e shohim n\u00eb favor t\u00eb decentralizimit t\u00eb pushtetit dhe zhvillimit t\u00eb mjediseve p\u00ebrkat\u00ebse\u00a0 sepse ato i plot\u00ebsojn\u00eb t\u00eb gjitha kushtet optimale m\u00eb tep\u00ebr se disa komuna ekzistuese n\u00eb Mal t\u00eb Zi.<\/p>\n<p>Por, nga informata e fundit nga Qeveria del qart\u00eb s\u00eb k\u00ebto ishin premtime parazgjedhore e asgj\u00eb m\u00eb shum\u00eb, nga del se qytetar\u00ebt e Mal\u00ebsis\u00eb, por edhe t\u00eb Petnjic\u00ebs dhe Zet\u00ebs jan\u00eb duke i mashtruar vazhdimisht. Ne situat\u00eb till\u00eb, deputetet tan\u00eb do t\u00eb veprojn\u00eb p\u00ebrmes amandamenteve p\u00ebr t\u00eb ndryshuar k\u00ebt\u00eb projektligj q\u00eb mund\u00ebson formimin e komunave t\u00eb reja. Mbetet se sa do t\u00eb jen\u00eb t\u00eb suksessh\u00ebm n\u00eb ket\u00eb drejtim, n\u00ebse Qeveria nuk e t\u00ebrhjek p\u00ebrseri ate nga procedura kuvendore sikurse vitin e kaluar. Nj\u00eb veprim i till\u00eb nuk do t\u00eb jet\u00eb befasi, sepse \u00a0\u00e7do kush e ka t\u00eb qart\u00eb se pushteti mendon p\u00ebr t\u00eb ruajtur pozit\u00ebn e vet e jo p\u00ebr t\u00eb plot\u00ebsuar k\u00ebrkesat legjitime t\u00eb qytetar\u00ebve.<\/p>\n<p><strong>Sh\u00ebrbimi p\u00ebr informim i Forc\u00ebs<\/strong><\/p>\n","protected":false},"excerpt":{"rendered":"<p>KUMTES\u00cb P\u00cbR MEDIA, \u00c7\u00ebshtjet nga fusha e organizmit territorial gjegj\u00ebsisht \u00a0formimit t\u00eb komunave t\u00eb reja jan\u00eb pjes\u00eb e programit t\u00eb subjekteve t\u00eb ndryshme politike.Por edhe pse nj\u00eb kerkes\u00eb e till\u00eb p\u00ebrseritet pothuaj tash dy dekada, ajo ka qen\u00eb tem\u00eb e debateve sidomos n\u00eb fushatat parazgjedhore dhe diskutimeve n\u00eb parlament. \u00a0 Ne ket\u00eb aspekt nga subjektet [&hellip;]<\/p>\n","protected":false},"author":1,"featured_media":0,"comment_status":"open","ping_status":"closed","sticky":false,"template":"","format":"standard","meta":{"spay_email":"","jetpack_publicize_message":"","jetpack_is_tweetstorm":false,"jetpack_publicize_feature_enabled":true},"categories":[11],"tags":[4678,95,18567],"jetpack_publicize_connections":[],"yoast_head":"<!-- This site is optimized with the Yoast SEO plugin v19.1 - https:\/\/yoast.com\/wordpress\/plugins\/seo\/ -->\n<title>Forca: Qeveria p\u00ebrseri kund\u00ebr komunave t\u00eb reja - Lajme nga Ulqini<\/title>\n<meta name=\"description\" content=\"KUMTES\u00cb P\u00cbR MEDIA, \u00c7\u00ebshtjet nga fusha e organizmit territorial gjegj\u00ebsisht \u00a0formimit t\u00eb komunave t\u00eb reja jan\u00eb pjes\u00eb e programit t\u00eb subjekteve t\u00eb ndryshme\" \/>\n<meta name=\"robots\" content=\"index, follow, max-snippet:-1, max-image-preview:large, max-video-preview:-1\" \/>\n<link rel=\"canonical\" href=\"https:\/\/www.visit-ulcinj.com\/blog\/2011\/07\/06\/forca-qeveria-perseri-kunder-komunave-te-reja\/\" \/>\n<meta property=\"og:locale\" content=\"en_US\" \/>\n<meta property=\"og:type\" content=\"article\" \/>\n<meta property=\"og:title\" content=\"Forca: Qeveria p\u00ebrseri kund\u00ebr komunave t\u00eb reja - Lajme nga Ulqini\" \/>\n<meta property=\"og:description\" content=\"KUMTES\u00cb P\u00cbR MEDIA, \u00c7\u00ebshtjet nga fusha e organizmit territorial gjegj\u00ebsisht \u00a0formimit t\u00eb komunave t\u00eb reja jan\u00eb pjes\u00eb e programit t\u00eb subjekteve t\u00eb ndryshme\" \/>\n<meta property=\"og:url\" content=\"https:\/\/www.visit-ulcinj.com\/blog\/2011\/07\/06\/forca-qeveria-perseri-kunder-komunave-te-reja\/\" \/>\n<meta property=\"og:site_name\" content=\"Lajme nga Ulqini\" \/>\n<meta property=\"article:published_time\" content=\"2011-07-06T16:30:09+00:00\" \/>\n<meta name=\"twitter:label1\" content=\"Written by\" \/>\n\t<meta name=\"twitter:data1\" content=\"ulqini\" \/>\n\t<meta name=\"twitter:label2\" content=\"Est. reading time\" \/>\n\t<meta name=\"twitter:data2\" content=\"2 minutes\" \/>\n<script type=\"application\/ld+json\" class=\"yoast-schema-graph\">{\"@context\":\"https:\/\/schema.org\",\"@graph\":[{\"@type\":\"WebSite\",\"@id\":\"https:\/\/www.visit-ulcinj.com\/blog\/#website\",\"url\":\"https:\/\/www.visit-ulcinj.com\/blog\/\",\"name\":\"Lajme nga Ulqini\",\"description\":\"Lajme,Vijesti,Ulqini,Ulqin,Crna Gora,Mali i Zi\",\"potentialAction\":[{\"@type\":\"SearchAction\",\"target\":{\"@type\":\"EntryPoint\",\"urlTemplate\":\"https:\/\/www.visit-ulcinj.com\/blog\/?s={search_term_string}\"},\"query-input\":\"required name=search_term_string\"}],\"inLanguage\":\"en-US\"},{\"@type\":\"WebPage\",\"@id\":\"https:\/\/www.visit-ulcinj.com\/blog\/2011\/07\/06\/forca-qeveria-perseri-kunder-komunave-te-reja\/#webpage\",\"url\":\"https:\/\/www.visit-ulcinj.com\/blog\/2011\/07\/06\/forca-qeveria-perseri-kunder-komunave-te-reja\/\",\"name\":\"Forca: Qeveria p\u00ebrseri kund\u00ebr komunave t\u00eb reja - Lajme nga Ulqini\",\"isPartOf\":{\"@id\":\"https:\/\/www.visit-ulcinj.com\/blog\/#website\"},\"datePublished\":\"2011-07-06T16:30:09+00:00\",\"dateModified\":\"2011-07-06T16:30:09+00:00\",\"author\":{\"@id\":\"https:\/\/www.visit-ulcinj.com\/blog\/#\/schema\/person\/dcab619c614d3038751c63bc2aadc06d\"},\"description\":\"KUMTES\u00cb P\u00cbR MEDIA, \u00c7\u00ebshtjet nga fusha e organizmit territorial gjegj\u00ebsisht \u00a0formimit t\u00eb komunave t\u00eb reja jan\u00eb pjes\u00eb e programit t\u00eb subjekteve t\u00eb ndryshme\",\"breadcrumb\":{\"@id\":\"https:\/\/www.visit-ulcinj.com\/blog\/2011\/07\/06\/forca-qeveria-perseri-kunder-komunave-te-reja\/#breadcrumb\"},\"inLanguage\":\"en-US\",\"potentialAction\":[{\"@type\":\"ReadAction\",\"target\":[\"https:\/\/www.visit-ulcinj.com\/blog\/2011\/07\/06\/forca-qeveria-perseri-kunder-komunave-te-reja\/\"]}]},{\"@type\":\"BreadcrumbList\",\"@id\":\"https:\/\/www.visit-ulcinj.com\/blog\/2011\/07\/06\/forca-qeveria-perseri-kunder-komunave-te-reja\/#breadcrumb\",\"itemListElement\":[{\"@type\":\"ListItem\",\"position\":1,\"name\":\"Forca: Qeveria p\u00ebrseri kund\u00ebr komunave t\u00eb reja\"}]},{\"@type\":\"Person\",\"@id\":\"https:\/\/www.visit-ulcinj.com\/blog\/#\/schema\/person\/dcab619c614d3038751c63bc2aadc06d\",\"name\":\"ulqini\",\"sameAs\":[\"http:\/\/www.visit-ulcinj.com\"],\"url\":\"https:\/\/www.visit-ulcinj.com\/blog\/author\/admin\/\"}]}<\/script>\n<!-- \/ Yoast SEO plugin. -->","yoast_head_json":{"title":"Forca: Qeveria p\u00ebrseri kund\u00ebr komunave t\u00eb reja - Lajme nga Ulqini","description":"KUMTES\u00cb P\u00cbR MEDIA, \u00c7\u00ebshtjet nga fusha e organizmit territorial gjegj\u00ebsisht \u00a0formimit t\u00eb komunave t\u00eb reja jan\u00eb pjes\u00eb e programit t\u00eb subjekteve t\u00eb ndryshme","robots":{"index":"index","follow":"follow","max-snippet":"max-snippet:-1","max-image-preview":"max-image-preview:large","max-video-preview":"max-video-preview:-1"},"canonical":"https:\/\/www.visit-ulcinj.com\/blog\/2011\/07\/06\/forca-qeveria-perseri-kunder-komunave-te-reja\/","og_locale":"en_US","og_type":"article","og_title":"Forca: Qeveria p\u00ebrseri kund\u00ebr komunave t\u00eb reja - Lajme nga Ulqini","og_description":"KUMTES\u00cb P\u00cbR MEDIA, \u00c7\u00ebshtjet nga fusha e organizmit territorial gjegj\u00ebsisht \u00a0formimit t\u00eb komunave t\u00eb reja jan\u00eb pjes\u00eb e programit t\u00eb subjekteve t\u00eb ndryshme","og_url":"https:\/\/www.visit-ulcinj.com\/blog\/2011\/07\/06\/forca-qeveria-perseri-kunder-komunave-te-reja\/","og_site_name":"Lajme nga Ulqini","article_published_time":"2011-07-06T16:30:09+00:00","twitter_misc":{"Written by":"ulqini","Est. reading time":"2 minutes"},"schema":{"@context":"https:\/\/schema.org","@graph":[{"@type":"WebSite","@id":"https:\/\/www.visit-ulcinj.com\/blog\/#website","url":"https:\/\/www.visit-ulcinj.com\/blog\/","name":"Lajme nga Ulqini","description":"Lajme,Vijesti,Ulqini,Ulqin,Crna Gora,Mali i Zi","potentialAction":[{"@type":"SearchAction","target":{"@type":"EntryPoint","urlTemplate":"https:\/\/www.visit-ulcinj.com\/blog\/?s={search_term_string}"},"query-input":"required name=search_term_string"}],"inLanguage":"en-US"},{"@type":"WebPage","@id":"https:\/\/www.visit-ulcinj.com\/blog\/2011\/07\/06\/forca-qeveria-perseri-kunder-komunave-te-reja\/#webpage","url":"https:\/\/www.visit-ulcinj.com\/blog\/2011\/07\/06\/forca-qeveria-perseri-kunder-komunave-te-reja\/","name":"Forca: Qeveria p\u00ebrseri kund\u00ebr komunave t\u00eb reja - Lajme nga Ulqini","isPartOf":{"@id":"https:\/\/www.visit-ulcinj.com\/blog\/#website"},"datePublished":"2011-07-06T16:30:09+00:00","dateModified":"2011-07-06T16:30:09+00:00","author":{"@id":"https:\/\/www.visit-ulcinj.com\/blog\/#\/schema\/person\/dcab619c614d3038751c63bc2aadc06d"},"description":"KUMTES\u00cb P\u00cbR MEDIA, \u00c7\u00ebshtjet nga fusha e organizmit territorial gjegj\u00ebsisht \u00a0formimit t\u00eb komunave t\u00eb reja jan\u00eb pjes\u00eb e programit t\u00eb subjekteve t\u00eb ndryshme","breadcrumb":{"@id":"https:\/\/www.visit-ulcinj.com\/blog\/2011\/07\/06\/forca-qeveria-perseri-kunder-komunave-te-reja\/#breadcrumb"},"inLanguage":"en-US","potentialAction":[{"@type":"ReadAction","target":["https:\/\/www.visit-ulcinj.com\/blog\/2011\/07\/06\/forca-qeveria-perseri-kunder-komunave-te-reja\/"]}]},{"@type":"BreadcrumbList","@id":"https:\/\/www.visit-ulcinj.com\/blog\/2011\/07\/06\/forca-qeveria-perseri-kunder-komunave-te-reja\/#breadcrumb","itemListElement":[{"@type":"ListItem","position":1,"name":"Forca: Qeveria p\u00ebrseri kund\u00ebr komunave t\u00eb reja"}]},{"@type":"Person","@id":"https:\/\/www.visit-ulcinj.com\/blog\/#\/schema\/person\/dcab619c614d3038751c63bc2aadc06d","name":"ulqini","sameAs":["http:\/\/www.visit-ulcinj.com"],"url":"https:\/\/www.visit-ulcinj.com\/blog\/author\/admin\/"}]}},"jetpack_featured_media_url":"","jetpack_sharing_enabled":true,"jetpack_shortlink":"https:\/\/wp.me\/pe6lTn-cCR","_links":{"self":[{"href":"https:\/\/www.visit-ulcinj.com\/blog\/wp-json\/wp\/v2\/posts\/48537"}],"collection":[{"href":"https:\/\/www.visit-ulcinj.com\/blog\/wp-json\/wp\/v2\/posts"}],"about":[{"href":"https:\/\/www.visit-ulcinj.com\/blog\/wp-json\/wp\/v2\/types\/post"}],"author":[{"embeddable":true,"href":"https:\/\/www.visit-ulcinj.com\/blog\/wp-json\/wp\/v2\/users\/1"}],"replies":[{"embeddable":true,"href":"https:\/\/www.visit-ulcinj.com\/blog\/wp-json\/wp\/v2\/comments?post=48537"}],"version-history":[{"count":1,"href":"https:\/\/www.visit-ulcinj.com\/blog\/wp-json\/wp\/v2\/posts\/48537\/revisions"}],"predecessor-version":[{"id":48539,"href":"https:\/\/www.visit-ulcinj.com\/blog\/wp-json\/wp\/v2\/posts\/48537\/revisions\/48539"}],"wp:attachment":[{"href":"https:\/\/www.visit-ulcinj.com\/blog\/wp-json\/wp\/v2\/media?parent=48537"}],"wp:term":[{"taxonomy":"category","embeddable":true,"href":"https:\/\/www.visit-ulcinj.com\/blog\/wp-json\/wp\/v2\/categories?post=48537"},{"taxonomy":"post_tag","embeddable":true,"href":"https:\/\/www.visit-ulcinj.com\/blog\/wp-json\/wp\/v2\/tags?post=48537"}],"curies":[{"name":"wp","href":"https:\/\/api.w.org\/{rel}","templated":true}]}}