{"id":48550,"date":"2011-07-06T21:16:28","date_gmt":"2011-07-06T20:16:28","guid":{"rendered":"http:\/\/www.visit-ulcinj.com\/blog\/?p=48550"},"modified":"2011-07-06T21:16:28","modified_gmt":"2011-07-06T20:16:28","slug":"nje-fitore-e-nje-humbje-per-kosoven-ne-ulqin","status":"publish","type":"post","link":"https:\/\/www.visit-ulcinj.com\/blog\/2011\/07\/06\/nje-fitore-e-nje-humbje-per-kosoven-ne-ulqin\/","title":{"rendered":"Nj\u00eb fitore e nj\u00eb humbje p\u00ebr Kosov\u00ebn n\u00eb Ulqin"},"content":{"rendered":"<p><a href=\"http:\/\/www.visit-ulcinj.com\/blog\/wp-content\/uploads\/2011\/07\/SOT-NDESHJE-NE-ULQIN_Kampi-n\u00eb-basketboll-i-Kosov\u00ebs-ne-Ulqin_ulqini.jpg\"><img loading=\"lazy\" class=\"alignleft size-full wp-image-48509\" title=\"SOT NDESHJE NE ULQIN_Kampi n\u00eb basketboll i Kosov\u00ebs ne Ulqin_ulqini\" src=\"http:\/\/www.visit-ulcinj.com\/blog\/wp-content\/uploads\/2011\/07\/SOT-NDESHJE-NE-ULQIN_Kampi-n\u00eb-basketboll-i-Kosov\u00ebs-ne-Ulqin_ulqini.jpg\" alt=\"\" width=\"508\" height=\"381\" \/><\/a>Gjeneratat e U-16 dhe U-18 t\u00eb Kosov\u00ebs n\u00eb basketboll krahas pun\u00ebs me st\u00ebrvitjet e p\u00ebrditshme q\u00eb jan\u00eb duke b\u00ebr\u00eb n\u00eb kampin e Ulqinit po zhvillojn\u00eb edhe shum\u00eb ndeshje miq\u00ebsore.<\/p>\n<p>K\u00ebshtu, s\u00eb fundmi p\u00ebrfaq\u00ebsuesja e Kosov\u00ebs U-16 ka zhvilluar nj\u00eb takim me klubin e basketbollit \u201cBar\u201d, t\u00eb cil\u00ebn e ka mposhtur me rezultat t\u00eb thell\u00eb 87:46.<\/p>\n<p>Mir\u00ebpo t\u00eb nj\u00ebjtin sukses nuk arriti ta ket\u00eb edhe p\u00ebrfaq\u00ebsuesja e grupmosh\u00ebs U-18, e cila u mposht nga KB Ulqini 82:70.<\/p>\n<p>Nd\u00ebrkoh\u00eb organizator\u00ebt e kampit kan\u00eb b\u00ebr\u00eb t\u00eb ditur se p\u00ebrgatitjet dhe ecuria e basketbollist\u00ebve po shkon shum\u00eb mir\u00eb derisa kan\u00eb p\u00ebrkujtuar se n\u00eb dit\u00ebt n\u00eb vijim do t\u00eb ken\u00eb edhe m\u00eb shum\u00eb ndeshje miq\u00ebsore p\u00ebr t\u00eb testuar djelmoshat dhe vashat kosovare.(A. M.)<\/p>\n<p><strong>Z\u00cbRI<\/strong><\/p>\n","protected":false},"excerpt":{"rendered":"<p>Gjeneratat e U-16 dhe U-18 t\u00eb Kosov\u00ebs n\u00eb basketboll krahas pun\u00ebs me st\u00ebrvitjet e p\u00ebrditshme q\u00eb jan\u00eb duke b\u00ebr\u00eb n\u00eb kampin e Ulqinit po zhvillojn\u00eb edhe shum\u00eb ndeshje miq\u00ebsore. K\u00ebshtu, s\u00eb fundmi p\u00ebrfaq\u00ebsuesja e Kosov\u00ebs U-16 ka zhvilluar nj\u00eb takim me klubin e basketbollit \u201cBar\u201d, t\u00eb cil\u00ebn e ka mposhtur me rezultat t\u00eb thell\u00eb 87:46. [&hellip;]<\/p>\n","protected":false},"author":1,"featured_media":0,"comment_status":"open","ping_status":"closed","sticky":false,"template":"","format":"standard","meta":{"spay_email":"","jetpack_publicize_message":"","jetpack_is_tweetstorm":false,"jetpack_publicize_feature_enabled":true},"categories":[3],"tags":[49,8870,200,18],"jetpack_publicize_connections":[],"yoast_head":"<!-- This site is optimized with the Yoast SEO plugin v19.1 - https:\/\/yoast.com\/wordpress\/plugins\/seo\/ -->\n<title>Nj\u00eb fitore e nj\u00eb humbje p\u00ebr Kosov\u00ebn n\u00eb Ulqin - Lajme nga Ulqini<\/title>\n<meta name=\"description\" content=\"Gjeneratat e U-16 dhe U-18 t\u00eb Kosov\u00ebs n\u00eb basketboll krahas pun\u00ebs me st\u00ebrvitjet e p\u00ebrditshme q\u00eb jan\u00eb duke b\u00ebr\u00eb n\u00eb kampin e Ulqinit po zhvillojn\u00eb edhe shum\u00eb\" \/>\n<meta name=\"robots\" content=\"index, follow, max-snippet:-1, max-image-preview:large, max-video-preview:-1\" \/>\n<link rel=\"canonical\" href=\"https:\/\/www.visit-ulcinj.com\/blog\/2011\/07\/06\/nje-fitore-e-nje-humbje-per-kosoven-ne-ulqin\/\" \/>\n<meta property=\"og:locale\" content=\"en_US\" \/>\n<meta property=\"og:type\" content=\"article\" \/>\n<meta property=\"og:title\" content=\"Nj\u00eb fitore e nj\u00eb humbje p\u00ebr Kosov\u00ebn n\u00eb Ulqin - Lajme nga Ulqini\" \/>\n<meta property=\"og:description\" content=\"Gjeneratat e U-16 dhe U-18 t\u00eb Kosov\u00ebs n\u00eb basketboll krahas pun\u00ebs me st\u00ebrvitjet e p\u00ebrditshme q\u00eb jan\u00eb duke b\u00ebr\u00eb n\u00eb kampin e Ulqinit po zhvillojn\u00eb edhe shum\u00eb\" \/>\n<meta property=\"og:url\" content=\"https:\/\/www.visit-ulcinj.com\/blog\/2011\/07\/06\/nje-fitore-e-nje-humbje-per-kosoven-ne-ulqin\/\" \/>\n<meta property=\"og:site_name\" content=\"Lajme nga Ulqini\" \/>\n<meta property=\"article:published_time\" content=\"2011-07-06T20:16:28+00:00\" \/>\n<meta name=\"twitter:label1\" content=\"Written by\" \/>\n\t<meta name=\"twitter:data1\" content=\"ulqini\" \/>\n\t<meta name=\"twitter:label2\" content=\"Est. reading time\" \/>\n\t<meta name=\"twitter:data2\" content=\"1 minute\" \/>\n<script type=\"application\/ld+json\" class=\"yoast-schema-graph\">{\"@context\":\"https:\/\/schema.org\",\"@graph\":[{\"@type\":\"WebSite\",\"@id\":\"https:\/\/www.visit-ulcinj.com\/blog\/#website\",\"url\":\"https:\/\/www.visit-ulcinj.com\/blog\/\",\"name\":\"Lajme nga Ulqini\",\"description\":\"Lajme,Vijesti,Ulqini,Ulqin,Crna Gora,Mali i Zi\",\"potentialAction\":[{\"@type\":\"SearchAction\",\"target\":{\"@type\":\"EntryPoint\",\"urlTemplate\":\"https:\/\/www.visit-ulcinj.com\/blog\/?s={search_term_string}\"},\"query-input\":\"required name=search_term_string\"}],\"inLanguage\":\"en-US\"},{\"@type\":\"WebPage\",\"@id\":\"https:\/\/www.visit-ulcinj.com\/blog\/2011\/07\/06\/nje-fitore-e-nje-humbje-per-kosoven-ne-ulqin\/#webpage\",\"url\":\"https:\/\/www.visit-ulcinj.com\/blog\/2011\/07\/06\/nje-fitore-e-nje-humbje-per-kosoven-ne-ulqin\/\",\"name\":\"Nj\u00eb fitore e nj\u00eb humbje p\u00ebr Kosov\u00ebn n\u00eb Ulqin - Lajme nga Ulqini\",\"isPartOf\":{\"@id\":\"https:\/\/www.visit-ulcinj.com\/blog\/#website\"},\"datePublished\":\"2011-07-06T20:16:28+00:00\",\"dateModified\":\"2011-07-06T20:16:28+00:00\",\"author\":{\"@id\":\"https:\/\/www.visit-ulcinj.com\/blog\/#\/schema\/person\/dcab619c614d3038751c63bc2aadc06d\"},\"description\":\"Gjeneratat e U-16 dhe U-18 t\u00eb Kosov\u00ebs n\u00eb basketboll krahas pun\u00ebs me st\u00ebrvitjet e p\u00ebrditshme q\u00eb jan\u00eb duke b\u00ebr\u00eb n\u00eb kampin e Ulqinit po zhvillojn\u00eb edhe shum\u00eb\",\"breadcrumb\":{\"@id\":\"https:\/\/www.visit-ulcinj.com\/blog\/2011\/07\/06\/nje-fitore-e-nje-humbje-per-kosoven-ne-ulqin\/#breadcrumb\"},\"inLanguage\":\"en-US\",\"potentialAction\":[{\"@type\":\"ReadAction\",\"target\":[\"https:\/\/www.visit-ulcinj.com\/blog\/2011\/07\/06\/nje-fitore-e-nje-humbje-per-kosoven-ne-ulqin\/\"]}]},{\"@type\":\"BreadcrumbList\",\"@id\":\"https:\/\/www.visit-ulcinj.com\/blog\/2011\/07\/06\/nje-fitore-e-nje-humbje-per-kosoven-ne-ulqin\/#breadcrumb\",\"itemListElement\":[{\"@type\":\"ListItem\",\"position\":1,\"name\":\"Nj\u00eb fitore e nj\u00eb humbje p\u00ebr Kosov\u00ebn n\u00eb Ulqin\"}]},{\"@type\":\"Person\",\"@id\":\"https:\/\/www.visit-ulcinj.com\/blog\/#\/schema\/person\/dcab619c614d3038751c63bc2aadc06d\",\"name\":\"ulqini\",\"sameAs\":[\"http:\/\/www.visit-ulcinj.com\"],\"url\":\"https:\/\/www.visit-ulcinj.com\/blog\/author\/admin\/\"}]}<\/script>\n<!-- \/ Yoast SEO plugin. -->","yoast_head_json":{"title":"Nj\u00eb fitore e nj\u00eb humbje p\u00ebr Kosov\u00ebn n\u00eb Ulqin - Lajme nga Ulqini","description":"Gjeneratat e U-16 dhe U-18 t\u00eb Kosov\u00ebs n\u00eb basketboll krahas pun\u00ebs me st\u00ebrvitjet e p\u00ebrditshme q\u00eb jan\u00eb duke b\u00ebr\u00eb n\u00eb kampin e Ulqinit po zhvillojn\u00eb edhe shum\u00eb","robots":{"index":"index","follow":"follow","max-snippet":"max-snippet:-1","max-image-preview":"max-image-preview:large","max-video-preview":"max-video-preview:-1"},"canonical":"https:\/\/www.visit-ulcinj.com\/blog\/2011\/07\/06\/nje-fitore-e-nje-humbje-per-kosoven-ne-ulqin\/","og_locale":"en_US","og_type":"article","og_title":"Nj\u00eb fitore e nj\u00eb humbje p\u00ebr Kosov\u00ebn n\u00eb Ulqin - Lajme nga Ulqini","og_description":"Gjeneratat e U-16 dhe U-18 t\u00eb Kosov\u00ebs n\u00eb basketboll krahas pun\u00ebs me st\u00ebrvitjet e p\u00ebrditshme q\u00eb jan\u00eb duke b\u00ebr\u00eb n\u00eb kampin e Ulqinit po zhvillojn\u00eb edhe shum\u00eb","og_url":"https:\/\/www.visit-ulcinj.com\/blog\/2011\/07\/06\/nje-fitore-e-nje-humbje-per-kosoven-ne-ulqin\/","og_site_name":"Lajme nga Ulqini","article_published_time":"2011-07-06T20:16:28+00:00","twitter_misc":{"Written by":"ulqini","Est. reading time":"1 minute"},"schema":{"@context":"https:\/\/schema.org","@graph":[{"@type":"WebSite","@id":"https:\/\/www.visit-ulcinj.com\/blog\/#website","url":"https:\/\/www.visit-ulcinj.com\/blog\/","name":"Lajme nga Ulqini","description":"Lajme,Vijesti,Ulqini,Ulqin,Crna Gora,Mali i Zi","potentialAction":[{"@type":"SearchAction","target":{"@type":"EntryPoint","urlTemplate":"https:\/\/www.visit-ulcinj.com\/blog\/?s={search_term_string}"},"query-input":"required name=search_term_string"}],"inLanguage":"en-US"},{"@type":"WebPage","@id":"https:\/\/www.visit-ulcinj.com\/blog\/2011\/07\/06\/nje-fitore-e-nje-humbje-per-kosoven-ne-ulqin\/#webpage","url":"https:\/\/www.visit-ulcinj.com\/blog\/2011\/07\/06\/nje-fitore-e-nje-humbje-per-kosoven-ne-ulqin\/","name":"Nj\u00eb fitore e nj\u00eb humbje p\u00ebr Kosov\u00ebn n\u00eb Ulqin - Lajme nga Ulqini","isPartOf":{"@id":"https:\/\/www.visit-ulcinj.com\/blog\/#website"},"datePublished":"2011-07-06T20:16:28+00:00","dateModified":"2011-07-06T20:16:28+00:00","author":{"@id":"https:\/\/www.visit-ulcinj.com\/blog\/#\/schema\/person\/dcab619c614d3038751c63bc2aadc06d"},"description":"Gjeneratat e U-16 dhe U-18 t\u00eb Kosov\u00ebs n\u00eb basketboll krahas pun\u00ebs me st\u00ebrvitjet e p\u00ebrditshme q\u00eb jan\u00eb duke b\u00ebr\u00eb n\u00eb kampin e Ulqinit po zhvillojn\u00eb edhe shum\u00eb","breadcrumb":{"@id":"https:\/\/www.visit-ulcinj.com\/blog\/2011\/07\/06\/nje-fitore-e-nje-humbje-per-kosoven-ne-ulqin\/#breadcrumb"},"inLanguage":"en-US","potentialAction":[{"@type":"ReadAction","target":["https:\/\/www.visit-ulcinj.com\/blog\/2011\/07\/06\/nje-fitore-e-nje-humbje-per-kosoven-ne-ulqin\/"]}]},{"@type":"BreadcrumbList","@id":"https:\/\/www.visit-ulcinj.com\/blog\/2011\/07\/06\/nje-fitore-e-nje-humbje-per-kosoven-ne-ulqin\/#breadcrumb","itemListElement":[{"@type":"ListItem","position":1,"name":"Nj\u00eb fitore e nj\u00eb humbje p\u00ebr Kosov\u00ebn n\u00eb Ulqin"}]},{"@type":"Person","@id":"https:\/\/www.visit-ulcinj.com\/blog\/#\/schema\/person\/dcab619c614d3038751c63bc2aadc06d","name":"ulqini","sameAs":["http:\/\/www.visit-ulcinj.com"],"url":"https:\/\/www.visit-ulcinj.com\/blog\/author\/admin\/"}]}},"jetpack_featured_media_url":"","jetpack_sharing_enabled":true,"jetpack_shortlink":"https:\/\/wp.me\/pe6lTn-cD4","_links":{"self":[{"href":"https:\/\/www.visit-ulcinj.com\/blog\/wp-json\/wp\/v2\/posts\/48550"}],"collection":[{"href":"https:\/\/www.visit-ulcinj.com\/blog\/wp-json\/wp\/v2\/posts"}],"about":[{"href":"https:\/\/www.visit-ulcinj.com\/blog\/wp-json\/wp\/v2\/types\/post"}],"author":[{"embeddable":true,"href":"https:\/\/www.visit-ulcinj.com\/blog\/wp-json\/wp\/v2\/users\/1"}],"replies":[{"embeddable":true,"href":"https:\/\/www.visit-ulcinj.com\/blog\/wp-json\/wp\/v2\/comments?post=48550"}],"version-history":[{"count":1,"href":"https:\/\/www.visit-ulcinj.com\/blog\/wp-json\/wp\/v2\/posts\/48550\/revisions"}],"predecessor-version":[{"id":48551,"href":"https:\/\/www.visit-ulcinj.com\/blog\/wp-json\/wp\/v2\/posts\/48550\/revisions\/48551"}],"wp:attachment":[{"href":"https:\/\/www.visit-ulcinj.com\/blog\/wp-json\/wp\/v2\/media?parent=48550"}],"wp:term":[{"taxonomy":"category","embeddable":true,"href":"https:\/\/www.visit-ulcinj.com\/blog\/wp-json\/wp\/v2\/categories?post=48550"},{"taxonomy":"post_tag","embeddable":true,"href":"https:\/\/www.visit-ulcinj.com\/blog\/wp-json\/wp\/v2\/tags?post=48550"}],"curies":[{"name":"wp","href":"https:\/\/api.w.org\/{rel}","templated":true}]}}