{"id":48582,"date":"2011-07-07T17:02:47","date_gmt":"2011-07-07T16:02:47","guid":{"rendered":"http:\/\/www.visit-ulcinj.com\/blog\/?p=48582"},"modified":"2011-07-07T17:02:47","modified_gmt":"2011-07-07T16:02:47","slug":"forca-vlada-varala-gradane-obecanjima-o-samostalnim-opstinama","status":"publish","type":"post","link":"https:\/\/www.visit-ulcinj.com\/blog\/2011\/07\/07\/forca-vlada-varala-gradane-obecanjima-o-samostalnim-opstinama\/","title":{"rendered":"Forca: Vlada varala gra\u0111ane obe\u0107anjima o samostalnim op\u0161tinama"},"content":{"rendered":"<div id=\"article_text\">\n<p><a href=\"http:\/\/www.visit-ulcinj.com\/blog\/wp-content\/uploads\/2011\/07\/Genci-Nimanbegu.jpg\"><img loading=\"lazy\" class=\"alignleft size-full wp-image-48583\" title=\"Genci Nimanbegu\" src=\"http:\/\/www.visit-ulcinj.com\/blog\/wp-content\/uploads\/2011\/07\/Genci-Nimanbegu.jpg\" alt=\"\" width=\"508\" height=\"380\" \/><\/a>Vlada Crne Gore je stalno varala  gra\u0111ane Malesije,  Zete i Petnjice obe\u0107anjima o samostalnoj op\u0161tini, koja su, kako se  ispostavilo, bila samo predizborna obe\u0107anja, ocijenjeno je iz Force.<\/p>\n<p>Novim vladinim nacrtom Zakona o teritorijalnoj organizaciji nije predvi\u0111eno formiranje novih op\u0161tina.<\/p>\n<p>\u201cZa nas Albance, pitanje od prvorazrednog zna\u010daja je samostalna  op\u0161tina Malesija sa centrom u Tuzima, jer se radi o legalnom i  legitimnom zahtjevu  gra\u0111ana tog podru\u010dja da imaju svoju samostalnu  op\u0161tinu\u201d, navodi se u saop\u0161tenju Informativne slu\u017ebe Force.<\/p>\n<p>Isti\u010de se da je to pitanje godinama ispolitizovano, a naro\u010dito  od  2006. kada se \u201cu politi\u010dku trgovinu uklju\u010dila i DUA\u201d: \u201cTada je  realizovan koncept urbane op\u0161tine, protivno volji gra\u0111ana Malesije. Ona  je bez nadle\u017enosti koje treba da ima lokalna samouprava i vi\u0161e li\u010di na  mjesnu zajednicu\u201d.<\/p>\n<p>Formiranje  novih op\u0161tina, u Forci vide kao prilog decentralizaciji i  razvoju tih podru\u010dja, jer one \u201coptimalno ispunjavaju uslove\u201d, \u010dak vi\u0161e  nego neke postoje\u0107e op\u0161tine u Crnoj Gori.<\/p>\n<p>\u201cMe\u0111utim, iz najnovije informacije Vlade, jasno proizilazi da se  radilo samo o predizbornim obe\u0107anjima, pa se vidi  da su stanovnici  Malesije, ali i Zete i Petnjice, permanentno varani\u201d, pi\u0161e u saop\u0161tenju  dostavljenom \u201cVijestima\u201d.<\/p>\n<p>Poslanik FORCE Genci Nimanbegu, najavljeno je iz partije,  \u0107e  djelovati amandmanski na nacrt Zakona kako bi se omogu\u0107ilo formiranje  novih op\u0161tina.<\/p>\n<p>\u201cOstaje da se vidi koliko \u0107e imati uspjeha u tome, ako Vlada i ovoga  puta ne povu\u010de Nacrt  iz skup\u0161tinske procedure kao pro\u0161le godine. Takav  postupak nas ne bi iznenadio, jer je svakome jasno da  vlast razmi\u0161lja  samo o o\u010duvanju svojih pozicija a ne o tome kako da ispuni legitimne  zahtjeve gra\u0111ana\u201d, saop\u0161teno je iz Force.<\/p>\n<p><a href=\"http:\/\/www.vijesti.me\/vijesti\/forca-vlada-varala-gradane-obecanjima-samostalnim-opstinama-clanak-27579\" target=\"_blank\"><strong>Mirjana Bo\u0161kovi\u0107<\/strong><br \/>\n<strong>Vijesti<\/strong><\/a><\/p>\n<\/div>\n","protected":false},"excerpt":{"rendered":"<p>Vlada Crne Gore je stalno varala gra\u0111ane Malesije, Zete i Petnjice obe\u0107anjima o samostalnoj op\u0161tini, koja su, kako se ispostavilo, bila samo predizborna obe\u0107anja, ocijenjeno je iz Force. Novim vladinim nacrtom Zakona o teritorijalnoj organizaciji nije predvi\u0111eno formiranje novih op\u0161tina. \u201cZa nas Albance, pitanje od prvorazrednog zna\u010daja je samostalna op\u0161tina Malesija sa centrom u Tuzima, [&hellip;]<\/p>\n","protected":false},"author":1,"featured_media":0,"comment_status":"open","ping_status":"closed","sticky":false,"template":"","format":"standard","meta":{"spay_email":"","jetpack_publicize_message":"","jetpack_is_tweetstorm":false,"jetpack_publicize_feature_enabled":true},"categories":[8337],"tags":[1073,16881,201,19],"jetpack_publicize_connections":[],"yoast_head":"<!-- This site is optimized with the Yoast SEO plugin v19.1 - https:\/\/yoast.com\/wordpress\/plugins\/seo\/ -->\n<title>Forca: Vlada varala gra\u0111ane obe\u0107anjima o samostalnim op\u0161tinama - Lajme nga Ulqini<\/title>\n<meta name=\"description\" content=\"Vlada Crne Gore je stalno varala gra\u0111ane Malesije, Zete i Petnjice obe\u0107anjima o samostalnoj op\u0161tini, koja su, kako se ispostavilo, bila samo predizborna\" \/>\n<meta name=\"robots\" content=\"index, follow, max-snippet:-1, max-image-preview:large, max-video-preview:-1\" \/>\n<link rel=\"canonical\" href=\"https:\/\/www.visit-ulcinj.com\/blog\/2011\/07\/07\/forca-vlada-varala-gradane-obecanjima-o-samostalnim-opstinama\/\" \/>\n<meta property=\"og:locale\" content=\"en_US\" \/>\n<meta property=\"og:type\" content=\"article\" \/>\n<meta property=\"og:title\" content=\"Forca: Vlada varala gra\u0111ane obe\u0107anjima o samostalnim op\u0161tinama - Lajme nga Ulqini\" \/>\n<meta property=\"og:description\" content=\"Vlada Crne Gore je stalno varala gra\u0111ane Malesije, Zete i Petnjice obe\u0107anjima o samostalnoj op\u0161tini, koja su, kako se ispostavilo, bila samo predizborna\" \/>\n<meta property=\"og:url\" content=\"https:\/\/www.visit-ulcinj.com\/blog\/2011\/07\/07\/forca-vlada-varala-gradane-obecanjima-o-samostalnim-opstinama\/\" \/>\n<meta property=\"og:site_name\" content=\"Lajme nga Ulqini\" \/>\n<meta property=\"article:published_time\" content=\"2011-07-07T16:02:47+00:00\" \/>\n<meta property=\"og:image\" content=\"http:\/\/www.visit-ulcinj.com\/blog\/wp-content\/uploads\/2011\/07\/Genci-Nimanbegu.jpg\" \/>\n<meta name=\"twitter:label1\" content=\"Written by\" \/>\n\t<meta name=\"twitter:data1\" content=\"ulqini\" \/>\n\t<meta name=\"twitter:label2\" content=\"Est. reading time\" \/>\n\t<meta name=\"twitter:data2\" content=\"2 minutes\" \/>\n<script type=\"application\/ld+json\" class=\"yoast-schema-graph\">{\"@context\":\"https:\/\/schema.org\",\"@graph\":[{\"@type\":\"WebSite\",\"@id\":\"https:\/\/www.visit-ulcinj.com\/blog\/#website\",\"url\":\"https:\/\/www.visit-ulcinj.com\/blog\/\",\"name\":\"Lajme nga Ulqini\",\"description\":\"Lajme,Vijesti,Ulqini,Ulqin,Crna Gora,Mali i Zi\",\"potentialAction\":[{\"@type\":\"SearchAction\",\"target\":{\"@type\":\"EntryPoint\",\"urlTemplate\":\"https:\/\/www.visit-ulcinj.com\/blog\/?s={search_term_string}\"},\"query-input\":\"required name=search_term_string\"}],\"inLanguage\":\"en-US\"},{\"@type\":\"ImageObject\",\"inLanguage\":\"en-US\",\"@id\":\"https:\/\/www.visit-ulcinj.com\/blog\/2011\/07\/07\/forca-vlada-varala-gradane-obecanjima-o-samostalnim-opstinama\/#primaryimage\",\"url\":\"https:\/\/www.visit-ulcinj.com\/blog\/wp-content\/uploads\/2011\/07\/Genci-Nimanbegu.jpg\",\"contentUrl\":\"https:\/\/www.visit-ulcinj.com\/blog\/wp-content\/uploads\/2011\/07\/Genci-Nimanbegu.jpg\",\"width\":\"604\",\"height\":\"404\"},{\"@type\":\"WebPage\",\"@id\":\"https:\/\/www.visit-ulcinj.com\/blog\/2011\/07\/07\/forca-vlada-varala-gradane-obecanjima-o-samostalnim-opstinama\/#webpage\",\"url\":\"https:\/\/www.visit-ulcinj.com\/blog\/2011\/07\/07\/forca-vlada-varala-gradane-obecanjima-o-samostalnim-opstinama\/\",\"name\":\"Forca: Vlada varala gra\u0111ane obe\u0107anjima o samostalnim op\u0161tinama - Lajme nga Ulqini\",\"isPartOf\":{\"@id\":\"https:\/\/www.visit-ulcinj.com\/blog\/#website\"},\"primaryImageOfPage\":{\"@id\":\"https:\/\/www.visit-ulcinj.com\/blog\/2011\/07\/07\/forca-vlada-varala-gradane-obecanjima-o-samostalnim-opstinama\/#primaryimage\"},\"datePublished\":\"2011-07-07T16:02:47+00:00\",\"dateModified\":\"2011-07-07T16:02:47+00:00\",\"author\":{\"@id\":\"https:\/\/www.visit-ulcinj.com\/blog\/#\/schema\/person\/dcab619c614d3038751c63bc2aadc06d\"},\"description\":\"Vlada Crne Gore je stalno varala gra\u0111ane Malesije, Zete i Petnjice obe\u0107anjima o samostalnoj op\u0161tini, koja su, kako se ispostavilo, bila samo predizborna\",\"breadcrumb\":{\"@id\":\"https:\/\/www.visit-ulcinj.com\/blog\/2011\/07\/07\/forca-vlada-varala-gradane-obecanjima-o-samostalnim-opstinama\/#breadcrumb\"},\"inLanguage\":\"en-US\",\"potentialAction\":[{\"@type\":\"ReadAction\",\"target\":[\"https:\/\/www.visit-ulcinj.com\/blog\/2011\/07\/07\/forca-vlada-varala-gradane-obecanjima-o-samostalnim-opstinama\/\"]}]},{\"@type\":\"BreadcrumbList\",\"@id\":\"https:\/\/www.visit-ulcinj.com\/blog\/2011\/07\/07\/forca-vlada-varala-gradane-obecanjima-o-samostalnim-opstinama\/#breadcrumb\",\"itemListElement\":[{\"@type\":\"ListItem\",\"position\":1,\"name\":\"Forca: Vlada varala gra\u0111ane obe\u0107anjima o samostalnim op\u0161tinama\"}]},{\"@type\":\"Person\",\"@id\":\"https:\/\/www.visit-ulcinj.com\/blog\/#\/schema\/person\/dcab619c614d3038751c63bc2aadc06d\",\"name\":\"ulqini\",\"sameAs\":[\"http:\/\/www.visit-ulcinj.com\"],\"url\":\"https:\/\/www.visit-ulcinj.com\/blog\/author\/admin\/\"}]}<\/script>\n<!-- \/ Yoast SEO plugin. -->","yoast_head_json":{"title":"Forca: Vlada varala gra\u0111ane obe\u0107anjima o samostalnim op\u0161tinama - Lajme nga Ulqini","description":"Vlada Crne Gore je stalno varala gra\u0111ane Malesije, Zete i Petnjice obe\u0107anjima o samostalnoj op\u0161tini, koja su, kako se ispostavilo, bila samo predizborna","robots":{"index":"index","follow":"follow","max-snippet":"max-snippet:-1","max-image-preview":"max-image-preview:large","max-video-preview":"max-video-preview:-1"},"canonical":"https:\/\/www.visit-ulcinj.com\/blog\/2011\/07\/07\/forca-vlada-varala-gradane-obecanjima-o-samostalnim-opstinama\/","og_locale":"en_US","og_type":"article","og_title":"Forca: Vlada varala gra\u0111ane obe\u0107anjima o samostalnim op\u0161tinama - Lajme nga Ulqini","og_description":"Vlada Crne Gore je stalno varala gra\u0111ane Malesije, Zete i Petnjice obe\u0107anjima o samostalnoj op\u0161tini, koja su, kako se ispostavilo, bila samo predizborna","og_url":"https:\/\/www.visit-ulcinj.com\/blog\/2011\/07\/07\/forca-vlada-varala-gradane-obecanjima-o-samostalnim-opstinama\/","og_site_name":"Lajme nga Ulqini","article_published_time":"2011-07-07T16:02:47+00:00","og_image":[{"url":"http:\/\/www.visit-ulcinj.com\/blog\/wp-content\/uploads\/2011\/07\/Genci-Nimanbegu.jpg"}],"twitter_misc":{"Written by":"ulqini","Est. reading time":"2 minutes"},"schema":{"@context":"https:\/\/schema.org","@graph":[{"@type":"WebSite","@id":"https:\/\/www.visit-ulcinj.com\/blog\/#website","url":"https:\/\/www.visit-ulcinj.com\/blog\/","name":"Lajme nga Ulqini","description":"Lajme,Vijesti,Ulqini,Ulqin,Crna Gora,Mali i Zi","potentialAction":[{"@type":"SearchAction","target":{"@type":"EntryPoint","urlTemplate":"https:\/\/www.visit-ulcinj.com\/blog\/?s={search_term_string}"},"query-input":"required name=search_term_string"}],"inLanguage":"en-US"},{"@type":"ImageObject","inLanguage":"en-US","@id":"https:\/\/www.visit-ulcinj.com\/blog\/2011\/07\/07\/forca-vlada-varala-gradane-obecanjima-o-samostalnim-opstinama\/#primaryimage","url":"https:\/\/www.visit-ulcinj.com\/blog\/wp-content\/uploads\/2011\/07\/Genci-Nimanbegu.jpg","contentUrl":"https:\/\/www.visit-ulcinj.com\/blog\/wp-content\/uploads\/2011\/07\/Genci-Nimanbegu.jpg","width":"604","height":"404"},{"@type":"WebPage","@id":"https:\/\/www.visit-ulcinj.com\/blog\/2011\/07\/07\/forca-vlada-varala-gradane-obecanjima-o-samostalnim-opstinama\/#webpage","url":"https:\/\/www.visit-ulcinj.com\/blog\/2011\/07\/07\/forca-vlada-varala-gradane-obecanjima-o-samostalnim-opstinama\/","name":"Forca: Vlada varala gra\u0111ane obe\u0107anjima o samostalnim op\u0161tinama - Lajme nga Ulqini","isPartOf":{"@id":"https:\/\/www.visit-ulcinj.com\/blog\/#website"},"primaryImageOfPage":{"@id":"https:\/\/www.visit-ulcinj.com\/blog\/2011\/07\/07\/forca-vlada-varala-gradane-obecanjima-o-samostalnim-opstinama\/#primaryimage"},"datePublished":"2011-07-07T16:02:47+00:00","dateModified":"2011-07-07T16:02:47+00:00","author":{"@id":"https:\/\/www.visit-ulcinj.com\/blog\/#\/schema\/person\/dcab619c614d3038751c63bc2aadc06d"},"description":"Vlada Crne Gore je stalno varala gra\u0111ane Malesije, Zete i Petnjice obe\u0107anjima o samostalnoj op\u0161tini, koja su, kako se ispostavilo, bila samo predizborna","breadcrumb":{"@id":"https:\/\/www.visit-ulcinj.com\/blog\/2011\/07\/07\/forca-vlada-varala-gradane-obecanjima-o-samostalnim-opstinama\/#breadcrumb"},"inLanguage":"en-US","potentialAction":[{"@type":"ReadAction","target":["https:\/\/www.visit-ulcinj.com\/blog\/2011\/07\/07\/forca-vlada-varala-gradane-obecanjima-o-samostalnim-opstinama\/"]}]},{"@type":"BreadcrumbList","@id":"https:\/\/www.visit-ulcinj.com\/blog\/2011\/07\/07\/forca-vlada-varala-gradane-obecanjima-o-samostalnim-opstinama\/#breadcrumb","itemListElement":[{"@type":"ListItem","position":1,"name":"Forca: Vlada varala gra\u0111ane obe\u0107anjima o samostalnim op\u0161tinama"}]},{"@type":"Person","@id":"https:\/\/www.visit-ulcinj.com\/blog\/#\/schema\/person\/dcab619c614d3038751c63bc2aadc06d","name":"ulqini","sameAs":["http:\/\/www.visit-ulcinj.com"],"url":"https:\/\/www.visit-ulcinj.com\/blog\/author\/admin\/"}]}},"jetpack_featured_media_url":"","jetpack_sharing_enabled":true,"jetpack_shortlink":"https:\/\/wp.me\/pe6lTn-cDA","_links":{"self":[{"href":"https:\/\/www.visit-ulcinj.com\/blog\/wp-json\/wp\/v2\/posts\/48582"}],"collection":[{"href":"https:\/\/www.visit-ulcinj.com\/blog\/wp-json\/wp\/v2\/posts"}],"about":[{"href":"https:\/\/www.visit-ulcinj.com\/blog\/wp-json\/wp\/v2\/types\/post"}],"author":[{"embeddable":true,"href":"https:\/\/www.visit-ulcinj.com\/blog\/wp-json\/wp\/v2\/users\/1"}],"replies":[{"embeddable":true,"href":"https:\/\/www.visit-ulcinj.com\/blog\/wp-json\/wp\/v2\/comments?post=48582"}],"version-history":[{"count":1,"href":"https:\/\/www.visit-ulcinj.com\/blog\/wp-json\/wp\/v2\/posts\/48582\/revisions"}],"predecessor-version":[{"id":48584,"href":"https:\/\/www.visit-ulcinj.com\/blog\/wp-json\/wp\/v2\/posts\/48582\/revisions\/48584"}],"wp:attachment":[{"href":"https:\/\/www.visit-ulcinj.com\/blog\/wp-json\/wp\/v2\/media?parent=48582"}],"wp:term":[{"taxonomy":"category","embeddable":true,"href":"https:\/\/www.visit-ulcinj.com\/blog\/wp-json\/wp\/v2\/categories?post=48582"},{"taxonomy":"post_tag","embeddable":true,"href":"https:\/\/www.visit-ulcinj.com\/blog\/wp-json\/wp\/v2\/tags?post=48582"}],"curies":[{"name":"wp","href":"https:\/\/api.w.org\/{rel}","templated":true}]}}