{"id":48585,"date":"2011-07-07T17:14:16","date_gmt":"2011-07-07T16:14:16","guid":{"rendered":"http:\/\/www.visit-ulcinj.com\/blog\/?p=48585"},"modified":"2011-07-07T17:14:16","modified_gmt":"2011-07-07T16:14:16","slug":"gjurmet-e-koherave-tradita-si-sfide","status":"publish","type":"post","link":"https:\/\/www.visit-ulcinj.com\/blog\/2011\/07\/07\/gjurmet-e-koherave-tradita-si-sfide\/","title":{"rendered":"Gjurm\u00ebt e koh\u00ebrave &#8211; Tradita si sfid\u00eb"},"content":{"rendered":"<p><a href=\"http:\/\/www.visit-ulcinj.com\/blog\/wp-content\/uploads\/2011\/07\/Kalaja-e-Ulqinit_sheshi-i-robve.jpg\"><img loading=\"lazy\" class=\"alignleft size-full wp-image-48586\" title=\"Kalaja e Ulqinit_sheshi i robve\" src=\"http:\/\/www.visit-ulcinj.com\/blog\/wp-content\/uploads\/2011\/07\/Kalaja-e-Ulqinit_sheshi-i-robve.jpg\" alt=\"\" width=\"508\" height=\"380\" \/><\/a>Nga Mustafa Canka<\/p>\n<p>Ajo q\u00eb nj\u00eb bashk\u00ebsi e b\u00ebn gjith\u00ebher\u00eb t\u00eb mir\u00eb dhe t\u00eb qendrueshme jan\u00eb vlerat e tilla si toleranca, antiracizmi, respektimi i identitetit tjet\u00ebr dhe t\u00eb ndrysh\u00ebm, zhvillimi ekonomik etj. K\u00ebtu ka qen\u00eb dhe p\u00ebr fat t\u00eb mir\u00eb \u00ebsht\u00eb ende prezente p\u00ebrzierja e shum\u00eb popujve, fiseve, ngjyrave t\u00eb l\u00ebkur\u00ebs dhe religjioneve. Ka k\u00ebtu edhe zezak\u00eb ton\u00eb t\u00eb mrekulluesh\u00ebm, asish q\u00eb kan\u00eb ardhur nga Afrika Veriore.<\/p>\n<p>Ata kan\u00eb qen\u00eb t\u00eb shitur, martoheshin me ulqinake, luftonin si ushtar\u00eb, merreshin me kusari, b\u00ebheshin kapiten\u00eb anijesh dhe tregtar\u00eb mallrash t\u00eb pla\u00e7kitura dhe rob\u00ebrish. Pasi u b\u00ebn\u00eb t\u00eb lir\u00eb, ishin sikurse t\u00eb gjith\u00eb qytetar\u00ebt e Ulqinit. Flisnin gjuh\u00ebn e shumic\u00ebs, visheshin \u201calaturka\u201d. Mbanin feste dhe pantallona t\u00eb gjera, sikurse t\u00eb gjith\u00eb ulqinak\u00ebt. Jetonin nj\u00eb jet\u00eb t\u00eb g\u00ebzuar dhe pa brenga, madje edhe kur i thirrnin krajlat dhe mbret\u00ebrit, nuk donin ta braktisnin k\u00ebt\u00eb qytet t\u00eb qet\u00eb, qytetin e tyre.<\/p>\n<p>P\u00ebr hir\u00eb t\u00eb filozofis\u00eb s\u00eb mbijetes\u00ebs s\u00eb qytetit, rreth t\u00eb nj\u00ebjt\u00ebs tryez\u00eb shpesh\u00ebher\u00eb uleshin rob\u00ebrit dhe pronar\u00ebt e tyre. Fakti se robi ka mundur t\u00eb b\u00ebhet qytetar i lir\u00eb zhduki \u00e7far\u00ebdo segregacioni biologjik mes klasave dhe solli nj\u00eb mobilitet t\u00eb jasht\u00ebzakonsh\u00ebm shoq\u00ebror. \u00c7dokush q\u00eb ishte i zellsh\u00ebm, q\u00eb ishte i dobish\u00ebm p\u00ebr gj\u00ebrat e caktuara, q\u00eb ishte i nevojsh\u00ebm, i kvalifikuar dhe profesionist, pavar\u00ebsisht nga feja dhe raca mund ta gjente vendin e vet dhe t\u00eb ishte \u201ci shfryt\u00ebzuar\u201d n\u00eb aspektin shoq\u00ebror. T\u00eb gjith\u00eb ishin pjes\u00eb e sistemit dhe t\u00eb gjith\u00eb luanin ndonj\u00eb rol. Dhe pik\u00ebrisht kjo ishte lokomotiva q\u00eb \u00e7oi p\u00ebrpara qytetin. K\u00ebtu kurr\u00eb nuk ka pasur pompozitet, luks t\u00eb tepruar dhe shk\u00eblqim t\u00eb rrejsh\u00ebm. Asohere Ulqini ka pasur m\u00eb shum\u00eb kapiten\u00eb t\u00eb suksessh\u00ebm anijesh sesa Kotorri dhe Perasti s\u00eb bashku! Vet\u00ebm nga mesi i shekullit XIX flota e tij vlente mbi 500 mij\u00eb dukat\u00eb floriri. Por nuk kishte godina t\u00eb tilla grandioze sikurse n\u00eb Bok\u00eb. Njer\u00ebzit jetonin n\u00eb m\u00ebnyr\u00eb modeste, ata lan\u00eb vepra bamir\u00ebsie, duke u p\u00ebrgatitur p\u00ebr nj\u00eb bot\u00eb m\u00eb t\u00eb mir\u00eb. K\u00ebta kapiten\u00eb kurr\u00eb nuk kan\u00eb kryer ndonj\u00eb shkoll\u00eb, por dinin p\u00ebr t\u2019u orientuar sipas busull\u00ebs dhe hartave. K\u00ebt\u00eb mjesht\u00ebri e kishin fituar me nj\u00eb praktik\u00eb t\u00eb gjat\u00eb. Ndoshta mund t\u00eb pyeteni se si jan\u00eb b\u00ebr\u00eb t\u00eb suksessh\u00ebm, anipse kurr\u00eb nuk ishin marr\u00eb me treg\u00ebti me shumic\u00eb, q\u00eb do t\u00eb thot\u00eb se nuk kan\u00eb bler\u00eb dhe shitur mallra. Thjesht: ata vet\u00ebm siguronin transportin. Kurse \u00e7mimet e transportit n\u00eb regjin\u00eb e tyre ishin tejet t\u00eb ul\u00ebta.<\/p>\n<p>Ulqinak\u00ebt kan\u00eb qen\u00eb lindor\u00eb pa kompleks ndaj Per\u00ebndimit; lindor\u00eb t\u00eb cil\u00ebt n\u00eb t\u00eb nj\u00ebjt\u00ebn koh\u00eb e duan dhe e njohin Per\u00ebndimin. Ata arrit\u00ebn t\u00eb zhvillohen dhe t\u00eb mbijetojn\u00eb fal\u00eb mobilitetit t\u00eb madh dhe vitalitetit t\u00eb tradit\u00ebs s\u00eb tyre. K\u00ebt\u00eb mund ta arrijm\u00eb edhe ne sot, mir\u00ebpo na duhet ta njohim dhe ta duam tradit\u00ebn ton\u00eb, t\u00eb kemi vet\u00ebdije p\u00ebr potencialet e qytetit dhe vizion t\u00eb qart\u00eb, t\u00eb punojm\u00eb shum\u00eb dhe n\u00eb m\u00ebnyr\u00eb serioize. T\u00eb gjitha k\u00ebto tek qytetar\u00ebt e Ulqinit \u00e7doher\u00eb kan\u00eb krijuar lidhjen e pashk\u00ebputshme ndaj vendlindjes s\u00eb vet. T\u00eb b\u00ebhemi edhe ne, n\u00eb interesin e ardhm\u00ebris\u00eb son\u00eb, aktor\u00eb t\u00eb denj\u00eb t\u00eb historis\u00eb son\u00eb. T. Eliot me t\u00eb v\u00ebrtet\u00eb ka pasur thell\u00ebsisht t\u00eb drejt\u00eb kur ka th\u00ebn\u00eb: \u201cZot\u00ebrinj, n\u00ebse ju nevojitet tradita, at\u00eb duhet ta fitoni me nj\u00eb mund t\u00eb madh\u201d.<\/p>\n<p><strong>Koha Javore<br \/>\n<\/strong><!--YouTube Error: bad URL entered--><strong><br \/>\n<\/strong><\/p>\n","protected":false},"excerpt":{"rendered":"<p>Nga Mustafa Canka Ajo q\u00eb nj\u00eb bashk\u00ebsi e b\u00ebn gjith\u00ebher\u00eb t\u00eb mir\u00eb dhe t\u00eb qendrueshme jan\u00eb vlerat e tilla si toleranca, antiracizmi, respektimi i identitetit tjet\u00ebr dhe t\u00eb ndrysh\u00ebm, zhvillimi ekonomik etj. K\u00ebtu ka qen\u00eb dhe p\u00ebr fat t\u00eb mir\u00eb \u00ebsht\u00eb ende prezente p\u00ebrzierja e shum\u00eb popujve, fiseve, ngjyrave t\u00eb l\u00ebkur\u00ebs dhe religjioneve. Ka k\u00ebtu [&hellip;]<\/p>\n","protected":false},"author":1,"featured_media":0,"comment_status":"open","ping_status":"closed","sticky":false,"template":"","format":"standard","meta":{"spay_email":"","jetpack_publicize_message":"","jetpack_is_tweetstorm":false,"jetpack_publicize_feature_enabled":true},"categories":[14249],"tags":[310,18],"jetpack_publicize_connections":[],"yoast_head":"<!-- This site is optimized with the Yoast SEO plugin v19.1 - https:\/\/yoast.com\/wordpress\/plugins\/seo\/ -->\n<title>Gjurm\u00ebt e koh\u00ebrave - Tradita si sfid\u00eb - Lajme nga Ulqini<\/title>\n<meta name=\"description\" content=\"Nga Mustafa Canka Ajo q\u00eb nj\u00eb bashk\u00ebsi e b\u00ebn gjith\u00ebher\u00eb t\u00eb mir\u00eb dhe t\u00eb qendrueshme jan\u00eb vlerat e tilla si toleranca, antiracizmi, respektimi i identitetit\" \/>\n<meta name=\"robots\" content=\"index, follow, max-snippet:-1, max-image-preview:large, max-video-preview:-1\" \/>\n<link rel=\"canonical\" href=\"https:\/\/www.visit-ulcinj.com\/blog\/2011\/07\/07\/gjurmet-e-koherave-tradita-si-sfide\/\" \/>\n<meta property=\"og:locale\" content=\"en_US\" \/>\n<meta property=\"og:type\" content=\"article\" \/>\n<meta property=\"og:title\" content=\"Gjurm\u00ebt e koh\u00ebrave - Tradita si sfid\u00eb - Lajme nga Ulqini\" \/>\n<meta property=\"og:description\" content=\"Nga Mustafa Canka Ajo q\u00eb nj\u00eb bashk\u00ebsi e b\u00ebn gjith\u00ebher\u00eb t\u00eb mir\u00eb dhe t\u00eb qendrueshme jan\u00eb vlerat e tilla si toleranca, antiracizmi, respektimi i identitetit\" \/>\n<meta property=\"og:url\" content=\"https:\/\/www.visit-ulcinj.com\/blog\/2011\/07\/07\/gjurmet-e-koherave-tradita-si-sfide\/\" \/>\n<meta property=\"og:site_name\" content=\"Lajme nga Ulqini\" \/>\n<meta property=\"article:published_time\" content=\"2011-07-07T16:14:16+00:00\" \/>\n<meta property=\"og:image\" content=\"http:\/\/www.visit-ulcinj.com\/blog\/wp-content\/uploads\/2011\/07\/Kalaja-e-Ulqinit_sheshi-i-robve.jpg\" \/>\n<meta name=\"twitter:label1\" content=\"Written by\" \/>\n\t<meta name=\"twitter:data1\" content=\"ulqini\" \/>\n\t<meta name=\"twitter:label2\" content=\"Est. reading time\" \/>\n\t<meta name=\"twitter:data2\" content=\"3 minutes\" \/>\n<script type=\"application\/ld+json\" class=\"yoast-schema-graph\">{\"@context\":\"https:\/\/schema.org\",\"@graph\":[{\"@type\":\"WebSite\",\"@id\":\"https:\/\/www.visit-ulcinj.com\/blog\/#website\",\"url\":\"https:\/\/www.visit-ulcinj.com\/blog\/\",\"name\":\"Lajme nga Ulqini\",\"description\":\"Lajme,Vijesti,Ulqini,Ulqin,Crna Gora,Mali i Zi\",\"potentialAction\":[{\"@type\":\"SearchAction\",\"target\":{\"@type\":\"EntryPoint\",\"urlTemplate\":\"https:\/\/www.visit-ulcinj.com\/blog\/?s={search_term_string}\"},\"query-input\":\"required name=search_term_string\"}],\"inLanguage\":\"en-US\"},{\"@type\":\"ImageObject\",\"inLanguage\":\"en-US\",\"@id\":\"https:\/\/www.visit-ulcinj.com\/blog\/2011\/07\/07\/gjurmet-e-koherave-tradita-si-sfide\/#primaryimage\",\"url\":\"https:\/\/www.visit-ulcinj.com\/blog\/wp-content\/uploads\/2011\/07\/Kalaja-e-Ulqinit_sheshi-i-robve.jpg\",\"contentUrl\":\"https:\/\/www.visit-ulcinj.com\/blog\/wp-content\/uploads\/2011\/07\/Kalaja-e-Ulqinit_sheshi-i-robve.jpg\",\"width\":\"789\",\"height\":\"477\"},{\"@type\":\"WebPage\",\"@id\":\"https:\/\/www.visit-ulcinj.com\/blog\/2011\/07\/07\/gjurmet-e-koherave-tradita-si-sfide\/#webpage\",\"url\":\"https:\/\/www.visit-ulcinj.com\/blog\/2011\/07\/07\/gjurmet-e-koherave-tradita-si-sfide\/\",\"name\":\"Gjurm\u00ebt e koh\u00ebrave - Tradita si sfid\u00eb - Lajme nga Ulqini\",\"isPartOf\":{\"@id\":\"https:\/\/www.visit-ulcinj.com\/blog\/#website\"},\"primaryImageOfPage\":{\"@id\":\"https:\/\/www.visit-ulcinj.com\/blog\/2011\/07\/07\/gjurmet-e-koherave-tradita-si-sfide\/#primaryimage\"},\"datePublished\":\"2011-07-07T16:14:16+00:00\",\"dateModified\":\"2011-07-07T16:14:16+00:00\",\"author\":{\"@id\":\"https:\/\/www.visit-ulcinj.com\/blog\/#\/schema\/person\/dcab619c614d3038751c63bc2aadc06d\"},\"description\":\"Nga Mustafa Canka Ajo q\u00eb nj\u00eb bashk\u00ebsi e b\u00ebn gjith\u00ebher\u00eb t\u00eb mir\u00eb dhe t\u00eb qendrueshme jan\u00eb vlerat e tilla si toleranca, antiracizmi, respektimi i identitetit\",\"breadcrumb\":{\"@id\":\"https:\/\/www.visit-ulcinj.com\/blog\/2011\/07\/07\/gjurmet-e-koherave-tradita-si-sfide\/#breadcrumb\"},\"inLanguage\":\"en-US\",\"potentialAction\":[{\"@type\":\"ReadAction\",\"target\":[\"https:\/\/www.visit-ulcinj.com\/blog\/2011\/07\/07\/gjurmet-e-koherave-tradita-si-sfide\/\"]}]},{\"@type\":\"BreadcrumbList\",\"@id\":\"https:\/\/www.visit-ulcinj.com\/blog\/2011\/07\/07\/gjurmet-e-koherave-tradita-si-sfide\/#breadcrumb\",\"itemListElement\":[{\"@type\":\"ListItem\",\"position\":1,\"name\":\"Gjurm\u00ebt e koh\u00ebrave &#8211; Tradita si sfid\u00eb\"}]},{\"@type\":\"Person\",\"@id\":\"https:\/\/www.visit-ulcinj.com\/blog\/#\/schema\/person\/dcab619c614d3038751c63bc2aadc06d\",\"name\":\"ulqini\",\"sameAs\":[\"http:\/\/www.visit-ulcinj.com\"],\"url\":\"https:\/\/www.visit-ulcinj.com\/blog\/author\/admin\/\"}]}<\/script>\n<!-- \/ Yoast SEO plugin. -->","yoast_head_json":{"title":"Gjurm\u00ebt e koh\u00ebrave - Tradita si sfid\u00eb - Lajme nga Ulqini","description":"Nga Mustafa Canka Ajo q\u00eb nj\u00eb bashk\u00ebsi e b\u00ebn gjith\u00ebher\u00eb t\u00eb mir\u00eb dhe t\u00eb qendrueshme jan\u00eb vlerat e tilla si toleranca, antiracizmi, respektimi i identitetit","robots":{"index":"index","follow":"follow","max-snippet":"max-snippet:-1","max-image-preview":"max-image-preview:large","max-video-preview":"max-video-preview:-1"},"canonical":"https:\/\/www.visit-ulcinj.com\/blog\/2011\/07\/07\/gjurmet-e-koherave-tradita-si-sfide\/","og_locale":"en_US","og_type":"article","og_title":"Gjurm\u00ebt e koh\u00ebrave - Tradita si sfid\u00eb - Lajme nga Ulqini","og_description":"Nga Mustafa Canka Ajo q\u00eb nj\u00eb bashk\u00ebsi e b\u00ebn gjith\u00ebher\u00eb t\u00eb mir\u00eb dhe t\u00eb qendrueshme jan\u00eb vlerat e tilla si toleranca, antiracizmi, respektimi i identitetit","og_url":"https:\/\/www.visit-ulcinj.com\/blog\/2011\/07\/07\/gjurmet-e-koherave-tradita-si-sfide\/","og_site_name":"Lajme nga Ulqini","article_published_time":"2011-07-07T16:14:16+00:00","og_image":[{"url":"http:\/\/www.visit-ulcinj.com\/blog\/wp-content\/uploads\/2011\/07\/Kalaja-e-Ulqinit_sheshi-i-robve.jpg"}],"twitter_misc":{"Written by":"ulqini","Est. reading time":"3 minutes"},"schema":{"@context":"https:\/\/schema.org","@graph":[{"@type":"WebSite","@id":"https:\/\/www.visit-ulcinj.com\/blog\/#website","url":"https:\/\/www.visit-ulcinj.com\/blog\/","name":"Lajme nga Ulqini","description":"Lajme,Vijesti,Ulqini,Ulqin,Crna Gora,Mali i Zi","potentialAction":[{"@type":"SearchAction","target":{"@type":"EntryPoint","urlTemplate":"https:\/\/www.visit-ulcinj.com\/blog\/?s={search_term_string}"},"query-input":"required name=search_term_string"}],"inLanguage":"en-US"},{"@type":"ImageObject","inLanguage":"en-US","@id":"https:\/\/www.visit-ulcinj.com\/blog\/2011\/07\/07\/gjurmet-e-koherave-tradita-si-sfide\/#primaryimage","url":"https:\/\/www.visit-ulcinj.com\/blog\/wp-content\/uploads\/2011\/07\/Kalaja-e-Ulqinit_sheshi-i-robve.jpg","contentUrl":"https:\/\/www.visit-ulcinj.com\/blog\/wp-content\/uploads\/2011\/07\/Kalaja-e-Ulqinit_sheshi-i-robve.jpg","width":"789","height":"477"},{"@type":"WebPage","@id":"https:\/\/www.visit-ulcinj.com\/blog\/2011\/07\/07\/gjurmet-e-koherave-tradita-si-sfide\/#webpage","url":"https:\/\/www.visit-ulcinj.com\/blog\/2011\/07\/07\/gjurmet-e-koherave-tradita-si-sfide\/","name":"Gjurm\u00ebt e koh\u00ebrave - Tradita si sfid\u00eb - Lajme nga Ulqini","isPartOf":{"@id":"https:\/\/www.visit-ulcinj.com\/blog\/#website"},"primaryImageOfPage":{"@id":"https:\/\/www.visit-ulcinj.com\/blog\/2011\/07\/07\/gjurmet-e-koherave-tradita-si-sfide\/#primaryimage"},"datePublished":"2011-07-07T16:14:16+00:00","dateModified":"2011-07-07T16:14:16+00:00","author":{"@id":"https:\/\/www.visit-ulcinj.com\/blog\/#\/schema\/person\/dcab619c614d3038751c63bc2aadc06d"},"description":"Nga Mustafa Canka Ajo q\u00eb nj\u00eb bashk\u00ebsi e b\u00ebn gjith\u00ebher\u00eb t\u00eb mir\u00eb dhe t\u00eb qendrueshme jan\u00eb vlerat e tilla si toleranca, antiracizmi, respektimi i identitetit","breadcrumb":{"@id":"https:\/\/www.visit-ulcinj.com\/blog\/2011\/07\/07\/gjurmet-e-koherave-tradita-si-sfide\/#breadcrumb"},"inLanguage":"en-US","potentialAction":[{"@type":"ReadAction","target":["https:\/\/www.visit-ulcinj.com\/blog\/2011\/07\/07\/gjurmet-e-koherave-tradita-si-sfide\/"]}]},{"@type":"BreadcrumbList","@id":"https:\/\/www.visit-ulcinj.com\/blog\/2011\/07\/07\/gjurmet-e-koherave-tradita-si-sfide\/#breadcrumb","itemListElement":[{"@type":"ListItem","position":1,"name":"Gjurm\u00ebt e koh\u00ebrave &#8211; Tradita si sfid\u00eb"}]},{"@type":"Person","@id":"https:\/\/www.visit-ulcinj.com\/blog\/#\/schema\/person\/dcab619c614d3038751c63bc2aadc06d","name":"ulqini","sameAs":["http:\/\/www.visit-ulcinj.com"],"url":"https:\/\/www.visit-ulcinj.com\/blog\/author\/admin\/"}]}},"jetpack_featured_media_url":"","jetpack_sharing_enabled":true,"jetpack_shortlink":"https:\/\/wp.me\/pe6lTn-cDD","_links":{"self":[{"href":"https:\/\/www.visit-ulcinj.com\/blog\/wp-json\/wp\/v2\/posts\/48585"}],"collection":[{"href":"https:\/\/www.visit-ulcinj.com\/blog\/wp-json\/wp\/v2\/posts"}],"about":[{"href":"https:\/\/www.visit-ulcinj.com\/blog\/wp-json\/wp\/v2\/types\/post"}],"author":[{"embeddable":true,"href":"https:\/\/www.visit-ulcinj.com\/blog\/wp-json\/wp\/v2\/users\/1"}],"replies":[{"embeddable":true,"href":"https:\/\/www.visit-ulcinj.com\/blog\/wp-json\/wp\/v2\/comments?post=48585"}],"version-history":[{"count":1,"href":"https:\/\/www.visit-ulcinj.com\/blog\/wp-json\/wp\/v2\/posts\/48585\/revisions"}],"predecessor-version":[{"id":48587,"href":"https:\/\/www.visit-ulcinj.com\/blog\/wp-json\/wp\/v2\/posts\/48585\/revisions\/48587"}],"wp:attachment":[{"href":"https:\/\/www.visit-ulcinj.com\/blog\/wp-json\/wp\/v2\/media?parent=48585"}],"wp:term":[{"taxonomy":"category","embeddable":true,"href":"https:\/\/www.visit-ulcinj.com\/blog\/wp-json\/wp\/v2\/categories?post=48585"},{"taxonomy":"post_tag","embeddable":true,"href":"https:\/\/www.visit-ulcinj.com\/blog\/wp-json\/wp\/v2\/tags?post=48585"}],"curies":[{"name":"wp","href":"https:\/\/api.w.org\/{rel}","templated":true}]}}