{"id":48588,"date":"2011-07-07T17:50:42","date_gmt":"2011-07-07T16:50:42","guid":{"rendered":"http:\/\/www.visit-ulcinj.com\/blog\/?p=48588"},"modified":"2011-07-09T16:55:37","modified_gmt":"2011-07-09T15:55:37","slug":"federata-basketbollit-te-kosoves-prishen-me-ulqinin","status":"publish","type":"post","link":"https:\/\/www.visit-ulcinj.com\/blog\/2011\/07\/07\/federata-basketbollit-te-kosoves-prishen-me-ulqinin\/","title":{"rendered":"Federata Basketbollit t\u00eb Kosov\u00ebs: Prishen me Ulqinin"},"content":{"rendered":"<p><a href=\"http:\/\/www.visit-ulcinj.com\/blog\/wp-content\/uploads\/2011\/07\/Basketball-team-Ulqin_Ulqini.jpg\"><img loading=\"lazy\" class=\"alignleft size-full wp-image-48589\" title=\"Basketball-team-Ulqin_Ulqini\" src=\"http:\/\/www.visit-ulcinj.com\/blog\/wp-content\/uploads\/2011\/07\/Basketball-team-Ulqin_Ulqini.jpg\" alt=\"\" width=\"508\" height=\"381\" \/><\/a>P\u00ebrballja nd\u00ebrmjet P\u00ebrfaq\u00ebsues s\u00eb Kosov\u00ebs dhe skuadr\u00ebs s\u00eb Ulqinit p\u00ebr shkak t\u00eb presioneve nga ulqinak\u00ebt u nd\u00ebrpre para kohe, ndeshjet e ardhshme p\u00ebrfaq\u00ebsuesja do t\u2019i zhvilloj\u00eb n\u00eb Tivar.<br \/>\nP\u00ebr t\u00eb dytin vit me radh\u00eb Federata e Basketbollit e Kosov\u00ebs ka zgjedhur qytetin bregdetar t\u00eb Ulqinit p\u00ebr t\u00eb p\u00ebrgatitur t\u00eb rinjt\u00eb dhe t\u00eb rejat e basketbollit t\u00eb Kosov\u00ebs. K\u00ebt\u00eb radh\u00eb ata pat\u00ebn b\u00ebr\u00eb nj\u00eb seleksionim m\u00eb t\u00eb ngadalt\u00eb duke grumbulluar disa her\u00eb m\u00eb t\u00eb mir\u00ebt p\u00ebr t\u00eb b\u00ebr\u00eb m\u00eb pas edhe p\u00ebrzgjedhjen e tyre, shpenzimet e t\u00eb cil\u00ebve \u00ebsht\u00eb duke i hequr Departamenti i Sporteve t\u00eb Kosov\u00ebs. Por k\u00ebt\u00eb radh\u00eb duket se basketbollist\u00ebve t\u00eb Kosov\u00ebs nuk i ka shkuar n\u00eb mendje se do t\u00eb ken\u00eb telashe me vendasit, edhe n\u00ebse do t\u00eb takohen n\u00eb loj\u00ebra miq\u00ebsore me njomak\u00ebt e k\u00ebsaj skuadre. Derisa m\u00eb par\u00eb nuk kishin pasur probleme, n\u00eb ndeshjet miq\u00ebsore nd\u00ebrmjet p\u00ebrfaq\u00ebsueses s\u00eb Kosov\u00ebs n\u00eb kategorin\u00eb deri 16 dhe 18 vjet ishin p\u00ebrcaktuar t\u00eb zhvilloheshin n\u00eb fillim t\u00eb k\u00ebsaj jave. N\u00eb ndeshjen e par\u00eb p\u00ebrfaq\u00ebsuesja jon\u00eb sh\u00ebnoi fitore me rezultat 63:51 duke u treguar m\u00eb t\u00eb mir\u00eb se basketbollist\u00ebt e skuadr\u00ebs s\u00eb Ulqinit. Nd\u00ebrkaq ndeshja e dyt\u00eb u nd\u00ebrpre n\u00eb gjysm\u00ebloj\u00ebn e par\u00eb kur rezultati ishte 37:34.<br \/>\n<a href=\"http:\/\/www.visit-ulcinj.com\/blog\/wp-content\/uploads\/2011\/07\/kampi-ulqin_Nd%C3%ABrpritet-ndeshja-n%C3%AB-KB-Ulqini-%E2%80%93-Kosova-U-18.jpg\"><img loading=\"lazy\" class=\"alignleft size-full wp-image-48627\" title=\"kampi-ulqin_Nd\u00ebrpritet ndeshja n\u00eb KB Ulqini \u2013 Kosova U-18\" src=\"http:\/\/www.visit-ulcinj.com\/blog\/wp-content\/uploads\/2011\/07\/kampi-ulqin_Nd%C3%ABrpritet-ndeshja-n%C3%AB-KB-Ulqini-%E2%80%93-Kosova-U-18.jpg\" alt=\"\" width=\"508\" height=\"340\" \/><\/a><\/p>\n<p>Sipas Nazmi Pa\u00e7arad\u00ebs, sekretar i p\u00ebrgjithsh\u00ebm i FBK-s\u00eb, takimi nuk p\u00ebrfundoi fare pasi ata ishin t\u00eb detyruar t\u00eb t\u00ebrhiqen nga ndeshja pas presioneve t\u00eb m\u00ebdha q\u00eb kishin vendasit. \u201cIshim t\u00eb detyruar t\u00eb mos e vazhdojm\u00eb m\u00eb loj\u00ebn, pasi vazhdimisht kishte presione ndaj skuadr\u00ebs son\u00eb nga trajneri dhe drejtuesit e Ulqinit\u201d, b\u00ebri t\u00eb ditur Pa\u00e7arada. I dyti i basketbollit t\u00eb Kosov\u00ebs m\u00eb pas tha se k\u00ebt\u00eb akt e kan\u00eb paralajm\u00ebruar edhe n\u00eb Federat\u00ebn e Basketbollit t\u00eb Malit t\u00eb Zi me \u00e7\u2019rast kjo e fundit k\u00ebrkoi falje p\u00ebr sjelljen e skuadr\u00ebs s\u00eb Ulqinit. \u201cGjestet e tyre t\u00eb pahijshme i d\u00ebnuan basketbolldash\u00ebsit e mir\u00ebfillt\u00eb q\u00eb ishin prezent\u00eb dhe p\u00ebr k\u00ebt\u00eb u njoftuan m\u00eb pas edhe drejtuesit basketbollit t\u00eb Malit t\u00eb Zi, t\u00eb cil\u00ebt k\u00ebrkuan falje\u201d, tha m\u00eb pas ai. Sipas Pa\u00e7arad\u00ebs, marr\u00ebdh\u00ebniet nd\u00ebrmjet Ulqinit dhe vet\u00eb Federat\u00ebs Malazeze nuk ishin nd\u00ebr m\u00eb t\u00eb mirat dhe n\u00eb pafuqi p\u00ebr t\u00eb ndryshuar gjendjen, ata i kan\u00eb sugjeruar FBK-s\u00eb q\u00eb t\u00eb bart\u00ebn n\u00eb Tivar p\u00ebr t\u00eb vazhduar me seancat st\u00ebrvitore deri m\u00eb 8 korrik, kur edhe ishte planifikuar t\u00eb p\u00ebrfundoj\u00eb kampi p\u00ebr basketbollist\u00ebt e rinj. \u201cAta na k\u00ebrkuan q\u00eb ndeshjet e radh\u00ebs q\u00eb i kemi planifikuar n\u00eb kuad\u00ebr t\u00eb k\u00ebtij kampi t\u00eb mos i zhvillojm\u00eb m\u00eb n\u00eb Ulqin, por t\u00eb kalojm\u00eb n\u00eb Tivar, pasi na u tha se vet\u00eb drejtuesit e k\u00ebsaj Federate nuk kishin marr\u00ebdh\u00ebnie t\u00eb mira me skuadr\u00ebn ulqinake pik\u00ebrisht p\u00ebr shkak t\u00eb gj\u00ebrave t\u00eb ngjashme q\u00eb ata i shkaktojn\u00eb gjat\u00eb kampionatit\u201d, p\u00ebrfundoi Pa\u00e7arada. Krahas p\u00ebrfaq\u00ebsuesve U-16 dhe U-18, n\u00eb kampin e Ulqinit jan\u00eb edhe gjenerata U-18 si dhe ajo e vajzave, me k\u00ebt\u00eb FBK d\u00ebshiron q\u00eb t\u00eb p\u00ebrgatit\u00eb p\u00ebrb\u00ebrjet baz\u00eb t\u00eb p\u00ebrfaq\u00ebsues n\u00eb t\u00eb gjitha kategorit\u00eb.<\/p>\n<p><strong>Alban Lumi<\/strong><br \/>\n<strong> BOTA SOT<br \/>\n<\/strong><\/p>\n","protected":false},"excerpt":{"rendered":"<p>P\u00ebrballja nd\u00ebrmjet P\u00ebrfaq\u00ebsues s\u00eb Kosov\u00ebs dhe skuadr\u00ebs s\u00eb Ulqinit p\u00ebr shkak t\u00eb presioneve nga ulqinak\u00ebt u nd\u00ebrpre para kohe, ndeshjet e ardhshme p\u00ebrfaq\u00ebsuesja do t\u2019i zhvilloj\u00eb n\u00eb Tivar. P\u00ebr t\u00eb dytin vit me radh\u00eb Federata e Basketbollit e Kosov\u00ebs ka zgjedhur qytetin bregdetar t\u00eb Ulqinit p\u00ebr t\u00eb p\u00ebrgatitur t\u00eb rinjt\u00eb dhe t\u00eb rejat e basketbollit [&hellip;]<\/p>\n","protected":false},"author":1,"featured_media":0,"comment_status":"open","ping_status":"closed","sticky":false,"template":"","format":"standard","meta":{"spay_email":"","jetpack_publicize_message":"","jetpack_is_tweetstorm":false,"jetpack_publicize_feature_enabled":true},"categories":[3],"tags":[18571,18],"jetpack_publicize_connections":[],"yoast_head":"<!-- This site is optimized with the Yoast SEO plugin v19.1 - https:\/\/yoast.com\/wordpress\/plugins\/seo\/ -->\n<title>Federata Basketbollit t\u00eb Kosov\u00ebs: Prishen me Ulqinin - Lajme nga Ulqini<\/title>\n<meta name=\"description\" content=\"P\u00ebrballja nd\u00ebrmjet P\u00ebrfaq\u00ebsues s\u00eb Kosov\u00ebs dhe skuadr\u00ebs s\u00eb Ulqinit p\u00ebr shkak t\u00eb presioneve nga ulqinak\u00ebt u nd\u00ebrpre para kohe, ndeshjet e ardhshme\" \/>\n<meta name=\"robots\" content=\"index, follow, max-snippet:-1, max-image-preview:large, max-video-preview:-1\" \/>\n<link rel=\"canonical\" href=\"https:\/\/www.visit-ulcinj.com\/blog\/2011\/07\/07\/federata-basketbollit-te-kosoves-prishen-me-ulqinin\/\" \/>\n<meta property=\"og:locale\" content=\"en_US\" \/>\n<meta property=\"og:type\" content=\"article\" \/>\n<meta property=\"og:title\" content=\"Federata Basketbollit t\u00eb Kosov\u00ebs: Prishen me Ulqinin - Lajme nga Ulqini\" \/>\n<meta property=\"og:description\" content=\"P\u00ebrballja nd\u00ebrmjet P\u00ebrfaq\u00ebsues s\u00eb Kosov\u00ebs dhe skuadr\u00ebs s\u00eb Ulqinit p\u00ebr shkak t\u00eb presioneve nga ulqinak\u00ebt u nd\u00ebrpre para kohe, ndeshjet e ardhshme\" \/>\n<meta property=\"og:url\" content=\"https:\/\/www.visit-ulcinj.com\/blog\/2011\/07\/07\/federata-basketbollit-te-kosoves-prishen-me-ulqinin\/\" \/>\n<meta property=\"og:site_name\" content=\"Lajme nga Ulqini\" \/>\n<meta property=\"article:published_time\" content=\"2011-07-07T16:50:42+00:00\" \/>\n<meta property=\"article:modified_time\" content=\"2011-07-09T15:55:37+00:00\" \/>\n<meta property=\"og:image\" content=\"http:\/\/www.visit-ulcinj.com\/blog\/wp-content\/uploads\/2011\/07\/Basketball-team-Ulqin_Ulqini.jpg\" \/>\n<meta name=\"twitter:label1\" content=\"Written by\" \/>\n\t<meta name=\"twitter:data1\" content=\"ulqini\" \/>\n\t<meta name=\"twitter:label2\" content=\"Est. reading time\" \/>\n\t<meta name=\"twitter:data2\" content=\"3 minutes\" \/>\n<script type=\"application\/ld+json\" class=\"yoast-schema-graph\">{\"@context\":\"https:\/\/schema.org\",\"@graph\":[{\"@type\":\"WebSite\",\"@id\":\"https:\/\/www.visit-ulcinj.com\/blog\/#website\",\"url\":\"https:\/\/www.visit-ulcinj.com\/blog\/\",\"name\":\"Lajme nga Ulqini\",\"description\":\"Lajme,Vijesti,Ulqini,Ulqin,Crna Gora,Mali i Zi\",\"potentialAction\":[{\"@type\":\"SearchAction\",\"target\":{\"@type\":\"EntryPoint\",\"urlTemplate\":\"https:\/\/www.visit-ulcinj.com\/blog\/?s={search_term_string}\"},\"query-input\":\"required name=search_term_string\"}],\"inLanguage\":\"en-US\"},{\"@type\":\"ImageObject\",\"inLanguage\":\"en-US\",\"@id\":\"https:\/\/www.visit-ulcinj.com\/blog\/2011\/07\/07\/federata-basketbollit-te-kosoves-prishen-me-ulqinin\/#primaryimage\",\"url\":\"https:\/\/www.visit-ulcinj.com\/blog\/wp-content\/uploads\/2011\/07\/Basketball-team-Ulqin_Ulqini.jpg\",\"contentUrl\":\"https:\/\/www.visit-ulcinj.com\/blog\/wp-content\/uploads\/2011\/07\/Basketball-team-Ulqin_Ulqini.jpg\",\"width\":\"720\",\"height\":\"481\"},{\"@type\":\"WebPage\",\"@id\":\"https:\/\/www.visit-ulcinj.com\/blog\/2011\/07\/07\/federata-basketbollit-te-kosoves-prishen-me-ulqinin\/#webpage\",\"url\":\"https:\/\/www.visit-ulcinj.com\/blog\/2011\/07\/07\/federata-basketbollit-te-kosoves-prishen-me-ulqinin\/\",\"name\":\"Federata Basketbollit t\u00eb Kosov\u00ebs: Prishen me Ulqinin - Lajme nga Ulqini\",\"isPartOf\":{\"@id\":\"https:\/\/www.visit-ulcinj.com\/blog\/#website\"},\"primaryImageOfPage\":{\"@id\":\"https:\/\/www.visit-ulcinj.com\/blog\/2011\/07\/07\/federata-basketbollit-te-kosoves-prishen-me-ulqinin\/#primaryimage\"},\"datePublished\":\"2011-07-07T16:50:42+00:00\",\"dateModified\":\"2011-07-09T15:55:37+00:00\",\"author\":{\"@id\":\"https:\/\/www.visit-ulcinj.com\/blog\/#\/schema\/person\/dcab619c614d3038751c63bc2aadc06d\"},\"description\":\"P\u00ebrballja nd\u00ebrmjet P\u00ebrfaq\u00ebsues s\u00eb Kosov\u00ebs dhe skuadr\u00ebs s\u00eb Ulqinit p\u00ebr shkak t\u00eb presioneve nga ulqinak\u00ebt u nd\u00ebrpre para kohe, ndeshjet e ardhshme\",\"breadcrumb\":{\"@id\":\"https:\/\/www.visit-ulcinj.com\/blog\/2011\/07\/07\/federata-basketbollit-te-kosoves-prishen-me-ulqinin\/#breadcrumb\"},\"inLanguage\":\"en-US\",\"potentialAction\":[{\"@type\":\"ReadAction\",\"target\":[\"https:\/\/www.visit-ulcinj.com\/blog\/2011\/07\/07\/federata-basketbollit-te-kosoves-prishen-me-ulqinin\/\"]}]},{\"@type\":\"BreadcrumbList\",\"@id\":\"https:\/\/www.visit-ulcinj.com\/blog\/2011\/07\/07\/federata-basketbollit-te-kosoves-prishen-me-ulqinin\/#breadcrumb\",\"itemListElement\":[{\"@type\":\"ListItem\",\"position\":1,\"name\":\"Federata Basketbollit t\u00eb Kosov\u00ebs: Prishen me Ulqinin\"}]},{\"@type\":\"Person\",\"@id\":\"https:\/\/www.visit-ulcinj.com\/blog\/#\/schema\/person\/dcab619c614d3038751c63bc2aadc06d\",\"name\":\"ulqini\",\"sameAs\":[\"http:\/\/www.visit-ulcinj.com\"],\"url\":\"https:\/\/www.visit-ulcinj.com\/blog\/author\/admin\/\"}]}<\/script>\n<!-- \/ Yoast SEO plugin. -->","yoast_head_json":{"title":"Federata Basketbollit t\u00eb Kosov\u00ebs: Prishen me Ulqinin - Lajme nga Ulqini","description":"P\u00ebrballja nd\u00ebrmjet P\u00ebrfaq\u00ebsues s\u00eb Kosov\u00ebs dhe skuadr\u00ebs s\u00eb Ulqinit p\u00ebr shkak t\u00eb presioneve nga ulqinak\u00ebt u nd\u00ebrpre para kohe, ndeshjet e ardhshme","robots":{"index":"index","follow":"follow","max-snippet":"max-snippet:-1","max-image-preview":"max-image-preview:large","max-video-preview":"max-video-preview:-1"},"canonical":"https:\/\/www.visit-ulcinj.com\/blog\/2011\/07\/07\/federata-basketbollit-te-kosoves-prishen-me-ulqinin\/","og_locale":"en_US","og_type":"article","og_title":"Federata Basketbollit t\u00eb Kosov\u00ebs: Prishen me Ulqinin - Lajme nga Ulqini","og_description":"P\u00ebrballja nd\u00ebrmjet P\u00ebrfaq\u00ebsues s\u00eb Kosov\u00ebs dhe skuadr\u00ebs s\u00eb Ulqinit p\u00ebr shkak t\u00eb presioneve nga ulqinak\u00ebt u nd\u00ebrpre para kohe, ndeshjet e ardhshme","og_url":"https:\/\/www.visit-ulcinj.com\/blog\/2011\/07\/07\/federata-basketbollit-te-kosoves-prishen-me-ulqinin\/","og_site_name":"Lajme nga Ulqini","article_published_time":"2011-07-07T16:50:42+00:00","article_modified_time":"2011-07-09T15:55:37+00:00","og_image":[{"url":"http:\/\/www.visit-ulcinj.com\/blog\/wp-content\/uploads\/2011\/07\/Basketball-team-Ulqin_Ulqini.jpg"}],"twitter_misc":{"Written by":"ulqini","Est. reading time":"3 minutes"},"schema":{"@context":"https:\/\/schema.org","@graph":[{"@type":"WebSite","@id":"https:\/\/www.visit-ulcinj.com\/blog\/#website","url":"https:\/\/www.visit-ulcinj.com\/blog\/","name":"Lajme nga Ulqini","description":"Lajme,Vijesti,Ulqini,Ulqin,Crna Gora,Mali i Zi","potentialAction":[{"@type":"SearchAction","target":{"@type":"EntryPoint","urlTemplate":"https:\/\/www.visit-ulcinj.com\/blog\/?s={search_term_string}"},"query-input":"required name=search_term_string"}],"inLanguage":"en-US"},{"@type":"ImageObject","inLanguage":"en-US","@id":"https:\/\/www.visit-ulcinj.com\/blog\/2011\/07\/07\/federata-basketbollit-te-kosoves-prishen-me-ulqinin\/#primaryimage","url":"https:\/\/www.visit-ulcinj.com\/blog\/wp-content\/uploads\/2011\/07\/Basketball-team-Ulqin_Ulqini.jpg","contentUrl":"https:\/\/www.visit-ulcinj.com\/blog\/wp-content\/uploads\/2011\/07\/Basketball-team-Ulqin_Ulqini.jpg","width":"720","height":"481"},{"@type":"WebPage","@id":"https:\/\/www.visit-ulcinj.com\/blog\/2011\/07\/07\/federata-basketbollit-te-kosoves-prishen-me-ulqinin\/#webpage","url":"https:\/\/www.visit-ulcinj.com\/blog\/2011\/07\/07\/federata-basketbollit-te-kosoves-prishen-me-ulqinin\/","name":"Federata Basketbollit t\u00eb Kosov\u00ebs: Prishen me Ulqinin - Lajme nga Ulqini","isPartOf":{"@id":"https:\/\/www.visit-ulcinj.com\/blog\/#website"},"primaryImageOfPage":{"@id":"https:\/\/www.visit-ulcinj.com\/blog\/2011\/07\/07\/federata-basketbollit-te-kosoves-prishen-me-ulqinin\/#primaryimage"},"datePublished":"2011-07-07T16:50:42+00:00","dateModified":"2011-07-09T15:55:37+00:00","author":{"@id":"https:\/\/www.visit-ulcinj.com\/blog\/#\/schema\/person\/dcab619c614d3038751c63bc2aadc06d"},"description":"P\u00ebrballja nd\u00ebrmjet P\u00ebrfaq\u00ebsues s\u00eb Kosov\u00ebs dhe skuadr\u00ebs s\u00eb Ulqinit p\u00ebr shkak t\u00eb presioneve nga ulqinak\u00ebt u nd\u00ebrpre para kohe, ndeshjet e ardhshme","breadcrumb":{"@id":"https:\/\/www.visit-ulcinj.com\/blog\/2011\/07\/07\/federata-basketbollit-te-kosoves-prishen-me-ulqinin\/#breadcrumb"},"inLanguage":"en-US","potentialAction":[{"@type":"ReadAction","target":["https:\/\/www.visit-ulcinj.com\/blog\/2011\/07\/07\/federata-basketbollit-te-kosoves-prishen-me-ulqinin\/"]}]},{"@type":"BreadcrumbList","@id":"https:\/\/www.visit-ulcinj.com\/blog\/2011\/07\/07\/federata-basketbollit-te-kosoves-prishen-me-ulqinin\/#breadcrumb","itemListElement":[{"@type":"ListItem","position":1,"name":"Federata Basketbollit t\u00eb Kosov\u00ebs: Prishen me Ulqinin"}]},{"@type":"Person","@id":"https:\/\/www.visit-ulcinj.com\/blog\/#\/schema\/person\/dcab619c614d3038751c63bc2aadc06d","name":"ulqini","sameAs":["http:\/\/www.visit-ulcinj.com"],"url":"https:\/\/www.visit-ulcinj.com\/blog\/author\/admin\/"}]}},"jetpack_featured_media_url":"","jetpack_sharing_enabled":true,"jetpack_shortlink":"https:\/\/wp.me\/pe6lTn-cDG","_links":{"self":[{"href":"https:\/\/www.visit-ulcinj.com\/blog\/wp-json\/wp\/v2\/posts\/48588"}],"collection":[{"href":"https:\/\/www.visit-ulcinj.com\/blog\/wp-json\/wp\/v2\/posts"}],"about":[{"href":"https:\/\/www.visit-ulcinj.com\/blog\/wp-json\/wp\/v2\/types\/post"}],"author":[{"embeddable":true,"href":"https:\/\/www.visit-ulcinj.com\/blog\/wp-json\/wp\/v2\/users\/1"}],"replies":[{"embeddable":true,"href":"https:\/\/www.visit-ulcinj.com\/blog\/wp-json\/wp\/v2\/comments?post=48588"}],"version-history":[{"count":2,"href":"https:\/\/www.visit-ulcinj.com\/blog\/wp-json\/wp\/v2\/posts\/48588\/revisions"}],"predecessor-version":[{"id":48628,"href":"https:\/\/www.visit-ulcinj.com\/blog\/wp-json\/wp\/v2\/posts\/48588\/revisions\/48628"}],"wp:attachment":[{"href":"https:\/\/www.visit-ulcinj.com\/blog\/wp-json\/wp\/v2\/media?parent=48588"}],"wp:term":[{"taxonomy":"category","embeddable":true,"href":"https:\/\/www.visit-ulcinj.com\/blog\/wp-json\/wp\/v2\/categories?post=48588"},{"taxonomy":"post_tag","embeddable":true,"href":"https:\/\/www.visit-ulcinj.com\/blog\/wp-json\/wp\/v2\/tags?post=48588"}],"curies":[{"name":"wp","href":"https:\/\/api.w.org\/{rel}","templated":true}]}}