{"id":48630,"date":"2011-07-09T17:15:43","date_gmt":"2011-07-09T16:15:43","guid":{"rendered":"http:\/\/www.visit-ulcinj.com\/blog\/?p=48630"},"modified":"2011-07-11T14:08:16","modified_gmt":"2011-07-11T13:08:16","slug":"ulqini-dhe-durresibregdetet-e-preferuara-te-te-rinjve","status":"publish","type":"post","link":"https:\/\/www.visit-ulcinj.com\/blog\/2011\/07\/09\/ulqini-dhe-durresibregdetet-e-preferuara-te-te-rinjve\/","title":{"rendered":"Ulqini dhe Durr\u00ebsi,bregdetet e preferuara t\u00eb t\u00eb rinjve?"},"content":{"rendered":"<p><a href=\"http:\/\/www.visit-ulcinj.com\/blog\/wp-content\/uploads\/2011\/07\/MSM-BEACH-ULQIN_ULQINI_PUSHIME.jpg\"><img loading=\"lazy\" class=\"alignleft size-large wp-image-48631\" title=\"MSM BEACH ULQIN_ULQINI_PUSHIME\" src=\"http:\/\/www.visit-ulcinj.com\/blog\/wp-content\/uploads\/2011\/07\/MSM-BEACH-ULQIN_ULQINI_PUSHIME-1024x768.jpg\" alt=\"\" width=\"508\" height=\"380\" srcset=\"https:\/\/www.visit-ulcinj.com\/blog\/wp-content\/uploads\/2011\/07\/MSM-BEACH-ULQIN_ULQINI_PUSHIME-1024x768.jpg 1024w, https:\/\/www.visit-ulcinj.com\/blog\/wp-content\/uploads\/2011\/07\/MSM-BEACH-ULQIN_ULQINI_PUSHIME-300x225.jpg 300w\" sizes=\"(max-width: 508px) 100vw, 508px\" \/><\/a>Pushimet verore tashm\u00eb kan\u00eb filluar dhe \u00e7donj\u00ebri po mundohet t\u00eb kaloj dit\u00ebt m\u00eb t\u00eb mira n\u00eb bregdetin e preferuar t\u00eb tyre. Me k\u00ebt\u00eb jan\u00eb duke u ballafaquar edhe disa nga t\u00eb rinjt\u00eb tan\u00eb t\u00eb cil\u00ebt tani do t\u2019i nisin pushimet verore dhe pritet t\u2019i vizitojn\u00eb vendet e zgjedhura. Bashkim Makolli ka planifikuar q\u00eb pushimet t\u2019i kaloj n\u00eb bregdetin e Durr\u00ebsit, p\u00ebr t\u00eb ky qytet \u00ebsht\u00eb mjaft i bukur dhe atraktiv edhe p\u00ebr \u00e7mimet.<\/p>\n<p>\u201cDurr\u00ebsi mendoj se \u00ebsht\u00eb nj\u00eb atraksion turistik i pamohuesh\u00ebm, nj\u00eb qytet q\u00eb gjithmon\u00eb ka ditur t\u00eb pres\u00eb vizitor\u00eb. Ka ditur t\u00eb sjell\u00eb n\u00eb v\u00ebmendjen e t\u00eb gjith\u00eb atyre q\u00eb e kan\u00eb shkelur bujarin\u00eb dhe nd\u00ebr shum\u00eb ndjenja q\u00eb provon kur zbret n\u00eb Durr\u00ebs p\u00ebr her\u00eb t\u00eb par\u00eb, ndoshta ajo q\u00eb godet m\u00eb tep\u00ebr i dedikohet ve\u00e7antis\u00eb s\u00eb k\u00ebtij qyteti\u201d, ka th\u00ebn\u00eb ai.<br \/>\n<a href=\"http:\/\/www.visit-ulcinj.com\/blog\/wp-content\/uploads\/2011\/07\/MSM-BEACH-ULQIN_ULQINI_PUSHIME.1jpg.jpg\"><img loading=\"lazy\" class=\"alignleft size-large wp-image-48633\" title=\"MSM BEACH ULQIN_ULQINI_PUSHIME.1jpg\" src=\"http:\/\/www.visit-ulcinj.com\/blog\/wp-content\/uploads\/2011\/07\/MSM-BEACH-ULQIN_ULQINI_PUSHIME.1jpg-1024x768.jpg\" alt=\"\" width=\"508\" height=\"360\" \/><\/a><br \/>\nSipas Bashkimit \u00e7mimet q\u00eb variojn\u00eb n\u00eb tregun e Durr\u00ebsit jan\u00eb mjaft t\u00eb volitshme, andaj ia vlen\u00eb t\u00eb shkohet atje. P\u00ebr dallim nga Durr\u00ebsi bregdeti i Ulqinit p\u00ebr Elda Naliun \u00ebsht\u00eb m\u00eb i bukur, ajo thot\u00eb se Ulqini ka qen\u00eb p\u00ebr mij\u00ebra vjet n\u00eb rrjedh\u00ebn e historis\u00eb nj\u00eb port tregtar i r\u00ebnd\u00ebsish\u00ebm n\u00eb rajon.<\/p>\n<p>\u201cAmbienti natyral \u00ebsht\u00eb shum\u00eb i pasur me zona plot\u00ebsisht t\u00eb ndryshme, ku ka nj\u00eb bukuri t\u00eb rrall\u00eb natyrore. N\u00eb Ulqin ekzistojn\u00eb ende vende natyrale, nga m\u00eb t\u00eb ashprat. Plazhe pa fund, nga ranor\u00ebt tek ata shk\u00ebmbor\u00eb, q\u00eb t\u00eb japin mund\u00ebsin\u00eb e shijimit t\u00eb arom\u00ebs s\u00eb mir\u00eb. Pas momentit t\u00eb art\u00eb t\u00eb plazhit, meriton t\u00eb zbulohet dhe t\u00eb vler\u00ebsohet edhe brend\u00ebsia e Ulqinit\u201d, shton ajo.<\/p>\n<p>Edhe Alban Xhemajli \u00ebsht\u00eb i pasionuar pas plazhit t\u00eb Durr\u00ebsit, ai ka planifikuar q\u00eb k\u00ebt\u00eb vit t\u00eb vizitoj k\u00ebt\u00eb bregdet q\u00eb sipas tij \u00ebsht\u00eb mjaft i mir\u00eb.<br \/>\n<a href=\"http:\/\/www.visit-ulcinj.com\/blog\/wp-content\/uploads\/2011\/07\/durresi_taverna_e_adriatikut_s.jpg\"><img loading=\"lazy\" class=\"alignleft size-full wp-image-48632\" title=\"durresi_taverna_e_adriatikut_s\" src=\"http:\/\/www.visit-ulcinj.com\/blog\/wp-content\/uploads\/2011\/07\/durresi_taverna_e_adriatikut_s.jpg\" alt=\"\" width=\"508\" height=\"340\" srcset=\"https:\/\/www.visit-ulcinj.com\/blog\/wp-content\/uploads\/2011\/07\/durresi_taverna_e_adriatikut_s.jpg 540w, https:\/\/www.visit-ulcinj.com\/blog\/wp-content\/uploads\/2011\/07\/durresi_taverna_e_adriatikut_s-300x200.jpg 300w\" sizes=\"(max-width: 508px) 100vw, 508px\" \/><\/a><br \/>\n\u201cMua m\u00eb p\u00eblqen Durr\u00ebsi, \u00ebsht\u00eb nj\u00eb vend i mrekulluesh\u00ebm, por t\u00eb ofron edhe kushte m\u00eb t\u00eb lehta dhe t\u00eb volitshme p\u00ebr t\u2019i kaluar dit\u00ebt e pushimit. Nj\u00eb udh\u00ebtim do t\u00eb p\u00ebrb\u00ebnte rastin p\u00ebr t\u00eb njohur njer\u00ebz ndoshta t\u00eb mbyllur n\u00eb nj\u00eb kontakt t\u00eb par\u00eb, por pastaj gjithnj\u00eb e m\u00eb t\u00eb hapur, m\u00eb mikprit\u00ebs dhe dashamir\u00ebs, p\u00ebr t\u00eb njohur nj\u00eb gastronomi t\u00eb pasur n\u00eb lloje, n\u00eb fund p\u00ebr t\u00eb zbritur n\u00eb brend\u00ebsin\u00eb e nj\u00eb peizazhi t\u00eb destinuar t\u00eb mbetet n\u00eb syt\u00eb dhe zemr\u00ebn e \u00e7do udh\u00ebtari\u201d.<\/p>\n<p>\u201cNj\u00eb endje n\u00eb rrug\u00ebt e nj\u00eb qyteti t\u00eb krenaris\u00eb dhe nj\u00ebkoh\u00ebsisht bukuris\u00eb tipike mesdhetare, aty ku udh\u00ebtari i \u00e7do natyre mund t\u00eb gjej\u00eb turizmin kulturor, at\u00eb t\u00eb plazhit dhe diellit, turizmin gastronomik, arkeologjik, e gjith\u00e7ka q\u00eb mund t\u00eb d\u00ebshiroj\u00eb e t\u00eb shijoj\u00eb n\u00eb mrekullit\u00eb e nj\u00eb qyteti, q\u00eb mban n\u00eb gjirin e tij \u00e7do gj\u00eb t\u00eb bukur\u201d, p\u00ebrfundon ai.<\/p>\n<p>Ulqini dhe Durr\u00ebsi vazhdojn\u00eb t\u00eb jen\u00eb bregdetet m\u00eb t\u00eb p\u00eblqyera nga disa t\u00eb rinj tan\u00eb.<\/p>\n<p><strong>Kastriote Bajrami<br \/>\nZ\u00cbRI<\/strong><br \/>\n<!--YouTube Error: bad URL entered--><\/p>\n","protected":false},"excerpt":{"rendered":"<p>Pushimet verore tashm\u00eb kan\u00eb filluar dhe \u00e7donj\u00ebri po mundohet t\u00eb kaloj dit\u00ebt m\u00eb t\u00eb mira n\u00eb bregdetin e preferuar t\u00eb tyre. Me k\u00ebt\u00eb jan\u00eb duke u ballafaquar edhe disa nga t\u00eb rinjt\u00eb tan\u00eb t\u00eb cil\u00ebt tani do t\u2019i nisin pushimet verore dhe pritet t\u2019i vizitojn\u00eb vendet e zgjedhura. Bashkim Makolli ka planifikuar q\u00eb pushimet t\u2019i [&hellip;]<\/p>\n","protected":false},"author":1,"featured_media":0,"comment_status":"open","ping_status":"closed","sticky":false,"template":"","format":"standard","meta":{"spay_email":"","jetpack_publicize_message":"","jetpack_is_tweetstorm":false,"jetpack_publicize_feature_enabled":true},"categories":[1,12],"tags":[7668,7672,14887,18504,7671,18577],"jetpack_publicize_connections":[],"yoast_head":"<!-- This site is optimized with the Yoast SEO plugin v19.1 - https:\/\/yoast.com\/wordpress\/plugins\/seo\/ -->\n<title>Ulqini dhe Durr\u00ebsi,bregdetet e preferuara t\u00eb t\u00eb rinjve? - Lajme nga Ulqini<\/title>\n<meta name=\"description\" content=\"Pushimet verore tashm\u00eb kan\u00eb filluar dhe \u00e7donj\u00ebri po mundohet t\u00eb kaloj dit\u00ebt m\u00eb t\u00eb mira n\u00eb bregdetin e preferuar t\u00eb tyre. Me k\u00ebt\u00eb jan\u00eb duke u ballafaquar\" \/>\n<meta name=\"robots\" content=\"index, follow, max-snippet:-1, max-image-preview:large, max-video-preview:-1\" \/>\n<link rel=\"canonical\" href=\"https:\/\/www.visit-ulcinj.com\/blog\/2011\/07\/09\/ulqini-dhe-durresibregdetet-e-preferuara-te-te-rinjve\/\" \/>\n<meta property=\"og:locale\" content=\"en_US\" \/>\n<meta property=\"og:type\" content=\"article\" \/>\n<meta property=\"og:title\" content=\"Ulqini dhe Durr\u00ebsi,bregdetet e preferuara t\u00eb t\u00eb rinjve? - Lajme nga Ulqini\" \/>\n<meta property=\"og:description\" content=\"Pushimet verore tashm\u00eb kan\u00eb filluar dhe \u00e7donj\u00ebri po mundohet t\u00eb kaloj dit\u00ebt m\u00eb t\u00eb mira n\u00eb bregdetin e preferuar t\u00eb tyre. Me k\u00ebt\u00eb jan\u00eb duke u ballafaquar\" \/>\n<meta property=\"og:url\" content=\"https:\/\/www.visit-ulcinj.com\/blog\/2011\/07\/09\/ulqini-dhe-durresibregdetet-e-preferuara-te-te-rinjve\/\" \/>\n<meta property=\"og:site_name\" content=\"Lajme nga Ulqini\" \/>\n<meta property=\"article:published_time\" content=\"2011-07-09T16:15:43+00:00\" \/>\n<meta property=\"article:modified_time\" content=\"2011-07-11T13:08:16+00:00\" \/>\n<meta property=\"og:image\" content=\"http:\/\/www.visit-ulcinj.com\/blog\/wp-content\/uploads\/2011\/07\/MSM-BEACH-ULQIN_ULQINI_PUSHIME-1024x768.jpg\" \/>\n<meta name=\"twitter:label1\" content=\"Written by\" \/>\n\t<meta name=\"twitter:data1\" content=\"ulqini\" \/>\n\t<meta name=\"twitter:label2\" content=\"Est. reading time\" \/>\n\t<meta name=\"twitter:data2\" content=\"3 minutes\" \/>\n<script type=\"application\/ld+json\" class=\"yoast-schema-graph\">{\"@context\":\"https:\/\/schema.org\",\"@graph\":[{\"@type\":\"WebSite\",\"@id\":\"https:\/\/www.visit-ulcinj.com\/blog\/#website\",\"url\":\"https:\/\/www.visit-ulcinj.com\/blog\/\",\"name\":\"Lajme nga Ulqini\",\"description\":\"Lajme,Vijesti,Ulqini,Ulqin,Crna Gora,Mali i Zi\",\"potentialAction\":[{\"@type\":\"SearchAction\",\"target\":{\"@type\":\"EntryPoint\",\"urlTemplate\":\"https:\/\/www.visit-ulcinj.com\/blog\/?s={search_term_string}\"},\"query-input\":\"required name=search_term_string\"}],\"inLanguage\":\"en-US\"},{\"@type\":\"ImageObject\",\"inLanguage\":\"en-US\",\"@id\":\"https:\/\/www.visit-ulcinj.com\/blog\/2011\/07\/09\/ulqini-dhe-durresibregdetet-e-preferuara-te-te-rinjve\/#primaryimage\",\"url\":\"https:\/\/www.visit-ulcinj.com\/blog\/wp-content\/uploads\/2011\/07\/MSM-BEACH-ULQIN_ULQINI_PUSHIME.jpg\",\"contentUrl\":\"https:\/\/www.visit-ulcinj.com\/blog\/wp-content\/uploads\/2011\/07\/MSM-BEACH-ULQIN_ULQINI_PUSHIME.jpg\",\"width\":\"3264\",\"height\":\"2448\"},{\"@type\":\"WebPage\",\"@id\":\"https:\/\/www.visit-ulcinj.com\/blog\/2011\/07\/09\/ulqini-dhe-durresibregdetet-e-preferuara-te-te-rinjve\/#webpage\",\"url\":\"https:\/\/www.visit-ulcinj.com\/blog\/2011\/07\/09\/ulqini-dhe-durresibregdetet-e-preferuara-te-te-rinjve\/\",\"name\":\"Ulqini dhe Durr\u00ebsi,bregdetet e preferuara t\u00eb t\u00eb rinjve? - Lajme nga Ulqini\",\"isPartOf\":{\"@id\":\"https:\/\/www.visit-ulcinj.com\/blog\/#website\"},\"primaryImageOfPage\":{\"@id\":\"https:\/\/www.visit-ulcinj.com\/blog\/2011\/07\/09\/ulqini-dhe-durresibregdetet-e-preferuara-te-te-rinjve\/#primaryimage\"},\"datePublished\":\"2011-07-09T16:15:43+00:00\",\"dateModified\":\"2011-07-11T13:08:16+00:00\",\"author\":{\"@id\":\"https:\/\/www.visit-ulcinj.com\/blog\/#\/schema\/person\/dcab619c614d3038751c63bc2aadc06d\"},\"description\":\"Pushimet verore tashm\u00eb kan\u00eb filluar dhe \u00e7donj\u00ebri po mundohet t\u00eb kaloj dit\u00ebt m\u00eb t\u00eb mira n\u00eb bregdetin e preferuar t\u00eb tyre. Me k\u00ebt\u00eb jan\u00eb duke u ballafaquar\",\"breadcrumb\":{\"@id\":\"https:\/\/www.visit-ulcinj.com\/blog\/2011\/07\/09\/ulqini-dhe-durresibregdetet-e-preferuara-te-te-rinjve\/#breadcrumb\"},\"inLanguage\":\"en-US\",\"potentialAction\":[{\"@type\":\"ReadAction\",\"target\":[\"https:\/\/www.visit-ulcinj.com\/blog\/2011\/07\/09\/ulqini-dhe-durresibregdetet-e-preferuara-te-te-rinjve\/\"]}]},{\"@type\":\"BreadcrumbList\",\"@id\":\"https:\/\/www.visit-ulcinj.com\/blog\/2011\/07\/09\/ulqini-dhe-durresibregdetet-e-preferuara-te-te-rinjve\/#breadcrumb\",\"itemListElement\":[{\"@type\":\"ListItem\",\"position\":1,\"name\":\"Ulqini dhe Durr\u00ebsi,bregdetet e preferuara t\u00eb t\u00eb rinjve?\"}]},{\"@type\":\"Person\",\"@id\":\"https:\/\/www.visit-ulcinj.com\/blog\/#\/schema\/person\/dcab619c614d3038751c63bc2aadc06d\",\"name\":\"ulqini\",\"sameAs\":[\"http:\/\/www.visit-ulcinj.com\"],\"url\":\"https:\/\/www.visit-ulcinj.com\/blog\/author\/admin\/\"}]}<\/script>\n<!-- \/ Yoast SEO plugin. -->","yoast_head_json":{"title":"Ulqini dhe Durr\u00ebsi,bregdetet e preferuara t\u00eb t\u00eb rinjve? - Lajme nga Ulqini","description":"Pushimet verore tashm\u00eb kan\u00eb filluar dhe \u00e7donj\u00ebri po mundohet t\u00eb kaloj dit\u00ebt m\u00eb t\u00eb mira n\u00eb bregdetin e preferuar t\u00eb tyre. Me k\u00ebt\u00eb jan\u00eb duke u ballafaquar","robots":{"index":"index","follow":"follow","max-snippet":"max-snippet:-1","max-image-preview":"max-image-preview:large","max-video-preview":"max-video-preview:-1"},"canonical":"https:\/\/www.visit-ulcinj.com\/blog\/2011\/07\/09\/ulqini-dhe-durresibregdetet-e-preferuara-te-te-rinjve\/","og_locale":"en_US","og_type":"article","og_title":"Ulqini dhe Durr\u00ebsi,bregdetet e preferuara t\u00eb t\u00eb rinjve? - Lajme nga Ulqini","og_description":"Pushimet verore tashm\u00eb kan\u00eb filluar dhe \u00e7donj\u00ebri po mundohet t\u00eb kaloj dit\u00ebt m\u00eb t\u00eb mira n\u00eb bregdetin e preferuar t\u00eb tyre. Me k\u00ebt\u00eb jan\u00eb duke u ballafaquar","og_url":"https:\/\/www.visit-ulcinj.com\/blog\/2011\/07\/09\/ulqini-dhe-durresibregdetet-e-preferuara-te-te-rinjve\/","og_site_name":"Lajme nga Ulqini","article_published_time":"2011-07-09T16:15:43+00:00","article_modified_time":"2011-07-11T13:08:16+00:00","og_image":[{"url":"http:\/\/www.visit-ulcinj.com\/blog\/wp-content\/uploads\/2011\/07\/MSM-BEACH-ULQIN_ULQINI_PUSHIME-1024x768.jpg"}],"twitter_misc":{"Written by":"ulqini","Est. reading time":"3 minutes"},"schema":{"@context":"https:\/\/schema.org","@graph":[{"@type":"WebSite","@id":"https:\/\/www.visit-ulcinj.com\/blog\/#website","url":"https:\/\/www.visit-ulcinj.com\/blog\/","name":"Lajme nga Ulqini","description":"Lajme,Vijesti,Ulqini,Ulqin,Crna Gora,Mali i Zi","potentialAction":[{"@type":"SearchAction","target":{"@type":"EntryPoint","urlTemplate":"https:\/\/www.visit-ulcinj.com\/blog\/?s={search_term_string}"},"query-input":"required name=search_term_string"}],"inLanguage":"en-US"},{"@type":"ImageObject","inLanguage":"en-US","@id":"https:\/\/www.visit-ulcinj.com\/blog\/2011\/07\/09\/ulqini-dhe-durresibregdetet-e-preferuara-te-te-rinjve\/#primaryimage","url":"https:\/\/www.visit-ulcinj.com\/blog\/wp-content\/uploads\/2011\/07\/MSM-BEACH-ULQIN_ULQINI_PUSHIME.jpg","contentUrl":"https:\/\/www.visit-ulcinj.com\/blog\/wp-content\/uploads\/2011\/07\/MSM-BEACH-ULQIN_ULQINI_PUSHIME.jpg","width":"3264","height":"2448"},{"@type":"WebPage","@id":"https:\/\/www.visit-ulcinj.com\/blog\/2011\/07\/09\/ulqini-dhe-durresibregdetet-e-preferuara-te-te-rinjve\/#webpage","url":"https:\/\/www.visit-ulcinj.com\/blog\/2011\/07\/09\/ulqini-dhe-durresibregdetet-e-preferuara-te-te-rinjve\/","name":"Ulqini dhe Durr\u00ebsi,bregdetet e preferuara t\u00eb t\u00eb rinjve? - Lajme nga Ulqini","isPartOf":{"@id":"https:\/\/www.visit-ulcinj.com\/blog\/#website"},"primaryImageOfPage":{"@id":"https:\/\/www.visit-ulcinj.com\/blog\/2011\/07\/09\/ulqini-dhe-durresibregdetet-e-preferuara-te-te-rinjve\/#primaryimage"},"datePublished":"2011-07-09T16:15:43+00:00","dateModified":"2011-07-11T13:08:16+00:00","author":{"@id":"https:\/\/www.visit-ulcinj.com\/blog\/#\/schema\/person\/dcab619c614d3038751c63bc2aadc06d"},"description":"Pushimet verore tashm\u00eb kan\u00eb filluar dhe \u00e7donj\u00ebri po mundohet t\u00eb kaloj dit\u00ebt m\u00eb t\u00eb mira n\u00eb bregdetin e preferuar t\u00eb tyre. Me k\u00ebt\u00eb jan\u00eb duke u ballafaquar","breadcrumb":{"@id":"https:\/\/www.visit-ulcinj.com\/blog\/2011\/07\/09\/ulqini-dhe-durresibregdetet-e-preferuara-te-te-rinjve\/#breadcrumb"},"inLanguage":"en-US","potentialAction":[{"@type":"ReadAction","target":["https:\/\/www.visit-ulcinj.com\/blog\/2011\/07\/09\/ulqini-dhe-durresibregdetet-e-preferuara-te-te-rinjve\/"]}]},{"@type":"BreadcrumbList","@id":"https:\/\/www.visit-ulcinj.com\/blog\/2011\/07\/09\/ulqini-dhe-durresibregdetet-e-preferuara-te-te-rinjve\/#breadcrumb","itemListElement":[{"@type":"ListItem","position":1,"name":"Ulqini dhe Durr\u00ebsi,bregdetet e preferuara t\u00eb t\u00eb rinjve?"}]},{"@type":"Person","@id":"https:\/\/www.visit-ulcinj.com\/blog\/#\/schema\/person\/dcab619c614d3038751c63bc2aadc06d","name":"ulqini","sameAs":["http:\/\/www.visit-ulcinj.com"],"url":"https:\/\/www.visit-ulcinj.com\/blog\/author\/admin\/"}]}},"jetpack_featured_media_url":"","jetpack_sharing_enabled":true,"jetpack_shortlink":"https:\/\/wp.me\/pe6lTn-cEm","_links":{"self":[{"href":"https:\/\/www.visit-ulcinj.com\/blog\/wp-json\/wp\/v2\/posts\/48630"}],"collection":[{"href":"https:\/\/www.visit-ulcinj.com\/blog\/wp-json\/wp\/v2\/posts"}],"about":[{"href":"https:\/\/www.visit-ulcinj.com\/blog\/wp-json\/wp\/v2\/types\/post"}],"author":[{"embeddable":true,"href":"https:\/\/www.visit-ulcinj.com\/blog\/wp-json\/wp\/v2\/users\/1"}],"replies":[{"embeddable":true,"href":"https:\/\/www.visit-ulcinj.com\/blog\/wp-json\/wp\/v2\/comments?post=48630"}],"version-history":[{"count":3,"href":"https:\/\/www.visit-ulcinj.com\/blog\/wp-json\/wp\/v2\/posts\/48630\/revisions"}],"predecessor-version":[{"id":48752,"href":"https:\/\/www.visit-ulcinj.com\/blog\/wp-json\/wp\/v2\/posts\/48630\/revisions\/48752"}],"wp:attachment":[{"href":"https:\/\/www.visit-ulcinj.com\/blog\/wp-json\/wp\/v2\/media?parent=48630"}],"wp:term":[{"taxonomy":"category","embeddable":true,"href":"https:\/\/www.visit-ulcinj.com\/blog\/wp-json\/wp\/v2\/categories?post=48630"},{"taxonomy":"post_tag","embeddable":true,"href":"https:\/\/www.visit-ulcinj.com\/blog\/wp-json\/wp\/v2\/tags?post=48630"}],"curies":[{"name":"wp","href":"https:\/\/api.w.org\/{rel}","templated":true}]}}