{"id":48636,"date":"2011-07-09T18:11:17","date_gmt":"2011-07-09T17:11:17","guid":{"rendered":"http:\/\/www.visit-ulcinj.com\/blog\/?p=48636"},"modified":"2011-07-09T18:18:30","modified_gmt":"2011-07-09T17:18:30","slug":"nakon-77-godina-ulcinjska-solana-pred-gasenjemfali-100-000-eura-video","status":"publish","type":"post","link":"https:\/\/www.visit-ulcinj.com\/blog\/2011\/07\/09\/nakon-77-godina-ulcinjska-solana-pred-gasenjemfali-100-000-eura-video\/","title":{"rendered":"Nakon 77 godina ulcinjska solana pred ga\u0161enjem,fali 100.000 eura &#8211; Video"},"content":{"rendered":"<p><a href=\"http:\/\/www.bloomberg.com\/apps\/quote?ticker=SOBS:ME\" target=\"_blank\"><img loading=\"lazy\" class=\"alignleft size-full wp-image-48638\" title=\"Solana Bajo Sekulic u Ulcinju u Stecaju.2011\" src=\"http:\/\/www.visit-ulcinj.com\/blog\/wp-content\/uploads\/2011\/07\/Solana-Bajo-Sekulic-u-Ulcinju-u-Stecaju.2011.jpg\" alt=\"\" width=\"508\" height=\"380\" \/><\/a>Bazeni su tu gdje su i bili ali ono \u0161to sam vidio na po\u010detku je tu\u017eno. Kao da je bomba pala, kazao je Lazar Ban, nekada\u0161nji direktor.<\/p>\n<p>Nakon 77 godina postojanja, uglavnom, uspje\u0161nog poslovanja i presti\u017enih me\u0111unarodnih priznanja za kvalitet proizvoda, Solana \u201cBajo Sekuli\u0107\u201d u Ulcinju dotakla je dno.<\/p>\n<p>Vi\u0161e izvora bliskih vrhu mend\u017ementa i uprave, potvrdilo je \u201cVijestima\u201d da je pitanje dana kada \u0107e fabrika biti zatvorena \u201cjer ve\u0107inski vlasnik ne pokazuje interesovanje za proizvodnju\u201d.<\/p>\n<p><strong>\u017diro-ra\u010dun je odavno u blokadi\u2026<\/strong><\/p>\n<p>Prema saznanjima \u201cVijesti\u201d, rok koji je nova uprava postavila ve\u0107inskom vlasniku, a on prihvatio da uplati 100 hiljada eura za tro\u0161kove priprema berbe, istekao je prekju\u010de.<\/p>\n<h3><a href=\"http:\/\/www.vijesti.me\/vijesti\/nakon-77-godina-ulcinjska-solana-pred-gasenjem-fali-100-000-eura-clanak-27985#\" target=\"_blank\">Pro\u010ditaj vijest do kraja &gt;&gt; Vijesti &gt;&gt; Samir Adrovi\u0107<\/a><\/h3>\n<p>[flv width=&#8221;508&#8243; height=&#8221;360&#8243;]http:\/\/solana-ulcinj.com\/VTS_01_1.flv[\/flv]<\/p>\n","protected":false},"excerpt":{"rendered":"<p>Bazeni su tu gdje su i bili ali ono \u0161to sam vidio na po\u010detku je tu\u017eno. Kao da je bomba pala, kazao je Lazar Ban, nekada\u0161nji direktor. Nakon 77 godina postojanja, uglavnom, uspje\u0161nog poslovanja i presti\u017enih me\u0111unarodnih priznanja za kvalitet proizvoda, Solana \u201cBajo Sekuli\u0107\u201d u Ulcinju dotakla je dno. Vi\u0161e izvora bliskih vrhu mend\u017ementa i [&hellip;]<\/p>\n","protected":false},"author":1,"featured_media":0,"comment_status":"open","ping_status":"closed","sticky":false,"template":"","format":"standard","meta":{"spay_email":"","jetpack_publicize_message":"","jetpack_is_tweetstorm":false,"jetpack_publicize_feature_enabled":true},"categories":[8337],"tags":[18578,18579,1968,13248],"jetpack_publicize_connections":[],"yoast_head":"<!-- This site is optimized with the Yoast SEO plugin v19.1 - https:\/\/yoast.com\/wordpress\/plugins\/seo\/ -->\n<title>Nakon 77 godina ulcinjska solana pred ga\u0161enjem,fali 100.000 eura - Video - Lajme nga Ulqini<\/title>\n<meta name=\"description\" content=\"Bazeni su tu gdje su i bili ali ono \u0161to sam vidio na po\u010detku je tu\u017eno. Kao da je bomba pala, kazao je Lazar Ban, nekada\u0161nji direktor. Nakon 77 godina\" \/>\n<meta name=\"robots\" content=\"index, follow, max-snippet:-1, max-image-preview:large, max-video-preview:-1\" \/>\n<link rel=\"canonical\" href=\"https:\/\/www.visit-ulcinj.com\/blog\/2011\/07\/09\/nakon-77-godina-ulcinjska-solana-pred-gasenjemfali-100-000-eura-video\/\" \/>\n<meta property=\"og:locale\" content=\"en_US\" \/>\n<meta property=\"og:type\" content=\"article\" \/>\n<meta property=\"og:title\" content=\"Nakon 77 godina ulcinjska solana pred ga\u0161enjem,fali 100.000 eura - Video - Lajme nga Ulqini\" \/>\n<meta property=\"og:description\" content=\"Bazeni su tu gdje su i bili ali ono \u0161to sam vidio na po\u010detku je tu\u017eno. Kao da je bomba pala, kazao je Lazar Ban, nekada\u0161nji direktor. Nakon 77 godina\" \/>\n<meta property=\"og:url\" content=\"https:\/\/www.visit-ulcinj.com\/blog\/2011\/07\/09\/nakon-77-godina-ulcinjska-solana-pred-gasenjemfali-100-000-eura-video\/\" \/>\n<meta property=\"og:site_name\" content=\"Lajme nga Ulqini\" \/>\n<meta property=\"article:published_time\" content=\"2011-07-09T17:11:17+00:00\" \/>\n<meta property=\"article:modified_time\" content=\"2011-07-09T17:18:30+00:00\" \/>\n<meta property=\"og:image\" content=\"http:\/\/www.visit-ulcinj.com\/blog\/wp-content\/uploads\/2011\/07\/Solana-Bajo-Sekulic-u-Ulcinju-u-Stecaju.2011.jpg\" \/>\n<meta name=\"twitter:label1\" content=\"Written by\" \/>\n\t<meta name=\"twitter:data1\" content=\"ulqini\" \/>\n\t<meta name=\"twitter:label2\" content=\"Est. reading time\" \/>\n\t<meta name=\"twitter:data2\" content=\"1 minute\" \/>\n<script type=\"application\/ld+json\" class=\"yoast-schema-graph\">{\"@context\":\"https:\/\/schema.org\",\"@graph\":[{\"@type\":\"WebSite\",\"@id\":\"https:\/\/www.visit-ulcinj.com\/blog\/#website\",\"url\":\"https:\/\/www.visit-ulcinj.com\/blog\/\",\"name\":\"Lajme nga Ulqini\",\"description\":\"Lajme,Vijesti,Ulqini,Ulqin,Crna Gora,Mali i Zi\",\"potentialAction\":[{\"@type\":\"SearchAction\",\"target\":{\"@type\":\"EntryPoint\",\"urlTemplate\":\"https:\/\/www.visit-ulcinj.com\/blog\/?s={search_term_string}\"},\"query-input\":\"required name=search_term_string\"}],\"inLanguage\":\"en-US\"},{\"@type\":\"ImageObject\",\"inLanguage\":\"en-US\",\"@id\":\"https:\/\/www.visit-ulcinj.com\/blog\/2011\/07\/09\/nakon-77-godina-ulcinjska-solana-pred-gasenjemfali-100-000-eura-video\/#primaryimage\",\"url\":\"https:\/\/www.visit-ulcinj.com\/blog\/wp-content\/uploads\/2011\/07\/Solana-Bajo-Sekulic-u-Ulcinju-u-Stecaju.2011.jpg\",\"contentUrl\":\"https:\/\/www.visit-ulcinj.com\/blog\/wp-content\/uploads\/2011\/07\/Solana-Bajo-Sekulic-u-Ulcinju-u-Stecaju.2011.jpg\",\"width\":\"831\",\"height\":\"592\"},{\"@type\":\"WebPage\",\"@id\":\"https:\/\/www.visit-ulcinj.com\/blog\/2011\/07\/09\/nakon-77-godina-ulcinjska-solana-pred-gasenjemfali-100-000-eura-video\/#webpage\",\"url\":\"https:\/\/www.visit-ulcinj.com\/blog\/2011\/07\/09\/nakon-77-godina-ulcinjska-solana-pred-gasenjemfali-100-000-eura-video\/\",\"name\":\"Nakon 77 godina ulcinjska solana pred ga\u0161enjem,fali 100.000 eura - Video - Lajme nga Ulqini\",\"isPartOf\":{\"@id\":\"https:\/\/www.visit-ulcinj.com\/blog\/#website\"},\"primaryImageOfPage\":{\"@id\":\"https:\/\/www.visit-ulcinj.com\/blog\/2011\/07\/09\/nakon-77-godina-ulcinjska-solana-pred-gasenjemfali-100-000-eura-video\/#primaryimage\"},\"datePublished\":\"2011-07-09T17:11:17+00:00\",\"dateModified\":\"2011-07-09T17:18:30+00:00\",\"author\":{\"@id\":\"https:\/\/www.visit-ulcinj.com\/blog\/#\/schema\/person\/dcab619c614d3038751c63bc2aadc06d\"},\"description\":\"Bazeni su tu gdje su i bili ali ono \u0161to sam vidio na po\u010detku je tu\u017eno. Kao da je bomba pala, kazao je Lazar Ban, nekada\u0161nji direktor. Nakon 77 godina\",\"breadcrumb\":{\"@id\":\"https:\/\/www.visit-ulcinj.com\/blog\/2011\/07\/09\/nakon-77-godina-ulcinjska-solana-pred-gasenjemfali-100-000-eura-video\/#breadcrumb\"},\"inLanguage\":\"en-US\",\"potentialAction\":[{\"@type\":\"ReadAction\",\"target\":[\"https:\/\/www.visit-ulcinj.com\/blog\/2011\/07\/09\/nakon-77-godina-ulcinjska-solana-pred-gasenjemfali-100-000-eura-video\/\"]}]},{\"@type\":\"BreadcrumbList\",\"@id\":\"https:\/\/www.visit-ulcinj.com\/blog\/2011\/07\/09\/nakon-77-godina-ulcinjska-solana-pred-gasenjemfali-100-000-eura-video\/#breadcrumb\",\"itemListElement\":[{\"@type\":\"ListItem\",\"position\":1,\"name\":\"Nakon 77 godina ulcinjska solana pred ga\u0161enjem,fali 100.000 eura &#8211; Video\"}]},{\"@type\":\"Person\",\"@id\":\"https:\/\/www.visit-ulcinj.com\/blog\/#\/schema\/person\/dcab619c614d3038751c63bc2aadc06d\",\"name\":\"ulqini\",\"sameAs\":[\"http:\/\/www.visit-ulcinj.com\"],\"url\":\"https:\/\/www.visit-ulcinj.com\/blog\/author\/admin\/\"}]}<\/script>\n<!-- \/ Yoast SEO plugin. -->","yoast_head_json":{"title":"Nakon 77 godina ulcinjska solana pred ga\u0161enjem,fali 100.000 eura - Video - Lajme nga Ulqini","description":"Bazeni su tu gdje su i bili ali ono \u0161to sam vidio na po\u010detku je tu\u017eno. Kao da je bomba pala, kazao je Lazar Ban, nekada\u0161nji direktor. Nakon 77 godina","robots":{"index":"index","follow":"follow","max-snippet":"max-snippet:-1","max-image-preview":"max-image-preview:large","max-video-preview":"max-video-preview:-1"},"canonical":"https:\/\/www.visit-ulcinj.com\/blog\/2011\/07\/09\/nakon-77-godina-ulcinjska-solana-pred-gasenjemfali-100-000-eura-video\/","og_locale":"en_US","og_type":"article","og_title":"Nakon 77 godina ulcinjska solana pred ga\u0161enjem,fali 100.000 eura - Video - Lajme nga Ulqini","og_description":"Bazeni su tu gdje su i bili ali ono \u0161to sam vidio na po\u010detku je tu\u017eno. Kao da je bomba pala, kazao je Lazar Ban, nekada\u0161nji direktor. Nakon 77 godina","og_url":"https:\/\/www.visit-ulcinj.com\/blog\/2011\/07\/09\/nakon-77-godina-ulcinjska-solana-pred-gasenjemfali-100-000-eura-video\/","og_site_name":"Lajme nga Ulqini","article_published_time":"2011-07-09T17:11:17+00:00","article_modified_time":"2011-07-09T17:18:30+00:00","og_image":[{"url":"http:\/\/www.visit-ulcinj.com\/blog\/wp-content\/uploads\/2011\/07\/Solana-Bajo-Sekulic-u-Ulcinju-u-Stecaju.2011.jpg"}],"twitter_misc":{"Written by":"ulqini","Est. reading time":"1 minute"},"schema":{"@context":"https:\/\/schema.org","@graph":[{"@type":"WebSite","@id":"https:\/\/www.visit-ulcinj.com\/blog\/#website","url":"https:\/\/www.visit-ulcinj.com\/blog\/","name":"Lajme nga Ulqini","description":"Lajme,Vijesti,Ulqini,Ulqin,Crna Gora,Mali i Zi","potentialAction":[{"@type":"SearchAction","target":{"@type":"EntryPoint","urlTemplate":"https:\/\/www.visit-ulcinj.com\/blog\/?s={search_term_string}"},"query-input":"required name=search_term_string"}],"inLanguage":"en-US"},{"@type":"ImageObject","inLanguage":"en-US","@id":"https:\/\/www.visit-ulcinj.com\/blog\/2011\/07\/09\/nakon-77-godina-ulcinjska-solana-pred-gasenjemfali-100-000-eura-video\/#primaryimage","url":"https:\/\/www.visit-ulcinj.com\/blog\/wp-content\/uploads\/2011\/07\/Solana-Bajo-Sekulic-u-Ulcinju-u-Stecaju.2011.jpg","contentUrl":"https:\/\/www.visit-ulcinj.com\/blog\/wp-content\/uploads\/2011\/07\/Solana-Bajo-Sekulic-u-Ulcinju-u-Stecaju.2011.jpg","width":"831","height":"592"},{"@type":"WebPage","@id":"https:\/\/www.visit-ulcinj.com\/blog\/2011\/07\/09\/nakon-77-godina-ulcinjska-solana-pred-gasenjemfali-100-000-eura-video\/#webpage","url":"https:\/\/www.visit-ulcinj.com\/blog\/2011\/07\/09\/nakon-77-godina-ulcinjska-solana-pred-gasenjemfali-100-000-eura-video\/","name":"Nakon 77 godina ulcinjska solana pred ga\u0161enjem,fali 100.000 eura - Video - Lajme nga Ulqini","isPartOf":{"@id":"https:\/\/www.visit-ulcinj.com\/blog\/#website"},"primaryImageOfPage":{"@id":"https:\/\/www.visit-ulcinj.com\/blog\/2011\/07\/09\/nakon-77-godina-ulcinjska-solana-pred-gasenjemfali-100-000-eura-video\/#primaryimage"},"datePublished":"2011-07-09T17:11:17+00:00","dateModified":"2011-07-09T17:18:30+00:00","author":{"@id":"https:\/\/www.visit-ulcinj.com\/blog\/#\/schema\/person\/dcab619c614d3038751c63bc2aadc06d"},"description":"Bazeni su tu gdje su i bili ali ono \u0161to sam vidio na po\u010detku je tu\u017eno. Kao da je bomba pala, kazao je Lazar Ban, nekada\u0161nji direktor. Nakon 77 godina","breadcrumb":{"@id":"https:\/\/www.visit-ulcinj.com\/blog\/2011\/07\/09\/nakon-77-godina-ulcinjska-solana-pred-gasenjemfali-100-000-eura-video\/#breadcrumb"},"inLanguage":"en-US","potentialAction":[{"@type":"ReadAction","target":["https:\/\/www.visit-ulcinj.com\/blog\/2011\/07\/09\/nakon-77-godina-ulcinjska-solana-pred-gasenjemfali-100-000-eura-video\/"]}]},{"@type":"BreadcrumbList","@id":"https:\/\/www.visit-ulcinj.com\/blog\/2011\/07\/09\/nakon-77-godina-ulcinjska-solana-pred-gasenjemfali-100-000-eura-video\/#breadcrumb","itemListElement":[{"@type":"ListItem","position":1,"name":"Nakon 77 godina ulcinjska solana pred ga\u0161enjem,fali 100.000 eura &#8211; Video"}]},{"@type":"Person","@id":"https:\/\/www.visit-ulcinj.com\/blog\/#\/schema\/person\/dcab619c614d3038751c63bc2aadc06d","name":"ulqini","sameAs":["http:\/\/www.visit-ulcinj.com"],"url":"https:\/\/www.visit-ulcinj.com\/blog\/author\/admin\/"}]}},"jetpack_featured_media_url":"","jetpack_sharing_enabled":true,"jetpack_shortlink":"https:\/\/wp.me\/pe6lTn-cEs","_links":{"self":[{"href":"https:\/\/www.visit-ulcinj.com\/blog\/wp-json\/wp\/v2\/posts\/48636"}],"collection":[{"href":"https:\/\/www.visit-ulcinj.com\/blog\/wp-json\/wp\/v2\/posts"}],"about":[{"href":"https:\/\/www.visit-ulcinj.com\/blog\/wp-json\/wp\/v2\/types\/post"}],"author":[{"embeddable":true,"href":"https:\/\/www.visit-ulcinj.com\/blog\/wp-json\/wp\/v2\/users\/1"}],"replies":[{"embeddable":true,"href":"https:\/\/www.visit-ulcinj.com\/blog\/wp-json\/wp\/v2\/comments?post=48636"}],"version-history":[{"count":3,"href":"https:\/\/www.visit-ulcinj.com\/blog\/wp-json\/wp\/v2\/posts\/48636\/revisions"}],"predecessor-version":[{"id":53721,"href":"https:\/\/www.visit-ulcinj.com\/blog\/wp-json\/wp\/v2\/posts\/48636\/revisions\/53721"}],"wp:attachment":[{"href":"https:\/\/www.visit-ulcinj.com\/blog\/wp-json\/wp\/v2\/media?parent=48636"}],"wp:term":[{"taxonomy":"category","embeddable":true,"href":"https:\/\/www.visit-ulcinj.com\/blog\/wp-json\/wp\/v2\/categories?post=48636"},{"taxonomy":"post_tag","embeddable":true,"href":"https:\/\/www.visit-ulcinj.com\/blog\/wp-json\/wp\/v2\/tags?post=48636"}],"curies":[{"name":"wp","href":"https:\/\/api.w.org\/{rel}","templated":true}]}}