{"id":48642,"date":"2011-07-10T16:18:16","date_gmt":"2011-07-10T15:18:16","guid":{"rendered":"http:\/\/www.visit-ulcinj.com\/blog\/?p=48642"},"modified":"2011-07-16T09:44:27","modified_gmt":"2011-07-16T08:44:27","slug":"ne-ulqinrekord-pushuesishdyfishohet-numri","status":"publish","type":"post","link":"https:\/\/www.visit-ulcinj.com\/blog\/2011\/07\/10\/ne-ulqinrekord-pushuesishdyfishohet-numri\/","title":{"rendered":"N\u00eb Ulqin,rekord pushuesish,dyfishohet numri"},"content":{"rendered":"<p><a href=\"http:\/\/www.visit-ulcinj.com\/blog\/wp-content\/uploads\/2011\/07\/Copacabana-beach_Ulqin_Mali-i-Zi_plazha-madhe.jpg\"><img loading=\"lazy\" class=\"alignleft size-full wp-image-48653\" title=\"Copacabana beach_Ulqin_Mali i Zi_plazha madhe\" src=\"http:\/\/www.visit-ulcinj.com\/blog\/wp-content\/uploads\/2011\/07\/Copacabana-beach_Ulqin_Mali-i-Zi_plazha-madhe.jpg\" alt=\"\" width=\"508\" height=\"380\" \/><\/a>Ulqini po sh\u00ebnon nj\u00eb fluks t\u00eb pushuesve q\u00eb kan\u00eb p\u00ebrzgjedhur k\u00ebt\u00eb vendverim p\u00ebr t\u00eb kaluar pushimet. Drejtori i Organizat\u00ebs turistike komunale t\u00eb Ulqinit, Ali Rexha, thot\u00eb se \u00ebsht\u00eb shum\u00eb i k\u00ebnaqur me k\u00ebt\u00eb vizit\u00eb, e cila, sipas tij shenja optimiste paralajm\u00ebruese ka dh\u00ebn\u00eb q\u00eb n\u00eb muajin qershor, njofton KosovaLive.<br \/>\n<strong><a href=\"http:\/\/www.visit-ulcinj.com\/blog\/wp-content\/uploads\/2011\/07\/Ali-Rexha-_-Drejtor_Organizata-turistike-e-Ulqinit.jpg\"><img loading=\"lazy\" class=\"alignleft size-medium wp-image-48654\" title=\"Ali-Rexha-_-Drejtor_Organizata-turistike-e-Ulqinit\" src=\"http:\/\/www.visit-ulcinj.com\/blog\/wp-content\/uploads\/2011\/07\/Ali-Rexha-_-Drejtor_Organizata-turistike-e-Ulqinit-261x300.jpg\" alt=\"\" width=\"261\" height=\"300\" srcset=\"https:\/\/www.visit-ulcinj.com\/blog\/wp-content\/uploads\/2011\/07\/Ali-Rexha-_-Drejtor_Organizata-turistike-e-Ulqinit-261x300.jpg 261w, https:\/\/www.visit-ulcinj.com\/blog\/wp-content\/uploads\/2011\/07\/Ali-Rexha-_-Drejtor_Organizata-turistike-e-Ulqinit.jpg 522w\" sizes=\"(max-width: 261px) 100vw, 261px\" \/><\/a>Numri i mysafir\u00ebve mendohet t\u00eb jet\u00eb 30 p\u00ebr qind m\u00eb shum\u00eb se vitin e kaluar<\/strong><br \/>\nNj\u00eb p\u00ebrpar\u00ebsi p\u00ebr qytetin e Ulqinit mund t\u00eb merret edhe situata e p\u00ebrgjithshme e siguris\u00eb. Si\u00e7 njofton KosovaLive, gjendja e siguris\u00eb n\u00eb Ulqin \u00ebsht\u00eb shum\u00eb e q\u00ebndrueshme, dhe n\u00eb k\u00ebt\u00eb aspekt \u00ebsht\u00eb vendverimi m\u00eb i qet\u00eb n\u00eb rajon. Ky \u00ebsht\u00eb rezultat i bashk\u00ebpunimit me qytetar\u00ebt, por edhe i angazhimit profesionist t\u00eb policis\u00eb s\u00eb k\u00ebtij qyteti.<br \/>\nQyteti i Ulqinit dhe bregu i plazhit t\u00eb madh\u00eb ka qen\u00eb i mbipopulluar m\u00eb tep\u00ebr se kurr\u00eb me \u00e7adrat e pushuesve gjat k\u00ebsaj fundjave. &#8220;Zakonisht, piku i pushuesve, sezonet e tjera ka qen\u00eb pas 15 korrikut, por k\u00ebt\u00eb vit ka nj\u00eb dyndje aq t\u00eb madhe sa nuk t\u00eb l\u00ebn\u00eb m\u00eb t\u00eb dallosh fare muajt e sezonit, sepse t\u00eb gjitha jan\u00eb b\u00ebr\u00eb nj\u00eblloj&#8221;, thot\u00eb Drejtori i Organizat\u00ebs turistike komunale t\u00eb Ulqinit, Ali Rexha. Madje, sipas tij, nj\u00eb dyndje e till\u00eb \u00ebsht\u00eb v\u00ebn\u00eb re edhe gjat\u00eb muajit qershor, q\u00eb me p\u00ebrjashtim t\u00eb ndonj\u00eb dite t\u00eb v\u00ebrejtur, ka qen\u00eb nd\u00ebr muajt m\u00eb t\u00eb bukur t\u00eb plazhit n\u00eb qytetin e Ulqinit.<br \/>\n<a href=\"http:\/\/www.visit-ulcinj.com\/blog\/wp-content\/uploads\/2011\/07\/Plazhi-Vogel_Rana_Ulqin_Ulqini.jpg\"><img loading=\"lazy\" class=\"alignleft size-full wp-image-48661\" title=\"Plazhi Vogel_Rana_Ulqin_Ulqini\" src=\"http:\/\/www.visit-ulcinj.com\/blog\/wp-content\/uploads\/2011\/07\/Plazhi-Vogel_Rana_Ulqin_Ulqini.jpg\" alt=\"\" width=\"508\" height=\"340\" \/><\/a><br \/>\nT\u00eb gjendur p\u00ebrball\u00eb k\u00ebtij fluksi kaq t\u00eb madh pushuesish, numri i t\u00eb cil\u00ebve n\u00eb fundjave i kalon t\u00eb 100 mij\u00eb vet\u00ebt, qeverisja vendore e Komun\u00ebs s\u00eb Ulqinit ka marr\u00eb masat e duhura p\u00ebr nj\u00eb sh\u00ebrbim sa m\u00eb t\u00eb mir\u00eb ndaj pushuesve.<br \/>\nArsyeja e k\u00ebtij mbipopullimi kaq t\u00eb madh q\u00eb ka Ulqini n\u00eb k\u00ebt\u00eb sezon, sipas Drejtori i Organizat\u00ebs turistike komunale t\u00eb Ulqinit,\u00ebsht\u00eb fakti i nj\u00eb dyndje tep\u00ebr t\u00eb madhe q\u00eb vjen nga Kosova dhe Maqedonia,Bosna dhe Hercegovina,Polonia,Rumunia,\u00c7ekia,Hungaria,etj. &#8220;Nd\u00ebrtimi i superstrad\u00ebs s\u00eb re Morin\u00eb &#8211; Durr\u00ebs &#8211; Kuk\u00ebs &#8211; Muriqan &#8211; Sukubin ka dh\u00ebn\u00eb nj\u00eb ndikim jasht\u00ebzakonisht t\u00eb madh&#8221;, thot\u00eb ai<br \/>\n<a href=\"http:\/\/www.visit-ulcinj.com\/blog\/wp-content\/uploads\/2011\/07\/gzim-hajdinaga2.jpg\"><img loading=\"lazy\" class=\"alignleft size-full wp-image-48655\" title=\"gzim-hajdinaga2\" src=\"http:\/\/www.visit-ulcinj.com\/blog\/wp-content\/uploads\/2011\/07\/gzim-hajdinaga2.jpg\" alt=\"\" width=\"153\" height=\"230\" \/><\/a>Duke folur p\u00ebr kujdesin q\u00eb i kushtohet sh\u00ebrbimit nga pushuesve, kreu i komun\u00ebs G\u00ebzim Hajdinaga b\u00ebn t\u00eb ditur se, k\u00ebt\u00eb vit ka nj\u00eb p\u00ebrmir\u00ebsim rr\u00ebnj\u00ebsor n\u00eb t\u00eb gjith\u00eb aspektet. Dhe, kjo fillon q\u00eb nga pastrimi, p\u00ebr t\u00eb cilin komuna \u00a0ka trefishuar personelin q\u00eb merret me k\u00ebt\u00eb sektor, i cili p\u00ebrve\u00e7se nj\u00eb pastrimi radikal q\u00eb i b\u00ebn pjes\u00ebs s\u00eb Ulqinit n\u00eb or\u00ebt e mbr\u00ebmjes kur pushuesit t\u00ebrhiqen p\u00ebr n\u00eb banesat e tyre, nj\u00eb pjes\u00eb tjet\u00ebr e k\u00ebtij sektori qarkullon gjat\u00eb t\u00eb gjith\u00eb dit\u00ebs, duke eliminuar problemet e paraqitura gjat\u00eb dit\u00ebs dhe nat\u00ebs.<br \/>\nAjo q\u00eb vlen t\u00eb theksohet \u00ebsht\u00eb fakti, se ashtu si edhe vitet e m\u00ebparshme, territori i plazhit t\u00eb Ulqinit vazhdon t\u00eb furnizohet pand\u00ebrprerje me energji elektrike dhe uj\u00eb t\u00eb pijsh\u00ebm me t\u00eb gjith\u00eb kapacitetin e duhur p\u00ebr t\u00eb p\u00ebrballuar nevojat e pushuesve. Nd\u00ebrkoh\u00eb, n\u00eb eficienc\u00eb t\u00eb plot\u00eb jan\u00eb edhe lokalet e sh\u00ebrbimit, qoft\u00eb marketet e shumta q\u00eb kan\u00eb brenda gjith\u00e7ka i nevojitet pushuesve, q\u00eb nga qum\u00ebshti i fresk\u00ebt i fshatar\u00ebve t\u00eb zon\u00ebs, e po k\u00ebshtu me t\u00eb gjith\u00eb k\u00ebrkesat e tjera t\u00eb bulmetrave, mishit, zarzavateve, frutave, pijeve freskuese dhe alkolike, etj.<br \/>\nN\u00eb sinkron me t\u00eb gjitha k\u00ebto jan\u00eb edhe masat e marra n\u00eb drejtim t\u00eb rendit dhe qet\u00ebsis\u00eb, ku n\u00eb saj\u00eb t\u00eb bashk\u00ebpunimit t\u00eb strukturave vendore t\u00eb Ulqinit, ku \u00e7do pjes\u00eb e territorit t\u00eb Ulqinit \u00ebsht\u00eb e mbuluar me sh\u00ebrbim 24 or\u00eb t\u00eb uniformave policore p\u00ebr t&#8217;u ardhur n\u00eb ndihm\u00eb pushuesve p\u00ebr \u00e7do nevoj\u00eb q\u00eb u paraqitet atyre.<br \/>\nSi\u00e7 duket Ulqini vazhdon t\u00eb jet\u00eb destinacion i preferuar i turist\u00ebve nga Kosova dhe ata i mbet\u00ebn besnik Ulqinit,ndon\u00ebse sipas targave t\u00eb makinave, k\u00ebt\u00eb vit kemi nj\u00eb strukture t\u00eb p\u00ebrzier t\u00eb mysafir\u00ebve.P\u00ebr t\u00eb kaluar pushimet verore k\u00ebt\u00eb vit ka paralajm\u00ebrime se do t\u00eb kemi num\u00ebr m\u00eb t\u00eb madh t\u00eb mysafir\u00ebve nga Bosnja e Hercegovina,Maqedonia,Polonia \u00c7ekia,Gjermania e vende t\u00eb tjera t\u00eb rajonit.<br \/>\nP\u00ebr nj\u00eb sezon\u00eb t\u00eb sukseshme jan\u00eb t\u00eb angazhaur t\u00eb gjith\u00eb institucionet q\u00eb jan\u00eb ngusht t\u00eb lidhur me k\u00ebt\u00eb vepritari,si Komuna e Ulqinit,policia,Sh\u00ebrbimi i mbrojtjes dhe siguris\u00eb,Nd\u00ebrmarrja Komunale Publike,Sht\u00ebpia e Sh\u00ebndetit,por jan\u00eb mobilizuar edhe t\u00eb gjith\u00eb sh\u00ebrbimet shoq\u00ebrore.<br \/>\n<a href=\"http:\/\/www.visit-ulcinj.com\/blog\/wp-content\/uploads\/2011\/07\/Sherbimi-i-mbrojtjes-dhe-sigurise_Zjarfikesit-e-Ulqinit.jpg\"><img loading=\"lazy\" class=\"alignleft size-full wp-image-48656\" title=\"Sherbimi i mbrojtjes dhe sigurise_Zjarfikesit e Ulqinit\" src=\"http:\/\/www.visit-ulcinj.com\/blog\/wp-content\/uploads\/2011\/07\/Sherbimi-i-mbrojtjes-dhe-sigurise_Zjarfikesit-e-Ulqinit.jpg\" alt=\"\" width=\"508\" height=\"340\" \/><\/a><br \/>\nNga Sh\u00ebrbimi i Mbrojtjes dhe Siguris\u00eb njohftohemi se ka qen\u00eb nj\u00eb jav\u00eb e qet\u00eb,\u00ebsht\u00eb intervenuar n\u00eb shuarjen e 4 zjarreve q\u00eb kan\u00eb pasur karakter lokal,por nj\u00ebherit nga ky Sh\u00ebrbim apelojn\u00eb tek t\u00eb gjith\u00eb qytetar\u00ebt e komuns,dhe pushuesit, t\u00eb ken\u00eb kujdes n\u00eb p\u00ebrdorimin e l\u00ebndeve djeg\u00ebse.Rikujtojm\u00eb q\u00eb me 1 korrik hyn n\u00eb fuqi urdh\u00ebri i kryetarit t\u00eb komun\u00ebs p\u00ebr ndalimin e zjarrit n\u00eb sip\u00ebrfaqe t\u00eb hapur.<br \/>\n<a href=\"http:\/\/www.visit-ulcinj.com\/blog\/wp-content\/uploads\/2011\/07\/shtepija-e-shendetit-Ulqin.jpg\"><img loading=\"lazy\" class=\"alignleft size-full wp-image-48657\" title=\"shtepija e shendetit Ulqin\" src=\"http:\/\/www.visit-ulcinj.com\/blog\/wp-content\/uploads\/2011\/07\/shtepija-e-shendetit-Ulqin.jpg\" alt=\"\" width=\"508\" height=\"340\" \/><\/a><br \/>\nEdhe n\u00eb Sht\u00ebpin\u00eb e Sh\u00ebndetit n\u00eb Ulqinin njohftohemi nga Drejtori i k\u00ebtij institucioni sh\u00ebndet\u00ebsor Gani Karamanaga se i kan\u00eb b\u00ebr\u00eb t\u00eb gjitha p\u00ebrgatitjet e duhura p\u00ebr sezonin veror q\u00eb t\u00eb p\u00ebrballojn\u00eb fluks m\u00eb t\u00eb madh t\u00eb pacient\u00ebve qoft\u00eb permes personelit,por edhe permes mjeteve t\u00eb nevojshme.<br \/>\nInspecionet turistike jan\u00eb n\u00eb terren dhe nga organet kopetente paralajm\u00ebrojn\u00eb masa m\u00eb rigoroze p\u00ebr qiradh\u00ebn\u00ebsit e dhomave t\u00eb cil\u00ebt nuk i paraqesin mysafir\u00ebt e vet.<br \/>\n<!--YouTube Error: bad URL entered--><\/p>\n","protected":false},"excerpt":{"rendered":"<p>Ulqini po sh\u00ebnon nj\u00eb fluks t\u00eb pushuesve q\u00eb kan\u00eb p\u00ebrzgjedhur k\u00ebt\u00eb vendverim p\u00ebr t\u00eb kaluar pushimet. Drejtori i Organizat\u00ebs turistike komunale t\u00eb Ulqinit, Ali Rexha, thot\u00eb se \u00ebsht\u00eb shum\u00eb i k\u00ebnaqur me k\u00ebt\u00eb vizit\u00eb, e cila, sipas tij shenja optimiste paralajm\u00ebruese ka dh\u00ebn\u00eb q\u00eb n\u00eb muajin qershor, njofton KosovaLive. Numri i mysafir\u00ebve mendohet t\u00eb jet\u00eb [&hellip;]<\/p>\n","protected":false},"author":1,"featured_media":0,"comment_status":"open","ping_status":"closed","sticky":false,"template":"","format":"standard","meta":{"spay_email":"","jetpack_publicize_message":"","jetpack_is_tweetstorm":false,"jetpack_publicize_feature_enabled":true},"categories":[11],"tags":[95,18504,7665,22016,200,18],"jetpack_publicize_connections":[],"yoast_head":"<!-- This site is optimized with the Yoast SEO plugin v19.1 - https:\/\/yoast.com\/wordpress\/plugins\/seo\/ -->\n<title>N\u00eb Ulqin,rekord pushuesish,dyfishohet numri - Lajme nga Ulqini<\/title>\n<meta name=\"description\" content=\"Ulqini po sh\u00ebnon nj\u00eb fluks t\u00eb pushuesve q\u00eb kan\u00eb p\u00ebrzgjedhur k\u00ebt\u00eb vendverim p\u00ebr t\u00eb kaluar pushimet. Drejtori i Organizat\u00ebs turistike komunale t\u00eb Ulqinit,\" \/>\n<meta name=\"robots\" content=\"index, follow, max-snippet:-1, max-image-preview:large, max-video-preview:-1\" \/>\n<link rel=\"canonical\" href=\"https:\/\/www.visit-ulcinj.com\/blog\/2011\/07\/10\/ne-ulqinrekord-pushuesishdyfishohet-numri\/\" \/>\n<meta property=\"og:locale\" content=\"en_US\" \/>\n<meta property=\"og:type\" content=\"article\" \/>\n<meta property=\"og:title\" content=\"N\u00eb Ulqin,rekord pushuesish,dyfishohet numri - Lajme nga Ulqini\" \/>\n<meta property=\"og:description\" content=\"Ulqini po sh\u00ebnon nj\u00eb fluks t\u00eb pushuesve q\u00eb kan\u00eb p\u00ebrzgjedhur k\u00ebt\u00eb vendverim p\u00ebr t\u00eb kaluar pushimet. Drejtori i Organizat\u00ebs turistike komunale t\u00eb Ulqinit,\" \/>\n<meta property=\"og:url\" content=\"https:\/\/www.visit-ulcinj.com\/blog\/2011\/07\/10\/ne-ulqinrekord-pushuesishdyfishohet-numri\/\" \/>\n<meta property=\"og:site_name\" content=\"Lajme nga Ulqini\" \/>\n<meta property=\"article:published_time\" content=\"2011-07-10T15:18:16+00:00\" \/>\n<meta property=\"article:modified_time\" content=\"2011-07-16T08:44:27+00:00\" \/>\n<meta property=\"og:image\" content=\"http:\/\/www.visit-ulcinj.com\/blog\/wp-content\/uploads\/2011\/07\/Copacabana-beach_Ulqin_Mali-i-Zi_plazha-madhe.jpg\" \/>\n<meta name=\"twitter:label1\" content=\"Written by\" \/>\n\t<meta name=\"twitter:data1\" content=\"ulqini\" \/>\n\t<meta name=\"twitter:label2\" content=\"Est. reading time\" \/>\n\t<meta name=\"twitter:data2\" content=\"5 minutes\" \/>\n<script type=\"application\/ld+json\" class=\"yoast-schema-graph\">{\"@context\":\"https:\/\/schema.org\",\"@graph\":[{\"@type\":\"WebSite\",\"@id\":\"https:\/\/www.visit-ulcinj.com\/blog\/#website\",\"url\":\"https:\/\/www.visit-ulcinj.com\/blog\/\",\"name\":\"Lajme nga Ulqini\",\"description\":\"Lajme,Vijesti,Ulqini,Ulqin,Crna Gora,Mali i Zi\",\"potentialAction\":[{\"@type\":\"SearchAction\",\"target\":{\"@type\":\"EntryPoint\",\"urlTemplate\":\"https:\/\/www.visit-ulcinj.com\/blog\/?s={search_term_string}\"},\"query-input\":\"required name=search_term_string\"}],\"inLanguage\":\"en-US\"},{\"@type\":\"ImageObject\",\"inLanguage\":\"en-US\",\"@id\":\"https:\/\/www.visit-ulcinj.com\/blog\/2011\/07\/10\/ne-ulqinrekord-pushuesishdyfishohet-numri\/#primaryimage\",\"url\":\"https:\/\/www.visit-ulcinj.com\/blog\/wp-content\/uploads\/2011\/07\/Copacabana-beach_Ulqin_Mali-i-Zi_plazha-madhe.jpg\",\"contentUrl\":\"https:\/\/www.visit-ulcinj.com\/blog\/wp-content\/uploads\/2011\/07\/Copacabana-beach_Ulqin_Mali-i-Zi_plazha-madhe.jpg\",\"width\":\"720\",\"height\":\"480\"},{\"@type\":\"WebPage\",\"@id\":\"https:\/\/www.visit-ulcinj.com\/blog\/2011\/07\/10\/ne-ulqinrekord-pushuesishdyfishohet-numri\/#webpage\",\"url\":\"https:\/\/www.visit-ulcinj.com\/blog\/2011\/07\/10\/ne-ulqinrekord-pushuesishdyfishohet-numri\/\",\"name\":\"N\u00eb Ulqin,rekord pushuesish,dyfishohet numri - Lajme nga Ulqini\",\"isPartOf\":{\"@id\":\"https:\/\/www.visit-ulcinj.com\/blog\/#website\"},\"primaryImageOfPage\":{\"@id\":\"https:\/\/www.visit-ulcinj.com\/blog\/2011\/07\/10\/ne-ulqinrekord-pushuesishdyfishohet-numri\/#primaryimage\"},\"datePublished\":\"2011-07-10T15:18:16+00:00\",\"dateModified\":\"2011-07-16T08:44:27+00:00\",\"author\":{\"@id\":\"https:\/\/www.visit-ulcinj.com\/blog\/#\/schema\/person\/dcab619c614d3038751c63bc2aadc06d\"},\"description\":\"Ulqini po sh\u00ebnon nj\u00eb fluks t\u00eb pushuesve q\u00eb kan\u00eb p\u00ebrzgjedhur k\u00ebt\u00eb vendverim p\u00ebr t\u00eb kaluar pushimet. Drejtori i Organizat\u00ebs turistike komunale t\u00eb Ulqinit,\",\"breadcrumb\":{\"@id\":\"https:\/\/www.visit-ulcinj.com\/blog\/2011\/07\/10\/ne-ulqinrekord-pushuesishdyfishohet-numri\/#breadcrumb\"},\"inLanguage\":\"en-US\",\"potentialAction\":[{\"@type\":\"ReadAction\",\"target\":[\"https:\/\/www.visit-ulcinj.com\/blog\/2011\/07\/10\/ne-ulqinrekord-pushuesishdyfishohet-numri\/\"]}]},{\"@type\":\"BreadcrumbList\",\"@id\":\"https:\/\/www.visit-ulcinj.com\/blog\/2011\/07\/10\/ne-ulqinrekord-pushuesishdyfishohet-numri\/#breadcrumb\",\"itemListElement\":[{\"@type\":\"ListItem\",\"position\":1,\"name\":\"N\u00eb Ulqin,rekord pushuesish,dyfishohet numri\"}]},{\"@type\":\"Person\",\"@id\":\"https:\/\/www.visit-ulcinj.com\/blog\/#\/schema\/person\/dcab619c614d3038751c63bc2aadc06d\",\"name\":\"ulqini\",\"sameAs\":[\"http:\/\/www.visit-ulcinj.com\"],\"url\":\"https:\/\/www.visit-ulcinj.com\/blog\/author\/admin\/\"}]}<\/script>\n<!-- \/ Yoast SEO plugin. -->","yoast_head_json":{"title":"N\u00eb Ulqin,rekord pushuesish,dyfishohet numri - Lajme nga Ulqini","description":"Ulqini po sh\u00ebnon nj\u00eb fluks t\u00eb pushuesve q\u00eb kan\u00eb p\u00ebrzgjedhur k\u00ebt\u00eb vendverim p\u00ebr t\u00eb kaluar pushimet. Drejtori i Organizat\u00ebs turistike komunale t\u00eb Ulqinit,","robots":{"index":"index","follow":"follow","max-snippet":"max-snippet:-1","max-image-preview":"max-image-preview:large","max-video-preview":"max-video-preview:-1"},"canonical":"https:\/\/www.visit-ulcinj.com\/blog\/2011\/07\/10\/ne-ulqinrekord-pushuesishdyfishohet-numri\/","og_locale":"en_US","og_type":"article","og_title":"N\u00eb Ulqin,rekord pushuesish,dyfishohet numri - Lajme nga Ulqini","og_description":"Ulqini po sh\u00ebnon nj\u00eb fluks t\u00eb pushuesve q\u00eb kan\u00eb p\u00ebrzgjedhur k\u00ebt\u00eb vendverim p\u00ebr t\u00eb kaluar pushimet. Drejtori i Organizat\u00ebs turistike komunale t\u00eb Ulqinit,","og_url":"https:\/\/www.visit-ulcinj.com\/blog\/2011\/07\/10\/ne-ulqinrekord-pushuesishdyfishohet-numri\/","og_site_name":"Lajme nga Ulqini","article_published_time":"2011-07-10T15:18:16+00:00","article_modified_time":"2011-07-16T08:44:27+00:00","og_image":[{"url":"http:\/\/www.visit-ulcinj.com\/blog\/wp-content\/uploads\/2011\/07\/Copacabana-beach_Ulqin_Mali-i-Zi_plazha-madhe.jpg"}],"twitter_misc":{"Written by":"ulqini","Est. reading time":"5 minutes"},"schema":{"@context":"https:\/\/schema.org","@graph":[{"@type":"WebSite","@id":"https:\/\/www.visit-ulcinj.com\/blog\/#website","url":"https:\/\/www.visit-ulcinj.com\/blog\/","name":"Lajme nga Ulqini","description":"Lajme,Vijesti,Ulqini,Ulqin,Crna Gora,Mali i Zi","potentialAction":[{"@type":"SearchAction","target":{"@type":"EntryPoint","urlTemplate":"https:\/\/www.visit-ulcinj.com\/blog\/?s={search_term_string}"},"query-input":"required name=search_term_string"}],"inLanguage":"en-US"},{"@type":"ImageObject","inLanguage":"en-US","@id":"https:\/\/www.visit-ulcinj.com\/blog\/2011\/07\/10\/ne-ulqinrekord-pushuesishdyfishohet-numri\/#primaryimage","url":"https:\/\/www.visit-ulcinj.com\/blog\/wp-content\/uploads\/2011\/07\/Copacabana-beach_Ulqin_Mali-i-Zi_plazha-madhe.jpg","contentUrl":"https:\/\/www.visit-ulcinj.com\/blog\/wp-content\/uploads\/2011\/07\/Copacabana-beach_Ulqin_Mali-i-Zi_plazha-madhe.jpg","width":"720","height":"480"},{"@type":"WebPage","@id":"https:\/\/www.visit-ulcinj.com\/blog\/2011\/07\/10\/ne-ulqinrekord-pushuesishdyfishohet-numri\/#webpage","url":"https:\/\/www.visit-ulcinj.com\/blog\/2011\/07\/10\/ne-ulqinrekord-pushuesishdyfishohet-numri\/","name":"N\u00eb Ulqin,rekord pushuesish,dyfishohet numri - Lajme nga Ulqini","isPartOf":{"@id":"https:\/\/www.visit-ulcinj.com\/blog\/#website"},"primaryImageOfPage":{"@id":"https:\/\/www.visit-ulcinj.com\/blog\/2011\/07\/10\/ne-ulqinrekord-pushuesishdyfishohet-numri\/#primaryimage"},"datePublished":"2011-07-10T15:18:16+00:00","dateModified":"2011-07-16T08:44:27+00:00","author":{"@id":"https:\/\/www.visit-ulcinj.com\/blog\/#\/schema\/person\/dcab619c614d3038751c63bc2aadc06d"},"description":"Ulqini po sh\u00ebnon nj\u00eb fluks t\u00eb pushuesve q\u00eb kan\u00eb p\u00ebrzgjedhur k\u00ebt\u00eb vendverim p\u00ebr t\u00eb kaluar pushimet. Drejtori i Organizat\u00ebs turistike komunale t\u00eb Ulqinit,","breadcrumb":{"@id":"https:\/\/www.visit-ulcinj.com\/blog\/2011\/07\/10\/ne-ulqinrekord-pushuesishdyfishohet-numri\/#breadcrumb"},"inLanguage":"en-US","potentialAction":[{"@type":"ReadAction","target":["https:\/\/www.visit-ulcinj.com\/blog\/2011\/07\/10\/ne-ulqinrekord-pushuesishdyfishohet-numri\/"]}]},{"@type":"BreadcrumbList","@id":"https:\/\/www.visit-ulcinj.com\/blog\/2011\/07\/10\/ne-ulqinrekord-pushuesishdyfishohet-numri\/#breadcrumb","itemListElement":[{"@type":"ListItem","position":1,"name":"N\u00eb Ulqin,rekord pushuesish,dyfishohet numri"}]},{"@type":"Person","@id":"https:\/\/www.visit-ulcinj.com\/blog\/#\/schema\/person\/dcab619c614d3038751c63bc2aadc06d","name":"ulqini","sameAs":["http:\/\/www.visit-ulcinj.com"],"url":"https:\/\/www.visit-ulcinj.com\/blog\/author\/admin\/"}]}},"jetpack_featured_media_url":"","jetpack_sharing_enabled":true,"jetpack_shortlink":"https:\/\/wp.me\/pe6lTn-cEy","_links":{"self":[{"href":"https:\/\/www.visit-ulcinj.com\/blog\/wp-json\/wp\/v2\/posts\/48642"}],"collection":[{"href":"https:\/\/www.visit-ulcinj.com\/blog\/wp-json\/wp\/v2\/posts"}],"about":[{"href":"https:\/\/www.visit-ulcinj.com\/blog\/wp-json\/wp\/v2\/types\/post"}],"author":[{"embeddable":true,"href":"https:\/\/www.visit-ulcinj.com\/blog\/wp-json\/wp\/v2\/users\/1"}],"replies":[{"embeddable":true,"href":"https:\/\/www.visit-ulcinj.com\/blog\/wp-json\/wp\/v2\/comments?post=48642"}],"version-history":[{"count":12,"href":"https:\/\/www.visit-ulcinj.com\/blog\/wp-json\/wp\/v2\/posts\/48642\/revisions"}],"predecessor-version":[{"id":49094,"href":"https:\/\/www.visit-ulcinj.com\/blog\/wp-json\/wp\/v2\/posts\/48642\/revisions\/49094"}],"wp:attachment":[{"href":"https:\/\/www.visit-ulcinj.com\/blog\/wp-json\/wp\/v2\/media?parent=48642"}],"wp:term":[{"taxonomy":"category","embeddable":true,"href":"https:\/\/www.visit-ulcinj.com\/blog\/wp-json\/wp\/v2\/categories?post=48642"},{"taxonomy":"post_tag","embeddable":true,"href":"https:\/\/www.visit-ulcinj.com\/blog\/wp-json\/wp\/v2\/tags?post=48642"}],"curies":[{"name":"wp","href":"https:\/\/api.w.org\/{rel}","templated":true}]}}