{"id":48645,"date":"2011-07-10T07:48:42","date_gmt":"2011-07-10T06:48:42","guid":{"rendered":"http:\/\/www.visit-ulcinj.com\/blog\/?p=48645"},"modified":"2011-07-10T07:48:42","modified_gmt":"2011-07-10T06:48:42","slug":"dinosha-i-kenaqur-me-perfaqesimin-e-pakicave-ne-mal-te-zi","status":"publish","type":"post","link":"https:\/\/www.visit-ulcinj.com\/blog\/2011\/07\/10\/dinosha-i-kenaqur-me-perfaqesimin-e-pakicave-ne-mal-te-zi\/","title":{"rendered":"Dinosha i k\u00ebnaqur me p\u00ebrfaq\u00ebsimin e pakicave n\u00eb Mal t\u00eb Zi"},"content":{"rendered":"<p><a href=\"http:\/\/www.visit-ulcinj.com\/blog\/wp-content\/uploads\/2011\/07\/Ferhat-Dinosha.jpg\"><img loading=\"lazy\" class=\"alignleft size-full wp-image-48646\" title=\"Ferhat-Dinosha\" src=\"http:\/\/www.visit-ulcinj.com\/blog\/wp-content\/uploads\/2011\/07\/Ferhat-Dinosha.jpg\" alt=\"\" width=\"490\" height=\"300\" \/><\/a>Podgoric\u00eb, 8 korrik &#8211; Ministri i t\u00eb Drejtave t\u00eb Njeriut dhe Pakicave n\u00eb Qeverin\u00eb e Malit t\u00eb Zi, ka th\u00ebn\u00eb se gjendja e inkuadrimit t\u00eb pakicave n\u00eb shoq\u00ebrin\u00eb malazeze dhe institucione, \u00ebsht\u00eb shum\u00eb m\u00eb e mir\u00eb se sa n\u00eb periudh\u00ebn e kaluar, njofton KosovaLive.<\/p>\n<p>Ai shton se, Qeveria n\u00eb informat\u00ebn e aprovuar nj\u00eb dit\u00eb m\u00eb par\u00eb, ka propozuar nj\u00eb s\u00ebr\u00eb masash p\u00ebr t\u00eb p\u00ebrmir\u00ebsuar shkall\u00ebn e p\u00ebrqindjes, dhe nj\u00ebra prej tyre \u00ebsht\u00eb pun\u00ebsimi i rreth 50 praktikant\u00ebve nga radh\u00ebt e popujve pakic\u00eb n\u00eb sektor\u00eb t\u00eb ndrysh\u00ebm shtet\u00ebror.<\/p>\n<p>Ministri Dinosha merr shembull shqiptar\u00ebt, t\u00eb cil\u00ebt, sipas hulumtimeve t\u00eb m\u00ebparshme n\u00eb sh\u00ebrbimet publike kan\u00eb qen\u00eb pak m\u00eb shum\u00eb se zero, nd\u00ebrsa tash jan\u00eb 2.8 p\u00ebr qind.<\/p>\n<p>Mbi bazat e nj\u00eb ankete q\u00eb ka b\u00ebr\u00eb ministria jon\u00eb, 8.5 p\u00ebr qind t\u00eb t\u00eb pun\u00ebsuarve n\u00eb institucione dhe n\u00eb organet shtet\u00ebrore jan\u00eb deklaruar serb\u00eb, nd\u00ebrsa 4.1 p\u00ebr qind boshnjak\u00ebt, etj.<\/p>\n<p>\u201cJemi t\u00eb k\u00ebnaqur se gjendja \u00ebsht\u00eb m\u00eb e mire se sa deri m\u00eb tash, por t\u00eb vendosur q\u00eb edhe m\u00eb tej t\u00eb p\u00ebrmir\u00ebsohet, sepse gjendja \u00ebsht\u00eb shum\u00eb m\u00eb larg se d\u00ebshiron shteti edhe nga fakti i p\u00ebrfaq\u00ebsimit proporcional t\u00eb pakicave komb\u00ebtare n\u00eb administrat\u00ebn shtet\u00ebrore\u201d, shprehet Dinosha.<\/p>\n<p><strong>KOHA\u00a0 NET<\/strong><\/p>\n","protected":false},"excerpt":{"rendered":"<p>Podgoric\u00eb, 8 korrik &#8211; Ministri i t\u00eb Drejtave t\u00eb Njeriut dhe Pakicave n\u00eb Qeverin\u00eb e Malit t\u00eb Zi, ka th\u00ebn\u00eb se gjendja e inkuadrimit t\u00eb pakicave n\u00eb shoq\u00ebrin\u00eb malazeze dhe institucione, \u00ebsht\u00eb shum\u00eb m\u00eb e mir\u00eb se sa n\u00eb periudh\u00ebn e kaluar, njofton KosovaLive. Ai shton se, Qeveria n\u00eb informat\u00ebn e aprovuar nj\u00eb dit\u00eb m\u00eb [&hellip;]<\/p>\n","protected":false},"author":1,"featured_media":0,"comment_status":"open","ping_status":"closed","sticky":false,"template":"","format":"standard","meta":{"spay_email":"","jetpack_publicize_message":"","jetpack_is_tweetstorm":false,"jetpack_publicize_feature_enabled":true},"categories":[12],"tags":[97,18580],"jetpack_publicize_connections":[],"yoast_head":"<!-- This site is optimized with the Yoast SEO plugin v19.1 - https:\/\/yoast.com\/wordpress\/plugins\/seo\/ -->\n<title>Dinosha i k\u00ebnaqur me p\u00ebrfaq\u00ebsimin e pakicave n\u00eb Mal t\u00eb Zi - Lajme nga Ulqini<\/title>\n<meta name=\"description\" content=\"Podgoric\u00eb, 8 korrik - Ministri i t\u00eb Drejtave t\u00eb Njeriut dhe Pakicave n\u00eb Qeverin\u00eb e Malit t\u00eb Zi, ka th\u00ebn\u00eb se gjendja e inkuadrimit t\u00eb pakicave n\u00eb shoq\u00ebrin\u00eb\" \/>\n<meta name=\"robots\" content=\"index, follow, max-snippet:-1, max-image-preview:large, max-video-preview:-1\" \/>\n<link rel=\"canonical\" href=\"https:\/\/www.visit-ulcinj.com\/blog\/2011\/07\/10\/dinosha-i-kenaqur-me-perfaqesimin-e-pakicave-ne-mal-te-zi\/\" \/>\n<meta property=\"og:locale\" content=\"en_US\" \/>\n<meta property=\"og:type\" content=\"article\" \/>\n<meta property=\"og:title\" content=\"Dinosha i k\u00ebnaqur me p\u00ebrfaq\u00ebsimin e pakicave n\u00eb Mal t\u00eb Zi - Lajme nga Ulqini\" \/>\n<meta property=\"og:description\" content=\"Podgoric\u00eb, 8 korrik - Ministri i t\u00eb Drejtave t\u00eb Njeriut dhe Pakicave n\u00eb Qeverin\u00eb e Malit t\u00eb Zi, ka th\u00ebn\u00eb se gjendja e inkuadrimit t\u00eb pakicave n\u00eb shoq\u00ebrin\u00eb\" \/>\n<meta property=\"og:url\" content=\"https:\/\/www.visit-ulcinj.com\/blog\/2011\/07\/10\/dinosha-i-kenaqur-me-perfaqesimin-e-pakicave-ne-mal-te-zi\/\" \/>\n<meta property=\"og:site_name\" content=\"Lajme nga Ulqini\" \/>\n<meta property=\"article:published_time\" content=\"2011-07-10T06:48:42+00:00\" \/>\n<meta property=\"og:image\" content=\"http:\/\/www.visit-ulcinj.com\/blog\/wp-content\/uploads\/2011\/07\/Ferhat-Dinosha.jpg\" \/>\n<meta name=\"twitter:label1\" content=\"Written by\" \/>\n\t<meta name=\"twitter:data1\" content=\"ulqini\" \/>\n\t<meta name=\"twitter:label2\" content=\"Est. reading time\" \/>\n\t<meta name=\"twitter:data2\" content=\"1 minute\" \/>\n<script type=\"application\/ld+json\" class=\"yoast-schema-graph\">{\"@context\":\"https:\/\/schema.org\",\"@graph\":[{\"@type\":\"WebSite\",\"@id\":\"https:\/\/www.visit-ulcinj.com\/blog\/#website\",\"url\":\"https:\/\/www.visit-ulcinj.com\/blog\/\",\"name\":\"Lajme nga Ulqini\",\"description\":\"Lajme,Vijesti,Ulqini,Ulqin,Crna Gora,Mali i Zi\",\"potentialAction\":[{\"@type\":\"SearchAction\",\"target\":{\"@type\":\"EntryPoint\",\"urlTemplate\":\"https:\/\/www.visit-ulcinj.com\/blog\/?s={search_term_string}\"},\"query-input\":\"required name=search_term_string\"}],\"inLanguage\":\"en-US\"},{\"@type\":\"ImageObject\",\"inLanguage\":\"en-US\",\"@id\":\"https:\/\/www.visit-ulcinj.com\/blog\/2011\/07\/10\/dinosha-i-kenaqur-me-perfaqesimin-e-pakicave-ne-mal-te-zi\/#primaryimage\",\"url\":\"https:\/\/www.visit-ulcinj.com\/blog\/wp-content\/uploads\/2011\/07\/Ferhat-Dinosha.jpg\",\"contentUrl\":\"https:\/\/www.visit-ulcinj.com\/blog\/wp-content\/uploads\/2011\/07\/Ferhat-Dinosha.jpg\",\"width\":\"470\",\"height\":\"300\"},{\"@type\":\"WebPage\",\"@id\":\"https:\/\/www.visit-ulcinj.com\/blog\/2011\/07\/10\/dinosha-i-kenaqur-me-perfaqesimin-e-pakicave-ne-mal-te-zi\/#webpage\",\"url\":\"https:\/\/www.visit-ulcinj.com\/blog\/2011\/07\/10\/dinosha-i-kenaqur-me-perfaqesimin-e-pakicave-ne-mal-te-zi\/\",\"name\":\"Dinosha i k\u00ebnaqur me p\u00ebrfaq\u00ebsimin e pakicave n\u00eb Mal t\u00eb Zi - Lajme nga Ulqini\",\"isPartOf\":{\"@id\":\"https:\/\/www.visit-ulcinj.com\/blog\/#website\"},\"primaryImageOfPage\":{\"@id\":\"https:\/\/www.visit-ulcinj.com\/blog\/2011\/07\/10\/dinosha-i-kenaqur-me-perfaqesimin-e-pakicave-ne-mal-te-zi\/#primaryimage\"},\"datePublished\":\"2011-07-10T06:48:42+00:00\",\"dateModified\":\"2011-07-10T06:48:42+00:00\",\"author\":{\"@id\":\"https:\/\/www.visit-ulcinj.com\/blog\/#\/schema\/person\/dcab619c614d3038751c63bc2aadc06d\"},\"description\":\"Podgoric\u00eb, 8 korrik - Ministri i t\u00eb Drejtave t\u00eb Njeriut dhe Pakicave n\u00eb Qeverin\u00eb e Malit t\u00eb Zi, ka th\u00ebn\u00eb se gjendja e inkuadrimit t\u00eb pakicave n\u00eb shoq\u00ebrin\u00eb\",\"breadcrumb\":{\"@id\":\"https:\/\/www.visit-ulcinj.com\/blog\/2011\/07\/10\/dinosha-i-kenaqur-me-perfaqesimin-e-pakicave-ne-mal-te-zi\/#breadcrumb\"},\"inLanguage\":\"en-US\",\"potentialAction\":[{\"@type\":\"ReadAction\",\"target\":[\"https:\/\/www.visit-ulcinj.com\/blog\/2011\/07\/10\/dinosha-i-kenaqur-me-perfaqesimin-e-pakicave-ne-mal-te-zi\/\"]}]},{\"@type\":\"BreadcrumbList\",\"@id\":\"https:\/\/www.visit-ulcinj.com\/blog\/2011\/07\/10\/dinosha-i-kenaqur-me-perfaqesimin-e-pakicave-ne-mal-te-zi\/#breadcrumb\",\"itemListElement\":[{\"@type\":\"ListItem\",\"position\":1,\"name\":\"Dinosha i k\u00ebnaqur me p\u00ebrfaq\u00ebsimin e pakicave n\u00eb Mal t\u00eb Zi\"}]},{\"@type\":\"Person\",\"@id\":\"https:\/\/www.visit-ulcinj.com\/blog\/#\/schema\/person\/dcab619c614d3038751c63bc2aadc06d\",\"name\":\"ulqini\",\"sameAs\":[\"http:\/\/www.visit-ulcinj.com\"],\"url\":\"https:\/\/www.visit-ulcinj.com\/blog\/author\/admin\/\"}]}<\/script>\n<!-- \/ Yoast SEO plugin. -->","yoast_head_json":{"title":"Dinosha i k\u00ebnaqur me p\u00ebrfaq\u00ebsimin e pakicave n\u00eb Mal t\u00eb Zi - Lajme nga Ulqini","description":"Podgoric\u00eb, 8 korrik - Ministri i t\u00eb Drejtave t\u00eb Njeriut dhe Pakicave n\u00eb Qeverin\u00eb e Malit t\u00eb Zi, ka th\u00ebn\u00eb se gjendja e inkuadrimit t\u00eb pakicave n\u00eb shoq\u00ebrin\u00eb","robots":{"index":"index","follow":"follow","max-snippet":"max-snippet:-1","max-image-preview":"max-image-preview:large","max-video-preview":"max-video-preview:-1"},"canonical":"https:\/\/www.visit-ulcinj.com\/blog\/2011\/07\/10\/dinosha-i-kenaqur-me-perfaqesimin-e-pakicave-ne-mal-te-zi\/","og_locale":"en_US","og_type":"article","og_title":"Dinosha i k\u00ebnaqur me p\u00ebrfaq\u00ebsimin e pakicave n\u00eb Mal t\u00eb Zi - Lajme nga Ulqini","og_description":"Podgoric\u00eb, 8 korrik - Ministri i t\u00eb Drejtave t\u00eb Njeriut dhe Pakicave n\u00eb Qeverin\u00eb e Malit t\u00eb Zi, ka th\u00ebn\u00eb se gjendja e inkuadrimit t\u00eb pakicave n\u00eb shoq\u00ebrin\u00eb","og_url":"https:\/\/www.visit-ulcinj.com\/blog\/2011\/07\/10\/dinosha-i-kenaqur-me-perfaqesimin-e-pakicave-ne-mal-te-zi\/","og_site_name":"Lajme nga Ulqini","article_published_time":"2011-07-10T06:48:42+00:00","og_image":[{"url":"http:\/\/www.visit-ulcinj.com\/blog\/wp-content\/uploads\/2011\/07\/Ferhat-Dinosha.jpg"}],"twitter_misc":{"Written by":"ulqini","Est. reading time":"1 minute"},"schema":{"@context":"https:\/\/schema.org","@graph":[{"@type":"WebSite","@id":"https:\/\/www.visit-ulcinj.com\/blog\/#website","url":"https:\/\/www.visit-ulcinj.com\/blog\/","name":"Lajme nga Ulqini","description":"Lajme,Vijesti,Ulqini,Ulqin,Crna Gora,Mali i Zi","potentialAction":[{"@type":"SearchAction","target":{"@type":"EntryPoint","urlTemplate":"https:\/\/www.visit-ulcinj.com\/blog\/?s={search_term_string}"},"query-input":"required name=search_term_string"}],"inLanguage":"en-US"},{"@type":"ImageObject","inLanguage":"en-US","@id":"https:\/\/www.visit-ulcinj.com\/blog\/2011\/07\/10\/dinosha-i-kenaqur-me-perfaqesimin-e-pakicave-ne-mal-te-zi\/#primaryimage","url":"https:\/\/www.visit-ulcinj.com\/blog\/wp-content\/uploads\/2011\/07\/Ferhat-Dinosha.jpg","contentUrl":"https:\/\/www.visit-ulcinj.com\/blog\/wp-content\/uploads\/2011\/07\/Ferhat-Dinosha.jpg","width":"470","height":"300"},{"@type":"WebPage","@id":"https:\/\/www.visit-ulcinj.com\/blog\/2011\/07\/10\/dinosha-i-kenaqur-me-perfaqesimin-e-pakicave-ne-mal-te-zi\/#webpage","url":"https:\/\/www.visit-ulcinj.com\/blog\/2011\/07\/10\/dinosha-i-kenaqur-me-perfaqesimin-e-pakicave-ne-mal-te-zi\/","name":"Dinosha i k\u00ebnaqur me p\u00ebrfaq\u00ebsimin e pakicave n\u00eb Mal t\u00eb Zi - Lajme nga Ulqini","isPartOf":{"@id":"https:\/\/www.visit-ulcinj.com\/blog\/#website"},"primaryImageOfPage":{"@id":"https:\/\/www.visit-ulcinj.com\/blog\/2011\/07\/10\/dinosha-i-kenaqur-me-perfaqesimin-e-pakicave-ne-mal-te-zi\/#primaryimage"},"datePublished":"2011-07-10T06:48:42+00:00","dateModified":"2011-07-10T06:48:42+00:00","author":{"@id":"https:\/\/www.visit-ulcinj.com\/blog\/#\/schema\/person\/dcab619c614d3038751c63bc2aadc06d"},"description":"Podgoric\u00eb, 8 korrik - Ministri i t\u00eb Drejtave t\u00eb Njeriut dhe Pakicave n\u00eb Qeverin\u00eb e Malit t\u00eb Zi, ka th\u00ebn\u00eb se gjendja e inkuadrimit t\u00eb pakicave n\u00eb shoq\u00ebrin\u00eb","breadcrumb":{"@id":"https:\/\/www.visit-ulcinj.com\/blog\/2011\/07\/10\/dinosha-i-kenaqur-me-perfaqesimin-e-pakicave-ne-mal-te-zi\/#breadcrumb"},"inLanguage":"en-US","potentialAction":[{"@type":"ReadAction","target":["https:\/\/www.visit-ulcinj.com\/blog\/2011\/07\/10\/dinosha-i-kenaqur-me-perfaqesimin-e-pakicave-ne-mal-te-zi\/"]}]},{"@type":"BreadcrumbList","@id":"https:\/\/www.visit-ulcinj.com\/blog\/2011\/07\/10\/dinosha-i-kenaqur-me-perfaqesimin-e-pakicave-ne-mal-te-zi\/#breadcrumb","itemListElement":[{"@type":"ListItem","position":1,"name":"Dinosha i k\u00ebnaqur me p\u00ebrfaq\u00ebsimin e pakicave n\u00eb Mal t\u00eb Zi"}]},{"@type":"Person","@id":"https:\/\/www.visit-ulcinj.com\/blog\/#\/schema\/person\/dcab619c614d3038751c63bc2aadc06d","name":"ulqini","sameAs":["http:\/\/www.visit-ulcinj.com"],"url":"https:\/\/www.visit-ulcinj.com\/blog\/author\/admin\/"}]}},"jetpack_featured_media_url":"","jetpack_sharing_enabled":true,"jetpack_shortlink":"https:\/\/wp.me\/pe6lTn-cEB","_links":{"self":[{"href":"https:\/\/www.visit-ulcinj.com\/blog\/wp-json\/wp\/v2\/posts\/48645"}],"collection":[{"href":"https:\/\/www.visit-ulcinj.com\/blog\/wp-json\/wp\/v2\/posts"}],"about":[{"href":"https:\/\/www.visit-ulcinj.com\/blog\/wp-json\/wp\/v2\/types\/post"}],"author":[{"embeddable":true,"href":"https:\/\/www.visit-ulcinj.com\/blog\/wp-json\/wp\/v2\/users\/1"}],"replies":[{"embeddable":true,"href":"https:\/\/www.visit-ulcinj.com\/blog\/wp-json\/wp\/v2\/comments?post=48645"}],"version-history":[{"count":1,"href":"https:\/\/www.visit-ulcinj.com\/blog\/wp-json\/wp\/v2\/posts\/48645\/revisions"}],"predecessor-version":[{"id":48647,"href":"https:\/\/www.visit-ulcinj.com\/blog\/wp-json\/wp\/v2\/posts\/48645\/revisions\/48647"}],"wp:attachment":[{"href":"https:\/\/www.visit-ulcinj.com\/blog\/wp-json\/wp\/v2\/media?parent=48645"}],"wp:term":[{"taxonomy":"category","embeddable":true,"href":"https:\/\/www.visit-ulcinj.com\/blog\/wp-json\/wp\/v2\/categories?post=48645"},{"taxonomy":"post_tag","embeddable":true,"href":"https:\/\/www.visit-ulcinj.com\/blog\/wp-json\/wp\/v2\/tags?post=48645"}],"curies":[{"name":"wp","href":"https:\/\/api.w.org\/{rel}","templated":true}]}}