{"id":48668,"date":"2011-07-10T19:35:56","date_gmt":"2011-07-10T18:35:56","guid":{"rendered":"http:\/\/www.visit-ulcinj.com\/blog\/?p=48668"},"modified":"2011-07-14T17:03:26","modified_gmt":"2011-07-14T16:03:26","slug":"ne-ulqin-rriten-temperaturat-deri-39-grad","status":"publish","type":"post","link":"https:\/\/www.visit-ulcinj.com\/blog\/2011\/07\/10\/ne-ulqin-rriten-temperaturat-deri-39-grad\/","title":{"rendered":"N\u00eb Ulqin rriten temperaturat deri 39 grad"},"content":{"rendered":"<p><a href=\"http:\/\/www.visit-ulcinj.com\/blog\/wp-content\/uploads\/2011\/07\/rriten-temperaturat-deri-39-grad-ne-Ulqin.1.jpg\"><img loading=\"lazy\" class=\"alignleft size-full wp-image-48669\" title=\"rriten temperaturat deri 39 grad ne Ulqin.1\" src=\"http:\/\/www.visit-ulcinj.com\/blog\/wp-content\/uploads\/2011\/07\/rriten-temperaturat-deri-39-grad-ne-Ulqin.1.jpg\" alt=\"\" width=\"340\" height=\"363\" \/><\/a>N\u00eb Ulqin moti duket se do t\u00eb favorizoj\u00eb t\u00eb gjith\u00eb ata q\u00eb kan\u00eb zgjedhur t\u00eb pushojn\u00eb pran\u00eb detit n\u00eb k\u00ebt\u00eb periudhe deri n\u00eb mbyllje t\u00eb muajit korrik thuhet ne linkun e RTCG.<\/p>\n<p>Pas nj\u00eb jave me mot jo shum\u00eb t\u00eb qendrueshem, meteorolog\u00ebt e entit meteorologjik t\u00eb Malit t\u00eb Zi \u00a0thon\u00eb se termometri ka regjistruar gjat\u00eb dit\u00ebs s\u00eb sotme temperatura maksimale deri ne 34 grad\u00eb celcius, por n\u00eb dit\u00ebt dhe \u00a0jav\u00ebn q\u00eb vjen temperaturat pritet t\u00eb arrijn\u00eb n\u00eb 37 &#8211; 39 grad\u00eb celcius.<\/p>\n<p>Sipas meteorolog\u00ebve, ndon\u00ebse do t\u00eb na shoq\u00ebroj\u00eb nj\u00eb mot i kthjell\u00ebt her\u00eb pas here do t\u00eb ket\u00eb edhe kalime vran\u00ebsirash. Por sipas\u00a0 parashikimeve t\u00eb tyre, deri n\u00eb fund t\u00eb muajit qershor do t\u00eb kemi nj\u00eb mot t\u00eb mir\u00eb n\u00eb bregun e detit t\u00eb Ulqinit.<\/p>\n<p><strong>Lajme nga Ulqini<\/strong><\/p>\n<p><strong>Temperatura rekorde n\u00eb Mal t\u00eb Zi, n\u00eb Zar\u00eb tet\u00eb viktima <\/strong><\/p>\n<p>Zar\u00eb, Podgoric\u00eb, 10 korrik \u2013 Gjat\u00eb dy dit\u00ebve t\u00eb fundit n\u00eb qytetin bregdetar kroat, Zar\u00eb, kan\u00eb vdekur tet\u00eb persona, si pasoj\u00eb e vap\u00ebs s\u00eb madhe. Kryesisht b\u00ebhet fjal\u00eb p\u00ebr njer\u00ebz pak m\u00eb n\u00eb mosh\u00eb (mbi 50 vje\u00e7e), por edhe me s\u00ebmundje kronike. Mir\u00ebpo, mjek\u00ebt thon\u00eb se edhe t\u00eb rinjt\u00eb duhet t\u00eb ruhen nga vapa, sepse as ata nuk jan\u00eb imun\u00eb ndaj rrezeve shum\u00eb t\u00eb forta t\u00eb diellit dhe temperaturat e larta. N\u00eb Kroaci sot jan\u00eb regjistruar temperatura nd\u00ebrmjet 35 dhe 38 grad\u00eb Celsius.<\/p>\n<p>N\u00eb malin e Zi, nd\u00ebrkaq, sipas Entit t\u00eb atjesh\u00ebm hidrometeorologjik, sot jan\u00eb regjistruar temperaturat m\u00eb t\u00eb larta n\u00eb 50 vjet\u00ebt e fundit. M\u00eb s\u00eb nxehti ishte n\u00eb Podgoric\u00eb dhe n\u00eb Danillovgrad, ku \u00ebsht\u00eb matur temperatura prej 39 grad\u00eb Celsius n\u00eb hije. N\u00eb Ulqin, nd\u00ebrkaq, temperatura e ajrit sot ishte 37 grad\u00eb.<\/p>\n<p>Mjekt\u00eb rekomandojn\u00eb q\u00eb n\u00eb dit\u00ebt me vape t\u00eb shmanget ekspozimi ndaj diellit prej or\u00ebs 11-17, si dhe marrja e sa m\u00eb shum\u00eb l\u00ebngjeve dhe ushqimit t\u00eb leht\u00eb.<\/p>\n<p><strong>Koha Net<\/strong><\/p>\n<!--YouTube Error: bad URL entered-->\n","protected":false},"excerpt":{"rendered":"<p>N\u00eb Ulqin moti duket se do t\u00eb favorizoj\u00eb t\u00eb gjith\u00eb ata q\u00eb kan\u00eb zgjedhur t\u00eb pushojn\u00eb pran\u00eb detit n\u00eb k\u00ebt\u00eb periudhe deri n\u00eb mbyllje t\u00eb muajit korrik thuhet ne linkun e RTCG. Pas nj\u00eb jave me mot jo shum\u00eb t\u00eb qendrueshem, meteorolog\u00ebt e entit meteorologjik t\u00eb Malit t\u00eb Zi \u00a0thon\u00eb se termometri ka regjistruar gjat\u00eb [&hellip;]<\/p>\n","protected":false},"author":1,"featured_media":0,"comment_status":"open","ping_status":"closed","sticky":false,"template":"","format":"standard","meta":{"spay_email":"","jetpack_publicize_message":"","jetpack_is_tweetstorm":false,"jetpack_publicize_feature_enabled":true},"categories":[12],"tags":[95,18642,200,18],"jetpack_publicize_connections":[],"yoast_head":"<!-- This site is optimized with the Yoast SEO plugin v19.1 - https:\/\/yoast.com\/wordpress\/plugins\/seo\/ -->\n<title>N\u00eb Ulqin rriten temperaturat deri 39 grad - Lajme nga Ulqini<\/title>\n<meta name=\"description\" content=\"N\u00eb Ulqin moti duket se do t\u00eb favorizoj\u00eb t\u00eb gjith\u00eb ata q\u00eb kan\u00eb zgjedhur t\u00eb pushojn\u00eb pran\u00eb detit n\u00eb k\u00ebt\u00eb periudhe deri n\u00eb mbyllje t\u00eb muajit korrik thuhet ne\" \/>\n<meta name=\"robots\" content=\"index, follow, max-snippet:-1, max-image-preview:large, max-video-preview:-1\" \/>\n<link rel=\"canonical\" href=\"https:\/\/www.visit-ulcinj.com\/blog\/2011\/07\/10\/ne-ulqin-rriten-temperaturat-deri-39-grad\/\" \/>\n<meta property=\"og:locale\" content=\"en_US\" \/>\n<meta property=\"og:type\" content=\"article\" \/>\n<meta property=\"og:title\" content=\"N\u00eb Ulqin rriten temperaturat deri 39 grad - Lajme nga Ulqini\" \/>\n<meta property=\"og:description\" content=\"N\u00eb Ulqin moti duket se do t\u00eb favorizoj\u00eb t\u00eb gjith\u00eb ata q\u00eb kan\u00eb zgjedhur t\u00eb pushojn\u00eb pran\u00eb detit n\u00eb k\u00ebt\u00eb periudhe deri n\u00eb mbyllje t\u00eb muajit korrik thuhet ne\" \/>\n<meta property=\"og:url\" content=\"https:\/\/www.visit-ulcinj.com\/blog\/2011\/07\/10\/ne-ulqin-rriten-temperaturat-deri-39-grad\/\" \/>\n<meta property=\"og:site_name\" content=\"Lajme nga Ulqini\" \/>\n<meta property=\"article:published_time\" content=\"2011-07-10T18:35:56+00:00\" \/>\n<meta property=\"article:modified_time\" content=\"2011-07-14T16:03:26+00:00\" \/>\n<meta property=\"og:image\" content=\"http:\/\/www.visit-ulcinj.com\/blog\/wp-content\/uploads\/2011\/07\/rriten-temperaturat-deri-39-grad-ne-Ulqin.1.jpg\" \/>\n<meta name=\"twitter:label1\" content=\"Written by\" \/>\n\t<meta name=\"twitter:data1\" content=\"ulqini\" \/>\n\t<meta name=\"twitter:label2\" content=\"Est. reading time\" \/>\n\t<meta name=\"twitter:data2\" content=\"2 minutes\" \/>\n<script type=\"application\/ld+json\" class=\"yoast-schema-graph\">{\"@context\":\"https:\/\/schema.org\",\"@graph\":[{\"@type\":\"WebSite\",\"@id\":\"https:\/\/www.visit-ulcinj.com\/blog\/#website\",\"url\":\"https:\/\/www.visit-ulcinj.com\/blog\/\",\"name\":\"Lajme nga Ulqini\",\"description\":\"Lajme,Vijesti,Ulqini,Ulqin,Crna Gora,Mali i Zi\",\"potentialAction\":[{\"@type\":\"SearchAction\",\"target\":{\"@type\":\"EntryPoint\",\"urlTemplate\":\"https:\/\/www.visit-ulcinj.com\/blog\/?s={search_term_string}\"},\"query-input\":\"required name=search_term_string\"}],\"inLanguage\":\"en-US\"},{\"@type\":\"ImageObject\",\"inLanguage\":\"en-US\",\"@id\":\"https:\/\/www.visit-ulcinj.com\/blog\/2011\/07\/10\/ne-ulqin-rriten-temperaturat-deri-39-grad\/#primaryimage\",\"url\":\"https:\/\/www.visit-ulcinj.com\/blog\/wp-content\/uploads\/2011\/07\/rriten-temperaturat-deri-39-grad-ne-Ulqin.1.jpg\",\"contentUrl\":\"https:\/\/www.visit-ulcinj.com\/blog\/wp-content\/uploads\/2011\/07\/rriten-temperaturat-deri-39-grad-ne-Ulqin.1.jpg\",\"width\":\"496\",\"height\":\"453\"},{\"@type\":\"WebPage\",\"@id\":\"https:\/\/www.visit-ulcinj.com\/blog\/2011\/07\/10\/ne-ulqin-rriten-temperaturat-deri-39-grad\/#webpage\",\"url\":\"https:\/\/www.visit-ulcinj.com\/blog\/2011\/07\/10\/ne-ulqin-rriten-temperaturat-deri-39-grad\/\",\"name\":\"N\u00eb Ulqin rriten temperaturat deri 39 grad - Lajme nga Ulqini\",\"isPartOf\":{\"@id\":\"https:\/\/www.visit-ulcinj.com\/blog\/#website\"},\"primaryImageOfPage\":{\"@id\":\"https:\/\/www.visit-ulcinj.com\/blog\/2011\/07\/10\/ne-ulqin-rriten-temperaturat-deri-39-grad\/#primaryimage\"},\"datePublished\":\"2011-07-10T18:35:56+00:00\",\"dateModified\":\"2011-07-14T16:03:26+00:00\",\"author\":{\"@id\":\"https:\/\/www.visit-ulcinj.com\/blog\/#\/schema\/person\/dcab619c614d3038751c63bc2aadc06d\"},\"description\":\"N\u00eb Ulqin moti duket se do t\u00eb favorizoj\u00eb t\u00eb gjith\u00eb ata q\u00eb kan\u00eb zgjedhur t\u00eb pushojn\u00eb pran\u00eb detit n\u00eb k\u00ebt\u00eb periudhe deri n\u00eb mbyllje t\u00eb muajit korrik thuhet ne\",\"breadcrumb\":{\"@id\":\"https:\/\/www.visit-ulcinj.com\/blog\/2011\/07\/10\/ne-ulqin-rriten-temperaturat-deri-39-grad\/#breadcrumb\"},\"inLanguage\":\"en-US\",\"potentialAction\":[{\"@type\":\"ReadAction\",\"target\":[\"https:\/\/www.visit-ulcinj.com\/blog\/2011\/07\/10\/ne-ulqin-rriten-temperaturat-deri-39-grad\/\"]}]},{\"@type\":\"BreadcrumbList\",\"@id\":\"https:\/\/www.visit-ulcinj.com\/blog\/2011\/07\/10\/ne-ulqin-rriten-temperaturat-deri-39-grad\/#breadcrumb\",\"itemListElement\":[{\"@type\":\"ListItem\",\"position\":1,\"name\":\"N\u00eb Ulqin rriten temperaturat deri 39 grad\"}]},{\"@type\":\"Person\",\"@id\":\"https:\/\/www.visit-ulcinj.com\/blog\/#\/schema\/person\/dcab619c614d3038751c63bc2aadc06d\",\"name\":\"ulqini\",\"sameAs\":[\"http:\/\/www.visit-ulcinj.com\"],\"url\":\"https:\/\/www.visit-ulcinj.com\/blog\/author\/admin\/\"}]}<\/script>\n<!-- \/ Yoast SEO plugin. -->","yoast_head_json":{"title":"N\u00eb Ulqin rriten temperaturat deri 39 grad - Lajme nga Ulqini","description":"N\u00eb Ulqin moti duket se do t\u00eb favorizoj\u00eb t\u00eb gjith\u00eb ata q\u00eb kan\u00eb zgjedhur t\u00eb pushojn\u00eb pran\u00eb detit n\u00eb k\u00ebt\u00eb periudhe deri n\u00eb mbyllje t\u00eb muajit korrik thuhet ne","robots":{"index":"index","follow":"follow","max-snippet":"max-snippet:-1","max-image-preview":"max-image-preview:large","max-video-preview":"max-video-preview:-1"},"canonical":"https:\/\/www.visit-ulcinj.com\/blog\/2011\/07\/10\/ne-ulqin-rriten-temperaturat-deri-39-grad\/","og_locale":"en_US","og_type":"article","og_title":"N\u00eb Ulqin rriten temperaturat deri 39 grad - Lajme nga Ulqini","og_description":"N\u00eb Ulqin moti duket se do t\u00eb favorizoj\u00eb t\u00eb gjith\u00eb ata q\u00eb kan\u00eb zgjedhur t\u00eb pushojn\u00eb pran\u00eb detit n\u00eb k\u00ebt\u00eb periudhe deri n\u00eb mbyllje t\u00eb muajit korrik thuhet ne","og_url":"https:\/\/www.visit-ulcinj.com\/blog\/2011\/07\/10\/ne-ulqin-rriten-temperaturat-deri-39-grad\/","og_site_name":"Lajme nga Ulqini","article_published_time":"2011-07-10T18:35:56+00:00","article_modified_time":"2011-07-14T16:03:26+00:00","og_image":[{"url":"http:\/\/www.visit-ulcinj.com\/blog\/wp-content\/uploads\/2011\/07\/rriten-temperaturat-deri-39-grad-ne-Ulqin.1.jpg"}],"twitter_misc":{"Written by":"ulqini","Est. reading time":"2 minutes"},"schema":{"@context":"https:\/\/schema.org","@graph":[{"@type":"WebSite","@id":"https:\/\/www.visit-ulcinj.com\/blog\/#website","url":"https:\/\/www.visit-ulcinj.com\/blog\/","name":"Lajme nga Ulqini","description":"Lajme,Vijesti,Ulqini,Ulqin,Crna Gora,Mali i Zi","potentialAction":[{"@type":"SearchAction","target":{"@type":"EntryPoint","urlTemplate":"https:\/\/www.visit-ulcinj.com\/blog\/?s={search_term_string}"},"query-input":"required name=search_term_string"}],"inLanguage":"en-US"},{"@type":"ImageObject","inLanguage":"en-US","@id":"https:\/\/www.visit-ulcinj.com\/blog\/2011\/07\/10\/ne-ulqin-rriten-temperaturat-deri-39-grad\/#primaryimage","url":"https:\/\/www.visit-ulcinj.com\/blog\/wp-content\/uploads\/2011\/07\/rriten-temperaturat-deri-39-grad-ne-Ulqin.1.jpg","contentUrl":"https:\/\/www.visit-ulcinj.com\/blog\/wp-content\/uploads\/2011\/07\/rriten-temperaturat-deri-39-grad-ne-Ulqin.1.jpg","width":"496","height":"453"},{"@type":"WebPage","@id":"https:\/\/www.visit-ulcinj.com\/blog\/2011\/07\/10\/ne-ulqin-rriten-temperaturat-deri-39-grad\/#webpage","url":"https:\/\/www.visit-ulcinj.com\/blog\/2011\/07\/10\/ne-ulqin-rriten-temperaturat-deri-39-grad\/","name":"N\u00eb Ulqin rriten temperaturat deri 39 grad - Lajme nga Ulqini","isPartOf":{"@id":"https:\/\/www.visit-ulcinj.com\/blog\/#website"},"primaryImageOfPage":{"@id":"https:\/\/www.visit-ulcinj.com\/blog\/2011\/07\/10\/ne-ulqin-rriten-temperaturat-deri-39-grad\/#primaryimage"},"datePublished":"2011-07-10T18:35:56+00:00","dateModified":"2011-07-14T16:03:26+00:00","author":{"@id":"https:\/\/www.visit-ulcinj.com\/blog\/#\/schema\/person\/dcab619c614d3038751c63bc2aadc06d"},"description":"N\u00eb Ulqin moti duket se do t\u00eb favorizoj\u00eb t\u00eb gjith\u00eb ata q\u00eb kan\u00eb zgjedhur t\u00eb pushojn\u00eb pran\u00eb detit n\u00eb k\u00ebt\u00eb periudhe deri n\u00eb mbyllje t\u00eb muajit korrik thuhet ne","breadcrumb":{"@id":"https:\/\/www.visit-ulcinj.com\/blog\/2011\/07\/10\/ne-ulqin-rriten-temperaturat-deri-39-grad\/#breadcrumb"},"inLanguage":"en-US","potentialAction":[{"@type":"ReadAction","target":["https:\/\/www.visit-ulcinj.com\/blog\/2011\/07\/10\/ne-ulqin-rriten-temperaturat-deri-39-grad\/"]}]},{"@type":"BreadcrumbList","@id":"https:\/\/www.visit-ulcinj.com\/blog\/2011\/07\/10\/ne-ulqin-rriten-temperaturat-deri-39-grad\/#breadcrumb","itemListElement":[{"@type":"ListItem","position":1,"name":"N\u00eb Ulqin rriten temperaturat deri 39 grad"}]},{"@type":"Person","@id":"https:\/\/www.visit-ulcinj.com\/blog\/#\/schema\/person\/dcab619c614d3038751c63bc2aadc06d","name":"ulqini","sameAs":["http:\/\/www.visit-ulcinj.com"],"url":"https:\/\/www.visit-ulcinj.com\/blog\/author\/admin\/"}]}},"jetpack_featured_media_url":"","jetpack_sharing_enabled":true,"jetpack_shortlink":"https:\/\/wp.me\/pe6lTn-cEY","_links":{"self":[{"href":"https:\/\/www.visit-ulcinj.com\/blog\/wp-json\/wp\/v2\/posts\/48668"}],"collection":[{"href":"https:\/\/www.visit-ulcinj.com\/blog\/wp-json\/wp\/v2\/posts"}],"about":[{"href":"https:\/\/www.visit-ulcinj.com\/blog\/wp-json\/wp\/v2\/types\/post"}],"author":[{"embeddable":true,"href":"https:\/\/www.visit-ulcinj.com\/blog\/wp-json\/wp\/v2\/users\/1"}],"replies":[{"embeddable":true,"href":"https:\/\/www.visit-ulcinj.com\/blog\/wp-json\/wp\/v2\/comments?post=48668"}],"version-history":[{"count":6,"href":"https:\/\/www.visit-ulcinj.com\/blog\/wp-json\/wp\/v2\/posts\/48668\/revisions"}],"predecessor-version":[{"id":48953,"href":"https:\/\/www.visit-ulcinj.com\/blog\/wp-json\/wp\/v2\/posts\/48668\/revisions\/48953"}],"wp:attachment":[{"href":"https:\/\/www.visit-ulcinj.com\/blog\/wp-json\/wp\/v2\/media?parent=48668"}],"wp:term":[{"taxonomy":"category","embeddable":true,"href":"https:\/\/www.visit-ulcinj.com\/blog\/wp-json\/wp\/v2\/categories?post=48668"},{"taxonomy":"post_tag","embeddable":true,"href":"https:\/\/www.visit-ulcinj.com\/blog\/wp-json\/wp\/v2\/tags?post=48668"}],"curies":[{"name":"wp","href":"https:\/\/api.w.org\/{rel}","templated":true}]}}