{"id":48705,"date":"2011-07-11T06:14:46","date_gmt":"2011-07-11T05:14:46","guid":{"rendered":"http:\/\/www.visit-ulcinj.com\/blog\/?p=48705"},"modified":"2011-07-20T16:21:45","modified_gmt":"2011-07-20T15:21:45","slug":"ulqini-dhe-velipoja-me-cmime-te-lira","status":"publish","type":"post","link":"https:\/\/www.visit-ulcinj.com\/blog\/2011\/07\/11\/ulqini-dhe-velipoja-me-cmime-te-lira\/","title":{"rendered":"Ulqini dhe Velipoja me \u00e7mime t\u00eb lira"},"content":{"rendered":"<p><a href=\"http:\/\/www.visit-ulcinj.com\/blog\/wp-content\/uploads\/2011\/06\/MCM-Beach-Plazhe-V.I.P.1..jpg\"><img loading=\"lazy\" class=\"alignleft\" title=\"Plazhi MSM ULQIN\" src=\"http:\/\/www.visit-ulcinj.com\/blog\/wp-content\/uploads\/2011\/06\/MCM-Beach-Plazhe-V.I.P.1..jpg\" alt=\"\" width=\"508\" height=\"380\" \/><\/a>Ofertat turistike t\u00eb Ulqinit dhe e Velipoj\u00ebs vazhdojn\u00eb t\u00eb mbeten thuajse t\u00eb nj\u00ebjta me nj\u00eb vit me par\u00eb. Dy zonat turistike n\u00eb kufi me nj\u00ebra- tjetr\u00ebn aktualisht jan\u00eb m\u00eb t\u00eb lirat n\u00eb bregdetin e Adriatikut.<\/p>\n<p>Nisur nga nj\u00eb vit m\u00eb par\u00eb \u00e7mimet n\u00eb hotelet private n\u00eb Ulqin, variojn\u00eb nga 20-30 euro n\u00eb dit\u00eb p\u00ebr person me gjysm\u00eb pansioni. Krahasuar me nj\u00eb vit m\u00eb par\u00eb \u00e7mimi n\u00eb hotele ka qen\u00eb i nj\u00ebjti, por n\u00eb dallim me nj\u00eb vit m\u00eb par\u00eb kur ky \u00e7mim ishte p\u00ebr pansion t\u00eb plot\u00eb, k\u00ebt\u00eb vite \u00ebsht\u00eb p\u00ebrgjysm\u00eb pansioni n\u00eb t\u00eb cilin jan\u00eb p\u00ebrfshir\u00eb m\u00ebngjesi dhe dreka.<\/p>\n<p>Nd\u00ebrsa n\u00eb vilat private dhe sht\u00ebpit\u00eb, \u00e7mimi p\u00ebr nj\u00eb nate fjetjeje p\u00ebr person varion nga 8 euro deri n\u00eb 15 euro mesatarja, gjithmon\u00eb n\u00eb var\u00ebsi nga kushtet dhe nga pozicioni. Duke b\u00ebr\u00eb nj\u00eb llogari t\u00eb thjesht\u00eb, mesatarisht vet\u00ebm fjetje dhe ushqim p\u00ebr nj\u00eb familje kat\u00ebr an\u00ebtar\u00ebshe nj\u00eb 10 dit\u00ebsh pushime n\u00eb Ulqin u kushton nga minimalisht 1000- 1200 euro.<br \/>\n<a href=\"http:\/\/www.visit-ulcinj.com\/blog\/wp-content\/uploads\/2011\/07\/normal_velipoja_beach_8.jpg\"><img loading=\"lazy\" class=\"alignleft size-full wp-image-48707\" title=\"normal_velipoja_beach_8\" src=\"http:\/\/www.visit-ulcinj.com\/blog\/wp-content\/uploads\/2011\/07\/normal_velipoja_beach_8.jpg\" alt=\"\" width=\"508\" height=\"330\" \/><\/a><br \/>\nAvantazhi q\u00eb n\u00eb k\u00ebt\u00eb rast ka Plazhi i Velipoj\u00ebs \u00ebsht\u00eb se fjetja llogaritet me dhom\u00eb n\u00eb vilat dhe n\u00eb sht\u00ebpit\u00eb private, kurse n\u00eb Ulqin me fjetje p\u00ebr krevat. Me \u00e7mimet q\u00eb t\u00eb ofron Velipoja mbetet s\u00ebrish plazhi m\u00eb i lir\u00eb n\u00eb Adriatik.<\/p>\n<p>Avantazhet e Ulqinit me Plazhin e Velipoj\u00ebs \u00ebsht\u00eb infrastruktura e cila duksh\u00ebm \u00ebsht\u00eb m\u00eb e p\u00ebrmir\u00ebsuar, nd\u00ebrsa n\u00eb Velipoj\u00eb mbeten shum\u00eb pun\u00eb p\u00ebr t\u2019u b\u00ebr\u00eb. Velipoja dhe Ulqini, 70% t\u00eb turist\u00ebve i kan\u00eb nga Kosova, nd\u00ebrsa operator\u00ebt turistik jan\u00eb kujdesur q\u00eb edhe k\u00ebt\u00eb vit t\u00eb ruajn\u00eb \u00e7mimet e nj\u00ebjta.<\/p>\n<p><strong>Bota Sot<\/strong><br \/>\n<!--YouTube Error: bad URL entered--><\/p>\n","protected":false},"excerpt":{"rendered":"<p>Ofertat turistike t\u00eb Ulqinit dhe e Velipoj\u00ebs vazhdojn\u00eb t\u00eb mbeten thuajse t\u00eb nj\u00ebjta me nj\u00eb vit me par\u00eb. Dy zonat turistike n\u00eb kufi me nj\u00ebra- tjetr\u00ebn aktualisht jan\u00eb m\u00eb t\u00eb lirat n\u00eb bregdetin e Adriatikut. Nisur nga nj\u00eb vit m\u00eb par\u00eb \u00e7mimet n\u00eb hotelet private n\u00eb Ulqin, variojn\u00eb nga 20-30 euro n\u00eb dit\u00eb p\u00ebr person [&hellip;]<\/p>\n","protected":false},"author":1,"featured_media":0,"comment_status":"open","ping_status":"closed","sticky":false,"template":"","format":"standard","meta":{"spay_email":"","jetpack_publicize_message":"","jetpack_is_tweetstorm":false,"jetpack_publicize_feature_enabled":true},"categories":[7,14],"tags":[8870,14887,18504,18219,200,18],"jetpack_publicize_connections":[],"yoast_head":"<!-- This site is optimized with the Yoast SEO plugin v19.1 - https:\/\/yoast.com\/wordpress\/plugins\/seo\/ -->\n<title>Ulqini dhe Velipoja me \u00e7mime t\u00eb lira - Lajme nga Ulqini<\/title>\n<meta name=\"description\" content=\"Ofertat turistike t\u00eb Ulqinit dhe e Velipoj\u00ebs vazhdojn\u00eb t\u00eb mbeten thuajse t\u00eb nj\u00ebjta me nj\u00eb vit me par\u00eb. Dy zonat turistike n\u00eb kufi me nj\u00ebra- tjetr\u00ebn\" \/>\n<meta name=\"robots\" content=\"index, follow, max-snippet:-1, max-image-preview:large, max-video-preview:-1\" \/>\n<link rel=\"canonical\" href=\"https:\/\/www.visit-ulcinj.com\/blog\/2011\/07\/11\/ulqini-dhe-velipoja-me-cmime-te-lira\/\" \/>\n<meta property=\"og:locale\" content=\"en_US\" \/>\n<meta property=\"og:type\" content=\"article\" \/>\n<meta property=\"og:title\" content=\"Ulqini dhe Velipoja me \u00e7mime t\u00eb lira - Lajme nga Ulqini\" \/>\n<meta property=\"og:description\" content=\"Ofertat turistike t\u00eb Ulqinit dhe e Velipoj\u00ebs vazhdojn\u00eb t\u00eb mbeten thuajse t\u00eb nj\u00ebjta me nj\u00eb vit me par\u00eb. Dy zonat turistike n\u00eb kufi me nj\u00ebra- tjetr\u00ebn\" \/>\n<meta property=\"og:url\" content=\"https:\/\/www.visit-ulcinj.com\/blog\/2011\/07\/11\/ulqini-dhe-velipoja-me-cmime-te-lira\/\" \/>\n<meta property=\"og:site_name\" content=\"Lajme nga Ulqini\" \/>\n<meta property=\"article:published_time\" content=\"2011-07-11T05:14:46+00:00\" \/>\n<meta property=\"article:modified_time\" content=\"2011-07-20T15:21:45+00:00\" \/>\n<meta property=\"og:image\" content=\"http:\/\/www.visit-ulcinj.com\/blog\/wp-content\/uploads\/2011\/06\/MCM-Beach-Plazhe-V.I.P.1..jpg\" \/>\n<meta name=\"twitter:label1\" content=\"Written by\" \/>\n\t<meta name=\"twitter:data1\" content=\"ulqini\" \/>\n\t<meta name=\"twitter:label2\" content=\"Est. reading time\" \/>\n\t<meta name=\"twitter:data2\" content=\"1 minute\" \/>\n<script type=\"application\/ld+json\" class=\"yoast-schema-graph\">{\"@context\":\"https:\/\/schema.org\",\"@graph\":[{\"@type\":\"WebSite\",\"@id\":\"https:\/\/www.visit-ulcinj.com\/blog\/#website\",\"url\":\"https:\/\/www.visit-ulcinj.com\/blog\/\",\"name\":\"Lajme nga Ulqini\",\"description\":\"Lajme,Vijesti,Ulqini,Ulqin,Crna Gora,Mali i Zi\",\"potentialAction\":[{\"@type\":\"SearchAction\",\"target\":{\"@type\":\"EntryPoint\",\"urlTemplate\":\"https:\/\/www.visit-ulcinj.com\/blog\/?s={search_term_string}\"},\"query-input\":\"required name=search_term_string\"}],\"inLanguage\":\"en-US\"},{\"@type\":\"ImageObject\",\"inLanguage\":\"en-US\",\"@id\":\"https:\/\/www.visit-ulcinj.com\/blog\/2011\/07\/11\/ulqini-dhe-velipoja-me-cmime-te-lira\/#primaryimage\",\"url\":\"https:\/\/www.visit-ulcinj.com\/blog\/wp-content\/uploads\/2011\/06\/MCM-Beach-Plazhe-V.I.P.1..jpg\",\"contentUrl\":\"https:\/\/www.visit-ulcinj.com\/blog\/wp-content\/uploads\/2011\/06\/MCM-Beach-Plazhe-V.I.P.1..jpg\",\"width\":\"1040\",\"height\":\"780\"},{\"@type\":\"WebPage\",\"@id\":\"https:\/\/www.visit-ulcinj.com\/blog\/2011\/07\/11\/ulqini-dhe-velipoja-me-cmime-te-lira\/#webpage\",\"url\":\"https:\/\/www.visit-ulcinj.com\/blog\/2011\/07\/11\/ulqini-dhe-velipoja-me-cmime-te-lira\/\",\"name\":\"Ulqini dhe Velipoja me \u00e7mime t\u00eb lira - Lajme nga Ulqini\",\"isPartOf\":{\"@id\":\"https:\/\/www.visit-ulcinj.com\/blog\/#website\"},\"primaryImageOfPage\":{\"@id\":\"https:\/\/www.visit-ulcinj.com\/blog\/2011\/07\/11\/ulqini-dhe-velipoja-me-cmime-te-lira\/#primaryimage\"},\"datePublished\":\"2011-07-11T05:14:46+00:00\",\"dateModified\":\"2011-07-20T15:21:45+00:00\",\"author\":{\"@id\":\"https:\/\/www.visit-ulcinj.com\/blog\/#\/schema\/person\/dcab619c614d3038751c63bc2aadc06d\"},\"description\":\"Ofertat turistike t\u00eb Ulqinit dhe e Velipoj\u00ebs vazhdojn\u00eb t\u00eb mbeten thuajse t\u00eb nj\u00ebjta me nj\u00eb vit me par\u00eb. Dy zonat turistike n\u00eb kufi me nj\u00ebra- tjetr\u00ebn\",\"breadcrumb\":{\"@id\":\"https:\/\/www.visit-ulcinj.com\/blog\/2011\/07\/11\/ulqini-dhe-velipoja-me-cmime-te-lira\/#breadcrumb\"},\"inLanguage\":\"en-US\",\"potentialAction\":[{\"@type\":\"ReadAction\",\"target\":[\"https:\/\/www.visit-ulcinj.com\/blog\/2011\/07\/11\/ulqini-dhe-velipoja-me-cmime-te-lira\/\"]}]},{\"@type\":\"BreadcrumbList\",\"@id\":\"https:\/\/www.visit-ulcinj.com\/blog\/2011\/07\/11\/ulqini-dhe-velipoja-me-cmime-te-lira\/#breadcrumb\",\"itemListElement\":[{\"@type\":\"ListItem\",\"position\":1,\"name\":\"Ulqini dhe Velipoja me \u00e7mime t\u00eb lira\"}]},{\"@type\":\"Person\",\"@id\":\"https:\/\/www.visit-ulcinj.com\/blog\/#\/schema\/person\/dcab619c614d3038751c63bc2aadc06d\",\"name\":\"ulqini\",\"sameAs\":[\"http:\/\/www.visit-ulcinj.com\"],\"url\":\"https:\/\/www.visit-ulcinj.com\/blog\/author\/admin\/\"}]}<\/script>\n<!-- \/ Yoast SEO plugin. -->","yoast_head_json":{"title":"Ulqini dhe Velipoja me \u00e7mime t\u00eb lira - Lajme nga Ulqini","description":"Ofertat turistike t\u00eb Ulqinit dhe e Velipoj\u00ebs vazhdojn\u00eb t\u00eb mbeten thuajse t\u00eb nj\u00ebjta me nj\u00eb vit me par\u00eb. Dy zonat turistike n\u00eb kufi me nj\u00ebra- tjetr\u00ebn","robots":{"index":"index","follow":"follow","max-snippet":"max-snippet:-1","max-image-preview":"max-image-preview:large","max-video-preview":"max-video-preview:-1"},"canonical":"https:\/\/www.visit-ulcinj.com\/blog\/2011\/07\/11\/ulqini-dhe-velipoja-me-cmime-te-lira\/","og_locale":"en_US","og_type":"article","og_title":"Ulqini dhe Velipoja me \u00e7mime t\u00eb lira - Lajme nga Ulqini","og_description":"Ofertat turistike t\u00eb Ulqinit dhe e Velipoj\u00ebs vazhdojn\u00eb t\u00eb mbeten thuajse t\u00eb nj\u00ebjta me nj\u00eb vit me par\u00eb. Dy zonat turistike n\u00eb kufi me nj\u00ebra- tjetr\u00ebn","og_url":"https:\/\/www.visit-ulcinj.com\/blog\/2011\/07\/11\/ulqini-dhe-velipoja-me-cmime-te-lira\/","og_site_name":"Lajme nga Ulqini","article_published_time":"2011-07-11T05:14:46+00:00","article_modified_time":"2011-07-20T15:21:45+00:00","og_image":[{"url":"http:\/\/www.visit-ulcinj.com\/blog\/wp-content\/uploads\/2011\/06\/MCM-Beach-Plazhe-V.I.P.1..jpg"}],"twitter_misc":{"Written by":"ulqini","Est. reading time":"1 minute"},"schema":{"@context":"https:\/\/schema.org","@graph":[{"@type":"WebSite","@id":"https:\/\/www.visit-ulcinj.com\/blog\/#website","url":"https:\/\/www.visit-ulcinj.com\/blog\/","name":"Lajme nga Ulqini","description":"Lajme,Vijesti,Ulqini,Ulqin,Crna Gora,Mali i Zi","potentialAction":[{"@type":"SearchAction","target":{"@type":"EntryPoint","urlTemplate":"https:\/\/www.visit-ulcinj.com\/blog\/?s={search_term_string}"},"query-input":"required name=search_term_string"}],"inLanguage":"en-US"},{"@type":"ImageObject","inLanguage":"en-US","@id":"https:\/\/www.visit-ulcinj.com\/blog\/2011\/07\/11\/ulqini-dhe-velipoja-me-cmime-te-lira\/#primaryimage","url":"https:\/\/www.visit-ulcinj.com\/blog\/wp-content\/uploads\/2011\/06\/MCM-Beach-Plazhe-V.I.P.1..jpg","contentUrl":"https:\/\/www.visit-ulcinj.com\/blog\/wp-content\/uploads\/2011\/06\/MCM-Beach-Plazhe-V.I.P.1..jpg","width":"1040","height":"780"},{"@type":"WebPage","@id":"https:\/\/www.visit-ulcinj.com\/blog\/2011\/07\/11\/ulqini-dhe-velipoja-me-cmime-te-lira\/#webpage","url":"https:\/\/www.visit-ulcinj.com\/blog\/2011\/07\/11\/ulqini-dhe-velipoja-me-cmime-te-lira\/","name":"Ulqini dhe Velipoja me \u00e7mime t\u00eb lira - Lajme nga Ulqini","isPartOf":{"@id":"https:\/\/www.visit-ulcinj.com\/blog\/#website"},"primaryImageOfPage":{"@id":"https:\/\/www.visit-ulcinj.com\/blog\/2011\/07\/11\/ulqini-dhe-velipoja-me-cmime-te-lira\/#primaryimage"},"datePublished":"2011-07-11T05:14:46+00:00","dateModified":"2011-07-20T15:21:45+00:00","author":{"@id":"https:\/\/www.visit-ulcinj.com\/blog\/#\/schema\/person\/dcab619c614d3038751c63bc2aadc06d"},"description":"Ofertat turistike t\u00eb Ulqinit dhe e Velipoj\u00ebs vazhdojn\u00eb t\u00eb mbeten thuajse t\u00eb nj\u00ebjta me nj\u00eb vit me par\u00eb. Dy zonat turistike n\u00eb kufi me nj\u00ebra- tjetr\u00ebn","breadcrumb":{"@id":"https:\/\/www.visit-ulcinj.com\/blog\/2011\/07\/11\/ulqini-dhe-velipoja-me-cmime-te-lira\/#breadcrumb"},"inLanguage":"en-US","potentialAction":[{"@type":"ReadAction","target":["https:\/\/www.visit-ulcinj.com\/blog\/2011\/07\/11\/ulqini-dhe-velipoja-me-cmime-te-lira\/"]}]},{"@type":"BreadcrumbList","@id":"https:\/\/www.visit-ulcinj.com\/blog\/2011\/07\/11\/ulqini-dhe-velipoja-me-cmime-te-lira\/#breadcrumb","itemListElement":[{"@type":"ListItem","position":1,"name":"Ulqini dhe Velipoja me \u00e7mime t\u00eb lira"}]},{"@type":"Person","@id":"https:\/\/www.visit-ulcinj.com\/blog\/#\/schema\/person\/dcab619c614d3038751c63bc2aadc06d","name":"ulqini","sameAs":["http:\/\/www.visit-ulcinj.com"],"url":"https:\/\/www.visit-ulcinj.com\/blog\/author\/admin\/"}]}},"jetpack_featured_media_url":"","jetpack_sharing_enabled":true,"jetpack_shortlink":"https:\/\/wp.me\/pe6lTn-cFz","_links":{"self":[{"href":"https:\/\/www.visit-ulcinj.com\/blog\/wp-json\/wp\/v2\/posts\/48705"}],"collection":[{"href":"https:\/\/www.visit-ulcinj.com\/blog\/wp-json\/wp\/v2\/posts"}],"about":[{"href":"https:\/\/www.visit-ulcinj.com\/blog\/wp-json\/wp\/v2\/types\/post"}],"author":[{"embeddable":true,"href":"https:\/\/www.visit-ulcinj.com\/blog\/wp-json\/wp\/v2\/users\/1"}],"replies":[{"embeddable":true,"href":"https:\/\/www.visit-ulcinj.com\/blog\/wp-json\/wp\/v2\/comments?post=48705"}],"version-history":[{"count":6,"href":"https:\/\/www.visit-ulcinj.com\/blog\/wp-json\/wp\/v2\/posts\/48705\/revisions"}],"predecessor-version":[{"id":49290,"href":"https:\/\/www.visit-ulcinj.com\/blog\/wp-json\/wp\/v2\/posts\/48705\/revisions\/49290"}],"wp:attachment":[{"href":"https:\/\/www.visit-ulcinj.com\/blog\/wp-json\/wp\/v2\/media?parent=48705"}],"wp:term":[{"taxonomy":"category","embeddable":true,"href":"https:\/\/www.visit-ulcinj.com\/blog\/wp-json\/wp\/v2\/categories?post=48705"},{"taxonomy":"post_tag","embeddable":true,"href":"https:\/\/www.visit-ulcinj.com\/blog\/wp-json\/wp\/v2\/tags?post=48705"}],"curies":[{"name":"wp","href":"https:\/\/api.w.org\/{rel}","templated":true}]}}