{"id":48734,"date":"2011-07-11T08:29:41","date_gmt":"2011-07-11T07:29:41","guid":{"rendered":"http:\/\/www.visit-ulcinj.com\/blog\/?p=48734"},"modified":"2011-07-11T08:31:14","modified_gmt":"2011-07-11T07:31:14","slug":"crnogorski-turizam-gostiju-nesto-vise-ali-je-potrosnja-slabija","status":"publish","type":"post","link":"https:\/\/www.visit-ulcinj.com\/blog\/2011\/07\/11\/crnogorski-turizam-gostiju-nesto-vise-ali-je-potrosnja-slabija\/","title":{"rendered":"Crnogorski turizam: Gostiju ne\u0161to vi\u0161e, ali je potro\u0161nja slabija"},"content":{"rendered":"<p><a href=\"http:\/\/www.visit-ulcinj.com\/blog\/wp-content\/uploads\/2011\/07\/Crnogorski-turizam-u-Ulcinj_MSM-Plaza.jpg\"><img loading=\"lazy\" class=\"alignleft size-full wp-image-48735\" title=\"Crnogorski turizam u Ulcinj_MSM Plaza\" src=\"http:\/\/www.visit-ulcinj.com\/blog\/wp-content\/uploads\/2011\/07\/Crnogorski-turizam-u-Ulcinj_MSM-Plaza.jpg\" alt=\"\" width=\"508\" height=\"380\" \/><\/a>PODGORICA &#8211; Iako se crnogorski politi\u010dari nadaju da \u0107e ovogodi\u0161nja turisti\u010dka sezona popuniti dr\u017eavnu blagajnu, izgledi za to su slabi. Dodu\u0161e, ovih dana u Crnoj Gori je gostiju ne\u0161to vi\u0161e nego pro\u0161le godine, ali je potro\u0161nja slabija.<br \/>\nU crnogorskoj vladi su poslovi\u010dno optimisti. Ministar odr\u017eivog razvoja i turizma Predrag Sekuli\u0107 ne sumnja da \u0107e sve ono \u0161to je planirano, od broja no\u0107enja do ostvarenog prihoda, biti i ostvareno.<\/p>\n<p>\u201ePa i vi\u0161e od toga\u201c, isti\u010de on i navodi kako je \u201eturisti\u010dki proizvod Crne Gore iz godine u godinu sve kvalitetniji, usluga sve bolja, a cijene sve korektnije\u201c.<\/p>\n<p>No, ono \u0161to se doga\u0111a ovih dana na crnogorskom primorju ne poklapa se u potpunosti s rije\u010dima i \u017eeljama crnogorskih politi\u010dara.<\/p>\n<p>\u201eBroj gostiju je neznatno ve\u0107i nego pro\u0161le godine, ali ne i promet\u201c, ka\u017ee turisti\u010dki analiti\u010dar Milo\u0161 Bigovi\u0107 i izra\u017eava uvjerenje da \u0107e stoga i ova sezona prote\u0107i kao prethodne.<br \/>\n\u201eSmatram da rezultati ne\u0107e biti spektakularniji u odnosu na bilo koju raniju sezonu. Dakle, bit \u0107e izra\u017eena sezonalnost, \u0161to zna\u010di da \u0107e sama sezona trajati vrlo kratko, a turisti\u010dka potro\u0161nja \u0107e biti za stupanj ni\u017ea. Mislim da predsezona i ovaj blagi po\u010detak glavne sezone to najbolje potvr\u0111uju\u201c, ocjenjuje on.<\/p>\n<p>Isti je stav direktora budvanske agencije \u201eEkskluzivturs\u201c Vuka\u0161ina \u0106ulafi\u0107a, koji isti\u010de da je predsezona podbacila, osim u nekoliko hotela, i da \u0107e taj minus biti te\u0161ko nadokna\u0111en. On ka\u017ee da je zabrinut ukupno malim brojem gostiju iz Zapadne Europe, posebno Njema\u010dke, koji su u Crnoj Gori jo\u0161 uvek sinonim za strane turiste.<\/p>\n<p>\u201eAli, situacija ide uzlaznom linijiom. Imamo neka obe\u0107anja. Ja se nadam da \u0107e se ona odr\u017eati, da \u0107e gosti koji dolaze preko turoperatora \u2019Neckerman\u2019 idu\u0107e godine slijetati na aerodrom Tivat, i imamo obe\u0107anja da \u0107e DRV (Udruga njema\u010dkih agencija za prodaju smje\u0161tajnih kapaciteta op.a.) krajem idu\u0107e godine odr\u017eati kongres u Crnoj Gori, \u0161to bi se vrlo pozitivno odrazilo na sezonu 2013. A sve dok ne vratimo Nijemce na Tivat ili Podgoricu, bit \u0107e to samo simulacija turizma\u201c, tvrdi on.<\/p>\n<p>Zato se, kako zaklju\u010duje \u0106ulafi\u0107, mnogo vi\u0161e sredstava, napora i znanja ubudu\u0107e mora ulo\u017eiti u promid\u017ebu na njema\u010dkom tr\u017ei\u0161tu, kao i na ja\u010danju atraktivnosti crnogorske turisti\u010dke ponude.<\/p>\n<p><strong>Izvor: Deutsche Welle<br \/>\n<!--YouTube Error: bad URL entered--><br \/>\n<\/strong><\/p>\n","protected":false},"excerpt":{"rendered":"<p>PODGORICA &#8211; Iako se crnogorski politi\u010dari nadaju da \u0107e ovogodi\u0161nja turisti\u010dka sezona popuniti dr\u017eavnu blagajnu, izgledi za to su slabi. Dodu\u0161e, ovih dana u Crnoj Gori je gostiju ne\u0161to vi\u0161e nego pro\u0161le godine, ali je potro\u0161nja slabija. U crnogorskoj vladi su poslovi\u010dno optimisti. Ministar odr\u017eivog razvoja i turizma Predrag Sekuli\u0107 ne sumnja da \u0107e sve [&hellip;]<\/p>\n","protected":false},"author":1,"featured_media":0,"comment_status":"open","ping_status":"closed","sticky":false,"template":"","format":"standard","meta":{"spay_email":"","jetpack_publicize_message":"","jetpack_is_tweetstorm":false,"jetpack_publicize_feature_enabled":true},"categories":[8337],"tags":[20,18407,10343,18649,18650,19,849,265],"jetpack_publicize_connections":[],"yoast_head":"<!-- This site is optimized with the Yoast SEO plugin v19.1 - https:\/\/yoast.com\/wordpress\/plugins\/seo\/ -->\n<title>Crnogorski turizam: Gostiju ne\u0161to vi\u0161e, ali je potro\u0161nja slabija - Lajme nga Ulqini<\/title>\n<meta name=\"description\" content=\"PODGORICA - Iako se crnogorski politi\u010dari nadaju da \u0107e ovogodi\u0161nja turisti\u010dka sezona popuniti dr\u017eavnu blagajnu, izgledi za to su slabi. Dodu\u0161e, ovih dana\" \/>\n<meta name=\"robots\" content=\"index, follow, max-snippet:-1, max-image-preview:large, max-video-preview:-1\" \/>\n<link rel=\"canonical\" href=\"https:\/\/www.visit-ulcinj.com\/blog\/2011\/07\/11\/crnogorski-turizam-gostiju-nesto-vise-ali-je-potrosnja-slabija\/\" \/>\n<meta property=\"og:locale\" content=\"en_US\" \/>\n<meta property=\"og:type\" content=\"article\" \/>\n<meta property=\"og:title\" content=\"Crnogorski turizam: Gostiju ne\u0161to vi\u0161e, ali je potro\u0161nja slabija - Lajme nga Ulqini\" \/>\n<meta property=\"og:description\" content=\"PODGORICA - Iako se crnogorski politi\u010dari nadaju da \u0107e ovogodi\u0161nja turisti\u010dka sezona popuniti dr\u017eavnu blagajnu, izgledi za to su slabi. Dodu\u0161e, ovih dana\" \/>\n<meta property=\"og:url\" content=\"https:\/\/www.visit-ulcinj.com\/blog\/2011\/07\/11\/crnogorski-turizam-gostiju-nesto-vise-ali-je-potrosnja-slabija\/\" \/>\n<meta property=\"og:site_name\" content=\"Lajme nga Ulqini\" \/>\n<meta property=\"article:published_time\" content=\"2011-07-11T07:29:41+00:00\" \/>\n<meta property=\"article:modified_time\" content=\"2011-07-11T07:31:14+00:00\" \/>\n<meta property=\"og:image\" content=\"http:\/\/www.visit-ulcinj.com\/blog\/wp-content\/uploads\/2011\/07\/Crnogorski-turizam-u-Ulcinj_MSM-Plaza.jpg\" \/>\n<meta name=\"twitter:label1\" content=\"Written by\" \/>\n\t<meta name=\"twitter:data1\" content=\"ulqini\" \/>\n\t<meta name=\"twitter:label2\" content=\"Est. reading time\" \/>\n\t<meta name=\"twitter:data2\" content=\"2 minutes\" \/>\n<script type=\"application\/ld+json\" class=\"yoast-schema-graph\">{\"@context\":\"https:\/\/schema.org\",\"@graph\":[{\"@type\":\"WebSite\",\"@id\":\"https:\/\/www.visit-ulcinj.com\/blog\/#website\",\"url\":\"https:\/\/www.visit-ulcinj.com\/blog\/\",\"name\":\"Lajme nga Ulqini\",\"description\":\"Lajme,Vijesti,Ulqini,Ulqin,Crna Gora,Mali i Zi\",\"potentialAction\":[{\"@type\":\"SearchAction\",\"target\":{\"@type\":\"EntryPoint\",\"urlTemplate\":\"https:\/\/www.visit-ulcinj.com\/blog\/?s={search_term_string}\"},\"query-input\":\"required name=search_term_string\"}],\"inLanguage\":\"en-US\"},{\"@type\":\"ImageObject\",\"inLanguage\":\"en-US\",\"@id\":\"https:\/\/www.visit-ulcinj.com\/blog\/2011\/07\/11\/crnogorski-turizam-gostiju-nesto-vise-ali-je-potrosnja-slabija\/#primaryimage\",\"url\":\"https:\/\/www.visit-ulcinj.com\/blog\/wp-content\/uploads\/2011\/07\/Crnogorski-turizam-u-Ulcinj_MSM-Plaza.jpg\",\"contentUrl\":\"https:\/\/www.visit-ulcinj.com\/blog\/wp-content\/uploads\/2011\/07\/Crnogorski-turizam-u-Ulcinj_MSM-Plaza.jpg\",\"width\":\"800\",\"height\":\"482\"},{\"@type\":\"WebPage\",\"@id\":\"https:\/\/www.visit-ulcinj.com\/blog\/2011\/07\/11\/crnogorski-turizam-gostiju-nesto-vise-ali-je-potrosnja-slabija\/#webpage\",\"url\":\"https:\/\/www.visit-ulcinj.com\/blog\/2011\/07\/11\/crnogorski-turizam-gostiju-nesto-vise-ali-je-potrosnja-slabija\/\",\"name\":\"Crnogorski turizam: Gostiju ne\u0161to vi\u0161e, ali je potro\u0161nja slabija - Lajme nga Ulqini\",\"isPartOf\":{\"@id\":\"https:\/\/www.visit-ulcinj.com\/blog\/#website\"},\"primaryImageOfPage\":{\"@id\":\"https:\/\/www.visit-ulcinj.com\/blog\/2011\/07\/11\/crnogorski-turizam-gostiju-nesto-vise-ali-je-potrosnja-slabija\/#primaryimage\"},\"datePublished\":\"2011-07-11T07:29:41+00:00\",\"dateModified\":\"2011-07-11T07:31:14+00:00\",\"author\":{\"@id\":\"https:\/\/www.visit-ulcinj.com\/blog\/#\/schema\/person\/dcab619c614d3038751c63bc2aadc06d\"},\"description\":\"PODGORICA - Iako se crnogorski politi\u010dari nadaju da \u0107e ovogodi\u0161nja turisti\u010dka sezona popuniti dr\u017eavnu blagajnu, izgledi za to su slabi. Dodu\u0161e, ovih dana\",\"breadcrumb\":{\"@id\":\"https:\/\/www.visit-ulcinj.com\/blog\/2011\/07\/11\/crnogorski-turizam-gostiju-nesto-vise-ali-je-potrosnja-slabija\/#breadcrumb\"},\"inLanguage\":\"en-US\",\"potentialAction\":[{\"@type\":\"ReadAction\",\"target\":[\"https:\/\/www.visit-ulcinj.com\/blog\/2011\/07\/11\/crnogorski-turizam-gostiju-nesto-vise-ali-je-potrosnja-slabija\/\"]}]},{\"@type\":\"BreadcrumbList\",\"@id\":\"https:\/\/www.visit-ulcinj.com\/blog\/2011\/07\/11\/crnogorski-turizam-gostiju-nesto-vise-ali-je-potrosnja-slabija\/#breadcrumb\",\"itemListElement\":[{\"@type\":\"ListItem\",\"position\":1,\"name\":\"Crnogorski turizam: Gostiju ne\u0161to vi\u0161e, ali je potro\u0161nja slabija\"}]},{\"@type\":\"Person\",\"@id\":\"https:\/\/www.visit-ulcinj.com\/blog\/#\/schema\/person\/dcab619c614d3038751c63bc2aadc06d\",\"name\":\"ulqini\",\"sameAs\":[\"http:\/\/www.visit-ulcinj.com\"],\"url\":\"https:\/\/www.visit-ulcinj.com\/blog\/author\/admin\/\"}]}<\/script>\n<!-- \/ Yoast SEO plugin. -->","yoast_head_json":{"title":"Crnogorski turizam: Gostiju ne\u0161to vi\u0161e, ali je potro\u0161nja slabija - Lajme nga Ulqini","description":"PODGORICA - Iako se crnogorski politi\u010dari nadaju da \u0107e ovogodi\u0161nja turisti\u010dka sezona popuniti dr\u017eavnu blagajnu, izgledi za to su slabi. Dodu\u0161e, ovih dana","robots":{"index":"index","follow":"follow","max-snippet":"max-snippet:-1","max-image-preview":"max-image-preview:large","max-video-preview":"max-video-preview:-1"},"canonical":"https:\/\/www.visit-ulcinj.com\/blog\/2011\/07\/11\/crnogorski-turizam-gostiju-nesto-vise-ali-je-potrosnja-slabija\/","og_locale":"en_US","og_type":"article","og_title":"Crnogorski turizam: Gostiju ne\u0161to vi\u0161e, ali je potro\u0161nja slabija - Lajme nga Ulqini","og_description":"PODGORICA - Iako se crnogorski politi\u010dari nadaju da \u0107e ovogodi\u0161nja turisti\u010dka sezona popuniti dr\u017eavnu blagajnu, izgledi za to su slabi. Dodu\u0161e, ovih dana","og_url":"https:\/\/www.visit-ulcinj.com\/blog\/2011\/07\/11\/crnogorski-turizam-gostiju-nesto-vise-ali-je-potrosnja-slabija\/","og_site_name":"Lajme nga Ulqini","article_published_time":"2011-07-11T07:29:41+00:00","article_modified_time":"2011-07-11T07:31:14+00:00","og_image":[{"url":"http:\/\/www.visit-ulcinj.com\/blog\/wp-content\/uploads\/2011\/07\/Crnogorski-turizam-u-Ulcinj_MSM-Plaza.jpg"}],"twitter_misc":{"Written by":"ulqini","Est. reading time":"2 minutes"},"schema":{"@context":"https:\/\/schema.org","@graph":[{"@type":"WebSite","@id":"https:\/\/www.visit-ulcinj.com\/blog\/#website","url":"https:\/\/www.visit-ulcinj.com\/blog\/","name":"Lajme nga Ulqini","description":"Lajme,Vijesti,Ulqini,Ulqin,Crna Gora,Mali i Zi","potentialAction":[{"@type":"SearchAction","target":{"@type":"EntryPoint","urlTemplate":"https:\/\/www.visit-ulcinj.com\/blog\/?s={search_term_string}"},"query-input":"required name=search_term_string"}],"inLanguage":"en-US"},{"@type":"ImageObject","inLanguage":"en-US","@id":"https:\/\/www.visit-ulcinj.com\/blog\/2011\/07\/11\/crnogorski-turizam-gostiju-nesto-vise-ali-je-potrosnja-slabija\/#primaryimage","url":"https:\/\/www.visit-ulcinj.com\/blog\/wp-content\/uploads\/2011\/07\/Crnogorski-turizam-u-Ulcinj_MSM-Plaza.jpg","contentUrl":"https:\/\/www.visit-ulcinj.com\/blog\/wp-content\/uploads\/2011\/07\/Crnogorski-turizam-u-Ulcinj_MSM-Plaza.jpg","width":"800","height":"482"},{"@type":"WebPage","@id":"https:\/\/www.visit-ulcinj.com\/blog\/2011\/07\/11\/crnogorski-turizam-gostiju-nesto-vise-ali-je-potrosnja-slabija\/#webpage","url":"https:\/\/www.visit-ulcinj.com\/blog\/2011\/07\/11\/crnogorski-turizam-gostiju-nesto-vise-ali-je-potrosnja-slabija\/","name":"Crnogorski turizam: Gostiju ne\u0161to vi\u0161e, ali je potro\u0161nja slabija - Lajme nga Ulqini","isPartOf":{"@id":"https:\/\/www.visit-ulcinj.com\/blog\/#website"},"primaryImageOfPage":{"@id":"https:\/\/www.visit-ulcinj.com\/blog\/2011\/07\/11\/crnogorski-turizam-gostiju-nesto-vise-ali-je-potrosnja-slabija\/#primaryimage"},"datePublished":"2011-07-11T07:29:41+00:00","dateModified":"2011-07-11T07:31:14+00:00","author":{"@id":"https:\/\/www.visit-ulcinj.com\/blog\/#\/schema\/person\/dcab619c614d3038751c63bc2aadc06d"},"description":"PODGORICA - Iako se crnogorski politi\u010dari nadaju da \u0107e ovogodi\u0161nja turisti\u010dka sezona popuniti dr\u017eavnu blagajnu, izgledi za to su slabi. Dodu\u0161e, ovih dana","breadcrumb":{"@id":"https:\/\/www.visit-ulcinj.com\/blog\/2011\/07\/11\/crnogorski-turizam-gostiju-nesto-vise-ali-je-potrosnja-slabija\/#breadcrumb"},"inLanguage":"en-US","potentialAction":[{"@type":"ReadAction","target":["https:\/\/www.visit-ulcinj.com\/blog\/2011\/07\/11\/crnogorski-turizam-gostiju-nesto-vise-ali-je-potrosnja-slabija\/"]}]},{"@type":"BreadcrumbList","@id":"https:\/\/www.visit-ulcinj.com\/blog\/2011\/07\/11\/crnogorski-turizam-gostiju-nesto-vise-ali-je-potrosnja-slabija\/#breadcrumb","itemListElement":[{"@type":"ListItem","position":1,"name":"Crnogorski turizam: Gostiju ne\u0161to vi\u0161e, ali je potro\u0161nja slabija"}]},{"@type":"Person","@id":"https:\/\/www.visit-ulcinj.com\/blog\/#\/schema\/person\/dcab619c614d3038751c63bc2aadc06d","name":"ulqini","sameAs":["http:\/\/www.visit-ulcinj.com"],"url":"https:\/\/www.visit-ulcinj.com\/blog\/author\/admin\/"}]}},"jetpack_featured_media_url":"","jetpack_sharing_enabled":true,"jetpack_shortlink":"https:\/\/wp.me\/pe6lTn-cG2","_links":{"self":[{"href":"https:\/\/www.visit-ulcinj.com\/blog\/wp-json\/wp\/v2\/posts\/48734"}],"collection":[{"href":"https:\/\/www.visit-ulcinj.com\/blog\/wp-json\/wp\/v2\/posts"}],"about":[{"href":"https:\/\/www.visit-ulcinj.com\/blog\/wp-json\/wp\/v2\/types\/post"}],"author":[{"embeddable":true,"href":"https:\/\/www.visit-ulcinj.com\/blog\/wp-json\/wp\/v2\/users\/1"}],"replies":[{"embeddable":true,"href":"https:\/\/www.visit-ulcinj.com\/blog\/wp-json\/wp\/v2\/comments?post=48734"}],"version-history":[{"count":3,"href":"https:\/\/www.visit-ulcinj.com\/blog\/wp-json\/wp\/v2\/posts\/48734\/revisions"}],"predecessor-version":[{"id":48738,"href":"https:\/\/www.visit-ulcinj.com\/blog\/wp-json\/wp\/v2\/posts\/48734\/revisions\/48738"}],"wp:attachment":[{"href":"https:\/\/www.visit-ulcinj.com\/blog\/wp-json\/wp\/v2\/media?parent=48734"}],"wp:term":[{"taxonomy":"category","embeddable":true,"href":"https:\/\/www.visit-ulcinj.com\/blog\/wp-json\/wp\/v2\/categories?post=48734"},{"taxonomy":"post_tag","embeddable":true,"href":"https:\/\/www.visit-ulcinj.com\/blog\/wp-json\/wp\/v2\/tags?post=48734"}],"curies":[{"name":"wp","href":"https:\/\/api.w.org\/{rel}","templated":true}]}}