{"id":48765,"date":"2011-07-11T17:00:16","date_gmt":"2011-07-11T16:00:16","guid":{"rendered":"http:\/\/www.visit-ulcinj.com\/blog\/?p=48765"},"modified":"2011-07-12T07:43:26","modified_gmt":"2011-07-12T06:43:26","slug":"bregdeti-me-konkurrent-dhe-i-preferuar-ne-rajon","status":"publish","type":"post","link":"https:\/\/www.visit-ulcinj.com\/blog\/2011\/07\/11\/bregdeti-me-konkurrent-dhe-i-preferuar-ne-rajon\/","title":{"rendered":"Bregdeti m\u00eb konkurrent dhe i preferuar n\u00eb rajon?"},"content":{"rendered":"<p><strong><a href=\"http:\/\/www.visit-ulcinj.com\/blog\/wp-content\/uploads\/2011\/07\/BEACH-OF-ULQINI_ULCINJ_MONTENEGRO.jpg\"><img loading=\"lazy\" class=\"alignleft size-full wp-image-48766\" title=\"BEACH OF ULQINI_ULCINJ_MONTENEGRO\" src=\"http:\/\/www.visit-ulcinj.com\/blog\/wp-content\/uploads\/2011\/07\/BEACH-OF-ULQINI_ULCINJ_MONTENEGRO.jpg\" alt=\"\" width=\"508\" height=\"380\" srcset=\"https:\/\/www.visit-ulcinj.com\/blog\/wp-content\/uploads\/2011\/07\/BEACH-OF-ULQINI_ULCINJ_MONTENEGRO.jpg 600w, https:\/\/www.visit-ulcinj.com\/blog\/wp-content\/uploads\/2011\/07\/BEACH-OF-ULQINI_ULCINJ_MONTENEGRO-300x225.jpg 300w\" sizes=\"(max-width: 508px) 100vw, 508px\" \/><\/a>Ulqinit i rikthehen turist\u00ebt e vjet\u00ebr (nd\u00ebrkomb\u00ebtar) <\/strong><\/p>\n<p>\u201cDerisa shum\u00eb turist\u00eb nga shtete t\u00eb ndryshme ishin m\u00eb par\u00eb n\u00eb Egjipt, Greqi, Tunizi e vende tjera, tashm\u00eb jan\u00eb orientuar n\u00eb Ulqin. K\u00ebtu po rikthehen turist\u00ebt e vjet\u00ebr q\u00eb dikur mbushnin bregdetin q\u00eb vazhdon t\u00eb jet\u00eb vendi m\u00eb konkurrent n\u00eb rajon me \u00e7mimet\u201d, tha kryetari i Komun\u00eb G\u00ebzim Hajdinaga.<\/p>\n<p><strong>Besim Toska<br \/>\n<\/strong><br \/>\nShum\u00eb qytetar\u00eb jo vet\u00ebm nga Kosova, por edhe nga Polonia, \u00c7ekia, Bosnja, Gjermania e vende tjera kan\u00eb nisur ta pushtojn\u00eb bregdetin e Ulqinit k\u00ebto dit\u00eb. Ulqini me plazhet dhe vlerat e saja t\u00eb vjetra historike e kulturore mesjetare, b\u00ebjn\u00eb p\u00ebr q\u00eb turist\u00ebt t\u00eb befasohen. Qyteti \u00ebsht\u00eb nj\u00eb g\u00ebrshetim i kulturave. Bregdetin e Ulqinit nuk mjafton vet\u00ebm ta shoh\u00ebsh, por edhe ta p\u00ebrjetosh. Komuna e Ulqinit dhe kompanit\u00eb p\u00ebrkat\u00ebse, kan\u00eb b\u00ebr\u00eb p\u00ebrgatitjet adekuate p\u00ebr pritjen e turist\u00ebve n\u00eb m\u00ebnyr\u00eb sa m\u00eb t\u00eb mir\u00eb, por pritjet do t\u00eb shihen. Automjetet, por edhe qytetar\u00eb nga Kosove prijn\u00eb p\u00ebr nga numri q\u00eb shihen n\u00eb Ulqin, p\u00ebr t\u00eb vazhduar m\u00eb ato t\u00eb shteteve t\u00eb rajonit. Edhe pse i pazbuluar nga shum\u00eb udh\u00ebtar\u00eb, vizitor\u00ebt e rregullt nuk arrijn\u00eb t\u00eb kuptojn\u00eb shnd\u00ebrrimin e Ulqinit. Shum\u00eb turist\u00eb shkojn\u00eb t\u00eb pushojn\u00eb, t\u00eb tjer\u00eb mundohen q\u00eb t\u00eb nd\u00ebrrojn\u00eb ngjyrat nga e bardha n\u00eb t\u00eb zez\u00eb.<\/p>\n<p><a href=\"http:\/\/www.visit-ulcinj.com\/blog\/wp-content\/uploads\/2011\/07\/Ulqini_Ulcinj-Beach_Montenegro_ADA-BOJANA.jpg\"><img loading=\"lazy\" class=\"alignleft size-full wp-image-48767\" title=\"Ulqini_Ulcinj Beach_Montenegro_ADA BOJANA\" src=\"http:\/\/www.visit-ulcinj.com\/blog\/wp-content\/uploads\/2011\/07\/Ulqini_Ulcinj-Beach_Montenegro_ADA-BOJANA.jpg\" alt=\"\" width=\"508\" height=\"355\" \/><\/a><br \/>\n<strong>Kasollet shnd\u00ebrrohen n\u00eb vende ekzotike <\/strong><br \/>\nMe t\u00eb zbardhur dita, turist\u00ebt kush m\u00eb her\u00ebt e kush m\u00eb von\u00eb, ia m\u00ebsyjn\u00eb plazhit t\u00eb Shtoit, q\u00eb nd\u00ebr turist\u00ebt quhet plazhi madh dhe tek plazhi Rana i qytetit q\u00eb quhet plazhi vog\u00ebl. Val\u00ebt e detit t\u00eb p\u00ebrkrahura nga era, l\u00ebviznin ujin drejt bregut, dukej sikur trazonin detin, derisa shum\u00eb turist\u00eb pushonin n\u00eb r\u00ebr\u00ebn p\u00ebrskaj plazhit t\u00eb Ran\u00ebs dhe Shtoit. Plazhi i vog\u00ebl, shum\u00eb popullor p\u00ebr vendasit, shtrihet brenda n\u00eb qytet dhe i cili frekuntohet e mbushet shpejt. Nd\u00ebrsa plazhi i madh \u00ebsht\u00eb disa minuta larg nga qyteti. Arrihet tek ura mbi Bun\u00eb, q\u00eb lidh Ad\u00ebn me Plazhin e Madh. P\u00ebrgjat\u00eb lumit ngrihen kasolle druri, me rrjeta peshkimi t\u00eb \u00e7uditshme q\u00eb e shnd\u00ebrrojn\u00eb \u201cmbi-lumin\u201d n\u00eb nj\u00eb vend ekzotik. Tashm\u00eb aty ka nisur nd\u00ebrtimi i ur\u00ebs s\u00eb re l\u00ebviz\u00ebse, e cila do t\u00eb ndikoj\u00a0 n\u00eb l\u00ebvizjen m\u00eb t\u00eb lir\u00eb t\u00eb turist\u00ebve.Plazhi i Madh, ka nj\u00eb gjat\u00ebsi prej 13 kilometrash, p\u00ebrgjat\u00eb lumit Buna nga 32.7 sa ka Ulqini. Kjo hap\u00ebsir\u00eb vazhdon deri tek plazhi i Ad\u00ebs, q\u00eb \u00ebsht\u00eb burimi m\u00eb i vlefsh\u00ebm i rivier\u00ebs s\u00eb Ulqinit dhe rripi m\u00eb i gjat\u00eb bregdetar n\u00eb Malin e Zi, p\u00ebr t\u00eb cilin krenohen ulqinak\u00ebt. \u00a0Ky lokacion ka mbi 26 mij\u00eb banor\u00eb, e q\u00eb gjat\u00eb sezon\u00ebs turistike dhjet\u00ebfishohet. Ulqini q\u00eb l\u00ebviz mes legjend\u00ebs dhe s\u00eb sotmes jan\u00eb gati p\u00ebr sezonin 2011. Tash qyteti dhe ulqinak\u00ebt jetojn\u00eb 24 or\u00eb n\u00eb 24. Qytet i historis\u00eb s\u00eb bujshme, \u00ebsht\u00eb pasuruar pas \u00e7do pushtimi pa humbur origjinalitetin e tij. N\u00eb k\u00ebt\u00eb qytetet t\u00eb vjet\u00ebr, i cili p\u00ebr shkak t\u00eb 365 kishave g\u00ebrmadh\u00eb t\u00eb koh\u00ebs Ilire, nga vendasit cil\u00ebsohej qytet kishtar, pushuesi takohet m\u00eb tradit\u00ebn dhe menyn\u00eb e vjet\u00ebr shqiptare. Nga ana tjet\u00ebr\u00a0 sivjet jan\u00eb shuar edhe hotelet t\u00eb rinj dhe kapacitetet e p\u00ebrvitsh\u00ebm shkon deri n\u00eb 40 mij\u00eb vende p\u00ebr bujtje. Po ashtu Ulqini ka llojllojshm\u00ebrin\u00eb edhe me hotele e restorante romantike, objekte kulturore t\u00eb ndryshueshme. Kultura tipike e k\u00ebsaj treve \u00ebsht\u00eb ulliri apo \u201cdruri i dashuris\u00eb\u201d. N\u00eb periferi t\u00eb tij gjendet ullishta m\u00eb e madhe n\u00eb vend, me drur\u00eb qindravje\u00e7ar\u00eb. Kurora e tij me 80 mij\u00eb rr\u00ebnj\u00eb i ndihmon ulqinak\u00ebt n\u00eb t\u00eb ardhurat dyt\u00ebsore. Nga ana tjet\u00ebr specialitetet e\u00a0 kuzhin\u00ebs s\u00eb Ulqinit jan\u00eb t\u00eb pasura, peshku p\u00ebrgatitet n\u00eb shum\u00eb m\u00ebnyra, prodhimet e detit gjithashtu, njihet \u201cTava e Ulqinit\u201d, bamjet, ushqimi m\u00eb i vjet\u00ebr i k\u00ebsaj treve, tespixhat, nj\u00eb \u00ebmb\u00eblsir\u00eb e ngjashme me bakllavan\u00eb dhe \u201cLule Shege\u201d, nj\u00eb tjet\u00ebr specialitet autokton.<br \/>\n<a href=\"http:\/\/www.visit-ulcinj.com\/blog\/wp-content\/uploads\/2011\/07\/MSM-BEACH-ULQINI_ULCINJ_MONTENEGRO.jpg\"><img loading=\"lazy\" class=\"alignleft size-large wp-image-48768\" title=\"GE DIGITAL CAMERA\" src=\"http:\/\/www.visit-ulcinj.com\/blog\/wp-content\/uploads\/2011\/07\/MSM-BEACH-ULQINI_ULCINJ_MONTENEGRO-1024x768.jpg\" alt=\"\" width=\"508\" height=\"340\" \/><\/a><\/p>\n<p><strong>Turist\u00ebt e vjet\u00ebr mbushin Ulqinin<\/strong><\/p>\n<p>G\u00ebzim Hajdinaga, kryetar i Komun\u00ebs s\u00eb Ulqinit, tha se trash\u00ebgimia e pritjes nga ulqinak\u00ebt vazhdon t\u00eb mbetet e madhe edhe k\u00ebt\u00eb vit p\u00ebr turist\u00ebt. Numri i turist\u00ebve n\u00eb k\u00ebto dit\u00eb q\u00eb jan\u00eb n\u00eb bregdetin e Ulqinit, tregon se sivjet do t\u00eb jet\u00eb sezona m\u00eb e suksesshme turistike jo vet\u00ebm p\u00ebr Ulqinin,por p\u00ebr t\u00ebr\u00eb Malin e Zi. \u201cP\u00ebr fat t\u00eb keq t\u00eb t\u00eb tjer\u00ebve q\u00eb nuk i g\u00ebzohem, sepse atje ka probleme stabiliteti dhe sigurie dhe p\u00ebr fatin e mir\u00eb t\u00eb Malit t\u00eb Zi ka sh\u00ebnuar rritje t\u00eb turist\u00ebve\u201d, tha G\u00ebzim Hajdinaga. Sipas tij derisa shum\u00eb turist\u00eb nga shtete t\u00eb ndryshme ishin m\u00eb par\u00eb n\u00eb Egjipt, Greqi dhe Tunizi, tash jan\u00eb orientuar n\u00eb Mal\u00eb t\u00eb Zi konkretisht n\u00eb Ulqin. Sipas t\u00eb dh\u00ebnave t\u00eb ndryshme Ulqini vazhdon t\u00eb jet\u00eb vendi m\u00eb konkurrent n\u00eb rajon me \u00e7mimet. K\u00ebtu jan\u00eb n\u00eb shfryt\u00ebzim plazhe t\u00eb begatshme, objekte hoteliere dhe ato private. Po ashtu k\u00ebtu gjat\u00eb ver\u00ebs kumbon qyteti nga jeta kulturore e nat\u00ebs dhe aktivitete e shumta rinore dhe familjare. Sa ka pare aq muzik\u00eb\u2026. \u201cUlqini \u00ebsht\u00eb vendi m\u00eb i sigurt dhe m\u00eb stabil p\u00ebr nga siguria dit\u00eb e nat\u00eb\u00a0 dhe t\u00eb gjitha k\u00ebto e b\u00ebjn\u00eb k\u00ebt\u00eb qytet adres\u00ebn m\u00eb t\u00eb preferuar edhe m\u00eb madh\u00ebshtor. Vitet e fundit ka pasur sinjale t\u00eb mira p\u00ebr rritjen e numrit t\u00eb turist\u00ebve t\u00eb huaj dhe sivjet ky num\u00ebr sapo vjen e po rritet edhe m\u00eb shum\u00eb\u201d, tha kryetari i Ulqinit. Sipas tij k\u00ebto dit\u00eb ka shum\u00eb turist\u00eb nga Gjermani, Qekia, Polonia, Hungaria, Bosnja dhe vendet tjera dhe kjo v\u00ebrteton faktin se n\u00eb Ulqin po rikthehen turist\u00ebt e vjet\u00ebr q\u00eb dikur mbushnin Ulqinin. Pas kosovar\u00ebve num\u00ebr m\u00eb i madh i turist\u00ebve kan\u00eb qen\u00eb nga Bosnja. Numrin m\u00eb t\u00eb madh edhe sivjet do ta prij Kosova, do ta mbaj bajrakun. Ulqinak\u00ebt nuk kan\u00eb d\u00ebshtuar. Krahasuar me vitin e kaluar ka 35 p\u00ebr qind m\u00eb shum\u00eb makina dhe mbi 40 p\u00ebr qind. \u201cSi \u00e7doher\u00eb Kosova vazhdon ti prij list\u00ebs me numrin m\u00eb t\u00eb madh t\u00eb turist\u00ebve dhe\u00a0 n\u00eb k\u00ebt\u00eb sezon\u00eb shpresojm\u00eb se do ti prijn\u00eb list\u00ebs\u201d, tha kryetari i Komun\u00ebs s\u00eb Ulqinit G\u00ebzim Hajdinaga. Ai tregon se \u00ebsht\u00eb duke u nd\u00ebrtuar ura kapitale\u00a0e cila do t\u00eb jet\u00eb e l\u00ebvizshme tek plazhi i madh dhe e cila pritet t\u00eb kryhet vitin q\u00eb vjen. Nd\u00ebrsa p\u00ebr privatizimin tha se kjo ka l\u00ebn\u00eb pas dore Ulqinin. Ka disa vite q\u00eb nuk \u00ebsht\u00eb investuar. Num\u00ebr i madh i investitor\u00ebve \u00ebsht\u00eb larguar nga gjith\u00eb rajoni p\u00ebr shkak t\u00eb kriz\u00ebs. \u00a0Ai tregoi se jan\u00eb b\u00ebr\u00eb investime koh\u00ebve t\u00eb fundit n\u00eb rrug\u00eb, ndri\u00e7im, gjelb\u00ebrim dhe infrastruktur\u00ebn p\u00ebrcjell\u00ebse. Nuk do t\u00eb ket\u00eb problem e furnizimin me uj\u00eb, rrym\u00eb elektrike. Do t\u00eb kemi furnizim permanent.<\/p>\n<p><strong><a href=\"http:\/\/www.visit-ulcinj.com\/blog\/wp-content\/uploads\/2011\/07\/Ali-Rexha-_-Drejtor_Organizata-turistike-e-Ulqinit.1.jpg\"><img loading=\"lazy\" class=\"alignleft size-full wp-image-48769\" title=\"Ali-Rexha-_-Drejtor_Organizata-turistike-e-Ulqinit.1\" src=\"http:\/\/www.visit-ulcinj.com\/blog\/wp-content\/uploads\/2011\/07\/Ali-Rexha-_-Drejtor_Organizata-turistike-e-Ulqinit.1.jpg\" alt=\"\" width=\"321\" height=\"369\" srcset=\"https:\/\/www.visit-ulcinj.com\/blog\/wp-content\/uploads\/2011\/07\/Ali-Rexha-_-Drejtor_Organizata-turistike-e-Ulqinit.1.jpg 321w, https:\/\/www.visit-ulcinj.com\/blog\/wp-content\/uploads\/2011\/07\/Ali-Rexha-_-Drejtor_Organizata-turistike-e-Ulqinit.1-260x300.jpg 260w\" sizes=\"(max-width: 321px) 100vw, 321px\" \/><\/a>Destinacioni m\u00eb i lire!<\/strong><\/p>\n<p>Nga ana tjet\u00ebr Ali Rexha, drejtor i Organizat\u00ebs s\u00eb Ulqinit, tha se \u00e7do vit\u00a0ka p\u00ebrmir\u00ebsime\u00a0dhe k\u00ebtu valojn\u00eb shtat\u00eb flamuj q\u00eb tregojn\u00eb kualitetin e lart\u00eb t\u00eb plazheve.\u00a0Sivjet kemi nj\u00eb ofert\u00eb m\u00eb t\u00eb mir\u00eb se n\u00eb t\u00eb kaluar\u00ebn ku sivjet jan\u00eb hapur kat\u00ebr hotele apo gjithsej jan\u00eb 23 hotele. K\u00ebto hotele jan\u00eb me tre e kat\u00ebr yje. Sa i p\u00ebrket akomodimeve private punohet zellsh\u00ebm n\u00eb k\u00ebt\u00eb drejtim dhe ato po ngrit\u00ebn nga viti n\u00eb vit. \u201cT\u00eb\u00a0 gjith\u00eb jan\u00eb angazhuar p\u00ebr nj\u00eb p\u00ebrgatitje m\u00eb t\u00eb mire. K\u00ebt\u00eb m\u00ebngjes dita \u00ebsht\u00eb e mir\u00eb. Vitin e kaluar Ulqini\u00a0ka arritur t\u00eb mbaj tregun e Kosov\u00ebs dhe ka b\u00ebr\u00eb hapa konkrete\u00a0ku jan\u00eb kthyer turist\u00eb nga vende t\u00eb ndryshme \u00e7ek, polak, rus boshnjak e gjerman\u201d, tha Ali Rexha. \u00a0Sipas tij n\u00eb Mal t\u00eb Zi, nuk ekzistojn\u00eb t\u00eb dh\u00ebnat p\u00ebr shkak t\u00eb mos ekzistimit t\u00eb data baz\u00ebs. Gjat\u00eb vitit t\u00eb kaluar ishin 800 mij\u00eb bujtje apo mbi 100 mij\u00eb turist\u00eb t\u00eb regjistruar, inkurajojm\u00eb t\u00eb gjith\u00eb turist\u00ebt q\u00eb t\u00eb lajm\u00ebrohen. Organizata Turistike e Ulqinit, ka b\u00ebr\u00eb promocion n\u00eb shum\u00eb vende t\u00eb bot\u00ebrore, n\u00eb t\u00eb gjitha destinacionet e njohura. Ulqini destinacioni m\u00eb i lir\u00eb n\u00eb tregun e Malit t\u00eb Zi. Nga ana tjet\u00ebr edhe pronar\u00ebt e hoteleve, restoranteve dhe objekteve individuale thon\u00eb se jan\u00eb t\u00eb p\u00ebrgatitur t\u00eb presin turist\u00ebt n\u00eb m\u00ebnyr\u00eb miradie. Ata thon\u00eb se \u00e7mimet\u00a0jan\u00eb m\u00eb t\u00eb lirat n\u00eb rajon duke b\u00ebr\u00eb krahasime edhe me ato n\u00eb Kosov\u00eb konrektisht n\u00eb Prishtin\u00eb. Edhe turist\u00ebt nga Kosova q\u00eb ishin n\u00eb num\u00ebr t\u00eb madh n\u00eb Ulqin, jan\u00eb t\u00eb k\u00ebnaqur me\u00e7mimet q\u00eb sipas tyre jan\u00eb t\u00eb nj\u00ebjta sikur n\u00eb Kosov\u00eb. Ata tregojn\u00eb se vizitojn\u00eb k\u00ebto plazhe tash disa vjet dhe nuk nd\u00ebrrojn\u00eb me asnj\u00eb plazh tjet\u00ebr.<\/p>\n<p><strong>Besim Toska<\/strong><\/p>\n<p>[flv width=&#8221;508&#8243; height=&#8221;360&#8243;]http:\/\/cdn9.fliqz.com\/bca2a1bd98324f429cf68c31ef3b2269.flv[\/flv]<br \/>\n<span style=\"color: #ffffff;\">Ulcinj,Ulqin,Ulqini,Ulkinon,Dulcigno,\u0423\u043b\u0446\u0438\u045a,Dulcinea,Montenegro,Crna Gora,Mali i Zi,<\/span><\/p>\n","protected":false},"excerpt":{"rendered":"<p>Ulqinit i rikthehen turist\u00ebt e vjet\u00ebr (nd\u00ebrkomb\u00ebtar) \u201cDerisa shum\u00eb turist\u00eb nga shtete t\u00eb ndryshme ishin m\u00eb par\u00eb n\u00eb Egjipt, Greqi, Tunizi e vende tjera, tashm\u00eb jan\u00eb orientuar n\u00eb Ulqin. K\u00ebtu po rikthehen turist\u00ebt e vjet\u00ebr q\u00eb dikur mbushnin bregdetin q\u00eb vazhdon t\u00eb jet\u00eb vendi m\u00eb konkurrent n\u00eb rajon me \u00e7mimet\u201d, tha kryetari i Komun\u00eb G\u00ebzim [&hellip;]<\/p>\n","protected":false},"author":1,"featured_media":0,"comment_status":"open","ping_status":"closed","sticky":false,"template":"","format":"standard","meta":{"spay_email":"","jetpack_publicize_message":"","jetpack_is_tweetstorm":false,"jetpack_publicize_feature_enabled":true},"categories":[10],"tags":[17551,14833,14834,14840,14839,14849,14843,17556,17557,17558,14845,14854,14851,14841,11813,3901,3642,13243,14850,14838,3637,17553,17555,14888,8870,7672,7666,14887,7667,18504,7671,7665,22016,12035,3946,14835,18568,17554,19,17078,200,18],"jetpack_publicize_connections":[],"yoast_head":"<!-- This site is optimized with the Yoast SEO plugin v19.1 - https:\/\/yoast.com\/wordpress\/plugins\/seo\/ -->\n<title>Bregdeti m\u00eb konkurrent dhe i preferuar n\u00eb rajon? - Lajme nga Ulqini<\/title>\n<meta name=\"description\" content=\"Ulqinit i rikthehen turist\u00ebt e vjet\u00ebr (nd\u00ebrkomb\u00ebtar) \u201cDerisa shum\u00eb turist\u00eb nga shtete t\u00eb ndryshme ishin m\u00eb par\u00eb n\u00eb Egjipt, Greqi, Tunizi e vende tjera,\" \/>\n<meta name=\"robots\" content=\"index, follow, max-snippet:-1, max-image-preview:large, max-video-preview:-1\" \/>\n<link rel=\"canonical\" href=\"https:\/\/www.visit-ulcinj.com\/blog\/2011\/07\/11\/bregdeti-me-konkurrent-dhe-i-preferuar-ne-rajon\/\" \/>\n<meta property=\"og:locale\" content=\"en_US\" \/>\n<meta property=\"og:type\" content=\"article\" \/>\n<meta property=\"og:title\" content=\"Bregdeti m\u00eb konkurrent dhe i preferuar n\u00eb rajon? - Lajme nga Ulqini\" \/>\n<meta property=\"og:description\" content=\"Ulqinit i rikthehen turist\u00ebt e vjet\u00ebr (nd\u00ebrkomb\u00ebtar) \u201cDerisa shum\u00eb turist\u00eb nga shtete t\u00eb ndryshme ishin m\u00eb par\u00eb n\u00eb Egjipt, Greqi, Tunizi e vende tjera,\" \/>\n<meta property=\"og:url\" content=\"https:\/\/www.visit-ulcinj.com\/blog\/2011\/07\/11\/bregdeti-me-konkurrent-dhe-i-preferuar-ne-rajon\/\" \/>\n<meta property=\"og:site_name\" content=\"Lajme nga Ulqini\" \/>\n<meta property=\"article:published_time\" content=\"2011-07-11T16:00:16+00:00\" \/>\n<meta property=\"article:modified_time\" content=\"2011-07-12T06:43:26+00:00\" \/>\n<meta property=\"og:image\" content=\"http:\/\/www.visit-ulcinj.com\/blog\/wp-content\/uploads\/2011\/07\/BEACH-OF-ULQINI_ULCINJ_MONTENEGRO.jpg\" \/>\n<meta name=\"twitter:label1\" content=\"Written by\" \/>\n\t<meta name=\"twitter:data1\" content=\"ulqini\" \/>\n\t<meta name=\"twitter:label2\" content=\"Est. reading time\" \/>\n\t<meta name=\"twitter:data2\" content=\"8 minutes\" \/>\n<script type=\"application\/ld+json\" class=\"yoast-schema-graph\">{\"@context\":\"https:\/\/schema.org\",\"@graph\":[{\"@type\":\"WebSite\",\"@id\":\"https:\/\/www.visit-ulcinj.com\/blog\/#website\",\"url\":\"https:\/\/www.visit-ulcinj.com\/blog\/\",\"name\":\"Lajme nga Ulqini\",\"description\":\"Lajme,Vijesti,Ulqini,Ulqin,Crna Gora,Mali i Zi\",\"potentialAction\":[{\"@type\":\"SearchAction\",\"target\":{\"@type\":\"EntryPoint\",\"urlTemplate\":\"https:\/\/www.visit-ulcinj.com\/blog\/?s={search_term_string}\"},\"query-input\":\"required name=search_term_string\"}],\"inLanguage\":\"en-US\"},{\"@type\":\"ImageObject\",\"inLanguage\":\"en-US\",\"@id\":\"https:\/\/www.visit-ulcinj.com\/blog\/2011\/07\/11\/bregdeti-me-konkurrent-dhe-i-preferuar-ne-rajon\/#primaryimage\",\"url\":\"https:\/\/www.visit-ulcinj.com\/blog\/wp-content\/uploads\/2011\/07\/BEACH-OF-ULQINI_ULCINJ_MONTENEGRO.jpg\",\"contentUrl\":\"https:\/\/www.visit-ulcinj.com\/blog\/wp-content\/uploads\/2011\/07\/BEACH-OF-ULQINI_ULCINJ_MONTENEGRO.jpg\",\"width\":\"600\",\"height\":\"450\"},{\"@type\":\"WebPage\",\"@id\":\"https:\/\/www.visit-ulcinj.com\/blog\/2011\/07\/11\/bregdeti-me-konkurrent-dhe-i-preferuar-ne-rajon\/#webpage\",\"url\":\"https:\/\/www.visit-ulcinj.com\/blog\/2011\/07\/11\/bregdeti-me-konkurrent-dhe-i-preferuar-ne-rajon\/\",\"name\":\"Bregdeti m\u00eb konkurrent dhe i preferuar n\u00eb rajon? - Lajme nga Ulqini\",\"isPartOf\":{\"@id\":\"https:\/\/www.visit-ulcinj.com\/blog\/#website\"},\"primaryImageOfPage\":{\"@id\":\"https:\/\/www.visit-ulcinj.com\/blog\/2011\/07\/11\/bregdeti-me-konkurrent-dhe-i-preferuar-ne-rajon\/#primaryimage\"},\"datePublished\":\"2011-07-11T16:00:16+00:00\",\"dateModified\":\"2011-07-12T06:43:26+00:00\",\"author\":{\"@id\":\"https:\/\/www.visit-ulcinj.com\/blog\/#\/schema\/person\/dcab619c614d3038751c63bc2aadc06d\"},\"description\":\"Ulqinit i rikthehen turist\u00ebt e vjet\u00ebr (nd\u00ebrkomb\u00ebtar) \u201cDerisa shum\u00eb turist\u00eb nga shtete t\u00eb ndryshme ishin m\u00eb par\u00eb n\u00eb Egjipt, Greqi, Tunizi e vende tjera,\",\"breadcrumb\":{\"@id\":\"https:\/\/www.visit-ulcinj.com\/blog\/2011\/07\/11\/bregdeti-me-konkurrent-dhe-i-preferuar-ne-rajon\/#breadcrumb\"},\"inLanguage\":\"en-US\",\"potentialAction\":[{\"@type\":\"ReadAction\",\"target\":[\"https:\/\/www.visit-ulcinj.com\/blog\/2011\/07\/11\/bregdeti-me-konkurrent-dhe-i-preferuar-ne-rajon\/\"]}]},{\"@type\":\"BreadcrumbList\",\"@id\":\"https:\/\/www.visit-ulcinj.com\/blog\/2011\/07\/11\/bregdeti-me-konkurrent-dhe-i-preferuar-ne-rajon\/#breadcrumb\",\"itemListElement\":[{\"@type\":\"ListItem\",\"position\":1,\"name\":\"Bregdeti m\u00eb konkurrent dhe i preferuar n\u00eb rajon?\"}]},{\"@type\":\"Person\",\"@id\":\"https:\/\/www.visit-ulcinj.com\/blog\/#\/schema\/person\/dcab619c614d3038751c63bc2aadc06d\",\"name\":\"ulqini\",\"sameAs\":[\"http:\/\/www.visit-ulcinj.com\"],\"url\":\"https:\/\/www.visit-ulcinj.com\/blog\/author\/admin\/\"}]}<\/script>\n<!-- \/ Yoast SEO plugin. -->","yoast_head_json":{"title":"Bregdeti m\u00eb konkurrent dhe i preferuar n\u00eb rajon? - Lajme nga Ulqini","description":"Ulqinit i rikthehen turist\u00ebt e vjet\u00ebr (nd\u00ebrkomb\u00ebtar) \u201cDerisa shum\u00eb turist\u00eb nga shtete t\u00eb ndryshme ishin m\u00eb par\u00eb n\u00eb Egjipt, Greqi, Tunizi e vende tjera,","robots":{"index":"index","follow":"follow","max-snippet":"max-snippet:-1","max-image-preview":"max-image-preview:large","max-video-preview":"max-video-preview:-1"},"canonical":"https:\/\/www.visit-ulcinj.com\/blog\/2011\/07\/11\/bregdeti-me-konkurrent-dhe-i-preferuar-ne-rajon\/","og_locale":"en_US","og_type":"article","og_title":"Bregdeti m\u00eb konkurrent dhe i preferuar n\u00eb rajon? - Lajme nga Ulqini","og_description":"Ulqinit i rikthehen turist\u00ebt e vjet\u00ebr (nd\u00ebrkomb\u00ebtar) \u201cDerisa shum\u00eb turist\u00eb nga shtete t\u00eb ndryshme ishin m\u00eb par\u00eb n\u00eb Egjipt, Greqi, Tunizi e vende tjera,","og_url":"https:\/\/www.visit-ulcinj.com\/blog\/2011\/07\/11\/bregdeti-me-konkurrent-dhe-i-preferuar-ne-rajon\/","og_site_name":"Lajme nga Ulqini","article_published_time":"2011-07-11T16:00:16+00:00","article_modified_time":"2011-07-12T06:43:26+00:00","og_image":[{"url":"http:\/\/www.visit-ulcinj.com\/blog\/wp-content\/uploads\/2011\/07\/BEACH-OF-ULQINI_ULCINJ_MONTENEGRO.jpg"}],"twitter_misc":{"Written by":"ulqini","Est. reading time":"8 minutes"},"schema":{"@context":"https:\/\/schema.org","@graph":[{"@type":"WebSite","@id":"https:\/\/www.visit-ulcinj.com\/blog\/#website","url":"https:\/\/www.visit-ulcinj.com\/blog\/","name":"Lajme nga Ulqini","description":"Lajme,Vijesti,Ulqini,Ulqin,Crna Gora,Mali i Zi","potentialAction":[{"@type":"SearchAction","target":{"@type":"EntryPoint","urlTemplate":"https:\/\/www.visit-ulcinj.com\/blog\/?s={search_term_string}"},"query-input":"required name=search_term_string"}],"inLanguage":"en-US"},{"@type":"ImageObject","inLanguage":"en-US","@id":"https:\/\/www.visit-ulcinj.com\/blog\/2011\/07\/11\/bregdeti-me-konkurrent-dhe-i-preferuar-ne-rajon\/#primaryimage","url":"https:\/\/www.visit-ulcinj.com\/blog\/wp-content\/uploads\/2011\/07\/BEACH-OF-ULQINI_ULCINJ_MONTENEGRO.jpg","contentUrl":"https:\/\/www.visit-ulcinj.com\/blog\/wp-content\/uploads\/2011\/07\/BEACH-OF-ULQINI_ULCINJ_MONTENEGRO.jpg","width":"600","height":"450"},{"@type":"WebPage","@id":"https:\/\/www.visit-ulcinj.com\/blog\/2011\/07\/11\/bregdeti-me-konkurrent-dhe-i-preferuar-ne-rajon\/#webpage","url":"https:\/\/www.visit-ulcinj.com\/blog\/2011\/07\/11\/bregdeti-me-konkurrent-dhe-i-preferuar-ne-rajon\/","name":"Bregdeti m\u00eb konkurrent dhe i preferuar n\u00eb rajon? - Lajme nga Ulqini","isPartOf":{"@id":"https:\/\/www.visit-ulcinj.com\/blog\/#website"},"primaryImageOfPage":{"@id":"https:\/\/www.visit-ulcinj.com\/blog\/2011\/07\/11\/bregdeti-me-konkurrent-dhe-i-preferuar-ne-rajon\/#primaryimage"},"datePublished":"2011-07-11T16:00:16+00:00","dateModified":"2011-07-12T06:43:26+00:00","author":{"@id":"https:\/\/www.visit-ulcinj.com\/blog\/#\/schema\/person\/dcab619c614d3038751c63bc2aadc06d"},"description":"Ulqinit i rikthehen turist\u00ebt e vjet\u00ebr (nd\u00ebrkomb\u00ebtar) \u201cDerisa shum\u00eb turist\u00eb nga shtete t\u00eb ndryshme ishin m\u00eb par\u00eb n\u00eb Egjipt, Greqi, Tunizi e vende tjera,","breadcrumb":{"@id":"https:\/\/www.visit-ulcinj.com\/blog\/2011\/07\/11\/bregdeti-me-konkurrent-dhe-i-preferuar-ne-rajon\/#breadcrumb"},"inLanguage":"en-US","potentialAction":[{"@type":"ReadAction","target":["https:\/\/www.visit-ulcinj.com\/blog\/2011\/07\/11\/bregdeti-me-konkurrent-dhe-i-preferuar-ne-rajon\/"]}]},{"@type":"BreadcrumbList","@id":"https:\/\/www.visit-ulcinj.com\/blog\/2011\/07\/11\/bregdeti-me-konkurrent-dhe-i-preferuar-ne-rajon\/#breadcrumb","itemListElement":[{"@type":"ListItem","position":1,"name":"Bregdeti m\u00eb konkurrent dhe i preferuar n\u00eb rajon?"}]},{"@type":"Person","@id":"https:\/\/www.visit-ulcinj.com\/blog\/#\/schema\/person\/dcab619c614d3038751c63bc2aadc06d","name":"ulqini","sameAs":["http:\/\/www.visit-ulcinj.com"],"url":"https:\/\/www.visit-ulcinj.com\/blog\/author\/admin\/"}]}},"jetpack_featured_media_url":"","jetpack_sharing_enabled":true,"jetpack_shortlink":"https:\/\/wp.me\/pe6lTn-cGx","_links":{"self":[{"href":"https:\/\/www.visit-ulcinj.com\/blog\/wp-json\/wp\/v2\/posts\/48765"}],"collection":[{"href":"https:\/\/www.visit-ulcinj.com\/blog\/wp-json\/wp\/v2\/posts"}],"about":[{"href":"https:\/\/www.visit-ulcinj.com\/blog\/wp-json\/wp\/v2\/types\/post"}],"author":[{"embeddable":true,"href":"https:\/\/www.visit-ulcinj.com\/blog\/wp-json\/wp\/v2\/users\/1"}],"replies":[{"embeddable":true,"href":"https:\/\/www.visit-ulcinj.com\/blog\/wp-json\/wp\/v2\/comments?post=48765"}],"version-history":[{"count":4,"href":"https:\/\/www.visit-ulcinj.com\/blog\/wp-json\/wp\/v2\/posts\/48765\/revisions"}],"predecessor-version":[{"id":48771,"href":"https:\/\/www.visit-ulcinj.com\/blog\/wp-json\/wp\/v2\/posts\/48765\/revisions\/48771"}],"wp:attachment":[{"href":"https:\/\/www.visit-ulcinj.com\/blog\/wp-json\/wp\/v2\/media?parent=48765"}],"wp:term":[{"taxonomy":"category","embeddable":true,"href":"https:\/\/www.visit-ulcinj.com\/blog\/wp-json\/wp\/v2\/categories?post=48765"},{"taxonomy":"post_tag","embeddable":true,"href":"https:\/\/www.visit-ulcinj.com\/blog\/wp-json\/wp\/v2\/tags?post=48765"}],"curies":[{"name":"wp","href":"https:\/\/api.w.org\/{rel}","templated":true}]}}