{"id":48780,"date":"2011-07-11T20:50:58","date_gmt":"2011-07-11T19:50:58","guid":{"rendered":"http:\/\/www.visit-ulcinj.com\/blog\/?p=48780"},"modified":"2011-07-11T20:50:58","modified_gmt":"2011-07-11T19:50:58","slug":"kriporja-e-ulqinit-ne-prag-te-falimentimit","status":"publish","type":"post","link":"https:\/\/www.visit-ulcinj.com\/blog\/2011\/07\/11\/kriporja-e-ulqinit-ne-prag-te-falimentimit\/","title":{"rendered":"Kriporja e Ulqinit, n\u00eb prag t\u00eb falimentimit"},"content":{"rendered":"<p><a href=\"http:\/\/www.visit-ulcinj.com\/blog\/wp-content\/uploads\/2011\/07\/Kriporja-e-Ulqinit.1.jpg\"><img loading=\"lazy\" class=\"alignleft size-full wp-image-48781\" title=\"Kriporja e Ulqinit.1\" src=\"http:\/\/www.visit-ulcinj.com\/blog\/wp-content\/uploads\/2011\/07\/Kriporja-e-Ulqinit.1.jpg\" alt=\"\" width=\"508\" height=\"321\" srcset=\"https:\/\/www.visit-ulcinj.com\/blog\/wp-content\/uploads\/2011\/07\/Kriporja-e-Ulqinit.1.jpg 508w, https:\/\/www.visit-ulcinj.com\/blog\/wp-content\/uploads\/2011\/07\/Kriporja-e-Ulqinit.1-300x189.jpg 300w\" sizes=\"(max-width: 508px) 100vw, 508px\" \/><\/a>Burime t\u00eb af\u00ebrta me menanxhmentin e nj\u00ebr\u00ebs prej fabrikave dikur me nam t\u00eb Malit t\u00eb Zi dhe m\u00eb gjer\u00eb, kan\u00eb konfirmuar se kripores do t\u2019i vihet dryni, ngase \u201caksionari kryesor nuk ka interes p\u00ebr prodhim\u201d. Rreth 70 t\u00eb pun\u00ebsuar s\u2019kan\u00eb marr\u00eb pag\u00eb, nd\u00ebrsa grumbullimi ende s\u2019ka nisur<\/p>\n<p>Ulqin, 11 korrik &#8211; Tet\u00eb dekada pas pun\u00ebs t\u00eb suksesshme, e cila me prodhime ka marr\u00eb mir\u00ebnjohje t\u00eb shumta nd\u00ebrkomb\u00ebtare, kriporja e Ulqinit \u201cBajo Sekuliq\u201d \u00ebsht\u00eb n\u00eb prag t\u00eb falimentimit. Burime t\u00eb af\u00ebrta me menanxhmentin e nj\u00ebr\u00ebs prej organizatave dikur m\u00eb me nam t\u00eb Malit t\u00eb Zi dhe m\u00eb gjer\u00eb, kan\u00eb konfirmuar p\u00ebr t\u00eb p\u00ebrditshmen malaziase \u201cVijesti\u201d se kripores do t\u2019i vihet dryni, ngase \u201caksionari kryesor nuk ka interes p\u00ebr prodhim\u201d. Xhirollogaria e fabrik\u00ebs ka koh\u00eb q\u00eb \u00ebsht\u00eb bllokuar. Sipas burimeve t\u00eb gazet\u00ebs afati i ri q\u00eb strukturat i kan\u00eb dh\u00ebn\u00eb aksionarit kryesor &#8211; i cili ka pranuar t\u00eb paguaj\u00eb 100 mij\u00eb euro p\u00ebr p\u00ebrgatitjet e grumbullimit t\u00eb krip\u00ebs &#8211; ka kaluar n\u00eb fund t\u00eb jav\u00ebs s\u00eb kaluar.<br \/>\n<a href=\"http:\/\/www.visit-ulcinj.com\/blog\/wp-content\/uploads\/2011\/07\/Kriporja-e-Ulqinit.jpg\"><img loading=\"lazy\" class=\"alignleft size-full wp-image-48782\" title=\"Kriporja e Ulqinit\" src=\"http:\/\/www.visit-ulcinj.com\/blog\/wp-content\/uploads\/2011\/07\/Kriporja-e-Ulqinit.jpg\" alt=\"\" width=\"508\" height=\"340\" \/><\/a><br \/>\nRreth 70 t\u00eb pun\u00ebsuar s\u2019kan\u00eb marr\u00eb pag\u00eb, gjegj\u00ebsisht akontacion, tash pes\u00eb muaj, p\u00ebrderisa stazhi nuk u ka ecur tash dy vjet.<\/p>\n<p>\u201cN\u00ebse aksionari i shumic\u00ebs deri n\u00eb fillim t\u00eb k\u00ebsaj jave nuk i paguan 100 mij\u00eb euro p\u00ebr grumbullim, dryni \u00ebsht\u00eb e vetmja zgjidhje\u201d, ka th\u00ebn\u00eb nj\u00eb burim i \u201cVijestit\u201d.<\/p>\n<p>\u201cTransportuesi vet\u00ebl\u00ebviz\u00ebs, pa t\u00eb cilin \u00ebsht\u00eb e pamundur t\u00eb nis\u00eb grumbullimi, duhet t\u2019i n\u00ebnshtrohet nj\u00eb remonti emergjent. Dhe ai \u00ebsht\u00eb funksionit.\u2026Xhirollogaria ka koh\u00eb q\u00eb \u00ebsht\u00eb bllokuar\u2026N\u00eb hangarin e shkat\u00ebrruar i cili s\u2019e ka gjysm\u00ebn e kulmit, nuk ka asnj\u00eb gram krip\u00eb\u201d , ka th\u00ebn\u00eb ky burim.<\/p>\n<p>N\u00eb Kripore nuk kan\u00eb pranuar t\u00eb flasin p\u00ebr k\u00ebt\u00eb \u00e7\u00ebshtje, por as nuk kan\u00eb mohuar lajmin se fabrika ka gjas\u00eb t\u00eb mbyllet.<\/p>\n<p>Drejtori ekzekutiv i Kripores s\u00eb Ulqinit, Dragisha Rosandiq, ka th\u00ebn\u00eb se stafi i tij prej nj\u00eb majit ka b\u00ebr\u00eb \u00e7do gj\u00eb q\u00eb Kriporja t\u00eb rrij\u00eb n\u00eb k\u00ebmb\u00eb. Ai ka th\u00ebn\u00eb se e ka b\u00ebr\u00eb planin e grumbullimit, i cili \u00ebsht\u00eb miratuar dhe p\u00ebr t\u00eb cilin duhen 100 mij\u00eb euro p\u00ebr mbulimin e shpenzimeve.<\/p>\n<p>\u201cN\u00ebse ka para, presim q\u00eb t\u00eb grumbullojm\u00eb prej 10 deri n\u00eb 12 ton\u00eb krip\u00eb. Megjithat\u00eb \u00e7do dit\u00eb vones\u00eb n\u00eb ndarjen e k\u00ebtij buxheti, i nxjerr telashe kripores, por edhe t\u00eb hyrave\u201d, ka th\u00ebn\u00eb Rosandiq. Ai nuk ka pranuar ta komentoj\u00eb mund\u00ebsin\u00eb e mbylljes s\u00eb fabrik\u00ebs. \u201cDo t\u00eb merret vesh\u201d, ka th\u00ebn\u00eb shkurt ai.<\/p>\n<p>As administratori n\u00eb largim, Milorad Ikoviq, nuk ka pranuar t\u00eb flas\u00eb n\u00eb k\u00ebt\u00eb tem\u00eb. \u201cNuk do t\u00eb flisja p\u00ebr k\u00ebt\u00eb\u201d, ka th\u00ebn\u00eb ai.<\/p>\n<p>Kriporja kaher\u00eb po p\u00ebrballet me probleme, m\u00eb t\u00eb m\u00ebdhat\u00eb n\u00eb historin\u00eb e saj 77-vje\u00e7are. Ato jan\u00eb thelluar para disa muajsh kur brenda nat\u00ebs iu shkat\u00ebrruan dhe vodh\u00ebn pompat n\u00eb Gjerana n\u00eb munges\u00eb t\u00eb t\u00eb cilave ka vonesa n\u00eb prodhimtari. Edhe pse rasti \u00ebsht\u00eb ende n\u00eb faz\u00ebn e hetimeve, Ikoviq prej fillimi ka th\u00ebn\u00eb se b\u00ebhet fjal\u00eb p\u00ebr sabotim.<\/p>\n<p>Kriporen e ka vizituar edhe ish-drejtori i k\u00ebsaj fabrike, Lazar Ban, i cili ka udh\u00ebhequr kompanin\u00eb prej vitit 1963 deri m\u00eb 1973. N\u00eb koh\u00ebn e tij u montua transportuesi vet\u00ebl\u00ebviz\u00ebs.<\/p>\n<p>\u201cTransportuesi \u00ebsht\u00eb v\u00ebn\u00eb n\u00eb funksion m\u00eb 1967 dhe qe dashur t\u00eb sigurohet edhe nj\u00eb tjet\u00ebr makin\u00eb e cila l\u00ebviz paralelisht me t\u00eb dhe grumbullon krip\u00ebn\u201d. Ajo makin\u00eb z\u00ebvend\u00ebson 90 pun\u00ebtor\u00eb, q\u00eb i bie se grumbullimi i krip\u00ebs do t\u00eb mund t\u00eb b\u00ebhej me vet\u00ebm kat\u00ebr grumbullues kripe\u201d, ka th\u00ebn\u00eb Ban. N\u00eb pyetjen se si Kriporja \u00ebsht\u00eb sjell\u00eb n\u00eb k\u00ebt\u00eb derexhe, ai ka th\u00ebn\u00eb se p\u00ebr k\u00ebt\u00eb duhet pyetur ata t\u00eb cil\u00ebt falimentuan \u201cRadoje Dakiqin\u201d (fabrika p\u00ebr prodhimin e makinerive e themeluar menj\u00ebher\u00eb pas Luft\u00ebs s\u00eb Dyt\u00eb Bot\u00ebrore v.j.). Ai ka th\u00ebn\u00eb se p\u00ebr rim\u00ebk\u00ebmbjen e Kripores duhet nj\u00eb plan dhe profesionist\u00eb.<\/p>\n<p>\u201cBasenet jan\u00eb aty ku kan\u00eb qen\u00eb, por ajo \u00e7far\u00eb kam par\u00eb \u00ebsht\u00eb p\u00ebr t\u00eb t\u00eb ardhur keq. Sikur t\u00eb kishte shp\u00ebrthyer ndonj\u00eb bomb\u00eb\u201d, ka th\u00ebn\u00eb Ban teksa ka p\u00ebrshkruar vagon\u00ebt e krip\u00ebs t\u00eb rr\u00ebzuar p\u00ebr toke, dhe objektin e rr\u00ebnuar. Teksa ka bar\u00eb bardh\u00ebsin\u00eb e krip\u00ebs n\u00eb basene ai ka komentuar: \u201cMos po i nxihet dikujt fytyra prej k\u00ebsaj bardh\u00ebsie\u201d.<\/p>\n<p>Ish-drejtori ka kujtuar se n\u00eb koh\u00ebn e tij n\u00eb k\u00ebt\u00eb fabrik\u00eb kan\u00eb qen\u00eb t\u00eb pun\u00ebsuar 250 pun\u00ebtor\u00eb.<\/p>\n<p>\u201cKur dikush donte t\u00eb martohej, s\u00eb pari pyetej beqarja se ku i punon i p\u00ebrzgjedhuri i saj. N\u00ebse ai punonte n\u00eb Kripore, i ati i vajz\u00ebs e jepte vajz\u00ebn pa u hamendur. K\u00ebshtu ka qen\u00eb\u201d, ka kujtuar Ban koh\u00ebt e arta t\u00eb Kripores s\u00eb Ulqinit.<\/p>\n<p><strong>KOHA NET<\/strong><\/p>\n<p>[flv width=&#8221;508&#8243; height=&#8221;360&#8243;]http:\/\/solana-ulcinj.com\/VTS_01_1.flv[\/flv]<\/p>\n","protected":false},"excerpt":{"rendered":"<p>Burime t\u00eb af\u00ebrta me menanxhmentin e nj\u00ebr\u00ebs prej fabrikave dikur me nam t\u00eb Malit t\u00eb Zi dhe m\u00eb gjer\u00eb, kan\u00eb konfirmuar se kripores do t\u2019i vihet dryni, ngase \u201caksionari kryesor nuk ka interes p\u00ebr prodhim\u201d. Rreth 70 t\u00eb pun\u00ebsuar s\u2019kan\u00eb marr\u00eb pag\u00eb, nd\u00ebrsa grumbullimi ende s\u2019ka nisur Ulqin, 11 korrik &#8211; Tet\u00eb dekada pas pun\u00ebs [&hellip;]<\/p>\n","protected":false},"author":1,"featured_media":0,"comment_status":"open","ping_status":"closed","sticky":false,"template":"","format":"standard","meta":{"spay_email":"","jetpack_publicize_message":"","jetpack_is_tweetstorm":false,"jetpack_publicize_feature_enabled":true},"categories":[14249],"tags":[2370,95,200,18],"jetpack_publicize_connections":[],"yoast_head":"<!-- This site is optimized with the Yoast SEO plugin v19.1 - https:\/\/yoast.com\/wordpress\/plugins\/seo\/ -->\n<title>Kriporja e Ulqinit, n\u00eb prag t\u00eb falimentimit - Lajme nga Ulqini<\/title>\n<meta name=\"description\" content=\"Burime t\u00eb af\u00ebrta me menanxhmentin e nj\u00ebr\u00ebs prej fabrikave dikur me nam t\u00eb Malit t\u00eb Zi dhe m\u00eb gjer\u00eb, kan\u00eb konfirmuar se kripores do t\u2019i vihet dryni, ngase\" \/>\n<meta name=\"robots\" content=\"index, follow, max-snippet:-1, max-image-preview:large, max-video-preview:-1\" \/>\n<link rel=\"canonical\" href=\"https:\/\/www.visit-ulcinj.com\/blog\/2011\/07\/11\/kriporja-e-ulqinit-ne-prag-te-falimentimit\/\" \/>\n<meta property=\"og:locale\" content=\"en_US\" \/>\n<meta property=\"og:type\" content=\"article\" \/>\n<meta property=\"og:title\" content=\"Kriporja e Ulqinit, n\u00eb prag t\u00eb falimentimit - Lajme nga Ulqini\" \/>\n<meta property=\"og:description\" content=\"Burime t\u00eb af\u00ebrta me menanxhmentin e nj\u00ebr\u00ebs prej fabrikave dikur me nam t\u00eb Malit t\u00eb Zi dhe m\u00eb gjer\u00eb, kan\u00eb konfirmuar se kripores do t\u2019i vihet dryni, ngase\" \/>\n<meta property=\"og:url\" content=\"https:\/\/www.visit-ulcinj.com\/blog\/2011\/07\/11\/kriporja-e-ulqinit-ne-prag-te-falimentimit\/\" \/>\n<meta property=\"og:site_name\" content=\"Lajme nga Ulqini\" \/>\n<meta property=\"article:published_time\" content=\"2011-07-11T19:50:58+00:00\" \/>\n<meta property=\"og:image\" content=\"http:\/\/www.visit-ulcinj.com\/blog\/wp-content\/uploads\/2011\/07\/Kriporja-e-Ulqinit.1.jpg\" \/>\n<meta name=\"twitter:label1\" content=\"Written by\" \/>\n\t<meta name=\"twitter:data1\" content=\"ulqini\" \/>\n\t<meta name=\"twitter:label2\" content=\"Est. reading time\" \/>\n\t<meta name=\"twitter:data2\" content=\"4 minutes\" \/>\n<script type=\"application\/ld+json\" class=\"yoast-schema-graph\">{\"@context\":\"https:\/\/schema.org\",\"@graph\":[{\"@type\":\"WebSite\",\"@id\":\"https:\/\/www.visit-ulcinj.com\/blog\/#website\",\"url\":\"https:\/\/www.visit-ulcinj.com\/blog\/\",\"name\":\"Lajme nga Ulqini\",\"description\":\"Lajme,Vijesti,Ulqini,Ulqin,Crna Gora,Mali i Zi\",\"potentialAction\":[{\"@type\":\"SearchAction\",\"target\":{\"@type\":\"EntryPoint\",\"urlTemplate\":\"https:\/\/www.visit-ulcinj.com\/blog\/?s={search_term_string}\"},\"query-input\":\"required name=search_term_string\"}],\"inLanguage\":\"en-US\"},{\"@type\":\"ImageObject\",\"inLanguage\":\"en-US\",\"@id\":\"https:\/\/www.visit-ulcinj.com\/blog\/2011\/07\/11\/kriporja-e-ulqinit-ne-prag-te-falimentimit\/#primaryimage\",\"url\":\"https:\/\/www.visit-ulcinj.com\/blog\/wp-content\/uploads\/2011\/07\/Kriporja-e-Ulqinit.1.jpg\",\"contentUrl\":\"https:\/\/www.visit-ulcinj.com\/blog\/wp-content\/uploads\/2011\/07\/Kriporja-e-Ulqinit.1.jpg\",\"width\":\"508\",\"height\":\"321\"},{\"@type\":\"WebPage\",\"@id\":\"https:\/\/www.visit-ulcinj.com\/blog\/2011\/07\/11\/kriporja-e-ulqinit-ne-prag-te-falimentimit\/#webpage\",\"url\":\"https:\/\/www.visit-ulcinj.com\/blog\/2011\/07\/11\/kriporja-e-ulqinit-ne-prag-te-falimentimit\/\",\"name\":\"Kriporja e Ulqinit, n\u00eb prag t\u00eb falimentimit - Lajme nga Ulqini\",\"isPartOf\":{\"@id\":\"https:\/\/www.visit-ulcinj.com\/blog\/#website\"},\"primaryImageOfPage\":{\"@id\":\"https:\/\/www.visit-ulcinj.com\/blog\/2011\/07\/11\/kriporja-e-ulqinit-ne-prag-te-falimentimit\/#primaryimage\"},\"datePublished\":\"2011-07-11T19:50:58+00:00\",\"dateModified\":\"2011-07-11T19:50:58+00:00\",\"author\":{\"@id\":\"https:\/\/www.visit-ulcinj.com\/blog\/#\/schema\/person\/dcab619c614d3038751c63bc2aadc06d\"},\"description\":\"Burime t\u00eb af\u00ebrta me menanxhmentin e nj\u00ebr\u00ebs prej fabrikave dikur me nam t\u00eb Malit t\u00eb Zi dhe m\u00eb gjer\u00eb, kan\u00eb konfirmuar se kripores do t\u2019i vihet dryni, ngase\",\"breadcrumb\":{\"@id\":\"https:\/\/www.visit-ulcinj.com\/blog\/2011\/07\/11\/kriporja-e-ulqinit-ne-prag-te-falimentimit\/#breadcrumb\"},\"inLanguage\":\"en-US\",\"potentialAction\":[{\"@type\":\"ReadAction\",\"target\":[\"https:\/\/www.visit-ulcinj.com\/blog\/2011\/07\/11\/kriporja-e-ulqinit-ne-prag-te-falimentimit\/\"]}]},{\"@type\":\"BreadcrumbList\",\"@id\":\"https:\/\/www.visit-ulcinj.com\/blog\/2011\/07\/11\/kriporja-e-ulqinit-ne-prag-te-falimentimit\/#breadcrumb\",\"itemListElement\":[{\"@type\":\"ListItem\",\"position\":1,\"name\":\"Kriporja e Ulqinit, n\u00eb prag t\u00eb falimentimit\"}]},{\"@type\":\"Person\",\"@id\":\"https:\/\/www.visit-ulcinj.com\/blog\/#\/schema\/person\/dcab619c614d3038751c63bc2aadc06d\",\"name\":\"ulqini\",\"sameAs\":[\"http:\/\/www.visit-ulcinj.com\"],\"url\":\"https:\/\/www.visit-ulcinj.com\/blog\/author\/admin\/\"}]}<\/script>\n<!-- \/ Yoast SEO plugin. -->","yoast_head_json":{"title":"Kriporja e Ulqinit, n\u00eb prag t\u00eb falimentimit - Lajme nga Ulqini","description":"Burime t\u00eb af\u00ebrta me menanxhmentin e nj\u00ebr\u00ebs prej fabrikave dikur me nam t\u00eb Malit t\u00eb Zi dhe m\u00eb gjer\u00eb, kan\u00eb konfirmuar se kripores do t\u2019i vihet dryni, ngase","robots":{"index":"index","follow":"follow","max-snippet":"max-snippet:-1","max-image-preview":"max-image-preview:large","max-video-preview":"max-video-preview:-1"},"canonical":"https:\/\/www.visit-ulcinj.com\/blog\/2011\/07\/11\/kriporja-e-ulqinit-ne-prag-te-falimentimit\/","og_locale":"en_US","og_type":"article","og_title":"Kriporja e Ulqinit, n\u00eb prag t\u00eb falimentimit - Lajme nga Ulqini","og_description":"Burime t\u00eb af\u00ebrta me menanxhmentin e nj\u00ebr\u00ebs prej fabrikave dikur me nam t\u00eb Malit t\u00eb Zi dhe m\u00eb gjer\u00eb, kan\u00eb konfirmuar se kripores do t\u2019i vihet dryni, ngase","og_url":"https:\/\/www.visit-ulcinj.com\/blog\/2011\/07\/11\/kriporja-e-ulqinit-ne-prag-te-falimentimit\/","og_site_name":"Lajme nga Ulqini","article_published_time":"2011-07-11T19:50:58+00:00","og_image":[{"url":"http:\/\/www.visit-ulcinj.com\/blog\/wp-content\/uploads\/2011\/07\/Kriporja-e-Ulqinit.1.jpg"}],"twitter_misc":{"Written by":"ulqini","Est. reading time":"4 minutes"},"schema":{"@context":"https:\/\/schema.org","@graph":[{"@type":"WebSite","@id":"https:\/\/www.visit-ulcinj.com\/blog\/#website","url":"https:\/\/www.visit-ulcinj.com\/blog\/","name":"Lajme nga Ulqini","description":"Lajme,Vijesti,Ulqini,Ulqin,Crna Gora,Mali i Zi","potentialAction":[{"@type":"SearchAction","target":{"@type":"EntryPoint","urlTemplate":"https:\/\/www.visit-ulcinj.com\/blog\/?s={search_term_string}"},"query-input":"required name=search_term_string"}],"inLanguage":"en-US"},{"@type":"ImageObject","inLanguage":"en-US","@id":"https:\/\/www.visit-ulcinj.com\/blog\/2011\/07\/11\/kriporja-e-ulqinit-ne-prag-te-falimentimit\/#primaryimage","url":"https:\/\/www.visit-ulcinj.com\/blog\/wp-content\/uploads\/2011\/07\/Kriporja-e-Ulqinit.1.jpg","contentUrl":"https:\/\/www.visit-ulcinj.com\/blog\/wp-content\/uploads\/2011\/07\/Kriporja-e-Ulqinit.1.jpg","width":"508","height":"321"},{"@type":"WebPage","@id":"https:\/\/www.visit-ulcinj.com\/blog\/2011\/07\/11\/kriporja-e-ulqinit-ne-prag-te-falimentimit\/#webpage","url":"https:\/\/www.visit-ulcinj.com\/blog\/2011\/07\/11\/kriporja-e-ulqinit-ne-prag-te-falimentimit\/","name":"Kriporja e Ulqinit, n\u00eb prag t\u00eb falimentimit - Lajme nga Ulqini","isPartOf":{"@id":"https:\/\/www.visit-ulcinj.com\/blog\/#website"},"primaryImageOfPage":{"@id":"https:\/\/www.visit-ulcinj.com\/blog\/2011\/07\/11\/kriporja-e-ulqinit-ne-prag-te-falimentimit\/#primaryimage"},"datePublished":"2011-07-11T19:50:58+00:00","dateModified":"2011-07-11T19:50:58+00:00","author":{"@id":"https:\/\/www.visit-ulcinj.com\/blog\/#\/schema\/person\/dcab619c614d3038751c63bc2aadc06d"},"description":"Burime t\u00eb af\u00ebrta me menanxhmentin e nj\u00ebr\u00ebs prej fabrikave dikur me nam t\u00eb Malit t\u00eb Zi dhe m\u00eb gjer\u00eb, kan\u00eb konfirmuar se kripores do t\u2019i vihet dryni, ngase","breadcrumb":{"@id":"https:\/\/www.visit-ulcinj.com\/blog\/2011\/07\/11\/kriporja-e-ulqinit-ne-prag-te-falimentimit\/#breadcrumb"},"inLanguage":"en-US","potentialAction":[{"@type":"ReadAction","target":["https:\/\/www.visit-ulcinj.com\/blog\/2011\/07\/11\/kriporja-e-ulqinit-ne-prag-te-falimentimit\/"]}]},{"@type":"BreadcrumbList","@id":"https:\/\/www.visit-ulcinj.com\/blog\/2011\/07\/11\/kriporja-e-ulqinit-ne-prag-te-falimentimit\/#breadcrumb","itemListElement":[{"@type":"ListItem","position":1,"name":"Kriporja e Ulqinit, n\u00eb prag t\u00eb falimentimit"}]},{"@type":"Person","@id":"https:\/\/www.visit-ulcinj.com\/blog\/#\/schema\/person\/dcab619c614d3038751c63bc2aadc06d","name":"ulqini","sameAs":["http:\/\/www.visit-ulcinj.com"],"url":"https:\/\/www.visit-ulcinj.com\/blog\/author\/admin\/"}]}},"jetpack_featured_media_url":"","jetpack_sharing_enabled":true,"jetpack_shortlink":"https:\/\/wp.me\/pe6lTn-cGM","_links":{"self":[{"href":"https:\/\/www.visit-ulcinj.com\/blog\/wp-json\/wp\/v2\/posts\/48780"}],"collection":[{"href":"https:\/\/www.visit-ulcinj.com\/blog\/wp-json\/wp\/v2\/posts"}],"about":[{"href":"https:\/\/www.visit-ulcinj.com\/blog\/wp-json\/wp\/v2\/types\/post"}],"author":[{"embeddable":true,"href":"https:\/\/www.visit-ulcinj.com\/blog\/wp-json\/wp\/v2\/users\/1"}],"replies":[{"embeddable":true,"href":"https:\/\/www.visit-ulcinj.com\/blog\/wp-json\/wp\/v2\/comments?post=48780"}],"version-history":[{"count":2,"href":"https:\/\/www.visit-ulcinj.com\/blog\/wp-json\/wp\/v2\/posts\/48780\/revisions"}],"predecessor-version":[{"id":48992,"href":"https:\/\/www.visit-ulcinj.com\/blog\/wp-json\/wp\/v2\/posts\/48780\/revisions\/48992"}],"wp:attachment":[{"href":"https:\/\/www.visit-ulcinj.com\/blog\/wp-json\/wp\/v2\/media?parent=48780"}],"wp:term":[{"taxonomy":"category","embeddable":true,"href":"https:\/\/www.visit-ulcinj.com\/blog\/wp-json\/wp\/v2\/categories?post=48780"},{"taxonomy":"post_tag","embeddable":true,"href":"https:\/\/www.visit-ulcinj.com\/blog\/wp-json\/wp\/v2\/tags?post=48780"}],"curies":[{"name":"wp","href":"https:\/\/api.w.org\/{rel}","templated":true}]}}