{"id":48792,"date":"2011-07-12T06:57:05","date_gmt":"2011-07-12T05:57:05","guid":{"rendered":"http:\/\/www.visit-ulcinj.com\/blog\/?p=48792"},"modified":"2011-07-12T06:57:12","modified_gmt":"2011-07-12T05:57:12","slug":"ibrahim-berjashi-apel-te-zgjedhurve-tane","status":"publish","type":"post","link":"https:\/\/www.visit-ulcinj.com\/blog\/2011\/07\/12\/ibrahim-berjashi-apel-te-zgjedhurve-tane\/","title":{"rendered":"Ibrahim Berjashi: Apel t\u00eb zgjedhurve tan\u00eb!"},"content":{"rendered":"<p><a href=\"http:\/\/www.visit-ulcinj.com\/blog\/wp-content\/uploads\/2011\/07\/ibrahim-berjashi.jpg\"><img loading=\"lazy\" class=\"alignleft size-full wp-image-48794\" title=\"ibrahim berjashi\" src=\"http:\/\/www.visit-ulcinj.com\/blog\/wp-content\/uploads\/2011\/07\/ibrahim-berjashi.jpg\" alt=\"\" width=\"251\" height=\"358\" srcset=\"https:\/\/www.visit-ulcinj.com\/blog\/wp-content\/uploads\/2011\/07\/ibrahim-berjashi.jpg 251w, https:\/\/www.visit-ulcinj.com\/blog\/wp-content\/uploads\/2011\/07\/ibrahim-berjashi-210x300.jpg 210w\" sizes=\"(max-width: 251px) 100vw, 251px\" \/><\/a>P\u00ebrkeq\u00ebsohet edhe m\u00eb shum\u00eb gjendja ociale, morale, sh\u00ebndet\u00ebsore dhe psikike e pensionist\u00ebve t\u00eb Kosov\u00ebs, shtetas t\u00eb Malit t\u00eb Zi,t\u00eb cil\u00ebt nuk arrijn\u00eb t\u00eb realizojn\u00eb at\u00eb q\u00eb u takon, pensionin.<\/p>\n<p>\u00cbsht\u00eb obligim njer\u00ebzor,politik dhe komb\u00ebtar q\u00eb zyrtar\u00ebt shqiptar\u00eb n\u00eb Malin e Zi t\u00eb p\u00ebrpiqen maksimalisht p\u00ebr ta zgjidhur pozitivisht k\u00ebt\u00eb hall t\u00eb k\u00ebtyre njer\u00ebzve t\u00eb hyr\u00eb thell\u00eb n\u00eb mosh\u00ebn e pleq\u00ebris\u00eb.<\/p>\n<p><strong>Ibrahim Berjashi<\/strong><\/p>\n<p>I imponuar nga nje histori e dhimbshme, fatkeqe dhe shqetesuese,perseri e shtroj para opinionit edhe e vendos ne tryezen e punes se te zgjedhurve tane politike. Mendoj se eshte nje barre qe duhet te peshoje rende mbi ndjenjen e pergjegjesise se tyre njerezore,politike dhe kombetare. Sigurisht se jemi me shume se 50 familje me mbi 150 anetare, te cileve u jane djegur vitet me te bukura te rinise se punes ne ndermarrjet e Kosoves ne pesedhjete vitet e fundshekullit te kaluar.<\/p>\n<p>Kush me shume e kush me pak,ka humbur stazhin e punes atje edhe nuk mund te realizojne ate qe e meritojne,pensionet. Fatkeqesisht,shumica derrmuese e tyre jane njerezit qe kane dhene kontributin me te madh ne ngritjen e kultures,medias,arsimit, mjekesise, shkences shqiptare ne Mal te Zi. Vazhdojne edhe sot e gjithe diten te jene aktive edhe te realizojne projekte shume te rendesishme nga fushat e lartpermendura. Dihet mirefilli se,kjo teme qe ka goditur ekzistencen jetesore te kesaj pjese te shqiptareve ne Malin e Zi, eshte hapur nga deputeti Amir Hollaj ne parlamentin shteteror malazias;se se bashku me deputetet Hollaj dhe Nimanbegu listen e 33 ishpunetoreve te ndermarrjeve kosovare, te cilat nuk ekzistojne me,ia kemi dorezuar Ministrit te Punes dhe Mireqenies Sociale, z.Suad Numanoviq.<\/p>\n<p>Ministri Numanoviq na ka deklaruar se ceshtja e kesaj kategorie te pensionisteve te Kosoves, shtetas te Malit te Zi, do te duhej te zgjidhet me nje marreveshje bilaterale midis Prishtinesa e Podgorices. Me nje informate te derguar ne faksin zyrtar te Ministrise mbi te Drejtat e Njeriut dhe te Pakicave , por edhe me nje SMS,para se eshte takuar ne Podgorice me zv\/kryeminsitrin e Kosoves,z. Petroviq,e kemi njoftuar edhe z. Ferhat Dinosha qe ta shtroje ne takimin me z. Petroviq.<\/p>\n<p>As ne komunikaten nga ai takim, por as me vone ministri Dinosha nuk e permendur publikisht kete fatkeqesine tone te madhe sociale, apo te na therrase ne kabinetin e tij per ta diskutuar edhe per te bere perpjekje qe te zgjidhet ne favorin e ketyre qytetareve te Malit te Zi.Edhe z. Dinosha ka qene i punesuar disa vite ne Kosove.Sigurisht se per vete mund ta kete zgjidhur, por ai eshte minister i te drejtave te njeriut dhe te pakicave edhe kjo ministri duhet te na ndihmoje ne aspektin politik edhe juridik, ne Podgorice, Prishtine apo ne Beograd qe te zgjidhet ky problem yni i madh dhe jetik.<\/p>\n<p>Me ceshtjen tone e kemi njoftuar edhe kryetarin e Keshillit Nacional te Shqiptareve ne Malin e Zi, z. Tahir Tahiri. Duke u mbeshtetur ne dinamiken e deritashme te ndertimit dhe te ngritjes se marredhienieve bilaterale mes Podorices e Prishtines,zyrtaret politike dhe qeveritare shqiptare ne Malin e Zi,duhet te angazhohen maksimalisht, qofte me Podgoricen, Prishtinen, Beogradin, apo faktorin nderkombetar per ta zgjidhur kete hall kaq te madh ekonomik,social, moral e psikik te ketyre njerezve, te zhytur thelle ne moshen e pleqerise, te cilet pa fajin e tyre kane mbetur pa ekzistence. Nje delegacion duhet te bisedoje me Podgoricen e Prishtinen Mendojme se eshte e domosdoshme qe nje delegacion i perbere nga ministri Dinosha dhe deputetet tane ne Parlamentin e Malit te Zi te takojne kryeministrin e Malit te Zi, Igor Llukshiq dhe ate te Kosoves, Hashim Thaci, si dhe faktorin nderkombetar per t i pyetur se cfare duhet bere me keta njerez qe kane humbur stazhin ne ish- ndermarrjet e Kosoves ne periudhen e RFSJ,RFJ dhe SMZ dhe nuk mund te marrin pensionet.<\/p>\n<p><strong>Koha Javore<\/strong><\/p>\n","protected":false},"excerpt":{"rendered":"<p>P\u00ebrkeq\u00ebsohet edhe m\u00eb shum\u00eb gjendja ociale, morale, sh\u00ebndet\u00ebsore dhe psikike e pensionist\u00ebve t\u00eb Kosov\u00ebs, shtetas t\u00eb Malit t\u00eb Zi,t\u00eb cil\u00ebt nuk arrijn\u00eb t\u00eb realizojn\u00eb at\u00eb q\u00eb u takon, pensionin. \u00cbsht\u00eb obligim njer\u00ebzor,politik dhe komb\u00ebtar q\u00eb zyrtar\u00ebt shqiptar\u00eb n\u00eb Malin e Zi t\u00eb p\u00ebrpiqen maksimalisht p\u00ebr ta zgjidhur pozitivisht k\u00ebt\u00eb hall t\u00eb k\u00ebtyre njer\u00ebzve t\u00eb hyr\u00eb [&hellip;]<\/p>\n","protected":false},"author":1,"featured_media":0,"comment_status":"open","ping_status":"closed","sticky":false,"template":"","format":"standard","meta":{"spay_email":"","jetpack_publicize_message":"","jetpack_is_tweetstorm":false,"jetpack_publicize_feature_enabled":true},"categories":[4],"tags":[3721,498,1653,200,18],"jetpack_publicize_connections":[],"yoast_head":"<!-- This site is optimized with the Yoast SEO plugin v19.1 - https:\/\/yoast.com\/wordpress\/plugins\/seo\/ -->\n<title>Ibrahim Berjashi: Apel t\u00eb zgjedhurve tan\u00eb! - Lajme nga Ulqini<\/title>\n<meta name=\"description\" content=\"P\u00ebrkeq\u00ebsohet edhe m\u00eb shum\u00eb gjendja ociale, morale, sh\u00ebndet\u00ebsore dhe psikike e pensionist\u00ebve t\u00eb Kosov\u00ebs, shtetas t\u00eb Malit t\u00eb Zi,t\u00eb cil\u00ebt nuk arrijn\u00eb t\u00eb\" \/>\n<meta name=\"robots\" content=\"index, follow, max-snippet:-1, max-image-preview:large, max-video-preview:-1\" \/>\n<link rel=\"canonical\" href=\"https:\/\/www.visit-ulcinj.com\/blog\/2011\/07\/12\/ibrahim-berjashi-apel-te-zgjedhurve-tane\/\" \/>\n<meta property=\"og:locale\" content=\"en_US\" \/>\n<meta property=\"og:type\" content=\"article\" \/>\n<meta property=\"og:title\" content=\"Ibrahim Berjashi: Apel t\u00eb zgjedhurve tan\u00eb! - Lajme nga Ulqini\" \/>\n<meta property=\"og:description\" content=\"P\u00ebrkeq\u00ebsohet edhe m\u00eb shum\u00eb gjendja ociale, morale, sh\u00ebndet\u00ebsore dhe psikike e pensionist\u00ebve t\u00eb Kosov\u00ebs, shtetas t\u00eb Malit t\u00eb Zi,t\u00eb cil\u00ebt nuk arrijn\u00eb t\u00eb\" \/>\n<meta property=\"og:url\" content=\"https:\/\/www.visit-ulcinj.com\/blog\/2011\/07\/12\/ibrahim-berjashi-apel-te-zgjedhurve-tane\/\" \/>\n<meta property=\"og:site_name\" content=\"Lajme nga Ulqini\" \/>\n<meta property=\"article:published_time\" content=\"2011-07-12T05:57:05+00:00\" \/>\n<meta property=\"article:modified_time\" content=\"2011-07-12T05:57:12+00:00\" \/>\n<meta property=\"og:image\" content=\"http:\/\/www.visit-ulcinj.com\/blog\/wp-content\/uploads\/2011\/07\/ibrahim-berjashi.jpg\" \/>\n<meta name=\"twitter:label1\" content=\"Written by\" \/>\n\t<meta name=\"twitter:data1\" content=\"ulqini\" \/>\n\t<meta name=\"twitter:label2\" content=\"Est. reading time\" \/>\n\t<meta name=\"twitter:data2\" content=\"3 minutes\" \/>\n<script type=\"application\/ld+json\" class=\"yoast-schema-graph\">{\"@context\":\"https:\/\/schema.org\",\"@graph\":[{\"@type\":\"WebSite\",\"@id\":\"https:\/\/www.visit-ulcinj.com\/blog\/#website\",\"url\":\"https:\/\/www.visit-ulcinj.com\/blog\/\",\"name\":\"Lajme nga Ulqini\",\"description\":\"Lajme,Vijesti,Ulqini,Ulqin,Crna Gora,Mali i Zi\",\"potentialAction\":[{\"@type\":\"SearchAction\",\"target\":{\"@type\":\"EntryPoint\",\"urlTemplate\":\"https:\/\/www.visit-ulcinj.com\/blog\/?s={search_term_string}\"},\"query-input\":\"required name=search_term_string\"}],\"inLanguage\":\"en-US\"},{\"@type\":\"ImageObject\",\"inLanguage\":\"en-US\",\"@id\":\"https:\/\/www.visit-ulcinj.com\/blog\/2011\/07\/12\/ibrahim-berjashi-apel-te-zgjedhurve-tane\/#primaryimage\",\"url\":\"https:\/\/www.visit-ulcinj.com\/blog\/wp-content\/uploads\/2011\/07\/ibrahim-berjashi.jpg\",\"contentUrl\":\"https:\/\/www.visit-ulcinj.com\/blog\/wp-content\/uploads\/2011\/07\/ibrahim-berjashi.jpg\",\"width\":\"251\",\"height\":\"358\"},{\"@type\":\"WebPage\",\"@id\":\"https:\/\/www.visit-ulcinj.com\/blog\/2011\/07\/12\/ibrahim-berjashi-apel-te-zgjedhurve-tane\/#webpage\",\"url\":\"https:\/\/www.visit-ulcinj.com\/blog\/2011\/07\/12\/ibrahim-berjashi-apel-te-zgjedhurve-tane\/\",\"name\":\"Ibrahim Berjashi: Apel t\u00eb zgjedhurve tan\u00eb! - Lajme nga Ulqini\",\"isPartOf\":{\"@id\":\"https:\/\/www.visit-ulcinj.com\/blog\/#website\"},\"primaryImageOfPage\":{\"@id\":\"https:\/\/www.visit-ulcinj.com\/blog\/2011\/07\/12\/ibrahim-berjashi-apel-te-zgjedhurve-tane\/#primaryimage\"},\"datePublished\":\"2011-07-12T05:57:05+00:00\",\"dateModified\":\"2011-07-12T05:57:12+00:00\",\"author\":{\"@id\":\"https:\/\/www.visit-ulcinj.com\/blog\/#\/schema\/person\/dcab619c614d3038751c63bc2aadc06d\"},\"description\":\"P\u00ebrkeq\u00ebsohet edhe m\u00eb shum\u00eb gjendja ociale, morale, sh\u00ebndet\u00ebsore dhe psikike e pensionist\u00ebve t\u00eb Kosov\u00ebs, shtetas t\u00eb Malit t\u00eb Zi,t\u00eb cil\u00ebt nuk arrijn\u00eb t\u00eb\",\"breadcrumb\":{\"@id\":\"https:\/\/www.visit-ulcinj.com\/blog\/2011\/07\/12\/ibrahim-berjashi-apel-te-zgjedhurve-tane\/#breadcrumb\"},\"inLanguage\":\"en-US\",\"potentialAction\":[{\"@type\":\"ReadAction\",\"target\":[\"https:\/\/www.visit-ulcinj.com\/blog\/2011\/07\/12\/ibrahim-berjashi-apel-te-zgjedhurve-tane\/\"]}]},{\"@type\":\"BreadcrumbList\",\"@id\":\"https:\/\/www.visit-ulcinj.com\/blog\/2011\/07\/12\/ibrahim-berjashi-apel-te-zgjedhurve-tane\/#breadcrumb\",\"itemListElement\":[{\"@type\":\"ListItem\",\"position\":1,\"name\":\"Ibrahim Berjashi: Apel t\u00eb zgjedhurve tan\u00eb!\"}]},{\"@type\":\"Person\",\"@id\":\"https:\/\/www.visit-ulcinj.com\/blog\/#\/schema\/person\/dcab619c614d3038751c63bc2aadc06d\",\"name\":\"ulqini\",\"sameAs\":[\"http:\/\/www.visit-ulcinj.com\"],\"url\":\"https:\/\/www.visit-ulcinj.com\/blog\/author\/admin\/\"}]}<\/script>\n<!-- \/ Yoast SEO plugin. -->","yoast_head_json":{"title":"Ibrahim Berjashi: Apel t\u00eb zgjedhurve tan\u00eb! - Lajme nga Ulqini","description":"P\u00ebrkeq\u00ebsohet edhe m\u00eb shum\u00eb gjendja ociale, morale, sh\u00ebndet\u00ebsore dhe psikike e pensionist\u00ebve t\u00eb Kosov\u00ebs, shtetas t\u00eb Malit t\u00eb Zi,t\u00eb cil\u00ebt nuk arrijn\u00eb t\u00eb","robots":{"index":"index","follow":"follow","max-snippet":"max-snippet:-1","max-image-preview":"max-image-preview:large","max-video-preview":"max-video-preview:-1"},"canonical":"https:\/\/www.visit-ulcinj.com\/blog\/2011\/07\/12\/ibrahim-berjashi-apel-te-zgjedhurve-tane\/","og_locale":"en_US","og_type":"article","og_title":"Ibrahim Berjashi: Apel t\u00eb zgjedhurve tan\u00eb! - Lajme nga Ulqini","og_description":"P\u00ebrkeq\u00ebsohet edhe m\u00eb shum\u00eb gjendja ociale, morale, sh\u00ebndet\u00ebsore dhe psikike e pensionist\u00ebve t\u00eb Kosov\u00ebs, shtetas t\u00eb Malit t\u00eb Zi,t\u00eb cil\u00ebt nuk arrijn\u00eb t\u00eb","og_url":"https:\/\/www.visit-ulcinj.com\/blog\/2011\/07\/12\/ibrahim-berjashi-apel-te-zgjedhurve-tane\/","og_site_name":"Lajme nga Ulqini","article_published_time":"2011-07-12T05:57:05+00:00","article_modified_time":"2011-07-12T05:57:12+00:00","og_image":[{"url":"http:\/\/www.visit-ulcinj.com\/blog\/wp-content\/uploads\/2011\/07\/ibrahim-berjashi.jpg"}],"twitter_misc":{"Written by":"ulqini","Est. reading time":"3 minutes"},"schema":{"@context":"https:\/\/schema.org","@graph":[{"@type":"WebSite","@id":"https:\/\/www.visit-ulcinj.com\/blog\/#website","url":"https:\/\/www.visit-ulcinj.com\/blog\/","name":"Lajme nga Ulqini","description":"Lajme,Vijesti,Ulqini,Ulqin,Crna Gora,Mali i Zi","potentialAction":[{"@type":"SearchAction","target":{"@type":"EntryPoint","urlTemplate":"https:\/\/www.visit-ulcinj.com\/blog\/?s={search_term_string}"},"query-input":"required name=search_term_string"}],"inLanguage":"en-US"},{"@type":"ImageObject","inLanguage":"en-US","@id":"https:\/\/www.visit-ulcinj.com\/blog\/2011\/07\/12\/ibrahim-berjashi-apel-te-zgjedhurve-tane\/#primaryimage","url":"https:\/\/www.visit-ulcinj.com\/blog\/wp-content\/uploads\/2011\/07\/ibrahim-berjashi.jpg","contentUrl":"https:\/\/www.visit-ulcinj.com\/blog\/wp-content\/uploads\/2011\/07\/ibrahim-berjashi.jpg","width":"251","height":"358"},{"@type":"WebPage","@id":"https:\/\/www.visit-ulcinj.com\/blog\/2011\/07\/12\/ibrahim-berjashi-apel-te-zgjedhurve-tane\/#webpage","url":"https:\/\/www.visit-ulcinj.com\/blog\/2011\/07\/12\/ibrahim-berjashi-apel-te-zgjedhurve-tane\/","name":"Ibrahim Berjashi: Apel t\u00eb zgjedhurve tan\u00eb! - Lajme nga Ulqini","isPartOf":{"@id":"https:\/\/www.visit-ulcinj.com\/blog\/#website"},"primaryImageOfPage":{"@id":"https:\/\/www.visit-ulcinj.com\/blog\/2011\/07\/12\/ibrahim-berjashi-apel-te-zgjedhurve-tane\/#primaryimage"},"datePublished":"2011-07-12T05:57:05+00:00","dateModified":"2011-07-12T05:57:12+00:00","author":{"@id":"https:\/\/www.visit-ulcinj.com\/blog\/#\/schema\/person\/dcab619c614d3038751c63bc2aadc06d"},"description":"P\u00ebrkeq\u00ebsohet edhe m\u00eb shum\u00eb gjendja ociale, morale, sh\u00ebndet\u00ebsore dhe psikike e pensionist\u00ebve t\u00eb Kosov\u00ebs, shtetas t\u00eb Malit t\u00eb Zi,t\u00eb cil\u00ebt nuk arrijn\u00eb t\u00eb","breadcrumb":{"@id":"https:\/\/www.visit-ulcinj.com\/blog\/2011\/07\/12\/ibrahim-berjashi-apel-te-zgjedhurve-tane\/#breadcrumb"},"inLanguage":"en-US","potentialAction":[{"@type":"ReadAction","target":["https:\/\/www.visit-ulcinj.com\/blog\/2011\/07\/12\/ibrahim-berjashi-apel-te-zgjedhurve-tane\/"]}]},{"@type":"BreadcrumbList","@id":"https:\/\/www.visit-ulcinj.com\/blog\/2011\/07\/12\/ibrahim-berjashi-apel-te-zgjedhurve-tane\/#breadcrumb","itemListElement":[{"@type":"ListItem","position":1,"name":"Ibrahim Berjashi: Apel t\u00eb zgjedhurve tan\u00eb!"}]},{"@type":"Person","@id":"https:\/\/www.visit-ulcinj.com\/blog\/#\/schema\/person\/dcab619c614d3038751c63bc2aadc06d","name":"ulqini","sameAs":["http:\/\/www.visit-ulcinj.com"],"url":"https:\/\/www.visit-ulcinj.com\/blog\/author\/admin\/"}]}},"jetpack_featured_media_url":"","jetpack_sharing_enabled":true,"jetpack_shortlink":"https:\/\/wp.me\/pe6lTn-cGY","_links":{"self":[{"href":"https:\/\/www.visit-ulcinj.com\/blog\/wp-json\/wp\/v2\/posts\/48792"}],"collection":[{"href":"https:\/\/www.visit-ulcinj.com\/blog\/wp-json\/wp\/v2\/posts"}],"about":[{"href":"https:\/\/www.visit-ulcinj.com\/blog\/wp-json\/wp\/v2\/types\/post"}],"author":[{"embeddable":true,"href":"https:\/\/www.visit-ulcinj.com\/blog\/wp-json\/wp\/v2\/users\/1"}],"replies":[{"embeddable":true,"href":"https:\/\/www.visit-ulcinj.com\/blog\/wp-json\/wp\/v2\/comments?post=48792"}],"version-history":[{"count":2,"href":"https:\/\/www.visit-ulcinj.com\/blog\/wp-json\/wp\/v2\/posts\/48792\/revisions"}],"predecessor-version":[{"id":48796,"href":"https:\/\/www.visit-ulcinj.com\/blog\/wp-json\/wp\/v2\/posts\/48792\/revisions\/48796"}],"wp:attachment":[{"href":"https:\/\/www.visit-ulcinj.com\/blog\/wp-json\/wp\/v2\/media?parent=48792"}],"wp:term":[{"taxonomy":"category","embeddable":true,"href":"https:\/\/www.visit-ulcinj.com\/blog\/wp-json\/wp\/v2\/categories?post=48792"},{"taxonomy":"post_tag","embeddable":true,"href":"https:\/\/www.visit-ulcinj.com\/blog\/wp-json\/wp\/v2\/tags?post=48792"}],"curies":[{"name":"wp","href":"https:\/\/api.w.org\/{rel}","templated":true}]}}